{"id":137099,"date":"2022-04-11T09:00:00","date_gmt":"2022-04-11T13:00:00","guid":{"rendered":"https:\/\/ifamnews.com\/?p=137099"},"modified":"2022-04-11T08:56:21","modified_gmt":"2022-04-11T12:56:21","slug":"caso-r-s-nen-l-accusa-non-si-rassegna-e-ricorre-contro-l-ex-ministro","status":"publish","type":"post","link":"https:\/\/ifamnews.com\/it\/caso-r-s-nen-l-accusa-non-si-rassegna-e-ricorre-contro-l-ex-ministro","title":{"rendered":"Caso R\u00e4s\u00e4nen: l\u2019accusa non si rassegna e ricorre contro l\u2019ex Ministro"},"content":{"rendered":"\n<p>Il caso giudiziario di <a href=\"https:\/\/ifamnews.com\/it?s=paivi+rasanen\" target=\"_blank\" rel=\"noreferrer noopener\">P\u00e4ivi R\u00e4s\u00e4nen, in Finlandia, non \u00e8 affatto concluso<\/a>. Mercoled\u00ec il pubblico ministero della Procura di Helsinki ha <a href=\"https:\/\/www.washingtontimes.com\/news\/2022\/apr\/7\/prosecutors-appeal-hate-speech-exoneration-finnish\/\" target=\"_blank\" rel=\"noreferrer noopener\">presentato ricorso in appello<\/a> sopo la <a href=\"https:\/\/ifamnews.com\/it\/finlandia-assolta-p-ivi-r-s-nen\" target=\"_blank\" rel=\"noreferrer noopener\">sentenza<\/a> che ha scagionato l&#8217;ex ministro degli Interni dalle accuse di \u00abomofobia\u00bb e di incitamento all\u2019odio.<\/p>\n\n\n\n<p>In una dichiarazione rilasciata il giorno dopo il verdetto il procuratore Raija Toiviainen ha affermato: \u00abIl tribunale distrettuale interpreta le dichiarazioni della R\u00e4s\u00e4nen diversamente dal pubblico ministero. [\u2026] Ci\u00f2 non significa che il pubblico ministero abbia fornito informazioni false. Nelle accuse non c\u2019\u00e8 nulla di falso\u00bb.<\/p>\n\n\n\n<p>Anche Juhana Pohjola, vescovo luterano della Diocesi della Missione Evangelica Luterana, coimputato nel processo R\u00e4s\u00e4nen e anch\u2019egli scagionato delle accuse, vedr\u00e0 probabilmente impugnato il verdetto della sua assoluzione.<\/p>\n\n\n\n<h3 class=\"wp-block-heading\"><strong>Pronta a difendere la libert\u00e0 di chiunque<\/strong><\/h3>\n\n\n\n<p>\u00abQuesto caso pesa su me e sulla mia famiglia da quasi tre anni\u00bb ha detto la R\u00e4s\u00e4nen alla notizia del ricorso. \u00abDopo che il tibunale mi ha completamente scagionata, mi costerna che il pubblico ministero non voglia mettere fine a questa campagna contro di me. Ancora una volta sono pronta a difendere la libert\u00e0 di espressione e la libert\u00e0 religiosa non solo per me, ma per tutti\u00bb.<\/p>\n\n\n\n<p><a href=\"https:\/\/www.christianpost.com\/news\/pivi-rsnen-to-defend-free-speech-again-as-finland-files-appeal.html\" target=\"_blank\" rel=\"noreferrer noopener\">Paul Coleman<\/a>, direttore esecutivo di <a href=\"https:\/\/adflegal.org\/\" target=\"_blank\" rel=\"noreferrer noopener\">Alliance Defending Freedom International<\/a>, avvocato del <em>team<\/em> che difende la parlamentare finlandese, definisce il ricorso una mossa \u00aballarmante\u00bb.<\/p>\n\n\n\n<p>\u00abTrascinare le persone in tribunale per anni, sottoporle a interrogatori di polizia di un\u2019ora e sprecare i soldi dei contribuenti per conculcarne convinzioni profondamente radicate non \u00e8 degno di una societ\u00e0 democratica\u00bb, affermato Coleman. \u00abCome spesso accade nei procedimenti per \u201cincitamento all\u2019odio\u201d, il processo \u00e8 diventato parte della punizione\u00bb.<\/p>\n\n\n\n<h3 class=\"wp-block-heading\"><strong>Conservatori statunitensi solidali<\/strong><\/h3>\n\n\n\n<p>In un\u2019<em>e-mail<\/em> inviata al quotidiano <em><a href=\"https:\/\/www.washingtontimes.com\/news\/2022\/apr\/7\/prosecutors-appeal-hate-speech-exoneration-finnish\/\" target=\"_blank\" rel=\"noreferrer noopener\">The Washington Times<\/a><\/em>, l\u2019ex ambasciatore degli Stati Uniti per la libert\u00e0 religiosa nel mondo, Sam Brownback, ha deplorato il ricorso del pubblico ministero.<\/p>\n\n\n\n<p>\u00abAnzitutto \u00e8 stato sbagliato perseguire la libert\u00e0 di espressione, ma ancora peggio \u00e8 fare ricorso contro una decisione unanime\u00bb, dichiara l&#8217;ex governatore del Kansas. \u00abLa libert\u00e0 di parola in ambito religioso \u00e8 libert\u00e0 di espressione, ma la libert\u00e0 di espressione \u00e8 un mito se non include anche la libert\u00f2 di aprola in ambito religiosa. Il pubblico ministero non comprende il significato della libert\u00e0\u00bb.<\/p>\n\n\n\n<p>Brownback non \u00e8 l\u2019unico politico statunitense a criticare l\u2019accusa nel processo R\u00e4s\u00e4nen. A gennaio i senatori Repubblicani Marco Rubio (Florida), Josh Hawley (Missouri), James Lankford e James Inhofe (Oklahoma) e Mike Braun (Indiana) avevano <a href=\"https:\/\/www.rubio.senate.gov\/public\/_cache\/files\/e4c3c5df-3aaf-4767-857a-74de2b8f9d5b\/C8AA68A336A5B4A8B246832018F9B026.01.24.22-smr-letter-to-irf-ambassador-re-religious-freedom-in-finland.pdf\" target=\"_blank\" rel=\"noreferrer noopener\">chiesto all\u2019ambasciatore Rashad Hussain<\/a>, successore di Brownback per la libert\u00e0 religiosa, di \u00abcondannare questi ingiusti procedimenti giudiziari\u00bb.<\/p>\n\n\n\n<h3 class=\"wp-block-heading\" id=\"h-la-cancel-culture-minaccia-la-democrazia\"><strong>\u00abLa <em>cancel culture<\/em> minaccia la democrazia\u00bb<\/strong><\/h3>\n\n\n\n<p>Intervistata dal sito <em><a href=\"https:\/\/www.christiantoday.com\/article\/pivi.rsnen.everyone.should.be.free.to.express.their.deeply.held.beliefs\/138428.htm\" target=\"_blank\" rel=\"noreferrer noopener\">Christian Today<\/a><\/em> la R\u00e4s\u00e4nen ribadisce di sentirsi pronta a \u00abdifendere la libert\u00e0 di espressione e la libert\u00e0 religiosa in qualsiasi tribunale si renda necessario, anche davanti alla Corte europea dei diritti dell\u2019uomo\u00bb, perch\u00e9 la sentenza che l\u2019ha scagionata \u00e8 \u00abimportante per i cristiani che credono nella <em>Bibbia<\/em>\u00bb, ma lo \u00e8 ancora di pi\u00f9 \u00abper la libert\u00e0 di espressione\u00bb.<\/p>\n\n\n\n<p>La sentenza stessa \u00aboffre basi valide e solide per difendere i diritti fondamentali davanti alla Corte d\u2019Appello\u00bb. Per evitare che le ambigue leggi sull\u2019\u00abincitamento all\u2019odio\u00bb possano ritorcersi contro i cristiani \u00e8 insomma \u00abimportante vincere questa causa\u00bb, sottolinea l\u2019ex ministro finlandese .<\/p>\n\n\n\n<p>Per la R\u00e4s\u00e4nen e importante \u00abparlare pubblicamente del Vangelo\u00bb e \u00abmanifestare la propria fede\u00bb, altrimenti lo spazio per esprimerla \u00absi restringer\u00e0 sempre pi\u00f9. Pi\u00f9 si resta in silenzio, pi\u00f9 aumenter\u00e0 il rischio di leggi che mirino a limitare la libert\u00e0 di espressione\u00bb. E dunque \u00abla comunit\u00e0 internazionale deve esprimere la propria preoccupazione per ogni tipo di attacco alla libert\u00e0 di espressione. Chiunque deve essere libero di esprimere convinzioni in cui crede profondamente senza timore di censure o di sanzioni penali\u00bb.<\/p>\n\n\n\n<p>Occore dunque, afferma la R\u00e4s\u00e4nen, \u00abesercitare pressioni sui parlamenta e su altri livelli del potere, a livello sia nazionale sia internazionale\u00bb per \u00absensibilizzare sui pericoli della censura e della <em>cancel culture<\/em>, che sono minacce per qualsiasi democrazia\u00bb.<\/p>\n","protected":false},"excerpt":{"rendered":"<p>Ma a parlamentare finlandese contrattacca: \u00abPi\u00f9 manifesterete la vostra fede, meno vi censureranno\u00bb<\/p>\n","protected":false},"author":545,"featured_media":137102,"comment_status":"open","ping_status":"open","sticky":false,"template":"","format":"standard","meta":{"give_campaign_id":0,"om_disable_all_campaigns":false,"_monsterinsights_skip_tracking":false,"_monsterinsights_sitenote_active":false,"_monsterinsights_sitenote_note":"","_monsterinsights_sitenote_category":0,"mc4wp_mailchimp_campaign":[],"jnews-multi-image_gallery":[],"jnews_single_post":{"subtitle":"Ma a parlamentare finlandese contrattacca: \u00abPi\u00f9 manifesterete la vostra fede, meno vi censureranno\u00bb","format":"standard","video":"","gallery":"","source_name":"","source_url":"","via_name":"","via_url":"","override":[{"template":"1","single_blog_custom":"","parallax":"1","fullscreen":"1","layout":"right-sidebar","sidebar":"default-sidebar","second_sidebar":"default-sidebar","sticky_sidebar":"1","share_position":"top","share_float_style":"share-monocrhome","show_share_counter":"1","show_view_counter":"1","show_featured":"1","show_post_meta":"1","show_post_author":"1","show_post_author_image":"1","show_post_date":"1","post_date_format":"default","post_date_format_custom":"Y\/m\/d","show_post_category":"1","post_reading_time_wpm":"300","zoom_button_out_step":"2","zoom_button_in_step":"3","show_post_tag":"1","show_prev_next_post":"1","show_popup_post":"1","number_popup_post":"1"}],"image_override":[{"single_post_thumbnail_size":"crop-500","single_post_gallery_size":"crop-500"}],"trending_post_position":"meta","trending_post_label":"Trending","sponsored_post_label":"Sponsored by","sponsored_post_name":"","sponsored_post_url":"","sponsored_post_logo":"","sponsored_post_desc":""},"jnews_primary_category":{"id":"780"},"jnews_social_meta":{"fb_title":"","fb_description":"","fb_image":"","twitter_title":"","twitter_description":"","twitter_image":""},"jnews_override_counter":{"view_counter_number":"0","share_counter_number":"0","like_counter_number":"0","dislike_counter_number":"0"},"footnotes":""},"categories":[951,780],"tags":[9603],"class_list":["post-137099","post","type-post","status-publish","format-standard","has-post-thumbnail","hentry","category-foreground-it","category-politica-it","tag-lgbt-it"],"yoast_head":"<!-- This site is optimized with the Yoast SEO Premium plugin v25.9 (Yoast SEO v27.3) - https:\/\/yoast.com\/product\/yoast-seo-premium-wordpress\/ -->\n<title>Caso R\u00e4s\u00e4nen: l\u2019accusa non si rassegna e ricorre contro l\u2019ex Ministro - \u00abiFamNews\u00bb<\/title>\n<meta name=\"description\" content=\"Ma a parlamentare finlandese contrattacca con lucidit\u00e0: \u00abPi\u00f9 manifesterete la vostra fede, meno vi censureranno\u00bb\" \/>\n<meta name=\"robots\" content=\"index, follow, max-snippet:-1, max-image-preview:large, max-video-preview:-1\" \/>\n<link rel=\"canonical\" href=\"https:\/\/ifamnews.com\/it\/caso-r-s-nen-l-accusa-non-si-rassegna-e-ricorre-contro-l-ex-ministro\" \/>\n<meta property=\"og:locale\" content=\"it_IT\" \/>\n<meta property=\"og:type\" content=\"article\" \/>\n<meta property=\"og:title\" content=\"Caso R\u00e4s\u00e4nen: l\u2019accusa non si rassegna e ricorre contro l\u2019ex Ministro\" \/>\n<meta property=\"og:description\" content=\"Ma a parlamentare finlandese contrattacca con lucidit\u00e0: \u00abPi\u00f9 manifesterete la vostra fede, meno vi censureranno\u00bb\" \/>\n<meta property=\"og:url\" content=\"https:\/\/ifamnews.com\/it\/caso-r-s-nen-l-accusa-non-si-rassegna-e-ricorre-contro-l-ex-ministro\" \/>\n<meta property=\"og:site_name\" content=\"IFN\" \/>\n<meta property=\"article:publisher\" content=\"https:\/\/www.facebook.com\/iFamNews\" \/>\n<meta property=\"article:published_time\" content=\"2022-04-11T13:00:00+00:00\" \/>\n<meta property=\"og:image\" content=\"https:\/\/ifamnews.com\/wp-content\/uploads\/2022\/04\/Caso-Rasanen_-laccusa-non-si-rassegna-e-ricorre-contro-lex-Ministro.jpg\" \/>\n\t<meta property=\"og:image:width\" content=\"1200\" \/>\n\t<meta property=\"og:image:height\" content=\"676\" \/>\n\t<meta property=\"og:image:type\" content=\"image\/jpeg\" \/>\n<meta name=\"author\" content=\"Luca Marcolivio\" \/>\n<meta name=\"twitter:card\" content=\"summary_large_image\" \/>\n<meta name=\"twitter:creator\" content=\"@https:\/\/twitter.com\/luketto2\" \/>\n<meta name=\"twitter:site\" content=\"@iFamNewsEN\" \/>\n<meta name=\"twitter:label1\" content=\"Scritto da\" \/>\n\t<meta name=\"twitter:data1\" content=\"Luca Marcolivio\" \/>\n\t<meta name=\"twitter:label2\" content=\"Tempo di lettura stimato\" \/>\n\t<meta name=\"twitter:data2\" content=\"3 minuti\" \/>\n<!-- \/ Yoast SEO Premium plugin. -->","yoast_head_json":{"title":"Caso R\u00e4s\u00e4nen: l\u2019accusa non si rassegna e ricorre contro l\u2019ex Ministro - \u00abiFamNews\u00bb","description":"Ma a parlamentare finlandese contrattacca con lucidit\u00e0: \u00abPi\u00f9 manifesterete la vostra fede, meno vi censureranno\u00bb","robots":{"index":"index","follow":"follow","max-snippet":"max-snippet:-1","max-image-preview":"max-image-preview:large","max-video-preview":"max-video-preview:-1"},"canonical":"https:\/\/ifamnews.com\/it\/caso-r-s-nen-l-accusa-non-si-rassegna-e-ricorre-contro-l-ex-ministro","og_locale":"it_IT","og_type":"article","og_title":"Caso R\u00e4s\u00e4nen: l\u2019accusa non si rassegna e ricorre contro l\u2019ex Ministro","og_description":"Ma a parlamentare finlandese contrattacca con lucidit\u00e0: \u00abPi\u00f9 manifesterete la vostra fede, meno vi censureranno\u00bb","og_url":"https:\/\/ifamnews.com\/it\/caso-r-s-nen-l-accusa-non-si-rassegna-e-ricorre-contro-l-ex-ministro","og_site_name":"IFN","article_publisher":"https:\/\/www.facebook.com\/iFamNews","article_published_time":"2022-04-11T13:00:00+00:00","og_image":[{"width":1200,"height":676,"url":"https:\/\/ifamnews.com\/wp-content\/uploads\/2022\/04\/Caso-Rasanen_-laccusa-non-si-rassegna-e-ricorre-contro-lex-Ministro.jpg","type":"image\/jpeg"}],"author":"Luca Marcolivio","twitter_card":"summary_large_image","twitter_creator":"@https:\/\/twitter.com\/luketto2","twitter_site":"@iFamNewsEN","twitter_misc":{"Scritto da":"Luca Marcolivio","Tempo di lettura stimato":"3 minuti"},"schema":{"@context":"https:\/\/schema.org","@graph":[{"@type":"NewsArticle","@id":"https:\/\/ifamnews.com\/it\/caso-r-s-nen-l-accusa-non-si-rassegna-e-ricorre-contro-l-ex-ministro#article","isPartOf":{"@id":"https:\/\/ifamnews.com\/it\/caso-r-s-nen-l-accusa-non-si-rassegna-e-ricorre-contro-l-ex-ministro"},"author":{"name":"Luca Marcolivio","@id":"https:\/\/ifamnews.com\/en\/#\/schema\/person\/ce4f7fd8e66bf7ecb51fc4e1d97dbcfd"},"headline":"Caso R\u00e4s\u00e4nen: l\u2019accusa non si rassegna e ricorre contro l\u2019ex Ministro","datePublished":"2022-04-11T13:00:00+00:00","mainEntityOfPage":{"@id":"https:\/\/ifamnews.com\/it\/caso-r-s-nen-l-accusa-non-si-rassegna-e-ricorre-contro-l-ex-ministro"},"wordCount":669,"commentCount":0,"publisher":{"@id":"https:\/\/ifamnews.com\/en\/#organization"},"image":{"@id":"https:\/\/ifamnews.com\/it\/caso-r-s-nen-l-accusa-non-si-rassegna-e-ricorre-contro-l-ex-ministro#primaryimage"},"thumbnailUrl":"https:\/\/ifamnews.com\/wp-content\/uploads\/2022\/04\/Caso-Rasanen_-laccusa-non-si-rassegna-e-ricorre-contro-lex-Ministro.jpg","keywords":["LGBT+\/Gender"],"articleSection":["In evidenza","Politica"],"inLanguage":"it-IT","potentialAction":[{"@type":"CommentAction","name":"Comment","target":["https:\/\/ifamnews.com\/it\/caso-r-s-nen-l-accusa-non-si-rassegna-e-ricorre-contro-l-ex-ministro#respond"]}]},{"@type":"WebPage","@id":"https:\/\/ifamnews.com\/it\/caso-r-s-nen-l-accusa-non-si-rassegna-e-ricorre-contro-l-ex-ministro","url":"https:\/\/ifamnews.com\/it\/caso-r-s-nen-l-accusa-non-si-rassegna-e-ricorre-contro-l-ex-ministro","name":"Caso R\u00e4s\u00e4nen: l\u2019accusa non si rassegna e ricorre contro l\u2019ex Ministro - \u00abiFamNews\u00bb","isPartOf":{"@id":"https:\/\/ifamnews.com\/en\/#website"},"primaryImageOfPage":{"@id":"https:\/\/ifamnews.com\/it\/caso-r-s-nen-l-accusa-non-si-rassegna-e-ricorre-contro-l-ex-ministro#primaryimage"},"image":{"@id":"https:\/\/ifamnews.com\/it\/caso-r-s-nen-l-accusa-non-si-rassegna-e-ricorre-contro-l-ex-ministro#primaryimage"},"thumbnailUrl":"https:\/\/ifamnews.com\/wp-content\/uploads\/2022\/04\/Caso-Rasanen_-laccusa-non-si-rassegna-e-ricorre-contro-lex-Ministro.jpg","datePublished":"2022-04-11T13:00:00+00:00","description":"Ma a parlamentare finlandese contrattacca con lucidit\u00e0: \u00abPi\u00f9 manifesterete la vostra fede, meno vi censureranno\u00bb","breadcrumb":{"@id":"https:\/\/ifamnews.com\/it\/caso-r-s-nen-l-accusa-non-si-rassegna-e-ricorre-contro-l-ex-ministro#breadcrumb"},"inLanguage":"it-IT","potentialAction":[{"@type":"ReadAction","target":["https:\/\/ifamnews.com\/it\/caso-r-s-nen-l-accusa-non-si-rassegna-e-ricorre-contro-l-ex-ministro"]}]},{"@type":"ImageObject","inLanguage":"it-IT","@id":"https:\/\/ifamnews.com\/it\/caso-r-s-nen-l-accusa-non-si-rassegna-e-ricorre-contro-l-ex-ministro#primaryimage","url":"https:\/\/ifamnews.com\/wp-content\/uploads\/2022\/04\/Caso-Rasanen_-laccusa-non-si-rassegna-e-ricorre-contro-lex-Ministro.jpg","contentUrl":"https:\/\/ifamnews.com\/wp-content\/uploads\/2022\/04\/Caso-Rasanen_-laccusa-non-si-rassegna-e-ricorre-contro-lex-Ministro.jpg","width":1200,"height":676,"caption":"Image from P\u00e4ivi R\u00e4s\u00e4nen (Facebook)"},{"@type":"BreadcrumbList","@id":"https:\/\/ifamnews.com\/it\/caso-r-s-nen-l-accusa-non-si-rassegna-e-ricorre-contro-l-ex-ministro#breadcrumb","itemListElement":[{"@type":"ListItem","position":1,"name":"Home","item":"https:\/\/ifamnews.com\/de"},{"@type":"ListItem","position":2,"name":"Politics","item":"https:\/\/ifamnews.com\/en\/category\/politics"},{"@type":"ListItem","position":3,"name":"Caso R\u00e4s\u00e4nen: l\u2019accusa non si rassegna e ricorre contro l\u2019ex Ministro"}]},{"@type":"WebSite","@id":"https:\/\/ifamnews.com\/en\/#website","url":"https:\/\/ifamnews.com\/en\/","name":"IFN","description":"International Family News Network","publisher":{"@id":"https:\/\/ifamnews.com\/en\/#organization"},"potentialAction":[{"@type":"SearchAction","target":{"@type":"EntryPoint","urlTemplate":"https:\/\/ifamnews.com\/en\/?s={search_term_string}"},"query-input":{"@type":"PropertyValueSpecification","valueRequired":true,"valueName":"search_term_string"}}],"inLanguage":"it-IT"},{"@type":"Organization","@id":"https:\/\/ifamnews.com\/en\/#organization","name":"iFamNews","url":"https:\/\/ifamnews.com\/en\/","logo":{"@type":"ImageObject","inLanguage":"it-IT","@id":"https:\/\/ifamnews.com\/en\/#\/schema\/logo\/image\/","url":"https:\/\/ifamnews.com\/wp-content\/uploads\/2020\/01\/Share-logo.png","contentUrl":"https:\/\/ifamnews.com\/wp-content\/uploads\/2020\/01\/Share-logo.png","width":200,"height":200,"caption":"iFamNews"},"image":{"@id":"https:\/\/ifamnews.com\/en\/#\/schema\/logo\/image\/"},"sameAs":["https:\/\/www.facebook.com\/iFamNews","https:\/\/x.com\/iFamNewsEN"]},{"@type":"Person","@id":"https:\/\/ifamnews.com\/en\/#\/schema\/person\/ce4f7fd8e66bf7ecb51fc4e1d97dbcfd","name":"Luca Marcolivio","image":{"@type":"ImageObject","inLanguage":"it-IT","@id":"https:\/\/secure.gravatar.com\/avatar\/4aa297a11beb7510b2301ae9c8bbe9e7eb035156e7c8f0d92c718bc695d102d7?s=96&d=mm&r=g","url":"https:\/\/secure.gravatar.com\/avatar\/4aa297a11beb7510b2301ae9c8bbe9e7eb035156e7c8f0d92c718bc695d102d7?s=96&d=mm&r=g","contentUrl":"https:\/\/secure.gravatar.com\/avatar\/4aa297a11beb7510b2301ae9c8bbe9e7eb035156e7c8f0d92c718bc695d102d7?s=96&d=mm&r=g","caption":"Luca Marcolivio"},"description":"A professional journalist, Luca Marcolivio has been accredited to the Holy See Press Office since 2011. Director of the webmagazine of religious information Cristiani Today, e collaborates with La nuova Bussola Quotidiana, Pro Vita &amp; Famiglia and the blog of the Centro Machiavelli. From 2011 to 2017 he was Editor-in-Chief of the Italian edition of Zenit. He is the author of Contro Garibaldi. Quello che a scuola non vi hanno raccontato and the editor of La societ\u00e0 dell\u2019allegria. Don Bosco raccontato dai salesiani del XXI Secolo","sameAs":["https:\/\/x.com\/https:\/\/twitter.com\/luketto2"],"url":"https:\/\/ifamnews.com\/it\/author\/luca-marcolivio"}]}},"amp_enabled":true,"_links":{"self":[{"href":"https:\/\/ifamnews.com\/it\/wp-json\/wp\/v2\/posts\/137099","targetHints":{"allow":["GET"]}}],"collection":[{"href":"https:\/\/ifamnews.com\/it\/wp-json\/wp\/v2\/posts"}],"about":[{"href":"https:\/\/ifamnews.com\/it\/wp-json\/wp\/v2\/types\/post"}],"author":[{"embeddable":true,"href":"https:\/\/ifamnews.com\/it\/wp-json\/wp\/v2\/users\/545"}],"replies":[{"embeddable":true,"href":"https:\/\/ifamnews.com\/it\/wp-json\/wp\/v2\/comments?post=137099"}],"version-history":[{"count":5,"href":"https:\/\/ifamnews.com\/it\/wp-json\/wp\/v2\/posts\/137099\/revisions"}],"predecessor-version":[{"id":137166,"href":"https:\/\/ifamnews.com\/it\/wp-json\/wp\/v2\/posts\/137099\/revisions\/137166"}],"wp:featuredmedia":[{"embeddable":true,"href":"https:\/\/ifamnews.com\/it\/wp-json\/wp\/v2\/media\/137102"}],"wp:attachment":[{"href":"https:\/\/ifamnews.com\/it\/wp-json\/wp\/v2\/media?parent=137099"}],"wp:term":[{"taxonomy":"category","embeddable":true,"href":"https:\/\/ifamnews.com\/it\/wp-json\/wp\/v2\/categories?post=137099"},{"taxonomy":"post_tag","embeddable":true,"href":"https:\/\/ifamnews.com\/it\/wp-json\/wp\/v2\/tags?post=137099"}],"curies":[{"name":"wp","href":"https:\/\/api.w.org\/{rel}","templated":true}]}}