{"id":136199,"date":"2022-04-07T05:01:45","date_gmt":"2022-04-07T09:01:45","guid":{"rendered":"https:\/\/ifamnews.com\/?p=136199"},"modified":"2022-04-19T06:35:27","modified_gmt":"2022-04-19T10:35:27","slug":"-transizione-di-genere-i-vostri-figli-meritano-di-meglio","status":"publish","type":"post","link":"https:\/\/ifamnews.com\/it\/-transizione-di-genere-i-vostri-figli-meritano-di-meglio","title":{"rendered":"\u00abTransizione di genere? I vostri figli meritano di meglio\u00bb"},"content":{"rendered":"<p class=\"last-updated\">Last updated on aprile 19th, 2022 at 06:35 am<\/p>\n<p>Per un\u2019ironia del destino, lo stesso giorno in cui il Regno Unito fa marcia indietro sulla transizione di genere, qualcuno in Italia prova a tessere le lodi di questa pratica. \u00c8 davvero paradossale: i britannici, nel bene o nel male, sono sempre stati avanti in tutto, anche nel tornare sui propri passi. Cosicch\u00e9, per un <a href=\"https:\/\/www.bbc.com\/sport\/61012030\" target=\"_blank\" rel=\"noreferrer noopener\">Boris Johnson che auspica lo <em>stop<\/em> agli atleti maschi nelle gare femminili<\/a>, c\u2019\u00e8 una Elisabetta Ferrari che sostiene la bont\u00e0 del cambio di sesso per i minori, fin dalla pi\u00f9 tenera et\u00e0.<\/p>\n\n\n\n<p>La Ferrari, presidente dell\u2019<a href=\"https:\/\/www.genderlens.org\/\" target=\"_blank\" rel=\"noreferrer noopener nofollow\">associazione GenderLens<\/a>, \u00e8 stata <a href=\"https:\/\/www.dire.it\/06-04-2022\/721685-minori-e-genere-gia-a-3-anni-si-puo-disconoscere-il-sesso-assegnato\/\" target=\"_blank\" rel=\"noreferrer noopener\">ascoltata<\/a> in videoconferenza ieri, 6 aprile, dalla Commissione parlamentare per l\u2019Infanzia e l\u2019adolescenza in relazione all\u2019<a href=\"https:\/\/www.senato.it\/leg\/18\/BGT\/Schede\/ProcANL\/ProcANLscheda46014.htm\" target=\"_blank\" rel=\"noreferrer noopener\"><em>Affare sulle pratiche della transizione di genere dei soggetti minori di et\u00e0<\/em><\/a>. A <a href=\"https:\/\/www.camera.it\/leg18\/1099?shadow_organo_parlamentare=3034\" target=\"_blank\" rel=\"noreferrer noopener\">sbugiardare le sue tesi<\/a> ha trovato un\u2019agguerritissima <a href=\"https:\/\/ifamnews.com\/it\/aborto-nel-regno-unito-andrea-williams-christian-legal-centre-le-donne-devono-avere-una-vera-libert-di-scelta\" target=\"_blank\" rel=\"noreferrer noopener\">Andrea Williams<\/a>, l\u2019avvocato britannico, fondatrice di \u00ab<a href=\"https:\/\/christianconcern.com\/\" target=\"_blank\" rel=\"noreferrer noopener\">Christian Concern<\/a>\u00bb, che tra l&#8217;altro \u00e8 recentemente stata protagonista di una <a href=\"https:\/\/ifamnews.com\/it\/regno-unito-riabilitato-il-medico-pro-life-dermot-kearney\" target=\"_blank\" rel=\"noreferrer noopener\">vicenda giudiziaria davvero importante<\/a> a conclusione della quale sono stati finalmente riabilitati, come proprio la Williams ha raccontato dettagliatamente ad \u00abiFamnews\u00bb, i trattamenti salvavita proposti nel Regno Unito da due medici <em>pro-life<\/em> che erano stati ingiustamente e anti-scientificamente censurati.<\/p>\n\n\n\n<h3 class=\"wp-block-heading\"><strong>\u00abGenderLens\u00bb e i presunti diritti violati dell\u2019infanzia<\/strong><\/h3>\n\n\n\n<p>Secondo la Ferrari bisognerebbe smettere di \u00abfar finta\u00bb che la transizione di genere tra i minori \u00abnon esista\u00bb. A detta sua vi sarebbero bambini che \u00abgi\u00e0 a tre anni d\u2019et\u00e0 non si riconoscono nel genere assegnato alla nascita e chiedono di vivere con un genere diverso, sia nello spazio pubblico che privato\u00bb. E cos\u00ec il presidente di GenderLens auspica allora la fine della \u00abvisione adultocentrica\u00bb che impedirebbe a tanti minori di \u00abessere se stessi\u00bb.<\/p>\n\n\n\n<p>Le famiglie che vorrebbero iniziare i propri figli alla transizione di genere si troverebbero allora \u00ababbandonate dalla societ\u00e0\u00bb, vivendo \u00abostilit\u00e0 e stigma\u00bb. Eppure, questi stessi genitori, sostiene la Ferrari, sarebbero \u00abcorrettamente informati sui vantaggi nel benessere psicofisico delle loro creature\u00bb. Anche la separazione \u00abbinaria\u00bb di spogliatoi e di bagni determinerebbe, secondo la Ferrari, una \u00abmancanza di sicurezza\u00bb nei bambini e nei ragazzi <em>gender fluid<\/em>, i quali, patendo un \u00abclima ostile\u00bb a scuola, avrebbero \u00abquattro volte in pi\u00f9 la possibilit\u00e0 di abbandonare la scuole per le molestie subite\u00bb. Una \u00abchiara violazione dei diritti umani che il mondo degli adulti non pu\u00f2 pi\u00f9 ignorare\u00bb.<\/p>\n\n\n\n<h3 class=\"wp-block-heading\"><strong>Oltremanica: la libert\u00e0 d\u2019opinione messa in croce<\/strong><\/h3>\n\n\n\n<p>Di segno appunto opposto la relazione dell\u2019avvocato Williams. La fondatrice di \u00abChristian Concern\u00bb ha infatti anzitutto messo in luce l\u2019<em>exploit <\/em>della transizione di genere tra i minori britannici: se nel 2009 i bambini e i ragazzi indirizzati alle cliniche specializzate nel cambio sesso erano stati 97, nel 2020 il loro numero \u00e8 schizzato a 2748.<\/p>\n\n\n\n<p>Un caso particolarmente clamoroso, citato dalla Williams, \u00e8 quello dei coniugi Nigel e Sally Rowe, i cui due figli, di 6 e di 8 anni nel 2017, erano rimasti traumatizzati dagli insegnamenti ricevuti a scuola (peraltro un istituto d&#8217;ispirazione religiosa legato alla Chiesa d\u2019Inghilterra) all\u2019insegna dell&#8217;ideologia <em>gender<\/em> pi\u00f9 spinta.<\/p>\n\n\n\n<p>Quando Nigel Rowe si \u00e8 lamentato della questione con il dirigente scolastico, gli \u00e8 stato poer\u00f2 risposto che chiunque non tratti i propri figli \u00abin base al sesso con cui si identificano\u00bb, \u00e8 sicuramente una persona \u00abtransfobica\u00bb. Secondo la scuola, quindi, l\u2019insegnamento della \u00abverit\u00e0 sull\u2019identit\u00e0 di genere\u00bb \u00e8 un \u00abobbligo morale e giuridico\u00bb anche per i genitori. E in pi\u00f9 un \u00abapproccio <em>gender<\/em> assertivo\u00bb da parte dei coniugi Rowe verso i propri bambini sarebbe stato un \u00abdovere cristiano\u00bb.<\/p>\n\n\n\n<p>Nigel e Sally Rowe sono quindi stati vittime di una vergognosa macchina del fango, che, afferma la Williams, li ha \u00abampiamente diffamati\u00bb soltanto per avere rivendicato il proprio diritto alla libert\u00e0 di educazione.<\/p>\n\n\n\n<h3 class=\"wp-block-heading\"><strong>Tavistock: la pietra dello scandalo<\/strong><\/h3>\n\n\n\n<p>La Williams ha quindi fatto riferimento esplicito a due casi particolarmente noti: quello di <a href=\"https:\/\/ifamnews.com\/it\/licenziata-e-a-processo-per-avere-detto-che-i-sessi-sono-due\" target=\"_blank\" rel=\"noreferrer noopener\">Maya Forstater<\/a> e quello di <a href=\"https:\/\/ifamnews.com\/it\/keira-bell-che-redime-il-nostro-tempo\" target=\"_blank\" rel=\"noreferrer noopener\">Keira Bell<\/a>. Quest\u2019ultimo \u00e8 legato alla storica <a href=\"https:\/\/ifamnews.com\/it\/urr-per-keira-ma-non-finita\" target=\"_blank\" rel=\"noreferrer noopener\">vicenda della clinica Tavistock and Portman<\/a>, che per anni ha effettuato una quantit\u00e0 impressionante di interventi per la riassegnazione di genere sui minori. Ma alla fine il Servizio sanitario nazionale britannico ha stabilito che la Tavistock \u00aboperava al di fuori degli <em>standard<\/em> clinici e di salvaguardia\u00bb sanitaria, \u00abavviando bambini di appena dieci anni a trattamenti ormonali sperimentali\u00bb.<\/p>\n\n\n\n<p>Pi\u00f9 di recente \u00e8 stato trattato in appello il caso del dottor David Mackereth, medico licenziato dal ministero del Lavoro e delle pensioni \u00abperch\u00e9 rifiutatosi, per questioni di coscienza, di applicare l&#8217;ipotesi affermativa ai pazienti <em>transgender<\/em>\u00bb, esempio eminente di neolingua che indica l&#8217;idea secondo la quale sarebbe legittimo affermare il proprio genere percepito indipendentemente da quello biologico.<\/p>\n\n\n\n<p>Ancora pi\u00f9 assurda \u00e8 la disavventura giuridica capitata a un insegnante di matematica a Oxford, licenziato semplicemente per avere detto a un corso di sole studentesse: \u00abBen fatto, ragazze\u00bb. Una delle allieve, infatti, si identificava come maschio e, non avendo gradito, ha accusato il professore di \u00abtransfobia\u00bb. Adesso il docente rischia addirittura di perdere totalmente il diritto di esercitare la propria professione.<\/p>\n\n\n\n<h3 class=\"wp-block-heading\" id=\"h-esperimenti-sui-minori-da-non-importare\"><strong>Esperimenti sui minori (da non importare)<\/strong><\/h3>\n\n\n\n<p>L&#8217;avvocato Williams sostiene insomma che, nel Regno Unito, \u00abdiversi fattori\u00bb stanno contribuendo \u00aballa crescente diffidenza pubblica nei confronti delle ipotesi affermative del transgenderismo\u00bb. Non sono soltanto un gran numero di genitori a mostrare preoccupazione per la deriva educativa, ma persino alcuni di coloro che lavorano nelle cliniche <em>transgender<\/em> \u00absi sono espressi contro questa negazione della realt\u00e0, raccontando le conseguenze che i bambini debbono affrontare a cuasa delle le transizioni\u00bb.<\/p>\n\n\n\n<p>Le politiche sull\u2019identit\u00e0 di genere \u00absono una ferita che un\u2019intera generazione soffrir\u00e0 per molti anni a venire\u00bb, dichiara la giurista britannica. \u00abLa mia speranza \u00e8 che questa mia testimonianza contibuisca a persuadere il ceto politico e gli organi decisionali di questo Paese a intraprendere un percorso diverso da quello che abbiamo segutio nel Regno Unito. I vostri figli, il futuro del vostro Paese, meritano di meglio. Vi esorto a combattere in favore loro e della loro innocenza\u00bb, ha affermato la Williams. \u00abSiamo veramente all\u2019assurdo\u00bb, dice ad \u00abiFamNews\u00bb il senatore Simone Pillon, a margine dell\u2019audizione. \u00abDi fronte alle evidenze di altri Paesi che hanno percorso prima di noi questa strada e che ora stanno tornando indietro, ci troviamo ancora, per ragioni ideologiche, impelagati con esperimenti sui minori\u00bb.<\/p>\n","protected":false},"excerpt":{"rendered":"<p>L\u2019avvocato Andrea Williams riferisce al parlamento italiano le controversie che hanno tormentato scuole e cliniche britanniche<\/p>\n","protected":false},"author":545,"featured_media":136202,"comment_status":"open","ping_status":"open","sticky":false,"template":"","format":"standard","meta":{"give_campaign_id":0,"om_disable_all_campaigns":false,"_monsterinsights_skip_tracking":false,"_monsterinsights_sitenote_active":false,"_monsterinsights_sitenote_note":"","_monsterinsights_sitenote_category":0,"mc4wp_mailchimp_campaign":[],"jnews-multi-image_gallery":[],"jnews_single_post":{"subtitle":"L\u2019avvocato Andrea Williams riferisce al parlamento italiano le controversie che hanno tormentato scuole e cliniche britanniche","format":"standard","video":"","gallery":"","source_name":"","source_url":"","via_name":"","via_url":"","override":[{"template":"1","single_blog_custom":"","parallax":"1","fullscreen":"1","layout":"right-sidebar","sidebar":"default-sidebar","second_sidebar":"default-sidebar","sticky_sidebar":"1","share_position":"top","share_float_style":"share-monocrhome","show_share_counter":"1","show_view_counter":"1","show_featured":"1","show_post_meta":"1","show_post_author":"1","show_post_author_image":"1","show_post_date":"1","post_date_format":"default","post_date_format_custom":"Y\/m\/d","show_post_category":"1","post_reading_time_wpm":"300","zoom_button_out_step":"2","zoom_button_in_step":"3","show_post_tag":"1","show_prev_next_post":"1","show_popup_post":"1","number_popup_post":"1"}],"image_override":[{"single_post_thumbnail_size":"crop-500","single_post_gallery_size":"crop-500"}],"trending_post_position":"meta","trending_post_label":"Trending","sponsored_post_label":"Sponsored by","sponsored_post_name":"","sponsored_post_url":"","sponsored_post_logo":"","sponsored_post_desc":""},"jnews_primary_category":{"id":"781"},"jnews_social_meta":{"fb_title":"","fb_description":"","fb_image":"","twitter_title":"","twitter_description":"","twitter_image":""},"jnews_override_counter":{"view_counter_number":"0","share_counter_number":"0","like_counter_number":"0","dislike_counter_number":"0"},"footnotes":""},"categories":[781,951],"tags":[982,1928,9603],"class_list":["post-136199","post","type-post","status-publish","format-standard","has-post-thumbnail","hentry","category-famiglia","category-foreground-it","tag-gran-bretagna","tag-italia","tag-lgbt-it"],"yoast_head":"<!-- This site is optimized with the Yoast SEO Premium plugin v25.9 (Yoast SEO v27.3) - https:\/\/yoast.com\/product\/yoast-seo-premium-wordpress\/ -->\n<title>\u00abTransizione di genere? I vostri figli meritano di meglio\u00bb - \u00abiFamNews\u00bb<\/title>\n<meta name=\"description\" content=\"L\u2019avvocato Andrea Williams riferisce al parlamento italiano le controversie che hanno tormentato scuole e cliniche britanniche\" \/>\n<meta name=\"robots\" content=\"index, follow, max-snippet:-1, max-image-preview:large, max-video-preview:-1\" \/>\n<link rel=\"canonical\" href=\"https:\/\/ifamnews.com\/it\/-transizione-di-genere-i-vostri-figli-meritano-di-meglio\" \/>\n<meta property=\"og:locale\" content=\"it_IT\" \/>\n<meta property=\"og:type\" content=\"article\" \/>\n<meta property=\"og:title\" content=\"\u00abTransizione di genere? I vostri figli meritano di meglio\u00bb\" \/>\n<meta property=\"og:description\" content=\"L\u2019avvocato Andrea Williams riferisce al parlamento italiano le controversie che hanno tormentato scuole e cliniche britanniche\" \/>\n<meta property=\"og:url\" content=\"https:\/\/ifamnews.com\/it\/-transizione-di-genere-i-vostri-figli-meritano-di-meglio\" \/>\n<meta property=\"og:site_name\" content=\"IFN\" \/>\n<meta property=\"article:publisher\" content=\"https:\/\/www.facebook.com\/iFamNews\" \/>\n<meta property=\"article:published_time\" content=\"2022-04-07T09:01:45+00:00\" \/>\n<meta property=\"article:modified_time\" content=\"2022-04-19T10:35:27+00:00\" \/>\n<meta property=\"og:image\" content=\"https:\/\/ifamnews.com\/wp-content\/uploads\/2022\/04\/Transizione-di-genere_-I-vostri-figli-meritano-di-meglio.jpg\" \/>\n\t<meta property=\"og:image:width\" content=\"1200\" \/>\n\t<meta property=\"og:image:height\" content=\"676\" \/>\n\t<meta property=\"og:image:type\" content=\"image\/jpeg\" \/>\n<meta name=\"author\" content=\"Luca Marcolivio\" \/>\n<meta name=\"twitter:card\" content=\"summary_large_image\" \/>\n<meta name=\"twitter:creator\" content=\"@https:\/\/twitter.com\/luketto2\" \/>\n<meta name=\"twitter:site\" content=\"@iFamNewsEN\" \/>\n<meta name=\"twitter:label1\" content=\"Scritto da\" \/>\n\t<meta name=\"twitter:data1\" content=\"Luca Marcolivio\" \/>\n\t<meta name=\"twitter:label2\" content=\"Tempo di lettura stimato\" \/>\n\t<meta name=\"twitter:data2\" content=\"5 minuti\" \/>\n<!-- \/ Yoast SEO Premium plugin. -->","yoast_head_json":{"title":"\u00abTransizione di genere? I vostri figli meritano di meglio\u00bb - \u00abiFamNews\u00bb","description":"L\u2019avvocato Andrea Williams riferisce al parlamento italiano le controversie che hanno tormentato scuole e cliniche britanniche","robots":{"index":"index","follow":"follow","max-snippet":"max-snippet:-1","max-image-preview":"max-image-preview:large","max-video-preview":"max-video-preview:-1"},"canonical":"https:\/\/ifamnews.com\/it\/-transizione-di-genere-i-vostri-figli-meritano-di-meglio","og_locale":"it_IT","og_type":"article","og_title":"\u00abTransizione di genere? I vostri figli meritano di meglio\u00bb","og_description":"L\u2019avvocato Andrea Williams riferisce al parlamento italiano le controversie che hanno tormentato scuole e cliniche britanniche","og_url":"https:\/\/ifamnews.com\/it\/-transizione-di-genere-i-vostri-figli-meritano-di-meglio","og_site_name":"IFN","article_publisher":"https:\/\/www.facebook.com\/iFamNews","article_published_time":"2022-04-07T09:01:45+00:00","article_modified_time":"2022-04-19T10:35:27+00:00","og_image":[{"width":1200,"height":676,"url":"https:\/\/ifamnews.com\/wp-content\/uploads\/2022\/04\/Transizione-di-genere_-I-vostri-figli-meritano-di-meglio.jpg","type":"image\/jpeg"}],"author":"Luca Marcolivio","twitter_card":"summary_large_image","twitter_creator":"@https:\/\/twitter.com\/luketto2","twitter_site":"@iFamNewsEN","twitter_misc":{"Scritto da":"Luca Marcolivio","Tempo di lettura stimato":"5 minuti"},"schema":{"@context":"https:\/\/schema.org","@graph":[{"@type":"NewsArticle","@id":"https:\/\/ifamnews.com\/it\/-transizione-di-genere-i-vostri-figli-meritano-di-meglio#article","isPartOf":{"@id":"https:\/\/ifamnews.com\/it\/-transizione-di-genere-i-vostri-figli-meritano-di-meglio"},"author":{"name":"Luca Marcolivio","@id":"https:\/\/ifamnews.com\/en\/#\/schema\/person\/ce4f7fd8e66bf7ecb51fc4e1d97dbcfd"},"headline":"\u00abTransizione di genere? I vostri figli meritano di meglio\u00bb","datePublished":"2022-04-07T09:01:45+00:00","dateModified":"2022-04-19T10:35:27+00:00","mainEntityOfPage":{"@id":"https:\/\/ifamnews.com\/it\/-transizione-di-genere-i-vostri-figli-meritano-di-meglio"},"wordCount":1013,"commentCount":0,"publisher":{"@id":"https:\/\/ifamnews.com\/en\/#organization"},"image":{"@id":"https:\/\/ifamnews.com\/it\/-transizione-di-genere-i-vostri-figli-meritano-di-meglio#primaryimage"},"thumbnailUrl":"https:\/\/ifamnews.com\/wp-content\/uploads\/2022\/04\/Transizione-di-genere_-I-vostri-figli-meritano-di-meglio.jpg","keywords":["Gran Bretagna","Italia","LGBT+\/Gender"],"articleSection":["Famiglia","In evidenza"],"inLanguage":"it-IT","potentialAction":[{"@type":"CommentAction","name":"Comment","target":["https:\/\/ifamnews.com\/it\/-transizione-di-genere-i-vostri-figli-meritano-di-meglio#respond"]}]},{"@type":"WebPage","@id":"https:\/\/ifamnews.com\/it\/-transizione-di-genere-i-vostri-figli-meritano-di-meglio","url":"https:\/\/ifamnews.com\/it\/-transizione-di-genere-i-vostri-figli-meritano-di-meglio","name":"\u00abTransizione di genere? I vostri figli meritano di meglio\u00bb - \u00abiFamNews\u00bb","isPartOf":{"@id":"https:\/\/ifamnews.com\/en\/#website"},"primaryImageOfPage":{"@id":"https:\/\/ifamnews.com\/it\/-transizione-di-genere-i-vostri-figli-meritano-di-meglio#primaryimage"},"image":{"@id":"https:\/\/ifamnews.com\/it\/-transizione-di-genere-i-vostri-figli-meritano-di-meglio#primaryimage"},"thumbnailUrl":"https:\/\/ifamnews.com\/wp-content\/uploads\/2022\/04\/Transizione-di-genere_-I-vostri-figli-meritano-di-meglio.jpg","datePublished":"2022-04-07T09:01:45+00:00","dateModified":"2022-04-19T10:35:27+00:00","description":"L\u2019avvocato Andrea Williams riferisce al parlamento italiano le controversie che hanno tormentato scuole e cliniche britanniche","breadcrumb":{"@id":"https:\/\/ifamnews.com\/it\/-transizione-di-genere-i-vostri-figli-meritano-di-meglio#breadcrumb"},"inLanguage":"it-IT","potentialAction":[{"@type":"ReadAction","target":["https:\/\/ifamnews.com\/it\/-transizione-di-genere-i-vostri-figli-meritano-di-meglio"]}]},{"@type":"ImageObject","inLanguage":"it-IT","@id":"https:\/\/ifamnews.com\/it\/-transizione-di-genere-i-vostri-figli-meritano-di-meglio#primaryimage","url":"https:\/\/ifamnews.com\/wp-content\/uploads\/2022\/04\/Transizione-di-genere_-I-vostri-figli-meritano-di-meglio.jpg","contentUrl":"https:\/\/ifamnews.com\/wp-content\/uploads\/2022\/04\/Transizione-di-genere_-I-vostri-figli-meritano-di-meglio.jpg","width":1200,"height":676,"caption":"Image from Flickr"},{"@type":"BreadcrumbList","@id":"https:\/\/ifamnews.com\/it\/-transizione-di-genere-i-vostri-figli-meritano-di-meglio#breadcrumb","itemListElement":[{"@type":"ListItem","position":1,"name":"Home","item":"https:\/\/ifamnews.com\/de"},{"@type":"ListItem","position":2,"name":"Famiglia","item":"https:\/\/ifamnews.com\/it\/categoria\/famiglia"},{"@type":"ListItem","position":3,"name":"\u00abTransizione di genere? I vostri figli meritano di meglio\u00bb"}]},{"@type":"WebSite","@id":"https:\/\/ifamnews.com\/en\/#website","url":"https:\/\/ifamnews.com\/en\/","name":"IFN","description":"International Family News Network","publisher":{"@id":"https:\/\/ifamnews.com\/en\/#organization"},"potentialAction":[{"@type":"SearchAction","target":{"@type":"EntryPoint","urlTemplate":"https:\/\/ifamnews.com\/en\/?s={search_term_string}"},"query-input":{"@type":"PropertyValueSpecification","valueRequired":true,"valueName":"search_term_string"}}],"inLanguage":"it-IT"},{"@type":"Organization","@id":"https:\/\/ifamnews.com\/en\/#organization","name":"iFamNews","url":"https:\/\/ifamnews.com\/en\/","logo":{"@type":"ImageObject","inLanguage":"it-IT","@id":"https:\/\/ifamnews.com\/en\/#\/schema\/logo\/image\/","url":"https:\/\/ifamnews.com\/wp-content\/uploads\/2020\/01\/Share-logo.png","contentUrl":"https:\/\/ifamnews.com\/wp-content\/uploads\/2020\/01\/Share-logo.png","width":200,"height":200,"caption":"iFamNews"},"image":{"@id":"https:\/\/ifamnews.com\/en\/#\/schema\/logo\/image\/"},"sameAs":["https:\/\/www.facebook.com\/iFamNews","https:\/\/x.com\/iFamNewsEN"]},{"@type":"Person","@id":"https:\/\/ifamnews.com\/en\/#\/schema\/person\/ce4f7fd8e66bf7ecb51fc4e1d97dbcfd","name":"Luca Marcolivio","image":{"@type":"ImageObject","inLanguage":"it-IT","@id":"https:\/\/secure.gravatar.com\/avatar\/4aa297a11beb7510b2301ae9c8bbe9e7eb035156e7c8f0d92c718bc695d102d7?s=96&d=mm&r=g","url":"https:\/\/secure.gravatar.com\/avatar\/4aa297a11beb7510b2301ae9c8bbe9e7eb035156e7c8f0d92c718bc695d102d7?s=96&d=mm&r=g","contentUrl":"https:\/\/secure.gravatar.com\/avatar\/4aa297a11beb7510b2301ae9c8bbe9e7eb035156e7c8f0d92c718bc695d102d7?s=96&d=mm&r=g","caption":"Luca Marcolivio"},"description":"A professional journalist, Luca Marcolivio has been accredited to the Holy See Press Office since 2011. Director of the webmagazine of religious information Cristiani Today, e collaborates with La nuova Bussola Quotidiana, Pro Vita &amp; Famiglia and the blog of the Centro Machiavelli. From 2011 to 2017 he was Editor-in-Chief of the Italian edition of Zenit. He is the author of Contro Garibaldi. Quello che a scuola non vi hanno raccontato and the editor of La societ\u00e0 dell\u2019allegria. Don Bosco raccontato dai salesiani del XXI Secolo","sameAs":["https:\/\/x.com\/https:\/\/twitter.com\/luketto2"],"url":"https:\/\/ifamnews.com\/it\/author\/luca-marcolivio"}]}},"amp_enabled":true,"_links":{"self":[{"href":"https:\/\/ifamnews.com\/it\/wp-json\/wp\/v2\/posts\/136199","targetHints":{"allow":["GET"]}}],"collection":[{"href":"https:\/\/ifamnews.com\/it\/wp-json\/wp\/v2\/posts"}],"about":[{"href":"https:\/\/ifamnews.com\/it\/wp-json\/wp\/v2\/types\/post"}],"author":[{"embeddable":true,"href":"https:\/\/ifamnews.com\/it\/wp-json\/wp\/v2\/users\/545"}],"replies":[{"embeddable":true,"href":"https:\/\/ifamnews.com\/it\/wp-json\/wp\/v2\/comments?post=136199"}],"version-history":[{"count":5,"href":"https:\/\/ifamnews.com\/it\/wp-json\/wp\/v2\/posts\/136199\/revisions"}],"predecessor-version":[{"id":138559,"href":"https:\/\/ifamnews.com\/it\/wp-json\/wp\/v2\/posts\/136199\/revisions\/138559"}],"wp:featuredmedia":[{"embeddable":true,"href":"https:\/\/ifamnews.com\/it\/wp-json\/wp\/v2\/media\/136202"}],"wp:attachment":[{"href":"https:\/\/ifamnews.com\/it\/wp-json\/wp\/v2\/media?parent=136199"}],"wp:term":[{"taxonomy":"category","embeddable":true,"href":"https:\/\/ifamnews.com\/it\/wp-json\/wp\/v2\/categories?post=136199"},{"taxonomy":"post_tag","embeddable":true,"href":"https:\/\/ifamnews.com\/it\/wp-json\/wp\/v2\/tags?post=136199"}],"curies":[{"name":"wp","href":"https:\/\/api.w.org\/{rel}","templated":true}]}}