{"id":134540,"date":"2022-04-04T00:00:00","date_gmt":"2022-04-04T04:00:00","guid":{"rendered":"https:\/\/ifamnews.com\/?p=134540"},"modified":"2022-04-04T01:31:09","modified_gmt":"2022-04-04T05:31:09","slug":"guatemala-la-normalit-eroica-di-un-grande-modello","status":"publish","type":"post","link":"https:\/\/ifamnews.com\/it\/guatemala-la-normalit-eroica-di-un-grande-modello","title":{"rendered":"Guatemala, la normalit\u00e0 eroica di un grande modello"},"content":{"rendered":"\n<p>Il nostro \u00e8 un mondo immemore e quindi ingrato. Accadono fatti stra-ordinari, avvengono cose fuori dal comune, ma il cinismo e l\u2019assuefazione li archiviano subito senza badarci, anzi li annegano volentieri nella morta gora.<\/p>\n\n\n\n<p>Il 9 marzo Ciudad de Guatemala, capitale dell\u2019omonimo Stato centroamericano, \u00e8 stata proclamata solennemente <a href=\"https:\/\/ifamnews.com\/it\/guatemala-capitale-iberoamericana-per-la-vita\" target=\"_blank\" rel=\"noreferrer noopener\">\u00abCapitale iberoamericana della vita\u00bb<\/a>, e non \u00e8 uno scherzo.<\/p>\n\n\n\n<div class=\"wp-block-image\"><figure class=\"alignright size-large is-resized\"><img decoding=\"async\" src=\"https:\/\/ifamnews.com\/wp-content\/uploads\/2022\/04\/20220309_124144-1-419x1024.jpg\" alt=\"\" class=\"wp-image-134725\" width=\"210\" height=\"512\" srcset=\"https:\/\/ifamnews.com\/wp-content\/uploads\/2022\/04\/20220309_124144-1-419x1024.jpg 419w, https:\/\/ifamnews.com\/wp-content\/uploads\/2022\/04\/20220309_124144-1-768x1875.jpg 768w, https:\/\/ifamnews.com\/wp-content\/uploads\/2022\/04\/20220309_124144-1-629x1536.jpg 629w, https:\/\/ifamnews.com\/wp-content\/uploads\/2022\/04\/20220309_124144-1-839x2048.jpg 839w, https:\/\/ifamnews.com\/wp-content\/uploads\/2022\/04\/20220309_124144-1-750x1832.jpg 750w, https:\/\/ifamnews.com\/wp-content\/uploads\/2022\/04\/20220309_124144-1-1140x2784.jpg 1140w, https:\/\/ifamnews.com\/wp-content\/uploads\/2022\/04\/20220309_124144-1-scaled.jpg 1048w\" sizes=\"(max-width: 210px) 100vw, 210px\" \/><figcaption>Il monumento nel Palazzo della cultura<\/figcaption><\/figure><\/div>\n\n\n\n<p>\u00c8 stato infatti l\u2019esito di un percorso preciso: culturale e politico, e anche questo non \u00e8 cosa da poco. Perch\u00e9 il Guatemala ha <em>scelto<\/em> di promuovere una cultura precisa e di farne anche una <em>scelta<\/em> politica: la cultura che afferma la vita umana come diritto sacrosanto e inalienabile, base della famiglia, perno della societ\u00e0, fulcro della civilt\u00e0, ovvero che senza si ha solo la terra desolata dell\u2019incivilt\u00e0.<\/p>\n\n\n\n<p>Il Guatemala ha deciso cio\u00e8 di essere <em>normale<\/em>: di indossare la <em>norma<\/em> naturale e la <em>normativit\u00e0<\/em> della natura data. Ma in tempi eccezionali, ed eccezionalmente funesti come i nostri, dove la <a href=\"https:\/\/www.vatican.va\/content\/john-paul-ii\/it\/encyclicals\/documents\/hf_jp-ii_enc_25031995_evangelium-vitae.html\" target=\"_blank\" rel=\"noreferrer noopener\">\u00abcultura di morte\u00bb<\/a> impera ed \u00e8 propagandata come un diritto, questa normalit\u00e0 quotidiana \u00e8 letteralmente eroica.<\/p>\n\n\n\n<p>Questa cultura, normale ed eccezionale, quotidiana ed eroica, \u00e8 stata quindi trasformata in opzione sociale, decisione politica e misura di governo da un personale politico che non si vergogna di essa. Che ha il coraggio di mostrarsi apertamente con questo volto, di scendere nell\u2019arena, di giocarvisi reputazione e carriera.<\/p>\n\n\n\n<p>Ciudad de Guatemala \u00e8 diventata la Capitale iberoamericana del diritto alla vita perch\u00e9 il presidente Alejandro Giammattei ha deciso di formare un governo capace di assumersene il compito, ha deciso di guidarlo verso quello scopo, ha deciso di rappresentarlo nel mondo.<\/p>\n\n\n\n<p>\u00abiFamNews\u00bb era a Ciudad de Guatemala il 9 marzo per festeggiare l\u2019evento assieme alla nazione guatemalteca e a quel suo straordinario ceto politico. C\u2019erano Brian Brown, presidente dell\u2019International Organization for the Family (IOF) ed editore di \u00abiFamNews\u00bb; Robert Siedlecki, Consigliere generale e Direttore del settore espansione dello IOF; e il sottoscritto, direttore della testata che stai leggendo. Non capita tutti i giorni di vedere n\u00e9 un Paese intero celebrare la vita n\u00e9 un governo intero schierarsi senza mezzi termini a favore della vita.<\/p>\n\n\n\n<p>S\u00ec, un <em>Paese intero<\/em>. Un Paese intero anche se non tutti sono stati d\u2019accordo. Infatti, proprio mentre il governo guatemalteco celebrava la vita in maniera cos\u00ec encomiabile e giustamente spavalda, altri protestavano fuori dal Palazzo della cultura dove avveniva la cerimonia, urlavano per le strade e insozzavano i muri con scritte ingiuriose e blasfeme, chiese comprese. Eppure s\u00ec, a celebrare \u00e8 stato davvero un Paese intero. Perch\u00e9? Anzitutto perch\u00e9 a celebrare la vita \u00e8 stato un governo, un governo intero, eletto democraticamente dai cittadini guatemaltechi, e dunque certamente rappresentante del Paese per intero. Ma questo \u00e8 solo l\u2019aspetto legale della questione. L\u2019aspetto morale dice in pi\u00f9 che \u00e8 ai <em>maiores<\/em> che si deve sempre guardare per comprendere lo <em>standard<\/em>. Per comprendere la grandezza dell\u2019umano al meglio non si guarda a Stalin, Adolf Hitler o Mao Zedong: si guarda J\u00e9r\u00f4me Lejeune, Michalengelo, Dante, Ges\u00f9 Cristo. Cos\u00ec, per comprendere appieno la nazione guatemalteca si guarda volentieri a quella sua classe politica, che, unica al mondo, guida un Paese alla difesa pubblica e proattiva di un bene non negoziabile e indisponibile, al di l\u00e0 di ogni opinione e giudizio, qual \u00e8 la vita umana nascente.<\/p>\n\n\n\n<div class=\"wp-block-image\"><figure class=\"alignleft size-large is-resized\"><img decoding=\"async\" src=\"https:\/\/ifamnews.com\/wp-content\/uploads\/2022\/04\/20220310_115724-419x1024.jpg\" alt=\"\" class=\"wp-image-134661\" width=\"210\" height=\"512\" srcset=\"https:\/\/ifamnews.com\/wp-content\/uploads\/2022\/04\/20220310_115724-419x1024.jpg 419w, https:\/\/ifamnews.com\/wp-content\/uploads\/2022\/04\/20220310_115724-768x1875.jpg 768w, https:\/\/ifamnews.com\/wp-content\/uploads\/2022\/04\/20220310_115724-629x1536.jpg 629w, https:\/\/ifamnews.com\/wp-content\/uploads\/2022\/04\/20220310_115724-839x2048.jpg 839w, https:\/\/ifamnews.com\/wp-content\/uploads\/2022\/04\/20220310_115724-750x1832.jpg 750w, https:\/\/ifamnews.com\/wp-content\/uploads\/2022\/04\/20220310_115724-1140x2784.jpg 1140w, https:\/\/ifamnews.com\/wp-content\/uploads\/2022\/04\/20220310_115724-scaled.jpg 1048w\" sizes=\"(max-width: 210px) 100vw, 210px\" \/><figcaption>Il presidente Alejandro Giammattei<\/figcaption><\/figure><\/div>\n\n\n\n<p>Dunque questo Paese intero difende la vita: c\u2019\u00e8 al mondo nostro, piagato e piegato, un Paese intero che difende la vita. Brian, Rob e io non nasciamo sotto il cavolo, non dormiamo all\u2019umido e non siamo nati ieri. Qualche cosa nella vita l\u2019abbiamo veduta. Ma pi\u00f9 volte nei giorni trascorsi a Ciudad de Guatemala a celebrare la normalit\u00e0 eroica della vita nascente ci siamo sorpresi, dati di gomito e forse persino commossi nel vedere il presidente della repubblica Giammattei, il vicepresidente del Congresso (l\u2019organo istituzionale unicamerale che l\u00e0 detiene il potere legislativo) Shirley Rivera Zalda\u00f1a e ministri e deputati annunciare profeticamente, pi\u00f9 e pi\u00f9 volte, la sacralit\u00e0 della vita umana, la sovranit\u00e0 intangibile della famiglia, addirittura la fede cristiana benedettamente mista alla politica, persino il pentimento\u2026 Intonare inni e pregare in pubblico in quelle che sono state sempre manifestazioni nobilmente laiche, cio\u00e8 libere, e addirittura aperte (il nunzio apostolico Francisco Montecillo Padilla, pastori protestanti, responsabili della comunit\u00e0 mormone, <em>imam<\/em> e rabbini hanno reso omaggio alla vita nascente e al governo guatemalteco che se n\u2019\u00e8 fatto alfiere).<\/p>\n\n\n\n<p>La proclamazione di Ciudad de Guatemala come capitale della vita di un intero subcontinente \u00e8 stata il culmine e l\u2019inizio. Il culmine di una scelta cavalleresca e l\u2019inizio del <a href=\"http:\/\/www.congresoiberoamericanoporlavidaylafamilia.org\/\" target=\"_blank\" rel=\"noreferrer noopener\">Congreso iberoamericano por la Vida y la Familia<\/a>, che ha riempito di Sole le giornate dal 10 all\u201911 marzo. Il presidente della repubblica Giammattei e la vicepresidente del Congresso Rivera sono intervenuti anche l\u00ec, assieme, anzi accanto a <em>leader<\/em> e a rappresentanti e a delegati di organizzazioni <em>pro-life<\/em> e <em>pro-family<\/em> da tutto il mondo, letteralmente. Perch\u00e9 la differenza fra le passarelle e l\u2019impegno la fanno la voglia di stare nelle cose e la stamina di scendere fra la gente, mescolandosi fra chi la vita la difende ogni giorno, infarinandosi, <em>embedded<\/em>.<\/p>\n\n\n\n<div class=\"wp-block-image\"><figure class=\"aligncenter size-large\"><img decoding=\"async\" width=\"1024\" height=\"419\" src=\"https:\/\/ifamnews.com\/wp-content\/uploads\/2022\/04\/20220309_122717-1024x419.jpg\" alt=\"\" class=\"wp-image-134580\" srcset=\"https:\/\/ifamnews.com\/wp-content\/uploads\/2022\/04\/20220309_122717-1024x419.jpg 1024w, https:\/\/ifamnews.com\/wp-content\/uploads\/2022\/04\/20220309_122717-768x314.jpg 768w, https:\/\/ifamnews.com\/wp-content\/uploads\/2022\/04\/20220309_122717-1536x629.jpg 1536w, https:\/\/ifamnews.com\/wp-content\/uploads\/2022\/04\/20220309_122717-2048x839.jpg 2048w, https:\/\/ifamnews.com\/wp-content\/uploads\/2022\/04\/20220309_122717-750x307.jpg 750w, https:\/\/ifamnews.com\/wp-content\/uploads\/2022\/04\/20220309_122717-1140x467.jpg 1140w\" sizes=\"(max-width: 1024px) 100vw, 1024px\" \/><\/figure><\/div>\n\n\n\n<p>Cos\u00ec \u00e8 infatti stato il Congresso: un bagno rigeneratore sia nella filosofia del diritto alla vita sia nella pratica quotidiana di chi la vita talora la salva e comunque la protegge ogni giorno, accudendo le madri abbandonate, sottraendo alla morte i bimbi ancora nel grembo di madri che vivono in Paesi dispotici o totalitari, dando una possibilit\u00e0 concreta al miracolo della vita di esistere, crescere, esserci, fare la differenza.<\/p>\n\n\n\n<figure class=\"wp-block-gallery columns-3 is-cropped wp-block-gallery-1 is-layout-flex wp-block-gallery-is-layout-flex\"><ul class=\"blocks-gallery-grid\"><li class=\"blocks-gallery-item\"><figure><img decoding=\"async\" width=\"1024\" height=\"419\" src=\"https:\/\/ifamnews.com\/wp-content\/uploads\/2022\/04\/20220309_213017-1024x419.jpg\" alt=\"\" data-id=\"134625\" data-full-url=\"https:\/\/ifamnews.com\/wp-content\/uploads\/2022\/04\/20220309_213017-scaled.jpg\" data-link=\"https:\/\/ifamnews.com\/it\/20220309_213017\" class=\"wp-image-134625\" srcset=\"https:\/\/ifamnews.com\/wp-content\/uploads\/2022\/04\/20220309_213017-1024x419.jpg 1024w, https:\/\/ifamnews.com\/wp-content\/uploads\/2022\/04\/20220309_213017-768x314.jpg 768w, https:\/\/ifamnews.com\/wp-content\/uploads\/2022\/04\/20220309_213017-1536x629.jpg 1536w, https:\/\/ifamnews.com\/wp-content\/uploads\/2022\/04\/20220309_213017-2048x839.jpg 2048w, https:\/\/ifamnews.com\/wp-content\/uploads\/2022\/04\/20220309_213017-750x307.jpg 750w, https:\/\/ifamnews.com\/wp-content\/uploads\/2022\/04\/20220309_213017-1140x467.jpg 1140w\" sizes=\"(max-width: 1024px) 100vw, 1024px\" \/><\/figure><\/li><li class=\"blocks-gallery-item\"><figure><img decoding=\"async\" width=\"419\" height=\"1024\" src=\"https:\/\/ifamnews.com\/wp-content\/uploads\/2022\/04\/20220309_111638-419x1024.jpg\" alt=\"\" data-id=\"134571\" data-full-url=\"https:\/\/ifamnews.com\/wp-content\/uploads\/2022\/04\/20220309_111638-scaled.jpg\" data-link=\"https:\/\/ifamnews.com\/it\/20220309_111638\" class=\"wp-image-134571\" srcset=\"https:\/\/ifamnews.com\/wp-content\/uploads\/2022\/04\/20220309_111638-419x1024.jpg 419w, https:\/\/ifamnews.com\/wp-content\/uploads\/2022\/04\/20220309_111638-768x1875.jpg 768w, https:\/\/ifamnews.com\/wp-content\/uploads\/2022\/04\/20220309_111638-629x1536.jpg 629w, https:\/\/ifamnews.com\/wp-content\/uploads\/2022\/04\/20220309_111638-839x2048.jpg 839w, https:\/\/ifamnews.com\/wp-content\/uploads\/2022\/04\/20220309_111638-750x1832.jpg 750w, https:\/\/ifamnews.com\/wp-content\/uploads\/2022\/04\/20220309_111638-1140x2784.jpg 1140w, https:\/\/ifamnews.com\/wp-content\/uploads\/2022\/04\/20220309_111638-scaled.jpg 1048w\" sizes=\"(max-width: 419px) 100vw, 419px\" \/><\/figure><\/li><li class=\"blocks-gallery-item\"><figure><img decoding=\"async\" width=\"1024\" height=\"419\" src=\"https:\/\/ifamnews.com\/wp-content\/uploads\/2022\/04\/20220309_095226-1024x419.jpg\" alt=\"\" data-id=\"134562\" data-full-url=\"https:\/\/ifamnews.com\/wp-content\/uploads\/2022\/04\/20220309_095226-scaled.jpg\" data-link=\"https:\/\/ifamnews.com\/it\/20220309_095226\" class=\"wp-image-134562\" srcset=\"https:\/\/ifamnews.com\/wp-content\/uploads\/2022\/04\/20220309_095226-1024x419.jpg 1024w, https:\/\/ifamnews.com\/wp-content\/uploads\/2022\/04\/20220309_095226-768x314.jpg 768w, https:\/\/ifamnews.com\/wp-content\/uploads\/2022\/04\/20220309_095226-1536x629.jpg 1536w, https:\/\/ifamnews.com\/wp-content\/uploads\/2022\/04\/20220309_095226-2048x839.jpg 2048w, https:\/\/ifamnews.com\/wp-content\/uploads\/2022\/04\/20220309_095226-750x307.jpg 750w, https:\/\/ifamnews.com\/wp-content\/uploads\/2022\/04\/20220309_095226-1140x467.jpg 1140w\" sizes=\"(max-width: 1024px) 100vw, 1024px\" \/><\/figure><\/li><li class=\"blocks-gallery-item\"><figure><img decoding=\"async\" width=\"1024\" height=\"419\" src=\"https:\/\/ifamnews.com\/wp-content\/uploads\/2022\/04\/20220309_124150-1024x419.jpg\" alt=\"\" data-id=\"134598\" data-full-url=\"https:\/\/ifamnews.com\/wp-content\/uploads\/2022\/04\/20220309_124150-scaled.jpg\" data-link=\"https:\/\/ifamnews.com\/it\/20220309_124150\" class=\"wp-image-134598\" srcset=\"https:\/\/ifamnews.com\/wp-content\/uploads\/2022\/04\/20220309_124150-1024x419.jpg 1024w, https:\/\/ifamnews.com\/wp-content\/uploads\/2022\/04\/20220309_124150-768x314.jpg 768w, https:\/\/ifamnews.com\/wp-content\/uploads\/2022\/04\/20220309_124150-1536x629.jpg 1536w, https:\/\/ifamnews.com\/wp-content\/uploads\/2022\/04\/20220309_124150-2048x839.jpg 2048w, https:\/\/ifamnews.com\/wp-content\/uploads\/2022\/04\/20220309_124150-750x307.jpg 750w, https:\/\/ifamnews.com\/wp-content\/uploads\/2022\/04\/20220309_124150-1140x467.jpg 1140w\" sizes=\"(max-width: 1024px) 100vw, 1024px\" \/><\/figure><\/li><li class=\"blocks-gallery-item\"><figure><img decoding=\"async\" width=\"1024\" height=\"419\" src=\"https:\/\/ifamnews.com\/wp-content\/uploads\/2022\/04\/20220309_095006-1024x419.jpg\" alt=\"\" data-id=\"134553\" data-full-url=\"https:\/\/ifamnews.com\/wp-content\/uploads\/2022\/04\/20220309_095006-scaled.jpg\" data-link=\"https:\/\/ifamnews.com\/it\/20220309_095006\" class=\"wp-image-134553\" srcset=\"https:\/\/ifamnews.com\/wp-content\/uploads\/2022\/04\/20220309_095006-1024x419.jpg 1024w, https:\/\/ifamnews.com\/wp-content\/uploads\/2022\/04\/20220309_095006-768x314.jpg 768w, https:\/\/ifamnews.com\/wp-content\/uploads\/2022\/04\/20220309_095006-1536x629.jpg 1536w, https:\/\/ifamnews.com\/wp-content\/uploads\/2022\/04\/20220309_095006-2048x839.jpg 2048w, https:\/\/ifamnews.com\/wp-content\/uploads\/2022\/04\/20220309_095006-750x307.jpg 750w, https:\/\/ifamnews.com\/wp-content\/uploads\/2022\/04\/20220309_095006-1140x467.jpg 1140w\" sizes=\"(max-width: 1024px) 100vw, 1024px\" \/><\/figure><\/li><li class=\"blocks-gallery-item\"><figure><img decoding=\"async\" width=\"1024\" height=\"419\" src=\"https:\/\/ifamnews.com\/wp-content\/uploads\/2022\/04\/20220309_094146-1024x419.jpg\" alt=\"\" data-id=\"134544\" data-full-url=\"https:\/\/ifamnews.com\/wp-content\/uploads\/2022\/04\/20220309_094146-scaled.jpg\" data-link=\"https:\/\/ifamnews.com\/it\/20220309_094146\" class=\"wp-image-134544\" srcset=\"https:\/\/ifamnews.com\/wp-content\/uploads\/2022\/04\/20220309_094146-1024x419.jpg 1024w, https:\/\/ifamnews.com\/wp-content\/uploads\/2022\/04\/20220309_094146-768x314.jpg 768w, https:\/\/ifamnews.com\/wp-content\/uploads\/2022\/04\/20220309_094146-1536x629.jpg 1536w, https:\/\/ifamnews.com\/wp-content\/uploads\/2022\/04\/20220309_094146-2048x839.jpg 2048w, https:\/\/ifamnews.com\/wp-content\/uploads\/2022\/04\/20220309_094146-750x307.jpg 750w, https:\/\/ifamnews.com\/wp-content\/uploads\/2022\/04\/20220309_094146-1140x467.jpg 1140w\" sizes=\"(max-width: 1024px) 100vw, 1024px\" \/><\/figure><\/li><\/ul><\/figure>\n\n\n\n<p>\u00c8 cos\u00ec che si fa. E Brian, Rob e il sottoscritto non riusciranno facilmente a togliersi dagli occhi e dal cuore i mille momenti vissuti nell\u2019emozione della vita che si fa politica e della politica che si fa vita, nella stretta di mano con chi immerge le mani anche nel guano per salvare vite, nello scambio di esperienze, nella voglia di lavorare assieme, nell\u2019appuntamento dato non sappiamo ancora n\u00e9 dove n\u00e9 quando ma certamente assieme per la vita, nel \u201csondaggio dei poveri\u201d che abbiamo condotto ogni qualvolta se ne presentasse l\u2019occasione, con l\u2019autista di Uber e con il vivandiere di <em>street food<\/em> all\u2019angolo fra la piazza del Palazzo della cultura e una delle vie pi\u00f9 malfamate della citt\u00e0, dove case e <em>hotel<\/em> sono protetti dal filo spinato, con la taverniera che versa la birra nazionale <em>Gallo<\/em> e il cameriere che sconsiglia il vino locale servendo per\u00f2 una <em>parillada<\/em> indimenticabile di filetto e gamberoni giganti, con la ricamatrice di stoffe tradizionali lungo le strade della capitale di un tempo, Antigua, e con le dame in costume della bella coreografia allestita per i <em>pro-lifer<\/em> al Teatro nazionale.<\/p>\n\n\n\n<div class=\"wp-block-columns is-layout-flex wp-container-core-columns-is-layout-9d6595d7 wp-block-columns-is-layout-flex\">\n<div class=\"wp-block-column is-layout-flow wp-block-column-is-layout-flow\" style=\"flex-basis:100%\">\n<figure class=\"wp-block-gallery columns-3 is-cropped wp-block-gallery-2 is-layout-flex wp-block-gallery-is-layout-flex\"><ul class=\"blocks-gallery-grid\"><li class=\"blocks-gallery-item\"><figure><img decoding=\"async\" width=\"1024\" height=\"419\" src=\"https:\/\/ifamnews.com\/wp-content\/uploads\/2022\/04\/20220310_191023-1024x419.jpg\" alt=\"\" data-id=\"134688\" data-full-url=\"https:\/\/ifamnews.com\/wp-content\/uploads\/2022\/04\/20220310_191023-scaled.jpg\" data-link=\"https:\/\/ifamnews.com\/it\/20220310_191023\" class=\"wp-image-134688\" srcset=\"https:\/\/ifamnews.com\/wp-content\/uploads\/2022\/04\/20220310_191023-1024x419.jpg 1024w, https:\/\/ifamnews.com\/wp-content\/uploads\/2022\/04\/20220310_191023-768x314.jpg 768w, https:\/\/ifamnews.com\/wp-content\/uploads\/2022\/04\/20220310_191023-1536x629.jpg 1536w, https:\/\/ifamnews.com\/wp-content\/uploads\/2022\/04\/20220310_191023-2048x839.jpg 2048w, https:\/\/ifamnews.com\/wp-content\/uploads\/2022\/04\/20220310_191023-750x307.jpg 750w, https:\/\/ifamnews.com\/wp-content\/uploads\/2022\/04\/20220310_191023-1140x467.jpg 1140w\" sizes=\"(max-width: 1024px) 100vw, 1024px\" \/><\/figure><\/li><li class=\"blocks-gallery-item\"><figure><img decoding=\"async\" width=\"1024\" height=\"419\" src=\"https:\/\/ifamnews.com\/wp-content\/uploads\/2022\/04\/20220310_192104-1024x419.jpg\" alt=\"\" data-id=\"134697\" data-full-url=\"https:\/\/ifamnews.com\/wp-content\/uploads\/2022\/04\/20220310_192104-scaled.jpg\" data-link=\"https:\/\/ifamnews.com\/it\/20220310_192104\" class=\"wp-image-134697\" srcset=\"https:\/\/ifamnews.com\/wp-content\/uploads\/2022\/04\/20220310_192104-1024x419.jpg 1024w, https:\/\/ifamnews.com\/wp-content\/uploads\/2022\/04\/20220310_192104-768x314.jpg 768w, https:\/\/ifamnews.com\/wp-content\/uploads\/2022\/04\/20220310_192104-1536x629.jpg 1536w, https:\/\/ifamnews.com\/wp-content\/uploads\/2022\/04\/20220310_192104-2048x839.jpg 2048w, https:\/\/ifamnews.com\/wp-content\/uploads\/2022\/04\/20220310_192104-750x307.jpg 750w, https:\/\/ifamnews.com\/wp-content\/uploads\/2022\/04\/20220310_192104-1140x467.jpg 1140w\" sizes=\"(max-width: 1024px) 100vw, 1024px\" \/><\/figure><\/li><li class=\"blocks-gallery-item\"><figure><img decoding=\"async\" width=\"419\" height=\"1024\" src=\"https:\/\/ifamnews.com\/wp-content\/uploads\/2022\/04\/20220310_192200-419x1024.jpg\" alt=\"\" data-id=\"134706\" data-full-url=\"https:\/\/ifamnews.com\/wp-content\/uploads\/2022\/04\/20220310_192200-scaled.jpg\" data-link=\"https:\/\/ifamnews.com\/it\/20220310_192200\" class=\"wp-image-134706\" srcset=\"https:\/\/ifamnews.com\/wp-content\/uploads\/2022\/04\/20220310_192200-419x1024.jpg 419w, https:\/\/ifamnews.com\/wp-content\/uploads\/2022\/04\/20220310_192200-768x1875.jpg 768w, https:\/\/ifamnews.com\/wp-content\/uploads\/2022\/04\/20220310_192200-629x1536.jpg 629w, https:\/\/ifamnews.com\/wp-content\/uploads\/2022\/04\/20220310_192200-839x2048.jpg 839w, https:\/\/ifamnews.com\/wp-content\/uploads\/2022\/04\/20220310_192200-750x1832.jpg 750w, https:\/\/ifamnews.com\/wp-content\/uploads\/2022\/04\/20220310_192200-1140x2784.jpg 1140w, https:\/\/ifamnews.com\/wp-content\/uploads\/2022\/04\/20220310_192200-scaled.jpg 1048w\" sizes=\"(max-width: 419px) 100vw, 419px\" \/><\/figure><\/li><li class=\"blocks-gallery-item\"><figure><img decoding=\"async\" width=\"1024\" height=\"419\" src=\"https:\/\/ifamnews.com\/wp-content\/uploads\/2022\/04\/20220310_190940-1024x419.jpg\" alt=\"\" data-id=\"134679\" data-full-url=\"https:\/\/ifamnews.com\/wp-content\/uploads\/2022\/04\/20220310_190940-scaled.jpg\" data-link=\"https:\/\/ifamnews.com\/it\/20220310_190940\" class=\"wp-image-134679\" srcset=\"https:\/\/ifamnews.com\/wp-content\/uploads\/2022\/04\/20220310_190940-1024x419.jpg 1024w, https:\/\/ifamnews.com\/wp-content\/uploads\/2022\/04\/20220310_190940-768x314.jpg 768w, https:\/\/ifamnews.com\/wp-content\/uploads\/2022\/04\/20220310_190940-1536x629.jpg 1536w, https:\/\/ifamnews.com\/wp-content\/uploads\/2022\/04\/20220310_190940-2048x839.jpg 2048w, https:\/\/ifamnews.com\/wp-content\/uploads\/2022\/04\/20220310_190940-750x307.jpg 750w, https:\/\/ifamnews.com\/wp-content\/uploads\/2022\/04\/20220310_190940-1140x467.jpg 1140w\" sizes=\"(max-width: 1024px) 100vw, 1024px\" \/><\/figure><\/li><li class=\"blocks-gallery-item\"><figure><img decoding=\"async\" width=\"419\" height=\"1024\" src=\"https:\/\/ifamnews.com\/wp-content\/uploads\/2022\/04\/20220310_190846-419x1024.jpg\" alt=\"\" data-id=\"134670\" data-full-url=\"https:\/\/ifamnews.com\/wp-content\/uploads\/2022\/04\/20220310_190846-scaled.jpg\" data-link=\"https:\/\/ifamnews.com\/it\/20220310_190846\" class=\"wp-image-134670\" srcset=\"https:\/\/ifamnews.com\/wp-content\/uploads\/2022\/04\/20220310_190846-419x1024.jpg 419w, https:\/\/ifamnews.com\/wp-content\/uploads\/2022\/04\/20220310_190846-768x1875.jpg 768w, https:\/\/ifamnews.com\/wp-content\/uploads\/2022\/04\/20220310_190846-629x1536.jpg 629w, https:\/\/ifamnews.com\/wp-content\/uploads\/2022\/04\/20220310_190846-839x2048.jpg 839w, https:\/\/ifamnews.com\/wp-content\/uploads\/2022\/04\/20220310_190846-750x1832.jpg 750w, https:\/\/ifamnews.com\/wp-content\/uploads\/2022\/04\/20220310_190846-1140x2784.jpg 1140w, https:\/\/ifamnews.com\/wp-content\/uploads\/2022\/04\/20220310_190846-scaled.jpg 1048w\" sizes=\"(max-width: 419px) 100vw, 419px\" \/><\/figure><\/li><\/ul><figcaption class=\"blocks-gallery-caption\">Le proteste di chi considera l&#8217;aborto un &#8220;diritto&#8221;<\/figcaption><\/figure>\n<\/div>\n<\/div>\n\n\n\n<p><\/p>\n\n\n\n<p>Il Congreso iberamericano por la Vida y la Familia \u00e8 stata una esperienza grande e un modello certo. Vogliamo imparare, imitare, fare anche noi. Lo faremo, sicuro. Assieme gli amici iberoamericani e assieme agli amici che in tutto il mondo difendono con coraggio, determinazione ma soprattutto gioia la vita e la famiglia. E ancora e sempre affascinanti da quella cosa non comune che \u00e8 una politica inginocchiata al bene pi\u00f9 piccolo e grande di tutta l\u2019avventura umana: un bimbo di meno di nove mesi, tutt\u2019uno con la sua mamma.<\/p>\n\n\n\n<p><em>Ola Guatemala, gracias: \u00a1hasta luego! y \u00a1hasta la victoria siempre!<\/em><\/p>\n\n\n\n<figure class=\"wp-block-gallery columns-3 is-cropped wp-block-gallery-3 is-layout-flex wp-block-gallery-is-layout-flex\"><ul class=\"blocks-gallery-grid\"><li class=\"blocks-gallery-item\"><figure><img decoding=\"async\" width=\"419\" height=\"1024\" src=\"https:\/\/ifamnews.com\/wp-content\/uploads\/2022\/04\/20220310_095435-419x1024.jpg\" alt=\"\" data-id=\"134643\" data-full-url=\"https:\/\/ifamnews.com\/wp-content\/uploads\/2022\/04\/20220310_095435-scaled.jpg\" data-link=\"https:\/\/ifamnews.com\/it\/20220310_095435\" class=\"wp-image-134643\" srcset=\"https:\/\/ifamnews.com\/wp-content\/uploads\/2022\/04\/20220310_095435-419x1024.jpg 419w, https:\/\/ifamnews.com\/wp-content\/uploads\/2022\/04\/20220310_095435-768x1875.jpg 768w, https:\/\/ifamnews.com\/wp-content\/uploads\/2022\/04\/20220310_095435-629x1536.jpg 629w, https:\/\/ifamnews.com\/wp-content\/uploads\/2022\/04\/20220310_095435-839x2048.jpg 839w, https:\/\/ifamnews.com\/wp-content\/uploads\/2022\/04\/20220310_095435-750x1832.jpg 750w, https:\/\/ifamnews.com\/wp-content\/uploads\/2022\/04\/20220310_095435-1140x2784.jpg 1140w, https:\/\/ifamnews.com\/wp-content\/uploads\/2022\/04\/20220310_095435-scaled.jpg 1048w\" sizes=\"(max-width: 419px) 100vw, 419px\" \/><\/figure><\/li><li class=\"blocks-gallery-item\"><figure><img decoding=\"async\" width=\"419\" height=\"1024\" src=\"https:\/\/ifamnews.com\/wp-content\/uploads\/2022\/04\/20220309_221524-419x1024.jpg\" alt=\"\" data-id=\"134634\" data-full-url=\"https:\/\/ifamnews.com\/wp-content\/uploads\/2022\/04\/20220309_221524-scaled.jpg\" data-link=\"https:\/\/ifamnews.com\/it\/20220309_221524\" class=\"wp-image-134634\" srcset=\"https:\/\/ifamnews.com\/wp-content\/uploads\/2022\/04\/20220309_221524-419x1024.jpg 419w, https:\/\/ifamnews.com\/wp-content\/uploads\/2022\/04\/20220309_221524-768x1875.jpg 768w, https:\/\/ifamnews.com\/wp-content\/uploads\/2022\/04\/20220309_221524-629x1536.jpg 629w, https:\/\/ifamnews.com\/wp-content\/uploads\/2022\/04\/20220309_221524-839x2048.jpg 839w, https:\/\/ifamnews.com\/wp-content\/uploads\/2022\/04\/20220309_221524-750x1832.jpg 750w, https:\/\/ifamnews.com\/wp-content\/uploads\/2022\/04\/20220309_221524-1140x2784.jpg 1140w, https:\/\/ifamnews.com\/wp-content\/uploads\/2022\/04\/20220309_221524-scaled.jpg 1048w\" sizes=\"(max-width: 419px) 100vw, 419px\" \/><\/figure><\/li><li class=\"blocks-gallery-item\"><figure><img decoding=\"async\" width=\"419\" height=\"1024\" src=\"https:\/\/ifamnews.com\/wp-content\/uploads\/2022\/04\/20220309_125804-419x1024.jpg\" alt=\"\" data-id=\"134607\" data-full-url=\"https:\/\/ifamnews.com\/wp-content\/uploads\/2022\/04\/20220309_125804-scaled.jpg\" data-link=\"https:\/\/ifamnews.com\/it\/20220309_125804\" class=\"wp-image-134607\" srcset=\"https:\/\/ifamnews.com\/wp-content\/uploads\/2022\/04\/20220309_125804-419x1024.jpg 419w, https:\/\/ifamnews.com\/wp-content\/uploads\/2022\/04\/20220309_125804-768x1875.jpg 768w, https:\/\/ifamnews.com\/wp-content\/uploads\/2022\/04\/20220309_125804-629x1536.jpg 629w, https:\/\/ifamnews.com\/wp-content\/uploads\/2022\/04\/20220309_125804-839x2048.jpg 839w, https:\/\/ifamnews.com\/wp-content\/uploads\/2022\/04\/20220309_125804-750x1832.jpg 750w, https:\/\/ifamnews.com\/wp-content\/uploads\/2022\/04\/20220309_125804-1140x2784.jpg 1140w, https:\/\/ifamnews.com\/wp-content\/uploads\/2022\/04\/20220309_125804-scaled.jpg 1048w\" sizes=\"(max-width: 419px) 100vw, 419px\" \/><\/figure><\/li><li class=\"blocks-gallery-item\"><figure><img decoding=\"async\" width=\"1024\" height=\"576\" src=\"https:\/\/ifamnews.com\/wp-content\/uploads\/2022\/04\/20220311_163806-1024x576.jpg\" alt=\"\" data-id=\"134780\" data-full-url=\"https:\/\/ifamnews.com\/wp-content\/uploads\/2022\/04\/20220311_163806.jpg\" data-link=\"https:\/\/ifamnews.com\/it\/20220311_163806\" class=\"wp-image-134780\" srcset=\"https:\/\/ifamnews.com\/wp-content\/uploads\/2022\/04\/20220311_163806-1024x576.jpg 1024w, https:\/\/ifamnews.com\/wp-content\/uploads\/2022\/04\/20220311_163806-768x432.jpg 768w, https:\/\/ifamnews.com\/wp-content\/uploads\/2022\/04\/20220311_163806-750x422.jpg 750w, https:\/\/ifamnews.com\/wp-content\/uploads\/2022\/04\/20220311_163806-1140x641.jpg 1140w, https:\/\/ifamnews.com\/wp-content\/uploads\/2022\/04\/20220311_163806.jpg 1200w\" sizes=\"(max-width: 1024px) 100vw, 1024px\" \/><\/figure><\/li><li class=\"blocks-gallery-item\"><figure><img decoding=\"async\" width=\"1024\" height=\"576\" src=\"https:\/\/ifamnews.com\/wp-content\/uploads\/2022\/04\/20220310_184429-1024x576.jpg\" alt=\"\" data-id=\"134762\" data-full-url=\"https:\/\/ifamnews.com\/wp-content\/uploads\/2022\/04\/20220310_184429.jpg\" data-link=\"https:\/\/ifamnews.com\/it\/20220310_184429\" class=\"wp-image-134762\" srcset=\"https:\/\/ifamnews.com\/wp-content\/uploads\/2022\/04\/20220310_184429-1024x576.jpg 1024w, https:\/\/ifamnews.com\/wp-content\/uploads\/2022\/04\/20220310_184429-768x432.jpg 768w, https:\/\/ifamnews.com\/wp-content\/uploads\/2022\/04\/20220310_184429-750x422.jpg 750w, https:\/\/ifamnews.com\/wp-content\/uploads\/2022\/04\/20220310_184429-1140x641.jpg 1140w, https:\/\/ifamnews.com\/wp-content\/uploads\/2022\/04\/20220310_184429.jpg 1200w\" sizes=\"(max-width: 1024px) 100vw, 1024px\" \/><\/figure><\/li><\/ul><\/figure>\n","protected":false},"excerpt":{"rendered":"<p>Il governo pro-life del presidente Giammattei, il Congreso iberoamericano por la Vida y la Familia e la \u00abparillada\u00bb di filetto e gamberoni. Tre \u00abgringo\u00bb in una missione indimenticabile<\/p>\n","protected":false},"author":7,"featured_media":134715,"comment_status":"open","ping_status":"open","sticky":false,"template":"","format":"standard","meta":{"give_campaign_id":0,"om_disable_all_campaigns":false,"_monsterinsights_skip_tracking":false,"_monsterinsights_sitenote_active":false,"_monsterinsights_sitenote_note":"","_monsterinsights_sitenote_category":0,"mc4wp_mailchimp_campaign":[],"jnews-multi-image_gallery":[],"jnews_single_post":{"subtitle":"Il governo pro-life del presidente Giammattei, il Congreso iberoamericano por la Vida y la Familia e la \u00abparillada\u00bb di filetto e gamberoni. Tre \u00abgringo\u00bb in una missione indimenticabile","format":"standard","video":"","gallery":"","source_name":"","source_url":"","via_name":"","via_url":"","override":[{"template":"1","single_blog_custom":"","parallax":"1","fullscreen":"1","layout":"right-sidebar","sidebar":"default-sidebar","second_sidebar":"default-sidebar","sticky_sidebar":"1","share_position":"top","share_float_style":"share-monocrhome","show_share_counter":"1","show_view_counter":"1","show_featured":"1","show_post_meta":"1","show_post_author":"1","show_post_author_image":"1","show_post_date":"1","post_date_format":"default","post_date_format_custom":"Y\/m\/d","show_post_category":"1","post_reading_time_wpm":"300","zoom_button_out_step":"2","zoom_button_in_step":"3","show_post_tag":"1","show_prev_next_post":"1","show_popup_post":"1","number_popup_post":"1"}],"image_override":[{"single_post_thumbnail_size":"crop-500","single_post_gallery_size":"crop-500"}],"trending_post_position":"meta","trending_post_label":"Trending","sponsored_post_label":"Sponsored by","sponsored_post_name":"","sponsored_post_url":"","sponsored_post_logo":"","sponsored_post_desc":""},"jnews_primary_category":{"id":"780"},"jnews_social_meta":{"fb_title":"","fb_description":"","fb_image":"","twitter_title":"","twitter_description":"","twitter_image":""},"jnews_override_counter":{"view_counter_number":"0","share_counter_number":"0","like_counter_number":"0","dislike_counter_number":"0"},"footnotes":""},"categories":[8488,764,778,951],"tags":[806,6468,2102],"class_list":["post-134540","post","type-post","status-publish","format-standard","has-post-thumbnail","hentry","category-breaking-news","category-cultura","category-editoriali","category-foreground-it","tag-famiglia","tag-guatemala","tag-vita"],"yoast_head":"<!-- This site is optimized with the Yoast SEO Premium plugin v25.9 (Yoast SEO v27.3) - https:\/\/yoast.com\/product\/yoast-seo-premium-wordpress\/ -->\n<title>Guatemala, la normalit\u00e0 eroica di un grande modello - IFN\u00abiFamNews\u00bbIFN<\/title>\n<meta name=\"description\" content=\"Il presidente pro-life Giammattei, il Congreso por la Vida y la Familia e la \u00abparillada\u00bb di filetto. Tre \u00abgringo\u00bb e una missione indimenticabile\" \/>\n<meta name=\"robots\" content=\"index, follow, max-snippet:-1, max-image-preview:large, max-video-preview:-1\" \/>\n<link rel=\"canonical\" href=\"https:\/\/ifamnews.com\/it\/guatemala-la-normalit-eroica-di-un-grande-modello\" \/>\n<meta property=\"og:locale\" content=\"it_IT\" \/>\n<meta property=\"og:type\" content=\"article\" \/>\n<meta property=\"og:title\" content=\"Guatemala, la normalit\u00e0 eroica di un grande modello\" \/>\n<meta property=\"og:description\" content=\"Il presidente pro-life Giammattei, il Congreso por la Vida y la Familia e la \u00abparillada\u00bb di filetto. Tre \u00abgringo\u00bb e una missione indimenticabile\" \/>\n<meta property=\"og:url\" content=\"https:\/\/ifamnews.com\/it\/guatemala-la-normalit-eroica-di-un-grande-modello\" \/>\n<meta property=\"og:site_name\" content=\"IFN\" \/>\n<meta property=\"article:publisher\" content=\"https:\/\/www.facebook.com\/iFamNews\" \/>\n<meta property=\"article:author\" content=\"https:\/\/facebook.com\/MarcoRespinti\" \/>\n<meta property=\"article:published_time\" content=\"2022-04-04T04:00:00+00:00\" \/>\n<meta property=\"article:modified_time\" content=\"2022-04-04T05:31:09+00:00\" \/>\n<meta property=\"og:image\" content=\"https:\/\/ifamnews.com\/wp-content\/uploads\/2022\/04\/featured.jpg\" \/>\n\t<meta property=\"og:image:width\" content=\"1200\" \/>\n\t<meta property=\"og:image:height\" content=\"675\" \/>\n\t<meta property=\"og:image:type\" content=\"image\/jpeg\" \/>\n<meta name=\"author\" content=\"Marco Respinti\" \/>\n<meta name=\"twitter:card\" content=\"summary_large_image\" \/>\n<meta name=\"twitter:creator\" content=\"@https:\/\/twitter.com\/MarcoRespinti\" \/>\n<meta name=\"twitter:site\" content=\"@iFamNewsEN\" \/>\n<meta name=\"twitter:label1\" content=\"Scritto da\" \/>\n\t<meta name=\"twitter:data1\" content=\"Marco Respinti\" \/>\n\t<meta name=\"twitter:label2\" content=\"Tempo di lettura stimato\" \/>\n\t<meta name=\"twitter:data2\" content=\"10 minuti\" \/>\n<!-- \/ Yoast SEO Premium plugin. -->","yoast_head_json":{"title":"Guatemala, la normalit\u00e0 eroica di un grande modello - IFN\u00abiFamNews\u00bbIFN","description":"Il presidente pro-life Giammattei, il Congreso por la Vida y la Familia e la \u00abparillada\u00bb di filetto. Tre \u00abgringo\u00bb e una missione indimenticabile","robots":{"index":"index","follow":"follow","max-snippet":"max-snippet:-1","max-image-preview":"max-image-preview:large","max-video-preview":"max-video-preview:-1"},"canonical":"https:\/\/ifamnews.com\/it\/guatemala-la-normalit-eroica-di-un-grande-modello","og_locale":"it_IT","og_type":"article","og_title":"Guatemala, la normalit\u00e0 eroica di un grande modello","og_description":"Il presidente pro-life Giammattei, il Congreso por la Vida y la Familia e la \u00abparillada\u00bb di filetto. Tre \u00abgringo\u00bb e una missione indimenticabile","og_url":"https:\/\/ifamnews.com\/it\/guatemala-la-normalit-eroica-di-un-grande-modello","og_site_name":"IFN","article_publisher":"https:\/\/www.facebook.com\/iFamNews","article_author":"https:\/\/facebook.com\/MarcoRespinti","article_published_time":"2022-04-04T04:00:00+00:00","article_modified_time":"2022-04-04T05:31:09+00:00","og_image":[{"width":1200,"height":675,"url":"https:\/\/ifamnews.com\/wp-content\/uploads\/2022\/04\/featured.jpg","type":"image\/jpeg"}],"author":"Marco Respinti","twitter_card":"summary_large_image","twitter_creator":"@https:\/\/twitter.com\/MarcoRespinti","twitter_site":"@iFamNewsEN","twitter_misc":{"Scritto da":"Marco Respinti","Tempo di lettura stimato":"10 minuti"},"schema":{"@context":"https:\/\/schema.org","@graph":[{"@type":"NewsArticle","@id":"https:\/\/ifamnews.com\/it\/guatemala-la-normalit-eroica-di-un-grande-modello#article","isPartOf":{"@id":"https:\/\/ifamnews.com\/it\/guatemala-la-normalit-eroica-di-un-grande-modello"},"author":{"name":"Marco Respinti","@id":"https:\/\/ifamnews.com\/en\/#\/schema\/person\/f0579ab02623e80d44006c1a5d949ea9"},"headline":"Guatemala, la normalit\u00e0 eroica di un grande modello","datePublished":"2022-04-04T04:00:00+00:00","dateModified":"2022-04-04T05:31:09+00:00","mainEntityOfPage":{"@id":"https:\/\/ifamnews.com\/it\/guatemala-la-normalit-eroica-di-un-grande-modello"},"wordCount":1217,"commentCount":0,"publisher":{"@id":"https:\/\/ifamnews.com\/en\/#organization"},"image":{"@id":"https:\/\/ifamnews.com\/it\/guatemala-la-normalit-eroica-di-un-grande-modello#primaryimage"},"thumbnailUrl":"https:\/\/ifamnews.com\/wp-content\/uploads\/2022\/04\/featured.jpg","keywords":["Famiglia","Guatemala","Vita"],"articleSection":["Breaking News","Cultura","Editoriali","In evidenza"],"inLanguage":"it-IT","potentialAction":[{"@type":"CommentAction","name":"Comment","target":["https:\/\/ifamnews.com\/it\/guatemala-la-normalit-eroica-di-un-grande-modello#respond"]}]},{"@type":"WebPage","@id":"https:\/\/ifamnews.com\/it\/guatemala-la-normalit-eroica-di-un-grande-modello","url":"https:\/\/ifamnews.com\/it\/guatemala-la-normalit-eroica-di-un-grande-modello","name":"Guatemala, la normalit\u00e0 eroica di un grande modello - IFN\u00abiFamNews\u00bbIFN","isPartOf":{"@id":"https:\/\/ifamnews.com\/en\/#website"},"primaryImageOfPage":{"@id":"https:\/\/ifamnews.com\/it\/guatemala-la-normalit-eroica-di-un-grande-modello#primaryimage"},"image":{"@id":"https:\/\/ifamnews.com\/it\/guatemala-la-normalit-eroica-di-un-grande-modello#primaryimage"},"thumbnailUrl":"https:\/\/ifamnews.com\/wp-content\/uploads\/2022\/04\/featured.jpg","datePublished":"2022-04-04T04:00:00+00:00","dateModified":"2022-04-04T05:31:09+00:00","description":"Il presidente pro-life Giammattei, il Congreso por la Vida y la Familia e la \u00abparillada\u00bb di filetto. Tre \u00abgringo\u00bb e una missione indimenticabile","breadcrumb":{"@id":"https:\/\/ifamnews.com\/it\/guatemala-la-normalit-eroica-di-un-grande-modello#breadcrumb"},"inLanguage":"it-IT","potentialAction":[{"@type":"ReadAction","target":["https:\/\/ifamnews.com\/it\/guatemala-la-normalit-eroica-di-un-grande-modello"]}]},{"@type":"ImageObject","inLanguage":"it-IT","@id":"https:\/\/ifamnews.com\/it\/guatemala-la-normalit-eroica-di-un-grande-modello#primaryimage","url":"https:\/\/ifamnews.com\/wp-content\/uploads\/2022\/04\/featured.jpg","contentUrl":"https:\/\/ifamnews.com\/wp-content\/uploads\/2022\/04\/featured.jpg","width":1200,"height":675},{"@type":"BreadcrumbList","@id":"https:\/\/ifamnews.com\/it\/guatemala-la-normalit-eroica-di-un-grande-modello#breadcrumb","itemListElement":[{"@type":"ListItem","position":1,"name":"Home","item":"https:\/\/ifamnews.com\/de"},{"@type":"ListItem","position":2,"name":"Cultura","item":"https:\/\/ifamnews.com\/it\/categoria\/cultura"},{"@type":"ListItem","position":3,"name":"Guatemala, la normalit\u00e0 eroica di un grande modello"}]},{"@type":"WebSite","@id":"https:\/\/ifamnews.com\/en\/#website","url":"https:\/\/ifamnews.com\/en\/","name":"IFN","description":"International Family News Network","publisher":{"@id":"https:\/\/ifamnews.com\/en\/#organization"},"potentialAction":[{"@type":"SearchAction","target":{"@type":"EntryPoint","urlTemplate":"https:\/\/ifamnews.com\/en\/?s={search_term_string}"},"query-input":{"@type":"PropertyValueSpecification","valueRequired":true,"valueName":"search_term_string"}}],"inLanguage":"it-IT"},{"@type":"Organization","@id":"https:\/\/ifamnews.com\/en\/#organization","name":"iFamNews","url":"https:\/\/ifamnews.com\/en\/","logo":{"@type":"ImageObject","inLanguage":"it-IT","@id":"https:\/\/ifamnews.com\/en\/#\/schema\/logo\/image\/","url":"https:\/\/ifamnews.com\/wp-content\/uploads\/2020\/01\/Share-logo.png","contentUrl":"https:\/\/ifamnews.com\/wp-content\/uploads\/2020\/01\/Share-logo.png","width":200,"height":200,"caption":"iFamNews"},"image":{"@id":"https:\/\/ifamnews.com\/en\/#\/schema\/logo\/image\/"},"sameAs":["https:\/\/www.facebook.com\/iFamNews","https:\/\/x.com\/iFamNewsEN"]},{"@type":"Person","@id":"https:\/\/ifamnews.com\/en\/#\/schema\/person\/f0579ab02623e80d44006c1a5d949ea9","name":"Marco Respinti","image":{"@type":"ImageObject","inLanguage":"it-IT","@id":"https:\/\/secure.gravatar.com\/avatar\/4ab04a5127131015e13010f222e38621144dc33a5df5d977b35ceeab15ee958f?s=96&d=mm&r=g","url":"https:\/\/secure.gravatar.com\/avatar\/4ab04a5127131015e13010f222e38621144dc33a5df5d977b35ceeab15ee958f?s=96&d=mm&r=g","contentUrl":"https:\/\/secure.gravatar.com\/avatar\/4ab04a5127131015e13010f222e38621144dc33a5df5d977b35ceeab15ee958f?s=96&d=mm&r=g","caption":"Marco Respinti"},"description":"Marco Respinti was the Editor-in-Chief of International Family News until the end of 2022. He is an Italian professional journalist, member of the International Federation of Journalists (IFJ), essayist, translator, and lecturer. He has contributed and contributes to several journals and magazines both in print and online, both in Italy and abroad. Author of books, he has translated and\/or edited works by, among others, Edmund Burke, Charles Dickens, T.S. Eliot, Russell Kirk, J.R.R. Tolkien, R\u00e9gine Pernoud and Gustave Thibon. A Senior fellow at the\u00a0Russell Kirk Center for Cultural Renewal (Mecosta, Michigan) he is also a founding member as well as Board member of the Center for European Renewal (The Hague, The Netherlands). A member of the Editorial Board of The European Conservative magazine, as well as a member of the Advisory Council of the European Federation for Freedom of Belief, he serves as Director-in-Charge of the academic publication The Journal of CESNUR and the online Bitter Winter: A Magazine on Religious Liberty and Human Rights.","sameAs":["https:\/\/facebook.com\/MarcoRespinti","https:\/\/it.linkedin.com\/in\/marcorespinti","https:\/\/pinterest.it\/MarcoRespinti\/_created\/","https:\/\/x.com\/https:\/\/twitter.com\/MarcoRespinti","https:\/\/youtube.com\/channel\/UC1FbsvyQNTQ-snpsmRC12Og?view_as=subscriber"],"url":"https:\/\/ifamnews.com\/it\/author\/mrespinti"}]}},"amp_enabled":true,"_links":{"self":[{"href":"https:\/\/ifamnews.com\/it\/wp-json\/wp\/v2\/posts\/134540","targetHints":{"allow":["GET"]}}],"collection":[{"href":"https:\/\/ifamnews.com\/it\/wp-json\/wp\/v2\/posts"}],"about":[{"href":"https:\/\/ifamnews.com\/it\/wp-json\/wp\/v2\/types\/post"}],"author":[{"embeddable":true,"href":"https:\/\/ifamnews.com\/it\/wp-json\/wp\/v2\/users\/7"}],"replies":[{"embeddable":true,"href":"https:\/\/ifamnews.com\/it\/wp-json\/wp\/v2\/comments?post=134540"}],"version-history":[{"count":5,"href":"https:\/\/ifamnews.com\/it\/wp-json\/wp\/v2\/posts\/134540\/revisions"}],"predecessor-version":[{"id":135070,"href":"https:\/\/ifamnews.com\/it\/wp-json\/wp\/v2\/posts\/134540\/revisions\/135070"}],"wp:featuredmedia":[{"embeddable":true,"href":"https:\/\/ifamnews.com\/it\/wp-json\/wp\/v2\/media\/134715"}],"wp:attachment":[{"href":"https:\/\/ifamnews.com\/it\/wp-json\/wp\/v2\/media?parent=134540"}],"wp:term":[{"taxonomy":"category","embeddable":true,"href":"https:\/\/ifamnews.com\/it\/wp-json\/wp\/v2\/categories?post=134540"},{"taxonomy":"post_tag","embeddable":true,"href":"https:\/\/ifamnews.com\/it\/wp-json\/wp\/v2\/tags?post=134540"}],"curies":[{"name":"wp","href":"https:\/\/api.w.org\/{rel}","templated":true}]}}