{"id":130755,"date":"2022-03-15T13:06:03","date_gmt":"2022-03-15T17:06:03","guid":{"rendered":"https:\/\/ifamnews.com\/?p=130755"},"modified":"2022-10-13T02:40:20","modified_gmt":"2022-10-13T06:40:20","slug":"in-messico-anche-sinaloa-depenalizza-ufficialmente-l-aborto","status":"publish","type":"post","link":"https:\/\/ifamnews.com\/it\/in-messico-anche-sinaloa-depenalizza-ufficialmente-l-aborto","title":{"rendered":"In Messico anche Sinaloa depenalizza ufficialmente l\u2019aborto"},"content":{"rendered":"<p class=\"last-updated\">Last updated on Ottobre 13th, 2022 at 02:40 am<\/p>\n<p>Da una settimana esatta <a href=\"https:\/\/mexiconewsdaily.com\/news\/sinaloa-congress-decriminalizes-abortion\/\" target=\"_blank\" rel=\"noreferrer noopener\">l\u2019aborto, nello Stato messicano di Sinaloa, \u00e8 stato depenalizzato<\/a> ufficialmente.<\/p>\n\n\n\n<p>Sinaola \u00e8 una fra le 32 entit\u00e0 federali distinte, territoriali e amministrative, compresa la capitale, che compongono il Messico ed \u00e8 il settimo fra queste a depenalizzare l&#8217;interruzioen volontaria della gravidanza fino a 13 settimane di vita del bimbo nel grembo materno, e lo ha fatto con 28 voti a favore, 2 contrari e 9 astenuti totalizzati nella seduta del Congresso di Stato di marted\u00ec 8 marzo. Lo ha fatto, forse ironicamente o forse iconicamente, mentre il mondo \u201ccelebrava\u201d la Giornata internazionale della donna.<\/p>\n\n\n\n<p><a href=\"https:\/\/ifamnews.com\/it\/que-viva-mexico-\" target=\"_blank\" rel=\"noreferrer noopener\">Solo un anno fa l\u2019aborto era legale solo a Citt\u00e0 del Messico e nello Stato di Oaxaca<\/a>. Si sono aggiunti nel frattempo Veracruz, Hidalgo, Baja California, Colima e ora Sinaloa, appunto, mentre nei 25 Stati rimanenti \u00e8 comunque possibile nei casi di gravidanza conseguente a uno stupro, quando vi sono dei rischi per la vita della donna, se il nascituro presenta problematiche gravi di salute e in alcuni casi di estrema povert\u00e0.<\/p>\n\n\n\n<p>La notizia della decisione presa dal Congresso di Sinaloa non giunge a ciel sereno<a href=\"https:\/\/ifamnews.com\/it\/aborto-messicano-il-muro-non-ferma-il-contagio-usa\" target=\"_blank\" rel=\"noreferrer noopener\">. In settembre, infatti, il Congresso di Stato di Sinaloa, recependo la sentenza della Corte Suprema di Giustizia della Nazione (SCJN), era intervenuto sulla <em>Costituzione<\/em> locale<\/a> depenalizzando l\u2019aborto e invalidando l&#8217;articolo 4Bis, A, che puniva l&#8217;aborto, abrogando il comma 1 grazie al quale \u00ablo Stato tutela il diritto alla vita dal momento in cui un individuo viene concepito, quando entra in vigore la tutela della legge corrispondente, fino alla sua morte, rispettando in ogni momento la dignit\u00e0 delle persone\u00bb.<\/p>\n\n\n\n<p>Ora, il medesimo comma \u00e8 stato trasformato e recita \u00abOgni persona ha diritto al rispetto della propria vita. Lo Stato tutela il diritto alla vita, rispettando in ogni momento la dignit\u00e0 delle persone\u00bb. Evidentemente, la dignit\u00e0 della persona prevede di essere rispettata uccidendola nel grembo materno.<\/p>\n\n\n\n<p><a href=\"https:\/\/www.congresosinaloa.gob.mx\/comunicados\/aprueba-congreso-reforma-constitucional-en-concordancia-con-sentencia-de-la-scjn\/\" target=\"_blank\" rel=\"noreferrer noopener\">La decisione, come sempre, \u00e8 stata motivata con il rispetto della libert\u00e0 delle donne e dei diritti umani<\/a>. \u00abQuesta sentenza significa un trionfo per la difesa dei diritti, delle libert\u00e0 e della dignit\u00e0 delle donne di Sinaloa\u00bb, ha affermato infatti il portavoce del partito che ha avviato la richiesta al Congresso, il Movimento Rigenerazione Nazionale (MORENA), \u00abnonch\u00e9 un contributo al rafforzamento delle tesi della Corte Suprema su questo tema, all&#8217;estensione del suo mantello protettivo a tutte le donne del Messico, al carattere laico della Repubblica messicana e dello Stato di Sinaloa\u00bb. Non si attendono, quindi, tempi sereni.<\/p>\n\n\n\n<pre class=\"wp-block-preformatted\">&nbsp;<\/pre>\n\n\n\n<p><\/p>\n","protected":false},"excerpt":{"rendered":"<p>A sei mesi esatti dalla sentenza della Corte Suprema Nazionale, \u00e8 il settimo stato dell\u2019Unione degli Stati Messicani<\/p>\n","protected":false},"author":14,"featured_media":130763,"comment_status":"open","ping_status":"open","sticky":false,"template":"","format":"standard","meta":{"give_campaign_id":0,"om_disable_all_campaigns":false,"_monsterinsights_skip_tracking":false,"_monsterinsights_sitenote_active":false,"_monsterinsights_sitenote_note":"","_monsterinsights_sitenote_category":0,"mc4wp_mailchimp_campaign":[],"jnews-multi-image_gallery":[],"jnews_single_post":{"subtitle":"A sei mesi esatti dalla sentenza della Corte Suprema Nazionale, \u00e8 il settimo stato dell\u2019Unione degli Stati Messicani","format":"standard","video":"","gallery":"","source_name":"","source_url":"","via_name":"","via_url":"","override":[{"template":"1","single_blog_custom":"","parallax":"1","fullscreen":"1","layout":"right-sidebar","sidebar":"default-sidebar","second_sidebar":"default-sidebar","sticky_sidebar":"1","share_position":"top","share_float_style":"share-monocrhome","show_share_counter":"1","show_view_counter":"1","show_featured":"1","show_post_meta":"1","show_post_author":"1","show_post_author_image":"1","show_post_date":"1","post_date_format":"default","post_date_format_custom":"Y\/m\/d","show_post_category":"1","post_reading_time_wpm":"300","zoom_button_out_step":"2","zoom_button_in_step":"3","show_post_tag":"1","show_prev_next_post":"1","show_popup_post":"1","number_popup_post":"1"}],"image_override":[{"single_post_thumbnail_size":"crop-500","single_post_gallery_size":"crop-500"}],"trending_post_position":"meta","trending_post_label":"Trending","sponsored_post_label":"Sponsored by","sponsored_post_name":"","sponsored_post_url":"","sponsored_post_logo":"","sponsored_post_desc":""},"jnews_primary_category":{"id":"817"},"jnews_social_meta":{"fb_title":"","fb_description":"","fb_image":"","twitter_title":"","twitter_description":"","twitter_image":""},"jnews_override_counter":{"view_counter_number":"0","share_counter_number":"0","like_counter_number":"0","dislike_counter_number":"0"},"footnotes":""},"categories":[951,817],"tags":[698,17055],"class_list":["post-130755","post","type-post","status-publish","format-standard","has-post-thumbnail","hentry","category-foreground-it","category-vita","tag-aborto","tag-messico-it"],"yoast_head":"<!-- This site is optimized with the Yoast SEO Premium plugin v25.9 (Yoast SEO v27.3) - https:\/\/yoast.com\/product\/yoast-seo-premium-wordpress\/ -->\n<title>In Messico anche Sinaloa depenalizza ufficialmente l\u2019aborto - \u00abiFamNews\u00bb<\/title>\n<meta name=\"description\" content=\"A sei mesi esatti dalla sentenza della Corte Suprema Nazionale, \u00e8 il settimo stato dell\u2019Unione degli Stati Messicani\" \/>\n<meta name=\"robots\" content=\"index, follow, max-snippet:-1, max-image-preview:large, max-video-preview:-1\" \/>\n<link rel=\"canonical\" href=\"https:\/\/ifamnews.com\/it\/in-messico-anche-sinaloa-depenalizza-ufficialmente-l-aborto\" \/>\n<meta property=\"og:locale\" content=\"it_IT\" \/>\n<meta property=\"og:type\" content=\"article\" \/>\n<meta property=\"og:title\" content=\"In Messico anche Sinaloa depenalizza ufficialmente l\u2019aborto\" \/>\n<meta property=\"og:description\" content=\"A sei mesi esatti dalla sentenza della Corte Suprema Nazionale, \u00e8 il settimo stato dell\u2019Unione degli Stati Messicani\" \/>\n<meta property=\"og:url\" content=\"https:\/\/ifamnews.com\/it\/in-messico-anche-sinaloa-depenalizza-ufficialmente-l-aborto\" \/>\n<meta property=\"og:site_name\" content=\"IFN\" \/>\n<meta property=\"article:publisher\" content=\"https:\/\/www.facebook.com\/iFamNews\" \/>\n<meta property=\"article:published_time\" content=\"2022-03-15T17:06:03+00:00\" \/>\n<meta property=\"article:modified_time\" content=\"2022-10-13T06:40:20+00:00\" \/>\n<meta property=\"og:image\" content=\"https:\/\/ifamnews.com\/wp-content\/uploads\/2022\/03\/mexico-g5e8fba3c9_1280.jpg\" \/>\n\t<meta property=\"og:image:width\" content=\"1280\" \/>\n\t<meta property=\"og:image:height\" content=\"826\" \/>\n\t<meta property=\"og:image:type\" content=\"image\/jpeg\" \/>\n<meta name=\"author\" content=\"Barbara Santambrogio\" \/>\n<meta name=\"twitter:card\" content=\"summary_large_image\" \/>\n<meta name=\"twitter:creator\" content=\"@iFamNewsEN\" \/>\n<meta name=\"twitter:site\" content=\"@iFamNewsEN\" \/>\n<meta name=\"twitter:label1\" content=\"Scritto da\" \/>\n\t<meta name=\"twitter:data1\" content=\"Barbara Santambrogio\" \/>\n\t<meta name=\"twitter:label2\" content=\"Tempo di lettura stimato\" \/>\n\t<meta name=\"twitter:data2\" content=\"2 minuti\" \/>\n<!-- \/ Yoast SEO Premium plugin. -->","yoast_head_json":{"title":"In Messico anche Sinaloa depenalizza ufficialmente l\u2019aborto - \u00abiFamNews\u00bb","description":"A sei mesi esatti dalla sentenza della Corte Suprema Nazionale, \u00e8 il settimo stato dell\u2019Unione degli Stati Messicani","robots":{"index":"index","follow":"follow","max-snippet":"max-snippet:-1","max-image-preview":"max-image-preview:large","max-video-preview":"max-video-preview:-1"},"canonical":"https:\/\/ifamnews.com\/it\/in-messico-anche-sinaloa-depenalizza-ufficialmente-l-aborto","og_locale":"it_IT","og_type":"article","og_title":"In Messico anche Sinaloa depenalizza ufficialmente l\u2019aborto","og_description":"A sei mesi esatti dalla sentenza della Corte Suprema Nazionale, \u00e8 il settimo stato dell\u2019Unione degli Stati Messicani","og_url":"https:\/\/ifamnews.com\/it\/in-messico-anche-sinaloa-depenalizza-ufficialmente-l-aborto","og_site_name":"IFN","article_publisher":"https:\/\/www.facebook.com\/iFamNews","article_published_time":"2022-03-15T17:06:03+00:00","article_modified_time":"2022-10-13T06:40:20+00:00","og_image":[{"width":1280,"height":826,"url":"https:\/\/ifamnews.com\/wp-content\/uploads\/2022\/03\/mexico-g5e8fba3c9_1280.jpg","type":"image\/jpeg"}],"author":"Barbara Santambrogio","twitter_card":"summary_large_image","twitter_creator":"@iFamNewsEN","twitter_site":"@iFamNewsEN","twitter_misc":{"Scritto da":"Barbara Santambrogio","Tempo di lettura stimato":"2 minuti"},"schema":{"@context":"https:\/\/schema.org","@graph":[{"@type":"NewsArticle","@id":"https:\/\/ifamnews.com\/it\/in-messico-anche-sinaloa-depenalizza-ufficialmente-l-aborto#article","isPartOf":{"@id":"https:\/\/ifamnews.com\/it\/in-messico-anche-sinaloa-depenalizza-ufficialmente-l-aborto"},"author":{"name":"Barbara Santambrogio","@id":"https:\/\/ifamnews.com\/en\/#\/schema\/person\/17118599da2799311b3611609a244572"},"headline":"In Messico anche Sinaloa depenalizza ufficialmente l\u2019aborto","datePublished":"2022-03-15T17:06:03+00:00","dateModified":"2022-10-13T06:40:20+00:00","mainEntityOfPage":{"@id":"https:\/\/ifamnews.com\/it\/in-messico-anche-sinaloa-depenalizza-ufficialmente-l-aborto"},"wordCount":406,"commentCount":0,"publisher":{"@id":"https:\/\/ifamnews.com\/en\/#organization"},"image":{"@id":"https:\/\/ifamnews.com\/it\/in-messico-anche-sinaloa-depenalizza-ufficialmente-l-aborto#primaryimage"},"thumbnailUrl":"https:\/\/ifamnews.com\/wp-content\/uploads\/2022\/03\/mexico-g5e8fba3c9_1280.jpg","keywords":["Aborto","Messico"],"articleSection":["In evidenza","Vita"],"inLanguage":"it-IT","potentialAction":[{"@type":"CommentAction","name":"Comment","target":["https:\/\/ifamnews.com\/it\/in-messico-anche-sinaloa-depenalizza-ufficialmente-l-aborto#respond"]}]},{"@type":"WebPage","@id":"https:\/\/ifamnews.com\/it\/in-messico-anche-sinaloa-depenalizza-ufficialmente-l-aborto","url":"https:\/\/ifamnews.com\/it\/in-messico-anche-sinaloa-depenalizza-ufficialmente-l-aborto","name":"In Messico anche Sinaloa depenalizza ufficialmente l\u2019aborto - \u00abiFamNews\u00bb","isPartOf":{"@id":"https:\/\/ifamnews.com\/en\/#website"},"primaryImageOfPage":{"@id":"https:\/\/ifamnews.com\/it\/in-messico-anche-sinaloa-depenalizza-ufficialmente-l-aborto#primaryimage"},"image":{"@id":"https:\/\/ifamnews.com\/it\/in-messico-anche-sinaloa-depenalizza-ufficialmente-l-aborto#primaryimage"},"thumbnailUrl":"https:\/\/ifamnews.com\/wp-content\/uploads\/2022\/03\/mexico-g5e8fba3c9_1280.jpg","datePublished":"2022-03-15T17:06:03+00:00","dateModified":"2022-10-13T06:40:20+00:00","description":"A sei mesi esatti dalla sentenza della Corte Suprema Nazionale, \u00e8 il settimo stato dell\u2019Unione degli Stati Messicani","breadcrumb":{"@id":"https:\/\/ifamnews.com\/it\/in-messico-anche-sinaloa-depenalizza-ufficialmente-l-aborto#breadcrumb"},"inLanguage":"it-IT","potentialAction":[{"@type":"ReadAction","target":["https:\/\/ifamnews.com\/it\/in-messico-anche-sinaloa-depenalizza-ufficialmente-l-aborto"]}]},{"@type":"ImageObject","inLanguage":"it-IT","@id":"https:\/\/ifamnews.com\/it\/in-messico-anche-sinaloa-depenalizza-ufficialmente-l-aborto#primaryimage","url":"https:\/\/ifamnews.com\/wp-content\/uploads\/2022\/03\/mexico-g5e8fba3c9_1280.jpg","contentUrl":"https:\/\/ifamnews.com\/wp-content\/uploads\/2022\/03\/mexico-g5e8fba3c9_1280.jpg","width":1280,"height":826,"caption":"Image from Pixabay"},{"@type":"BreadcrumbList","@id":"https:\/\/ifamnews.com\/it\/in-messico-anche-sinaloa-depenalizza-ufficialmente-l-aborto#breadcrumb","itemListElement":[{"@type":"ListItem","position":1,"name":"Home","item":"https:\/\/ifamnews.com\/de"},{"@type":"ListItem","position":2,"name":"Life","item":"https:\/\/ifamnews.com\/en\/category\/life"},{"@type":"ListItem","position":3,"name":"In Messico anche Sinaloa depenalizza ufficialmente l\u2019aborto"}]},{"@type":"WebSite","@id":"https:\/\/ifamnews.com\/en\/#website","url":"https:\/\/ifamnews.com\/en\/","name":"IFN","description":"International Family News Network","publisher":{"@id":"https:\/\/ifamnews.com\/en\/#organization"},"potentialAction":[{"@type":"SearchAction","target":{"@type":"EntryPoint","urlTemplate":"https:\/\/ifamnews.com\/en\/?s={search_term_string}"},"query-input":{"@type":"PropertyValueSpecification","valueRequired":true,"valueName":"search_term_string"}}],"inLanguage":"it-IT"},{"@type":"Organization","@id":"https:\/\/ifamnews.com\/en\/#organization","name":"iFamNews","url":"https:\/\/ifamnews.com\/en\/","logo":{"@type":"ImageObject","inLanguage":"it-IT","@id":"https:\/\/ifamnews.com\/en\/#\/schema\/logo\/image\/","url":"https:\/\/ifamnews.com\/wp-content\/uploads\/2020\/01\/Share-logo.png","contentUrl":"https:\/\/ifamnews.com\/wp-content\/uploads\/2020\/01\/Share-logo.png","width":200,"height":200,"caption":"iFamNews"},"image":{"@id":"https:\/\/ifamnews.com\/en\/#\/schema\/logo\/image\/"},"sameAs":["https:\/\/www.facebook.com\/iFamNews","https:\/\/x.com\/iFamNewsEN"]},{"@type":"Person","@id":"https:\/\/ifamnews.com\/en\/#\/schema\/person\/17118599da2799311b3611609a244572","name":"Barbara Santambrogio","image":{"@type":"ImageObject","inLanguage":"it-IT","@id":"https:\/\/secure.gravatar.com\/avatar\/e82fde821e1707b5acb9fe7ab0a5d6e32d42db6117e73021c2fc05cc90dad32f?s=96&d=mm&r=g","url":"https:\/\/secure.gravatar.com\/avatar\/e82fde821e1707b5acb9fe7ab0a5d6e32d42db6117e73021c2fc05cc90dad32f?s=96&d=mm&r=g","contentUrl":"https:\/\/secure.gravatar.com\/avatar\/e82fde821e1707b5acb9fe7ab0a5d6e32d42db6117e73021c2fc05cc90dad32f?s=96&d=mm&r=g","caption":"Barbara Santambrogio"},"description":"After an original and varied working path, in the field of advertising and publishing, but also in the world of wine, she finally came to deal with what she is most passionate about. Today she writes (for the web, but not only), deals with translations and teaches in elementary school. Biological and adoptive mother, she loves reading and running.","url":"https:\/\/ifamnews.com\/it\/author\/bsantambrogio"}]}},"amp_enabled":true,"_links":{"self":[{"href":"https:\/\/ifamnews.com\/it\/wp-json\/wp\/v2\/posts\/130755","targetHints":{"allow":["GET"]}}],"collection":[{"href":"https:\/\/ifamnews.com\/it\/wp-json\/wp\/v2\/posts"}],"about":[{"href":"https:\/\/ifamnews.com\/it\/wp-json\/wp\/v2\/types\/post"}],"author":[{"embeddable":true,"href":"https:\/\/ifamnews.com\/it\/wp-json\/wp\/v2\/users\/14"}],"replies":[{"embeddable":true,"href":"https:\/\/ifamnews.com\/it\/wp-json\/wp\/v2\/comments?post=130755"}],"version-history":[{"count":2,"href":"https:\/\/ifamnews.com\/it\/wp-json\/wp\/v2\/posts\/130755\/revisions"}],"predecessor-version":[{"id":131063,"href":"https:\/\/ifamnews.com\/it\/wp-json\/wp\/v2\/posts\/130755\/revisions\/131063"}],"wp:featuredmedia":[{"embeddable":true,"href":"https:\/\/ifamnews.com\/it\/wp-json\/wp\/v2\/media\/130763"}],"wp:attachment":[{"href":"https:\/\/ifamnews.com\/it\/wp-json\/wp\/v2\/media?parent=130755"}],"wp:term":[{"taxonomy":"category","embeddable":true,"href":"https:\/\/ifamnews.com\/it\/wp-json\/wp\/v2\/categories?post=130755"},{"taxonomy":"post_tag","embeddable":true,"href":"https:\/\/ifamnews.com\/it\/wp-json\/wp\/v2\/tags?post=130755"}],"curies":[{"name":"wp","href":"https:\/\/api.w.org\/{rel}","templated":true}]}}