{"id":129312,"date":"2022-03-11T00:00:00","date_gmt":"2022-03-11T05:00:00","guid":{"rendered":"https:\/\/ifamnews.com\/?p=129312"},"modified":"2022-03-10T05:27:39","modified_gmt":"2022-03-10T10:27:39","slug":"una-soluzione-alla-maternit-surrogata-c-divieto-totale","status":"publish","type":"post","link":"https:\/\/ifamnews.com\/it\/una-soluzione-alla-maternit-surrogata-c-divieto-totale","title":{"rendered":"Una soluzione alla \u00abmaternit\u00e0 surrogata\u00bb c\u2019\u00e8: divieto totale"},"content":{"rendered":"\n<p>Dublino \u2013 A fronte della pressione per il riconoscimento della cosiddetta \u00abmaternit\u00e0 surrogata\u00bb nell\u2019ordinamento giuridico del Paese, l\u2019Oireachtas, il parlamento d\u2019Irlanda, istituisce una Commissione speciale di esame. Ma l\u2019ufficio del Procuratore generale, Paul Gallagher, che fornisce consulenza giuridica al governo, ha espresso parere molto critico, sottolineando i limiti etici della \u00abmaternit\u00e0 surrogata\u00bb commerciale attraverso un documento che ammonisce contro la mercificazione dei bambini, lo sfruttamento delle donne e, qualora proibita in Irlanda ma riconosciuta quando avviene all\u2019estero, la creazione di un <em>standard<\/em> doppio.<\/p>\n\n\n\n<p>\u00abSe i contratti di surrogata commerciale vengono proibiti in Irlanda, a motivo delle preoccupazioni legate alla salute dei bimbi e delle madri\u00bb, spiega il documento, \u00abqueste preoccupazioni emergono ancor di pi\u00f9 nei confronti dei contratti stipulati al di fuori dello Stato. Riconoscere gli accordi commerciali stranieri, mentre si limita la maternit\u00e0 surrogata domestica ad accordi altruistici, e quindi offrendo pi\u00f9 protezione alle donne irlandesi che a quelle straniere, creerebbe una dictomia nel diritto irlandese difficile da giustificare\u00bb.<\/p>\n\n\n\n<p>Argomentazioni analoghe sono del resto gi\u00e0 state presentate da organizzazioni di ispirazione cristiana a difesa della famiglia, quali l\u2019<a href=\"https:\/\/ionainstitute.ie\/wp-content\/uploads\/2022\/02\/Commercial-Surrogacy_IONA-web.pdf\" target=\"_blank\" rel=\"noreferrer noopener\">Iona Institute<\/a>.<\/p>\n\n\n\n<p>La \u00abmaternit\u00e0 surrogata\u00bb commerciale implica infatti il pagamento di donne bisognose, solitamente cittadine di Paesi poveri, affinch\u00e9 concepiscano e partoriscano per conto di una coppia, o di un singolo, che ha commissionato il bimbo. Spesso almeno uno dei gameti viene fornito dai genitori, ma a volte l\u2019ovulo, o il seme, proviene da donatori, che vengono pure essi pagati o rimborsati. In Europa la surrogata commerciale \u00e8 legale solo in Ucraina, Bielorussia e Russia.<\/p>\n\n\n\n<p>Molti Paesi europei vietano del resto anche la surrogata cosiddetta \u201caltruistica\u201d poich\u00e9 fa letteralmente a pezzi la maternit\u00e0, coinvolgendo diverse donne e cos\u00ec creando possibili problemi di identit\u00e0 per il bimbo.<\/p>\n\n\n\n<p>Ora, la proposta di legge che dovrebbe regolare la materia in Irlanda permetterebbe solo la surrogata \u201caltruistica\u201d mentre proibirebbe i contratti commerciali. Ma, per aggirare l\u2019ostacolo, alcuni committenti si recano da tempo all\u2019estero e oggi reclamano il pieno riconoscimento di queste nascite.<\/p>\n\n\n\n<p>Secondo la legge, la donna che partorisce \u00e8 la madre del bimbo che nasce. Quando ci si affida a un soggetto terzo, per\u00f2, la donna in una coppia commissionante non risulta essere la madre legale del bambino. E nel caso i commissionanti fossero due uomini, quello non legato geneticamente al bambino non viene considerato padre dal punto di vista legale. In assenza per\u00f2 di una legislazione precisa in Irlanda i giudici decidono di volta in volta sui casi singoli.<\/p>\n\n\n\n<p>Nel 2021, un <a href=\"https:\/\/www.gov.ie\/en\/publication\/3e601-a-review-of-childrens-rights-and-best-interests-in-the-context-of-donorassisted-human-reproa-review-of-childrens-rights-and-best-interests-in-the-context-of-donor-assisted-human-reproduction-and-surrogacy-in-irish-law-duction-and-surrogacy-in-irish-law\/\" target=\"_blank\" rel=\"noreferrer noopener\">rapporto del governo sulla protezione del bambino<\/a>, affrontando le diverse forme di \u00abriproduzione assistita\u00bb, raccomandava il riconoscimento, da parte dell\u2019Irlanda, della \u00abmaternit\u00e0 surrogata\u00bb avvenuta all\u2019estero, qualora venissero soddisfatti alcuni criteri. Ma vietare alcune pratiche e poi riconoscerle legalmente solo perch\u00e9 avvenute all\u2019estero \u00e8 una contraddizione stridente.<\/p>\n\n\n\n<p>L\u2019ufficio del Procuratore generale suggerisce quindi alla Commissione parlamentare alcune soluzioni possibili.<\/p>\n\n\n\n<p>Si potrebbe mantenere lo <em>status quo<\/em> e quindi quanti desiderino diventare genitori legali di bambini nati da accordi commerciali avvenuti all\u2019estero, dovrebbero rivolgersi a un giudice che considerer\u00e0 i casi uno per uno.<\/p>\n\n\n\n<p>Una seconda opzione potrebbe essere applicare a questi accordi internazionali gli stessi criteri che valgono per quelli nazionali. Quindi, solo quanti abbiano fatto ricorso alla \u00abmaternit\u00e0 surrogata\u00bb \u201caltruistica\u201d all\u2019estero diverrebbero legalmente genitori in patria, mentre accordi di altro tipo non sarebbero riconosciuti.<\/p>\n\n\n\n<p>Una terza opzione consisterebbe nel consentire la \u00abmaternit\u00e0 surrogata\u00bb commerciale in Irlanda, questo farebbe dell\u2019Isola l\u2019unico caso in Europa e non solo.<\/p>\n\n\n\n<p>Infine c\u2019\u00e8 un\u2019opzione che n\u00e9 questo documento n\u00e9 il progetto di legge considerano, bench\u00e9 sia la soluzione adottata in Germania, Italia, Francia, Spagna, Austria, Norvegia, Finlandia e in molti altri Paesi europei: vietare totalmente la surrogata in qualsiasi forma. Eviterebbe i problemi che ogni procedura, commerciale o \u201caltruistica\u201d, necessariamente comporta.<\/p>\n","protected":false},"excerpt":{"rendered":"<p>L\u2019Irlanda \u00e8 schiacciata da chi vorrebbe legalizzare a ogni costo l\u2019\u00abutero in affitto\u00bb, creando dilemmi, drammi enormi e ferite nel diritto<\/p>\n","protected":false},"author":643,"featured_media":12991,"comment_status":"open","ping_status":"open","sticky":false,"template":"","format":"standard","meta":{"give_campaign_id":0,"om_disable_all_campaigns":false,"_monsterinsights_skip_tracking":false,"_monsterinsights_sitenote_active":false,"_monsterinsights_sitenote_note":"","_monsterinsights_sitenote_category":0,"mc4wp_mailchimp_campaign":[],"jnews-multi-image_gallery":[],"jnews_single_post":{"subtitle":"L\u2019Irlanda \u00e8 schiacciata da chi vorrebbe legalizzare a ogni costo l\u2019\u00abutero in affitto\u00bb, creando dilemmi, drammi enormi e ferite nel diritto","format":"standard","video":"","gallery":"","source_name":"","source_url":"","via_name":"","via_url":"","override":[{"template":"1","single_blog_custom":"","parallax":"1","fullscreen":"1","layout":"right-sidebar","sidebar":"default-sidebar","second_sidebar":"default-sidebar","sticky_sidebar":"1","share_position":"top","share_float_style":"share-monocrhome","show_share_counter":"1","show_view_counter":"1","show_featured":"1","show_post_meta":"1","show_post_author":"1","show_post_author_image":"1","show_post_date":"1","post_date_format":"default","post_date_format_custom":"Y\/m\/d","show_post_category":"1","post_reading_time_wpm":"300","zoom_button_out_step":"2","zoom_button_in_step":"3","show_post_tag":"1","show_prev_next_post":"1","show_popup_post":"1","number_popup_post":"1"}],"image_override":[{"single_post_thumbnail_size":"crop-500","single_post_gallery_size":"crop-500"}],"trending_post_position":"meta","trending_post_label":"Trending","sponsored_post_label":"Sponsored by","sponsored_post_name":"","sponsored_post_url":"","sponsored_post_logo":"","sponsored_post_desc":""},"jnews_primary_category":{"id":"781"},"jnews_social_meta":{"fb_title":"","fb_description":"","fb_image":"","twitter_title":"","twitter_description":"","twitter_image":""},"jnews_override_counter":{"view_counter_number":"0","share_counter_number":"0","like_counter_number":"0","dislike_counter_number":"0"},"footnotes":""},"categories":[781,951],"tags":[1318,712],"class_list":["post-129312","post","type-post","status-publish","format-standard","has-post-thumbnail","hentry","category-famiglia","category-foreground-it","tag-irlanda","tag-maternita-surrogata"],"yoast_head":"<!-- This site is optimized with the Yoast SEO Premium plugin v25.9 (Yoast SEO v27.3) - https:\/\/yoast.com\/product\/yoast-seo-premium-wordpress\/ -->\n<title>Una soluzione alla \u00abmaternit\u00e0 surrogata\u00bb c\u2019\u00e8: divieto totale - \u00abiFamNews\u00bb<\/title>\n<meta name=\"description\" content=\"L\u2019Irlanda \u00e8 schiacciata da chi vorrebbe legalizzare a ogni costo l\u2019\u00abutero in affitto\u00bb, creando dilemmi, drammi enormi e ferite nel diritto\" \/>\n<meta name=\"robots\" content=\"index, follow, max-snippet:-1, max-image-preview:large, max-video-preview:-1\" \/>\n<link rel=\"canonical\" href=\"https:\/\/ifamnews.com\/it\/una-soluzione-alla-maternit-surrogata-c-divieto-totale\" \/>\n<meta property=\"og:locale\" content=\"it_IT\" \/>\n<meta property=\"og:type\" content=\"article\" \/>\n<meta property=\"og:title\" content=\"Una soluzione alla \u00abmaternit\u00e0 surrogata\u00bb c\u2019\u00e8: divieto totale\" \/>\n<meta property=\"og:description\" content=\"L\u2019Irlanda \u00e8 schiacciata da chi vorrebbe legalizzare a ogni costo l\u2019\u00abutero in affitto\u00bb, creando dilemmi, drammi enormi e ferite nel diritto\" \/>\n<meta property=\"og:url\" content=\"https:\/\/ifamnews.com\/it\/una-soluzione-alla-maternit-surrogata-c-divieto-totale\" \/>\n<meta property=\"og:site_name\" content=\"IFN\" \/>\n<meta property=\"article:publisher\" content=\"https:\/\/www.facebook.com\/iFamNews\" \/>\n<meta property=\"article:published_time\" content=\"2022-03-11T05:00:00+00:00\" \/>\n<meta property=\"og:image\" content=\"https:\/\/ifamnews.com\/wp-content\/uploads\/2020\/03\/mamma.jpg\" \/>\n\t<meta property=\"og:image:width\" content=\"1200\" \/>\n\t<meta property=\"og:image:height\" content=\"675\" \/>\n\t<meta property=\"og:image:type\" content=\"image\/jpeg\" \/>\n<meta name=\"author\" content=\"Angelo Bottone\" \/>\n<meta name=\"twitter:card\" content=\"summary_large_image\" \/>\n<meta name=\"twitter:creator\" content=\"@iFamNewsEN\" \/>\n<meta name=\"twitter:site\" content=\"@iFamNewsEN\" \/>\n<meta name=\"twitter:label1\" content=\"Scritto da\" \/>\n\t<meta name=\"twitter:data1\" content=\"Angelo Bottone\" \/>\n\t<meta name=\"twitter:label2\" content=\"Tempo di lettura stimato\" \/>\n\t<meta name=\"twitter:data2\" content=\"3 minuti\" \/>\n<!-- \/ Yoast SEO Premium plugin. -->","yoast_head_json":{"title":"Una soluzione alla \u00abmaternit\u00e0 surrogata\u00bb c\u2019\u00e8: divieto totale - \u00abiFamNews\u00bb","description":"L\u2019Irlanda \u00e8 schiacciata da chi vorrebbe legalizzare a ogni costo l\u2019\u00abutero in affitto\u00bb, creando dilemmi, drammi enormi e ferite nel diritto","robots":{"index":"index","follow":"follow","max-snippet":"max-snippet:-1","max-image-preview":"max-image-preview:large","max-video-preview":"max-video-preview:-1"},"canonical":"https:\/\/ifamnews.com\/it\/una-soluzione-alla-maternit-surrogata-c-divieto-totale","og_locale":"it_IT","og_type":"article","og_title":"Una soluzione alla \u00abmaternit\u00e0 surrogata\u00bb c\u2019\u00e8: divieto totale","og_description":"L\u2019Irlanda \u00e8 schiacciata da chi vorrebbe legalizzare a ogni costo l\u2019\u00abutero in affitto\u00bb, creando dilemmi, drammi enormi e ferite nel diritto","og_url":"https:\/\/ifamnews.com\/it\/una-soluzione-alla-maternit-surrogata-c-divieto-totale","og_site_name":"IFN","article_publisher":"https:\/\/www.facebook.com\/iFamNews","article_published_time":"2022-03-11T05:00:00+00:00","og_image":[{"width":1200,"height":675,"url":"https:\/\/ifamnews.com\/wp-content\/uploads\/2020\/03\/mamma.jpg","type":"image\/jpeg"}],"author":"Angelo Bottone","twitter_card":"summary_large_image","twitter_creator":"@iFamNewsEN","twitter_site":"@iFamNewsEN","twitter_misc":{"Scritto da":"Angelo Bottone","Tempo di lettura stimato":"3 minuti"},"schema":{"@context":"https:\/\/schema.org","@graph":[{"@type":"NewsArticle","@id":"https:\/\/ifamnews.com\/it\/una-soluzione-alla-maternit-surrogata-c-divieto-totale#article","isPartOf":{"@id":"https:\/\/ifamnews.com\/it\/una-soluzione-alla-maternit-surrogata-c-divieto-totale"},"author":{"name":"Angelo Bottone","@id":"https:\/\/ifamnews.com\/en\/#\/schema\/person\/86c5cbfe63e85edc1340e0113777cfa1"},"headline":"Una soluzione alla \u00abmaternit\u00e0 surrogata\u00bb c\u2019\u00e8: divieto totale","datePublished":"2022-03-11T05:00:00+00:00","mainEntityOfPage":{"@id":"https:\/\/ifamnews.com\/it\/una-soluzione-alla-maternit-surrogata-c-divieto-totale"},"wordCount":634,"commentCount":0,"publisher":{"@id":"https:\/\/ifamnews.com\/en\/#organization"},"image":{"@id":"https:\/\/ifamnews.com\/it\/una-soluzione-alla-maternit-surrogata-c-divieto-totale#primaryimage"},"thumbnailUrl":"https:\/\/ifamnews.com\/wp-content\/uploads\/2020\/03\/mamma.jpg","keywords":["Irlanda","Maternit\u00e0 surrogata\/Utero in affitto"],"articleSection":["Famiglia","In evidenza"],"inLanguage":"it-IT","potentialAction":[{"@type":"CommentAction","name":"Comment","target":["https:\/\/ifamnews.com\/it\/una-soluzione-alla-maternit-surrogata-c-divieto-totale#respond"]}]},{"@type":"WebPage","@id":"https:\/\/ifamnews.com\/it\/una-soluzione-alla-maternit-surrogata-c-divieto-totale","url":"https:\/\/ifamnews.com\/it\/una-soluzione-alla-maternit-surrogata-c-divieto-totale","name":"Una soluzione alla \u00abmaternit\u00e0 surrogata\u00bb c\u2019\u00e8: divieto totale - \u00abiFamNews\u00bb","isPartOf":{"@id":"https:\/\/ifamnews.com\/en\/#website"},"primaryImageOfPage":{"@id":"https:\/\/ifamnews.com\/it\/una-soluzione-alla-maternit-surrogata-c-divieto-totale#primaryimage"},"image":{"@id":"https:\/\/ifamnews.com\/it\/una-soluzione-alla-maternit-surrogata-c-divieto-totale#primaryimage"},"thumbnailUrl":"https:\/\/ifamnews.com\/wp-content\/uploads\/2020\/03\/mamma.jpg","datePublished":"2022-03-11T05:00:00+00:00","description":"L\u2019Irlanda \u00e8 schiacciata da chi vorrebbe legalizzare a ogni costo l\u2019\u00abutero in affitto\u00bb, creando dilemmi, drammi enormi e ferite nel diritto","breadcrumb":{"@id":"https:\/\/ifamnews.com\/it\/una-soluzione-alla-maternit-surrogata-c-divieto-totale#breadcrumb"},"inLanguage":"it-IT","potentialAction":[{"@type":"ReadAction","target":["https:\/\/ifamnews.com\/it\/una-soluzione-alla-maternit-surrogata-c-divieto-totale"]}]},{"@type":"ImageObject","inLanguage":"it-IT","@id":"https:\/\/ifamnews.com\/it\/una-soluzione-alla-maternit-surrogata-c-divieto-totale#primaryimage","url":"https:\/\/ifamnews.com\/wp-content\/uploads\/2020\/03\/mamma.jpg","contentUrl":"https:\/\/ifamnews.com\/wp-content\/uploads\/2020\/03\/mamma.jpg","width":1200,"height":675,"caption":"Image from Google Images"},{"@type":"BreadcrumbList","@id":"https:\/\/ifamnews.com\/it\/una-soluzione-alla-maternit-surrogata-c-divieto-totale#breadcrumb","itemListElement":[{"@type":"ListItem","position":1,"name":"Home","item":"https:\/\/ifamnews.com\/de"},{"@type":"ListItem","position":2,"name":"Famiglia","item":"https:\/\/ifamnews.com\/it\/categoria\/famiglia"},{"@type":"ListItem","position":3,"name":"Una soluzione alla \u00abmaternit\u00e0 surrogata\u00bb c\u2019\u00e8: divieto totale"}]},{"@type":"WebSite","@id":"https:\/\/ifamnews.com\/en\/#website","url":"https:\/\/ifamnews.com\/en\/","name":"IFN","description":"International Family News Network","publisher":{"@id":"https:\/\/ifamnews.com\/en\/#organization"},"potentialAction":[{"@type":"SearchAction","target":{"@type":"EntryPoint","urlTemplate":"https:\/\/ifamnews.com\/en\/?s={search_term_string}"},"query-input":{"@type":"PropertyValueSpecification","valueRequired":true,"valueName":"search_term_string"}}],"inLanguage":"it-IT"},{"@type":"Organization","@id":"https:\/\/ifamnews.com\/en\/#organization","name":"iFamNews","url":"https:\/\/ifamnews.com\/en\/","logo":{"@type":"ImageObject","inLanguage":"it-IT","@id":"https:\/\/ifamnews.com\/en\/#\/schema\/logo\/image\/","url":"https:\/\/ifamnews.com\/wp-content\/uploads\/2020\/01\/Share-logo.png","contentUrl":"https:\/\/ifamnews.com\/wp-content\/uploads\/2020\/01\/Share-logo.png","width":200,"height":200,"caption":"iFamNews"},"image":{"@id":"https:\/\/ifamnews.com\/en\/#\/schema\/logo\/image\/"},"sameAs":["https:\/\/www.facebook.com\/iFamNews","https:\/\/x.com\/iFamNewsEN"]},{"@type":"Person","@id":"https:\/\/ifamnews.com\/en\/#\/schema\/person\/86c5cbfe63e85edc1340e0113777cfa1","name":"Angelo Bottone","image":{"@type":"ImageObject","inLanguage":"it-IT","@id":"https:\/\/secure.gravatar.com\/avatar\/a136a43ef3ca3374e3d4d728082cf3204667ff4a6d07929f7cbd9a3f7a4a8617?s=96&d=mm&r=g","url":"https:\/\/secure.gravatar.com\/avatar\/a136a43ef3ca3374e3d4d728082cf3204667ff4a6d07929f7cbd9a3f7a4a8617?s=96&d=mm&r=g","contentUrl":"https:\/\/secure.gravatar.com\/avatar\/a136a43ef3ca3374e3d4d728082cf3204667ff4a6d07929f7cbd9a3f7a4a8617?s=96&d=mm&r=g","caption":"Angelo Bottone"},"description":"Angelo Bottone is a researcher at the Iona Institute in Dublin, Ireland, where he also teaches Philosophy at University College and Dublin Business School. He is the author of several books and articles on St. John Henry Newman, Paul Ricoeur and Ludwig Wittgenstein.","url":"https:\/\/ifamnews.com\/it\/author\/angelo-bottone"}]}},"amp_enabled":true,"_links":{"self":[{"href":"https:\/\/ifamnews.com\/it\/wp-json\/wp\/v2\/posts\/129312","targetHints":{"allow":["GET"]}}],"collection":[{"href":"https:\/\/ifamnews.com\/it\/wp-json\/wp\/v2\/posts"}],"about":[{"href":"https:\/\/ifamnews.com\/it\/wp-json\/wp\/v2\/types\/post"}],"author":[{"embeddable":true,"href":"https:\/\/ifamnews.com\/it\/wp-json\/wp\/v2\/users\/643"}],"replies":[{"embeddable":true,"href":"https:\/\/ifamnews.com\/it\/wp-json\/wp\/v2\/comments?post=129312"}],"version-history":[{"count":2,"href":"https:\/\/ifamnews.com\/it\/wp-json\/wp\/v2\/posts\/129312\/revisions"}],"predecessor-version":[{"id":129863,"href":"https:\/\/ifamnews.com\/it\/wp-json\/wp\/v2\/posts\/129312\/revisions\/129863"}],"wp:featuredmedia":[{"embeddable":true,"href":"https:\/\/ifamnews.com\/it\/wp-json\/wp\/v2\/media\/12991"}],"wp:attachment":[{"href":"https:\/\/ifamnews.com\/it\/wp-json\/wp\/v2\/media?parent=129312"}],"wp:term":[{"taxonomy":"category","embeddable":true,"href":"https:\/\/ifamnews.com\/it\/wp-json\/wp\/v2\/categories?post=129312"},{"taxonomy":"post_tag","embeddable":true,"href":"https:\/\/ifamnews.com\/it\/wp-json\/wp\/v2\/tags?post=129312"}],"curies":[{"name":"wp","href":"https:\/\/api.w.org\/{rel}","templated":true}]}}