{"id":128911,"date":"2022-03-04T12:00:00","date_gmt":"2022-03-04T17:00:00","guid":{"rendered":"https:\/\/ifamnews.com\/?p=128911"},"modified":"2022-03-04T12:00:46","modified_gmt":"2022-03-04T17:00:46","slug":"si-estende-a-macchia-d-olio-il-divieto-delle-terapie-riparative","status":"publish","type":"post","link":"https:\/\/ifamnews.com\/it\/si-estende-a-macchia-d-olio-il-divieto-delle-terapie-riparative","title":{"rendered":"Si estende a macchia d\u2019olio il divieto delle \u00abterapie riparative\u00bb"},"content":{"rendered":"\n<p>Sulla stampa internazionale, nelle ultime settimane, si sono moltiplicate le notizie relative alle \u00abterapie riparative\u00bb o \u00abdi conversione\u00bb dell\u2019omosessualit\u00e0 e al divieto, in alcuni Paesi del mondo, di praticarle, o somministrarle che dir si voglia, usando un brutto termine \u201ctecnico\u201d.<\/p>\n\n\n\n<p>Si tratta come noto di quell\u2019insieme di consulenze di tipo psicologico o di supporto spirituale e religioso, a disposizione delle persone omosessuali che volessero confrontarsi con questo aspetto di s\u00e9 ed eventualmente preferissero essere aiutate a volgersi verso un orientamento differente, all\u2019eterosessualit\u00e0. Gi\u00e0 in passato e anche in Italia, certamente, vi sono stati scambi accesi rispetto a tali pratiche, oggi per\u00f2 la questione si pone prevalentemente dal punto di vista giuridico. Vi \u00e8 cio\u00e8 chi esige il divieto totale di esse, considerate sempre e comunque come \u00abomofobe\u00bb e \u00abviolente\u00bb nei confronti delle istanze e delle persone LGBT+, <a href=\"https:\/\/ifamnews.com\/it\/-terapie-riparative-divieti-contro-la-libert-religiosa-\" target=\"_blank\" rel=\"noreferrer noopener\">senza fare la distinzione tra discriminazione e semplice espressione<\/a> del proprio pensiero o della propria libert\u00e0 religiosa, rivolti per altro esclusivamente a persone consenzienti che anzi desiderassero esplicitamente questo tipo di consulenza.<\/p>\n\n\n\n<p>Tra la fine del 2021 e l\u2019inizio del 2022 <a href=\"https:\/\/ifamnews.com\/it\/terapie-riparative-in-francia-si-va-in-carcere\" target=\"_blank\" rel=\"noreferrer noopener\">il divieto \u00e8 entrato in vigore in Francia<\/a>, dove si \u00e8 seguito l\u2019esempio di Brasile, Ecuador, Malta, Albania e Germania, mentre Canada, Finlandia, Regno Unito, Messico e Spagna stanno elaborando programmi nella medesima direzione.<\/p>\n\n\n\n<p><a href=\"https:\/\/www.dutchnews.nl\/news\/2022\/02\/mps-propose-bill-to-outlaw-gay-conversion-therapy-in-netherlands\/\" target=\"_blank\" rel=\"noreferrer noopener\">Nei Paesi Bassi, in febbraio, \u00e8 stato presentato al parlamento un disegno di legge<\/a> promosso dai partiti di coalizione Democratici 66 (D66) e Volkspartij voor Vrijheid en Democratie (VVD), insieme ai gruppi dell\u2019opposizione Partij van de Arbeid (PvdA), i Verdi del GroenLinks, Socialistische Partij&nbsp;(SP) e gli animalisti del&nbsp;<em>Partij voor de Dieren<\/em> (PvdD). La nuova normativa <a href=\"https:\/\/nos.nl\/artikel\/2417270-tweede-kamer-wil-gevangenisstraf-en-hoge-geldboetes-voor-homogenezers\" target=\"_blank\" rel=\"noreferrer noopener\">prevederebbe multe fino a 22mila 500 euro e la pena detentiva<\/a> di un anno, o due anni in caso di recidiva, per chi offrisse \u00abterapie riparative\u00bb, oltre alla cancellazione da un eventuale albo professionale, per esempio se fossero psicologi o piscoanalisti.<\/p>\n\n\n\n<p><a href=\"https:\/\/www.haaretz.com\/israel-news\/.premium-israel-s-health-ministry-bans-lgbtq-conversion-therapy-1.10610998\" target=\"_blank\" rel=\"noreferrer noopener\">In Israele, contemporaneamente, una circolare emessa dal ministro della Salute<\/a> Nitzan Horowitz alla met\u00e0 del mese scorso ribadisce il medesimo concetto e vieta al personale sanitario di offrire, pubblicizzare o condurre tali terapie. La circolare applica in tal senso il disegno di legge approvato nel Paese nel 2020, che prevede sanzioni per i trasgressori, fino alla revoca dell\u2019abilitazione professionale.<br><br>Sempre alla met\u00e0 di febbraio, <a href=\"https:\/\/www.itv.com\/news\/2022-02-15\/new-zealand-bans-lgbt-conversion-therapy\" target=\"_blank\" rel=\"noreferrer noopener\">anche la Nuova Zelanda ha approvato quasi all\u2019unanimit\u00e0<\/a>, con 112 voti a favore e 8 contrari, la normativa che vieta le \u00abterapie riparative\u00bb. Il disegno di legge, presentato dal governo l&#8217;anno scorso, fa seguito alla promessa in sede di campagna elettorale del primo ministro Jacinda Ardern. In base ad esso, sar\u00e0 un reato punito con la reclusione sino a tre anni eseguire pratiche di \u00abconversione\u00bb, in particolare su bambini o giovani di et\u00e0 inferiore ai 18 anni, o su persone con \u00abridotta capacit\u00e0 decisionale\u00bb. Il governo della Nuova Zelanda dichiara che la legislazione stabilisce anche ci\u00f2 che <em>non \u00e8<\/em> una \u00abpratica di conversione\u00bb e \u00abprotegge il diritto di esprimere opinioni, convinzioni, convinzioni religiose o principi che non intendono cambiare o sopprimere l&#8217;orientamento sessuale, l&#8217;identit\u00e0 di genere o l&#8217;espressione di genere di una persona\u00bb.<\/p>\n\n\n\n<p>Difficile per\u00f2 individuare un limite preciso che davvero tuteli la libert\u00e0 di espressione e la libert\u00e0 religiosa. Lo dimostra il caso dello <a href=\"https:\/\/www.dailymail.co.uk\/news\/article-10521987\/Dan-Andrews-bans-gay-conversion-therapy-Victoria.html\">Stato del Victoria, in Australia, dove la normativa ricalca quella neozelandese<\/a>. Sin dall\u2019inizio, infatti, come riferisce <em><a href=\"https:\/\/bitterwinter.org\/victorian-conversion-practices-bill-concerns-for-religious-liberty\/\" target=\"_blank\" rel=\"noreferrer noopener\">Bitter Winter: A Magazine on Religious Liberty and Human Rights<\/a><\/em>, le confessioni cristiane e altre confessioni religiose <a href=\"https:\/\/www.theage.com.au\/national\/victoria\/conversion-bill-churches-fear-state-overreach-on-religion-20201214-p56n8w.html\" target=\"_blank\" rel=\"noreferrer noopener\">hanno espresso preoccupazione<\/a>\u00a0per il disegno di legge del 2020, noto come\u00a0<em><a href=\"https:\/\/content.legislation.vic.gov.au\/sites\/default\/files\/2020-12\/591143bab1.pdf\" target=\"_blank\" rel=\"noreferrer noopener\">Change or Suppression (Conversion) Practices Prohibition Bill<\/a>. <\/em>A tema \u00e8 proprio il rispetto delle libert\u00e0 e della libert\u00e0 religiosa in particolare, fermo restando il rispetto assoluto dovuto alle persone LGBT+ come a chiunque altro e l\u2019assoluta contrariet\u00e0 a pratiche sbagliate, discriminatorie e definite giustamente \u00abda ciarlatani\u00bb. <\/p>\n\n\n\n<p>Molto diversa, per\u00f2, \u00e8 la deriva che si rischia sia celata in talune pieghe della normativa. Pare infatti \u00ab[\u2026] di capire che, se una persona LGBT+ [\u2026] visita un sacerdote, un pastore o un consulente religioso, chiedendo consiglio sulla sessualit\u00e0, quest&#8217;ultimo abbia il diritto di spiegare in generale che gli insegnamenti della sua religione raccomandano che qualsiasi attivit\u00e0 sessuale abbia luogo solo nel contesto del matrimonio monogamico tra uomo e donna.&nbsp;Ma se [\u2026] facesse un ulteriore passo avanti ed esortasse il parrocchiano a modificare la propria condotta, ci\u00f2 potrebbe essere considerato come un cambiamento o una soppressione dell&#8217;orientamento sessuale del parrocchiano e costituire perci\u00f2 un crimine\u00bb. Come camminare sul filo del rasoio, insomma.<\/p>\n","protected":false},"excerpt":{"rendered":"<p>Aumentano per\u00f2 in questo modo gli ostacoli alla libert\u00e0 d\u2019espressione e alla libert\u00e0 religiosa, non sempre rispettate<\/p>\n","protected":false},"author":46,"featured_media":128916,"comment_status":"open","ping_status":"open","sticky":false,"template":"","format":"standard","meta":{"give_campaign_id":0,"om_disable_all_campaigns":false,"_monsterinsights_skip_tracking":false,"_monsterinsights_sitenote_active":false,"_monsterinsights_sitenote_note":"","_monsterinsights_sitenote_category":0,"mc4wp_mailchimp_campaign":[],"jnews-multi-image_gallery":[],"jnews_single_post":{"subtitle":"Aumentano per\u00f2 in questo modo gli ostacoli alla libert\u00e0 d\u2019espressione e alla libert\u00e0 religiosa, non sempre rispettate","format":"standard","video":"","gallery":"","source_name":"","source_url":"","via_name":"","via_url":"","override":[{"template":"1","single_blog_custom":"","parallax":"1","fullscreen":"1","layout":"right-sidebar","sidebar":"default-sidebar","second_sidebar":"default-sidebar","sticky_sidebar":"1","share_position":"top","share_float_style":"share-monocrhome","show_share_counter":"1","show_view_counter":"1","show_featured":"1","show_post_meta":"1","show_post_author":"1","show_post_author_image":"1","show_post_date":"1","post_date_format":"default","post_date_format_custom":"Y\/m\/d","show_post_category":"1","post_reading_time_wpm":"300","zoom_button_out_step":"2","zoom_button_in_step":"3","show_post_tag":"1","show_prev_next_post":"1","show_popup_post":"1","number_popup_post":"1"}],"image_override":[{"single_post_thumbnail_size":"crop-500","single_post_gallery_size":"crop-500"}],"trending_post_position":"meta","trending_post_label":"Trending","sponsored_post_label":"Sponsored by","sponsored_post_name":"","sponsored_post_url":"","sponsored_post_logo":"","sponsored_post_desc":""},"jnews_primary_category":{"id":"781"},"jnews_social_meta":{"fb_title":"","fb_description":"","fb_image":"","twitter_title":"","twitter_description":"","twitter_image":""},"jnews_override_counter":{"view_counter_number":"0","share_counter_number":"0","like_counter_number":"0","override_dislike_counter":"1","dislike_counter_number":"0"},"footnotes":""},"categories":[781,951],"tags":[9603],"class_list":["post-128911","post","type-post","status-publish","format-standard","has-post-thumbnail","hentry","category-famiglia","category-foreground-it","tag-lgbt-it"],"yoast_head":"<!-- This site is optimized with the Yoast SEO Premium plugin v25.9 (Yoast SEO v27.3) - https:\/\/yoast.com\/product\/yoast-seo-premium-wordpress\/ -->\n<title>Si estende a macchia d\u2019olio il divieto delle \u00abterapie riparative\u00bb - \u00abiFamNews\u00bb<\/title>\n<meta name=\"description\" content=\"Aumentano per\u00f2 in questo modo gli ostacoli alla libert\u00e0 d\u2019espressione e alla libert\u00e0 religiosa, non sempre rispettate\" \/>\n<meta name=\"robots\" content=\"index, follow, max-snippet:-1, max-image-preview:large, max-video-preview:-1\" \/>\n<link rel=\"canonical\" href=\"https:\/\/ifamnews.com\/it\/si-estende-a-macchia-d-olio-il-divieto-delle-terapie-riparative\" \/>\n<meta property=\"og:locale\" content=\"it_IT\" \/>\n<meta property=\"og:type\" content=\"article\" \/>\n<meta property=\"og:title\" content=\"Si estende a macchia d\u2019olio il divieto delle \u00abterapie riparative\u00bb\" \/>\n<meta property=\"og:description\" content=\"Aumentano per\u00f2 in questo modo gli ostacoli alla libert\u00e0 d\u2019espressione e alla libert\u00e0 religiosa, non sempre rispettate\" \/>\n<meta property=\"og:url\" content=\"https:\/\/ifamnews.com\/it\/si-estende-a-macchia-d-olio-il-divieto-delle-terapie-riparative\" \/>\n<meta property=\"og:site_name\" content=\"IFN\" \/>\n<meta property=\"article:publisher\" content=\"https:\/\/www.facebook.com\/iFamNews\" \/>\n<meta property=\"article:author\" content=\"https:\/\/www.facebook.com\/iFamNews\/\" \/>\n<meta property=\"article:published_time\" content=\"2022-03-04T17:00:00+00:00\" \/>\n<meta property=\"article:modified_time\" content=\"2022-03-04T17:00:46+00:00\" \/>\n<meta property=\"og:image\" content=\"https:\/\/ifamnews.com\/wp-content\/uploads\/2022\/03\/rainbow-flag-g9dcb96936_1280.jpg\" \/>\n\t<meta property=\"og:image:width\" content=\"1280\" \/>\n\t<meta property=\"og:image:height\" content=\"853\" \/>\n\t<meta property=\"og:image:type\" content=\"image\/jpeg\" \/>\n<meta name=\"author\" content=\"iFamNews Italia\" \/>\n<meta name=\"twitter:card\" content=\"summary_large_image\" \/>\n<meta name=\"twitter:creator\" content=\"@https:\/\/twitter.com\/iFamNewsIT\" \/>\n<meta name=\"twitter:site\" content=\"@iFamNewsEN\" \/>\n<meta name=\"twitter:label1\" content=\"Scritto da\" \/>\n\t<meta name=\"twitter:data1\" content=\"iFamNews Italia\" \/>\n\t<meta name=\"twitter:label2\" content=\"Tempo di lettura stimato\" \/>\n\t<meta name=\"twitter:data2\" content=\"4 minuti\" \/>\n<!-- \/ Yoast SEO Premium plugin. -->","yoast_head_json":{"title":"Si estende a macchia d\u2019olio il divieto delle \u00abterapie riparative\u00bb - \u00abiFamNews\u00bb","description":"Aumentano per\u00f2 in questo modo gli ostacoli alla libert\u00e0 d\u2019espressione e alla libert\u00e0 religiosa, non sempre rispettate","robots":{"index":"index","follow":"follow","max-snippet":"max-snippet:-1","max-image-preview":"max-image-preview:large","max-video-preview":"max-video-preview:-1"},"canonical":"https:\/\/ifamnews.com\/it\/si-estende-a-macchia-d-olio-il-divieto-delle-terapie-riparative","og_locale":"it_IT","og_type":"article","og_title":"Si estende a macchia d\u2019olio il divieto delle \u00abterapie riparative\u00bb","og_description":"Aumentano per\u00f2 in questo modo gli ostacoli alla libert\u00e0 d\u2019espressione e alla libert\u00e0 religiosa, non sempre rispettate","og_url":"https:\/\/ifamnews.com\/it\/si-estende-a-macchia-d-olio-il-divieto-delle-terapie-riparative","og_site_name":"IFN","article_publisher":"https:\/\/www.facebook.com\/iFamNews","article_author":"https:\/\/www.facebook.com\/iFamNews\/","article_published_time":"2022-03-04T17:00:00+00:00","article_modified_time":"2022-03-04T17:00:46+00:00","og_image":[{"width":1280,"height":853,"url":"https:\/\/ifamnews.com\/wp-content\/uploads\/2022\/03\/rainbow-flag-g9dcb96936_1280.jpg","type":"image\/jpeg"}],"author":"iFamNews Italia","twitter_card":"summary_large_image","twitter_creator":"@https:\/\/twitter.com\/iFamNewsIT","twitter_site":"@iFamNewsEN","twitter_misc":{"Scritto da":"iFamNews Italia","Tempo di lettura stimato":"4 minuti"},"schema":{"@context":"https:\/\/schema.org","@graph":[{"@type":"NewsArticle","@id":"https:\/\/ifamnews.com\/it\/si-estende-a-macchia-d-olio-il-divieto-delle-terapie-riparative#article","isPartOf":{"@id":"https:\/\/ifamnews.com\/it\/si-estende-a-macchia-d-olio-il-divieto-delle-terapie-riparative"},"author":{"name":"iFamNews Italia","@id":"https:\/\/ifamnews.com\/en\/#\/schema\/person\/fafda7d79212f3690f4af10238556aac"},"headline":"Si estende a macchia d\u2019olio il divieto delle \u00abterapie riparative\u00bb","datePublished":"2022-03-04T17:00:00+00:00","dateModified":"2022-03-04T17:00:46+00:00","mainEntityOfPage":{"@id":"https:\/\/ifamnews.com\/it\/si-estende-a-macchia-d-olio-il-divieto-delle-terapie-riparative"},"wordCount":745,"commentCount":0,"publisher":{"@id":"https:\/\/ifamnews.com\/en\/#organization"},"image":{"@id":"https:\/\/ifamnews.com\/it\/si-estende-a-macchia-d-olio-il-divieto-delle-terapie-riparative#primaryimage"},"thumbnailUrl":"https:\/\/ifamnews.com\/wp-content\/uploads\/2022\/03\/rainbow-flag-g9dcb96936_1280.jpg","keywords":["LGBT+\/Gender"],"articleSection":["Famiglia","In evidenza"],"inLanguage":"it-IT","potentialAction":[{"@type":"CommentAction","name":"Comment","target":["https:\/\/ifamnews.com\/it\/si-estende-a-macchia-d-olio-il-divieto-delle-terapie-riparative#respond"]}]},{"@type":"WebPage","@id":"https:\/\/ifamnews.com\/it\/si-estende-a-macchia-d-olio-il-divieto-delle-terapie-riparative","url":"https:\/\/ifamnews.com\/it\/si-estende-a-macchia-d-olio-il-divieto-delle-terapie-riparative","name":"Si estende a macchia d\u2019olio il divieto delle \u00abterapie riparative\u00bb - \u00abiFamNews\u00bb","isPartOf":{"@id":"https:\/\/ifamnews.com\/en\/#website"},"primaryImageOfPage":{"@id":"https:\/\/ifamnews.com\/it\/si-estende-a-macchia-d-olio-il-divieto-delle-terapie-riparative#primaryimage"},"image":{"@id":"https:\/\/ifamnews.com\/it\/si-estende-a-macchia-d-olio-il-divieto-delle-terapie-riparative#primaryimage"},"thumbnailUrl":"https:\/\/ifamnews.com\/wp-content\/uploads\/2022\/03\/rainbow-flag-g9dcb96936_1280.jpg","datePublished":"2022-03-04T17:00:00+00:00","dateModified":"2022-03-04T17:00:46+00:00","description":"Aumentano per\u00f2 in questo modo gli ostacoli alla libert\u00e0 d\u2019espressione e alla libert\u00e0 religiosa, non sempre rispettate","breadcrumb":{"@id":"https:\/\/ifamnews.com\/it\/si-estende-a-macchia-d-olio-il-divieto-delle-terapie-riparative#breadcrumb"},"inLanguage":"it-IT","potentialAction":[{"@type":"ReadAction","target":["https:\/\/ifamnews.com\/it\/si-estende-a-macchia-d-olio-il-divieto-delle-terapie-riparative"]}]},{"@type":"ImageObject","inLanguage":"it-IT","@id":"https:\/\/ifamnews.com\/it\/si-estende-a-macchia-d-olio-il-divieto-delle-terapie-riparative#primaryimage","url":"https:\/\/ifamnews.com\/wp-content\/uploads\/2022\/03\/rainbow-flag-g9dcb96936_1280.jpg","contentUrl":"https:\/\/ifamnews.com\/wp-content\/uploads\/2022\/03\/rainbow-flag-g9dcb96936_1280.jpg","width":1280,"height":853,"caption":"Image from Pixabay"},{"@type":"BreadcrumbList","@id":"https:\/\/ifamnews.com\/it\/si-estende-a-macchia-d-olio-il-divieto-delle-terapie-riparative#breadcrumb","itemListElement":[{"@type":"ListItem","position":1,"name":"Home","item":"https:\/\/ifamnews.com\/de"},{"@type":"ListItem","position":2,"name":"Famiglia","item":"https:\/\/ifamnews.com\/it\/categoria\/famiglia"},{"@type":"ListItem","position":3,"name":"Si estende a macchia d\u2019olio il divieto delle \u00abterapie riparative\u00bb"}]},{"@type":"WebSite","@id":"https:\/\/ifamnews.com\/en\/#website","url":"https:\/\/ifamnews.com\/en\/","name":"IFN","description":"International Family News Network","publisher":{"@id":"https:\/\/ifamnews.com\/en\/#organization"},"potentialAction":[{"@type":"SearchAction","target":{"@type":"EntryPoint","urlTemplate":"https:\/\/ifamnews.com\/en\/?s={search_term_string}"},"query-input":{"@type":"PropertyValueSpecification","valueRequired":true,"valueName":"search_term_string"}}],"inLanguage":"it-IT"},{"@type":"Organization","@id":"https:\/\/ifamnews.com\/en\/#organization","name":"iFamNews","url":"https:\/\/ifamnews.com\/en\/","logo":{"@type":"ImageObject","inLanguage":"it-IT","@id":"https:\/\/ifamnews.com\/en\/#\/schema\/logo\/image\/","url":"https:\/\/ifamnews.com\/wp-content\/uploads\/2020\/01\/Share-logo.png","contentUrl":"https:\/\/ifamnews.com\/wp-content\/uploads\/2020\/01\/Share-logo.png","width":200,"height":200,"caption":"iFamNews"},"image":{"@id":"https:\/\/ifamnews.com\/en\/#\/schema\/logo\/image\/"},"sameAs":["https:\/\/www.facebook.com\/iFamNews","https:\/\/x.com\/iFamNewsEN"]},{"@type":"Person","@id":"https:\/\/ifamnews.com\/en\/#\/schema\/person\/fafda7d79212f3690f4af10238556aac","name":"iFamNews Italia","image":{"@type":"ImageObject","inLanguage":"it-IT","@id":"https:\/\/secure.gravatar.com\/avatar\/2e50539bc89809bc22a0b2bb9dc3d7f67ffd1e564e5461707f0153146f8c99b5?s=96&d=mm&r=g","url":"https:\/\/secure.gravatar.com\/avatar\/2e50539bc89809bc22a0b2bb9dc3d7f67ffd1e564e5461707f0153146f8c99b5?s=96&d=mm&r=g","contentUrl":"https:\/\/secure.gravatar.com\/avatar\/2e50539bc89809bc22a0b2bb9dc3d7f67ffd1e564e5461707f0153146f8c99b5?s=96&d=mm&r=g","caption":"iFamNews Italia"},"description":"Articles published by the Italian iFamNews editorial team.","sameAs":["https:\/\/ifamnews.com\/it","https:\/\/www.facebook.com\/iFamNews\/","https:\/\/x.com\/https:\/\/twitter.com\/iFamNewsIT","https:\/\/www.youtube.com\/channel\/UCMVyIt4z9BANW3d09kwfUpw"],"url":"https:\/\/ifamnews.com\/it\/author\/redazioneit"}]}},"amp_enabled":true,"_links":{"self":[{"href":"https:\/\/ifamnews.com\/it\/wp-json\/wp\/v2\/posts\/128911","targetHints":{"allow":["GET"]}}],"collection":[{"href":"https:\/\/ifamnews.com\/it\/wp-json\/wp\/v2\/posts"}],"about":[{"href":"https:\/\/ifamnews.com\/it\/wp-json\/wp\/v2\/types\/post"}],"author":[{"embeddable":true,"href":"https:\/\/ifamnews.com\/it\/wp-json\/wp\/v2\/users\/46"}],"replies":[{"embeddable":true,"href":"https:\/\/ifamnews.com\/it\/wp-json\/wp\/v2\/comments?post=128911"}],"version-history":[{"count":3,"href":"https:\/\/ifamnews.com\/it\/wp-json\/wp\/v2\/posts\/128911\/revisions"}],"predecessor-version":[{"id":128929,"href":"https:\/\/ifamnews.com\/it\/wp-json\/wp\/v2\/posts\/128911\/revisions\/128929"}],"wp:featuredmedia":[{"embeddable":true,"href":"https:\/\/ifamnews.com\/it\/wp-json\/wp\/v2\/media\/128916"}],"wp:attachment":[{"href":"https:\/\/ifamnews.com\/it\/wp-json\/wp\/v2\/media?parent=128911"}],"wp:term":[{"taxonomy":"category","embeddable":true,"href":"https:\/\/ifamnews.com\/it\/wp-json\/wp\/v2\/categories?post=128911"},{"taxonomy":"post_tag","embeddable":true,"href":"https:\/\/ifamnews.com\/it\/wp-json\/wp\/v2\/tags?post=128911"}],"curies":[{"name":"wp","href":"https:\/\/api.w.org\/{rel}","templated":true}]}}