{"id":127621,"date":"2022-02-26T09:00:00","date_gmt":"2022-02-26T14:00:00","guid":{"rendered":"https:\/\/ifamnews.com\/?p=127621"},"modified":"2022-02-26T04:31:26","modified_gmt":"2022-02-26T09:31:26","slug":"la-echr-appoggia-la-polonia-contro-il-certificato-di-nascita-transgender","status":"publish","type":"post","link":"https:\/\/ifamnews.com\/it\/la-echr-appoggia-la-polonia-contro-il-certificato-di-nascita-transgender","title":{"rendered":"La \u00abECHR\u00bb appoggia la Polonia contro il certificato di nascita transgender"},"content":{"rendered":"\n<p>Y., cos\u00ec \u00e8 indicata la persona <em>transgender<\/em> negli atti della prima sezione della <a href=\"https:\/\/www.echr.coe.int\/Pages\/home.aspx?p=home\" target=\"_blank\" rel=\"noreferrer noopener\">Corte europea per i diritti umani<\/a>, ha 52 anni, \u00e8 nata in Polonia, vive in Francia, ha effettuato la \u00abtransizione\u00bb per il cambio di sesso qualificandosi da quel momento in poi come uomo e nel 1993 ha sposato, secondo la normativa d\u2019Oltralpe, una donna francese con cui ha avuto una figlia nel 2001. Ora Y. \u00e8 in procinto di richiedere la cittadinanza del Paese d\u2019elezione e di adottare un bambino.<\/p>\n\n\n\n<p>Nel 1992, dopo l\u2019intervento chirurgico finalizzato al cambiamento di sesso Y. aveva ottenuto dal proprio Paese un certificato di nascita in forma abbreviata, utilizzato comunemente per qualsiasi atto burocratico e amministrativo, che riportava esplicitamente la sua nuova identit\u00e0 maschile e che le aveva permesso, infatti, di contrarre matrimonio qualificandosi come \u201cmarito\u201d.<\/p>\n\n\n\n<p>Nel 2011, Y. ha richiesto alle autorit\u00e0 polacche un nuovo certificato di nascita, questa volta in forma completa, ugualmente aggiornato per riflettere la sua identit\u00e0 maschile, che per\u00f2 \u00e8 stato negato. Varsavia ha affermato infatti che il certificato in forma \u201clunga\u201d \u00e8 una registrazione della nascita cos\u00ec come effettivamente avvenuta e che la maggior parte dei paesi europei non altera i documenti di nascita originari, quando una persona si sottoponga a un intervento chirurgico di riassegnazione di sesso.\u00a0Il certificato in forma abbreviata \u00e8 usato molto pi\u00f9 comunemente per l&#8217;identificazione e la documentazione, mentre la versione pi\u00f9 lunga costituisce principalmente un atto civile.\u00a0<\/p>\n\n\n\n<p>Y. a questo punto ha presentato un ricorso a Strasburgo contro la decisione polacca, che <a href=\"https:\/\/www.courthousenews.com\/wp-content\/uploads\/2022\/02\/echr-y-poland.pdf\" target=\"_blank\" rel=\"noreferrer noopener\">pochi giorni fa \u00e8 stato per\u00f2 respinto dalla Corte<\/a>, la quale si \u00e8 schierata con Varsavia ritenendo che la sua politica di non rilasciare nuovi certificati di nascita completi, dopo che una persona abbia subito un intervento chirurgico di riassegnazione di sesso, non sia in alcun modo discriminatoria.\u00a0<\/p>\n\n\n\n<p>La prima sezione del tribunale ha concordato con la Polonia, concludendo che il Paese ha \u00ab[\u2026] il diritto di mantenere registri di nascita accurati e il rifiuto di modificare la versione in formato lungo non ha avuto un impatto significativo sulla vita dell&#8217;uomo [<em>sic<\/em>]\u00bb. Inoltre, ha scritto la giuria, composta da sette giudici, \u00abil ricorrente non ha dimostrato di aver subito conseguenze negative o difficolt\u00e0 sufficientemente gravi derivanti dal fatto che il sesso assegnato alla nascita sia ancora visibile sotto forma di annotazione sul certificato di nascita completo\u00bb.&nbsp;Infine, \u00abla corte ha sottolineato che sia il suo certificato di matrimonio sia il certificato di nascita di sua figlia riflettevano la sua identit\u00e0 maschile\u00bb.&nbsp;Cosa si potrebbe pretendere, dunque, di pi\u00f9?<\/p>\n","protected":false},"excerpt":{"rendered":"<p>La Corte europea per i diritti umani supporta la decisione polacca di mantenere l\u2019accuratezza dei certificati di nascita dei cittadini<\/p>\n","protected":false},"author":46,"featured_media":127622,"comment_status":"open","ping_status":"open","sticky":false,"template":"","format":"standard","meta":{"give_campaign_id":0,"om_disable_all_campaigns":false,"_monsterinsights_skip_tracking":false,"_monsterinsights_sitenote_active":false,"_monsterinsights_sitenote_note":"","_monsterinsights_sitenote_category":0,"mc4wp_mailchimp_campaign":[],"jnews-multi-image_gallery":[],"jnews_single_post":{"subtitle":"La Corte europea per i diritti umani supporta la decisione polacca di mantenere l\u2019accuratezza dei certificati di nascita dei cittadini","format":"standard","video":"","gallery":"","source_name":"","source_url":"","via_name":"","via_url":"","override":[{"template":"1","single_blog_custom":"","parallax":"1","fullscreen":"1","layout":"right-sidebar","sidebar":"default-sidebar","second_sidebar":"default-sidebar","sticky_sidebar":"1","share_position":"top","share_float_style":"share-monocrhome","show_share_counter":"1","show_view_counter":"1","show_featured":"1","show_post_meta":"1","show_post_author":"1","show_post_author_image":"1","show_post_date":"1","post_date_format":"default","post_date_format_custom":"Y\/m\/d","show_post_category":"1","post_reading_time_wpm":"300","zoom_button_out_step":"2","zoom_button_in_step":"3","show_post_tag":"1","show_prev_next_post":"1","show_popup_post":"1","number_popup_post":"1"}],"image_override":[{"single_post_thumbnail_size":"crop-500","single_post_gallery_size":"crop-500"}],"trending_post_position":"meta","trending_post_label":"Trending","sponsored_post_label":"Sponsored by","sponsored_post_name":"","sponsored_post_url":"","sponsored_post_logo":"","sponsored_post_desc":""},"jnews_primary_category":{"id":"781"},"jnews_social_meta":{"fb_title":"","fb_description":"","fb_image":"","twitter_title":"","twitter_description":"","twitter_image":""},"jnews_override_counter":{"view_counter_number":"0","share_counter_number":"0","like_counter_number":"0","dislike_counter_number":"0"},"footnotes":""},"categories":[781,951],"tags":[9603,1631],"class_list":["post-127621","post","type-post","status-publish","format-standard","has-post-thumbnail","hentry","category-famiglia","category-foreground-it","tag-lgbt-it","tag-polonia"],"yoast_head":"<!-- This site is optimized with the Yoast SEO Premium plugin v25.9 (Yoast SEO v27.3) - https:\/\/yoast.com\/product\/yoast-seo-premium-wordpress\/ -->\n<title>La \u00abECHR\u00bb appoggia la Polonia contro il certificato di nascita transgender - \u00abiFamNews\u00bb<\/title>\n<meta name=\"description\" content=\"La Corte europea per i diritti umani supporta la decisione polacca di mantenere l\u2019accuratezza dei certificati di nascita dei cittadini\" \/>\n<meta name=\"robots\" content=\"index, follow, max-snippet:-1, max-image-preview:large, max-video-preview:-1\" \/>\n<link rel=\"canonical\" href=\"https:\/\/ifamnews.com\/it\/la-echr-appoggia-la-polonia-contro-il-certificato-di-nascita-transgender\" \/>\n<meta property=\"og:locale\" content=\"it_IT\" \/>\n<meta property=\"og:type\" content=\"article\" \/>\n<meta property=\"og:title\" content=\"La \u00abECHR\u00bb appoggia la Polonia contro il certificato di nascita transgender\" \/>\n<meta property=\"og:description\" content=\"La Corte europea per i diritti umani supporta la decisione polacca di mantenere l\u2019accuratezza dei certificati di nascita dei cittadini\" \/>\n<meta property=\"og:url\" content=\"https:\/\/ifamnews.com\/it\/la-echr-appoggia-la-polonia-contro-il-certificato-di-nascita-transgender\" \/>\n<meta property=\"og:site_name\" content=\"IFN\" \/>\n<meta property=\"article:publisher\" content=\"https:\/\/www.facebook.com\/iFamNews\" \/>\n<meta property=\"article:author\" content=\"https:\/\/www.facebook.com\/iFamNews\/\" \/>\n<meta property=\"article:published_time\" content=\"2022-02-26T14:00:00+00:00\" \/>\n<meta property=\"og:image\" content=\"https:\/\/ifamnews.com\/wp-content\/uploads\/2022\/02\/european-court-of-justice-g886ce9b23_1280.jpg\" \/>\n\t<meta property=\"og:image:width\" content=\"1280\" \/>\n\t<meta property=\"og:image:height\" content=\"824\" \/>\n\t<meta property=\"og:image:type\" content=\"image\/jpeg\" \/>\n<meta name=\"author\" content=\"iFamNews Italia\" \/>\n<meta name=\"twitter:card\" content=\"summary_large_image\" \/>\n<meta name=\"twitter:creator\" content=\"@https:\/\/twitter.com\/iFamNewsIT\" \/>\n<meta name=\"twitter:site\" content=\"@iFamNewsEN\" \/>\n<meta name=\"twitter:label1\" content=\"Scritto da\" \/>\n\t<meta name=\"twitter:data1\" content=\"iFamNews Italia\" \/>\n\t<meta name=\"twitter:label2\" content=\"Tempo di lettura stimato\" \/>\n\t<meta name=\"twitter:data2\" content=\"2 minuti\" \/>\n<!-- \/ Yoast SEO Premium plugin. -->","yoast_head_json":{"title":"La \u00abECHR\u00bb appoggia la Polonia contro il certificato di nascita transgender - \u00abiFamNews\u00bb","description":"La Corte europea per i diritti umani supporta la decisione polacca di mantenere l\u2019accuratezza dei certificati di nascita dei cittadini","robots":{"index":"index","follow":"follow","max-snippet":"max-snippet:-1","max-image-preview":"max-image-preview:large","max-video-preview":"max-video-preview:-1"},"canonical":"https:\/\/ifamnews.com\/it\/la-echr-appoggia-la-polonia-contro-il-certificato-di-nascita-transgender","og_locale":"it_IT","og_type":"article","og_title":"La \u00abECHR\u00bb appoggia la Polonia contro il certificato di nascita transgender","og_description":"La Corte europea per i diritti umani supporta la decisione polacca di mantenere l\u2019accuratezza dei certificati di nascita dei cittadini","og_url":"https:\/\/ifamnews.com\/it\/la-echr-appoggia-la-polonia-contro-il-certificato-di-nascita-transgender","og_site_name":"IFN","article_publisher":"https:\/\/www.facebook.com\/iFamNews","article_author":"https:\/\/www.facebook.com\/iFamNews\/","article_published_time":"2022-02-26T14:00:00+00:00","og_image":[{"width":1280,"height":824,"url":"https:\/\/ifamnews.com\/wp-content\/uploads\/2022\/02\/european-court-of-justice-g886ce9b23_1280.jpg","type":"image\/jpeg"}],"author":"iFamNews Italia","twitter_card":"summary_large_image","twitter_creator":"@https:\/\/twitter.com\/iFamNewsIT","twitter_site":"@iFamNewsEN","twitter_misc":{"Scritto da":"iFamNews Italia","Tempo di lettura stimato":"2 minuti"},"schema":{"@context":"https:\/\/schema.org","@graph":[{"@type":"NewsArticle","@id":"https:\/\/ifamnews.com\/it\/la-echr-appoggia-la-polonia-contro-il-certificato-di-nascita-transgender#article","isPartOf":{"@id":"https:\/\/ifamnews.com\/it\/la-echr-appoggia-la-polonia-contro-il-certificato-di-nascita-transgender"},"author":{"name":"iFamNews Italia","@id":"https:\/\/ifamnews.com\/en\/#\/schema\/person\/fafda7d79212f3690f4af10238556aac"},"headline":"La \u00abECHR\u00bb appoggia la Polonia contro il certificato di nascita transgender","datePublished":"2022-02-26T14:00:00+00:00","mainEntityOfPage":{"@id":"https:\/\/ifamnews.com\/it\/la-echr-appoggia-la-polonia-contro-il-certificato-di-nascita-transgender"},"wordCount":424,"commentCount":0,"publisher":{"@id":"https:\/\/ifamnews.com\/en\/#organization"},"image":{"@id":"https:\/\/ifamnews.com\/it\/la-echr-appoggia-la-polonia-contro-il-certificato-di-nascita-transgender#primaryimage"},"thumbnailUrl":"https:\/\/ifamnews.com\/wp-content\/uploads\/2022\/02\/european-court-of-justice-g886ce9b23_1280.jpg","keywords":["LGBT+\/Gender","Polonia"],"articleSection":["Famiglia","In evidenza"],"inLanguage":"it-IT","potentialAction":[{"@type":"CommentAction","name":"Comment","target":["https:\/\/ifamnews.com\/it\/la-echr-appoggia-la-polonia-contro-il-certificato-di-nascita-transgender#respond"]}]},{"@type":"WebPage","@id":"https:\/\/ifamnews.com\/it\/la-echr-appoggia-la-polonia-contro-il-certificato-di-nascita-transgender","url":"https:\/\/ifamnews.com\/it\/la-echr-appoggia-la-polonia-contro-il-certificato-di-nascita-transgender","name":"La \u00abECHR\u00bb appoggia la Polonia contro il certificato di nascita transgender - \u00abiFamNews\u00bb","isPartOf":{"@id":"https:\/\/ifamnews.com\/en\/#website"},"primaryImageOfPage":{"@id":"https:\/\/ifamnews.com\/it\/la-echr-appoggia-la-polonia-contro-il-certificato-di-nascita-transgender#primaryimage"},"image":{"@id":"https:\/\/ifamnews.com\/it\/la-echr-appoggia-la-polonia-contro-il-certificato-di-nascita-transgender#primaryimage"},"thumbnailUrl":"https:\/\/ifamnews.com\/wp-content\/uploads\/2022\/02\/european-court-of-justice-g886ce9b23_1280.jpg","datePublished":"2022-02-26T14:00:00+00:00","description":"La Corte europea per i diritti umani supporta la decisione polacca di mantenere l\u2019accuratezza dei certificati di nascita dei cittadini","breadcrumb":{"@id":"https:\/\/ifamnews.com\/it\/la-echr-appoggia-la-polonia-contro-il-certificato-di-nascita-transgender#breadcrumb"},"inLanguage":"it-IT","potentialAction":[{"@type":"ReadAction","target":["https:\/\/ifamnews.com\/it\/la-echr-appoggia-la-polonia-contro-il-certificato-di-nascita-transgender"]}]},{"@type":"ImageObject","inLanguage":"it-IT","@id":"https:\/\/ifamnews.com\/it\/la-echr-appoggia-la-polonia-contro-il-certificato-di-nascita-transgender#primaryimage","url":"https:\/\/ifamnews.com\/wp-content\/uploads\/2022\/02\/european-court-of-justice-g886ce9b23_1280.jpg","contentUrl":"https:\/\/ifamnews.com\/wp-content\/uploads\/2022\/02\/european-court-of-justice-g886ce9b23_1280.jpg","width":1280,"height":824,"caption":"Image from Pixabay"},{"@type":"BreadcrumbList","@id":"https:\/\/ifamnews.com\/it\/la-echr-appoggia-la-polonia-contro-il-certificato-di-nascita-transgender#breadcrumb","itemListElement":[{"@type":"ListItem","position":1,"name":"Home","item":"https:\/\/ifamnews.com\/de"},{"@type":"ListItem","position":2,"name":"Famiglia","item":"https:\/\/ifamnews.com\/it\/categoria\/famiglia"},{"@type":"ListItem","position":3,"name":"La \u00abECHR\u00bb appoggia la Polonia contro il certificato di nascita transgender"}]},{"@type":"WebSite","@id":"https:\/\/ifamnews.com\/en\/#website","url":"https:\/\/ifamnews.com\/en\/","name":"IFN","description":"International Family News Network","publisher":{"@id":"https:\/\/ifamnews.com\/en\/#organization"},"potentialAction":[{"@type":"SearchAction","target":{"@type":"EntryPoint","urlTemplate":"https:\/\/ifamnews.com\/en\/?s={search_term_string}"},"query-input":{"@type":"PropertyValueSpecification","valueRequired":true,"valueName":"search_term_string"}}],"inLanguage":"it-IT"},{"@type":"Organization","@id":"https:\/\/ifamnews.com\/en\/#organization","name":"iFamNews","url":"https:\/\/ifamnews.com\/en\/","logo":{"@type":"ImageObject","inLanguage":"it-IT","@id":"https:\/\/ifamnews.com\/en\/#\/schema\/logo\/image\/","url":"https:\/\/ifamnews.com\/wp-content\/uploads\/2020\/01\/Share-logo.png","contentUrl":"https:\/\/ifamnews.com\/wp-content\/uploads\/2020\/01\/Share-logo.png","width":200,"height":200,"caption":"iFamNews"},"image":{"@id":"https:\/\/ifamnews.com\/en\/#\/schema\/logo\/image\/"},"sameAs":["https:\/\/www.facebook.com\/iFamNews","https:\/\/x.com\/iFamNewsEN"]},{"@type":"Person","@id":"https:\/\/ifamnews.com\/en\/#\/schema\/person\/fafda7d79212f3690f4af10238556aac","name":"iFamNews Italia","image":{"@type":"ImageObject","inLanguage":"it-IT","@id":"https:\/\/secure.gravatar.com\/avatar\/2e50539bc89809bc22a0b2bb9dc3d7f67ffd1e564e5461707f0153146f8c99b5?s=96&d=mm&r=g","url":"https:\/\/secure.gravatar.com\/avatar\/2e50539bc89809bc22a0b2bb9dc3d7f67ffd1e564e5461707f0153146f8c99b5?s=96&d=mm&r=g","contentUrl":"https:\/\/secure.gravatar.com\/avatar\/2e50539bc89809bc22a0b2bb9dc3d7f67ffd1e564e5461707f0153146f8c99b5?s=96&d=mm&r=g","caption":"iFamNews Italia"},"description":"Articles published by the Italian iFamNews editorial team.","sameAs":["https:\/\/ifamnews.com\/it","https:\/\/www.facebook.com\/iFamNews\/","https:\/\/x.com\/https:\/\/twitter.com\/iFamNewsIT","https:\/\/www.youtube.com\/channel\/UCMVyIt4z9BANW3d09kwfUpw"],"url":"https:\/\/ifamnews.com\/it\/author\/redazioneit"}]}},"amp_enabled":true,"_links":{"self":[{"href":"https:\/\/ifamnews.com\/it\/wp-json\/wp\/v2\/posts\/127621","targetHints":{"allow":["GET"]}}],"collection":[{"href":"https:\/\/ifamnews.com\/it\/wp-json\/wp\/v2\/posts"}],"about":[{"href":"https:\/\/ifamnews.com\/it\/wp-json\/wp\/v2\/types\/post"}],"author":[{"embeddable":true,"href":"https:\/\/ifamnews.com\/it\/wp-json\/wp\/v2\/users\/46"}],"replies":[{"embeddable":true,"href":"https:\/\/ifamnews.com\/it\/wp-json\/wp\/v2\/comments?post=127621"}],"version-history":[{"count":2,"href":"https:\/\/ifamnews.com\/it\/wp-json\/wp\/v2\/posts\/127621\/revisions"}],"predecessor-version":[{"id":127632,"href":"https:\/\/ifamnews.com\/it\/wp-json\/wp\/v2\/posts\/127621\/revisions\/127632"}],"wp:featuredmedia":[{"embeddable":true,"href":"https:\/\/ifamnews.com\/it\/wp-json\/wp\/v2\/media\/127622"}],"wp:attachment":[{"href":"https:\/\/ifamnews.com\/it\/wp-json\/wp\/v2\/media?parent=127621"}],"wp:term":[{"taxonomy":"category","embeddable":true,"href":"https:\/\/ifamnews.com\/it\/wp-json\/wp\/v2\/categories?post=127621"},{"taxonomy":"post_tag","embeddable":true,"href":"https:\/\/ifamnews.com\/it\/wp-json\/wp\/v2\/tags?post=127621"}],"curies":[{"name":"wp","href":"https:\/\/api.w.org\/{rel}","templated":true}]}}