{"id":126228,"date":"2022-02-21T11:00:00","date_gmt":"2022-02-21T16:00:00","guid":{"rendered":"https:\/\/ifamnews.com\/?p=126228"},"modified":"2022-02-22T04:01:28","modified_gmt":"2022-02-22T09:01:28","slug":"-suicidio-assistito-dove-legale-impennata-dei-suicidi-solitari","status":"publish","type":"post","link":"https:\/\/ifamnews.com\/it\/-suicidio-assistito-dove-legale-impennata-dei-suicidi-solitari","title":{"rendered":"\u00abSuicidio assistito\u00bb: dove \u00e8 legale, impennata dei suicidi \u201csolitari\u201d"},"content":{"rendered":"\n<p>I sostenitori del cosiddetto \u00absuicidio assistito\u00bb spesso affermano che una legalizzazione di questa pratica porterebbe a una riduzione dei suicidi \u201csolitari\u201d. Una <a href=\"https:\/\/jemh.ca\/issues\/open\/documents\/JEMH%20article%20EAS%20and%20suicide%20rates%20in%20Europe%20-%20copy-edited%20final.pdf\" target=\"_blank\" rel=\"noreferrer noopener\">ricerca<\/a>, su cui porta luce l&#8217;<a href=\"https:\/\/ionainstitute.ie\/assisted-suicide-does-not-reduce-overall-suicide-rate-says-new-study\/\" target=\"_blank\" rel=\"noreferrer noopener\">Iona Institute for Religion and Society<\/a> di Dublino, in Irlanda, dimostra che non \u00e8 vero. Perch\u00e9 nei Paesi in cui il \u00absuicidio assistito\u00bb \u00e8 stato reso legale, i suicidi non \u00abassistiti\u00bb non si sono affatto ridotti.<\/p>\n\n\n\n<p>Lo studio citato, condotto da David Albert Jones, direttore dell\u2019<a href=\"https:\/\/www.bioethics.org.uk\/\" target=\"_blank\" rel=\"noreferrer noopener\">Anscombe Bioethics Center<\/a>, si concentra sui dati di Svizzera, Lussemburgo, Paesi Bassi e Belgio, dove l\u2019eutanasia o il \u00absuicidio assistito\u00bb sono legali e li confronta con quelli dei Paesi vicini.<\/p>\n\n\n\n<p>\u00c8 stato riscontrato che in tutti e quattro i Paesi si \u00e8 registrato un aumento molto sensibile del suicidio in generale (\u00abassistito\u00bb e non) dopo la legalizzazione. Dove \u00e8 stata legalizzata, sono aumentate anche le morti per eutanasia.<\/p>\n\n\n\n<p>In Svizzera il tasso di suicidi (\u00abassistiti\u00bb e non) delle donne \u00e8 raddoppiato dal 1998, anno in cui il governo inizi\u00f2 a registrare i decessi per \u00absuicidio assistito\u00bb. Nello stesso anno \u00e8 stata fondata <a href=\"http:\/\/www.dignitas.ch\/index.php?lang=it\" target=\"_blank\" rel=\"noreferrer noopener\">Dignitas<\/a>, l\u2019organizzazione che pratica i suicidi. Dal 1999, il tasso totale \u00e8 aumentato vertiginosamente e costantemente.<\/p>\n\n\n\n<h3 class=\"wp-block-heading\" id=\"h-propaganda-sbugiardata\"><strong>Propaganda sbugiardata<\/strong><\/h3>\n\n\n\n<p>C\u2019\u00e8 chi afferma che la legalizzazione del \u00absuicidio assistito\u00bb possa essere utile a prevenire il suicidio in generale. L\u2019associazione <a href=\"https:\/\/exit.ch\/en\/englisch\/faq\/\" target=\"_blank\" rel=\"noreferrer noopener\">Exit Svizzera<\/a>, ad esempio, afferma che \u00abvivere nella certezza di una via d\u2019uscita ha motivato pi\u00f9 della met\u00e0 delle persone originariamente intenzionate a morire a continuare a sopportare la propria dolorosa sorte fino alla morte naturale\u00bb.<\/p>\n\n\n\n<p>Un argomento simile ha giocato un ruolo chiave nella storica sentenza della Corte Suprema del Canada che ha annullato il divieto di suicidio assistito: \u00abIl divieto di morte assistita dal medico ha avuto l\u2019effetto di costringere alcuni individui a togliersi la vita prematuramente, per paura che sarebbero stati incapaci di farlo nel caso in cui avessero raggiunto il punto in cui la sofferenza fosse diventata intollerabile\u00bb (sentenza <em><a href=\"https:\/\/scc-csc.lexum.com\/scc-csc\/scc-csc\/en\/item\/14637\/index.do\" target=\"_blank\" rel=\"noreferrer noopener\">Carter vs Canada<\/a><\/em>, 2015).<\/p>\n\n\n\n<p>Lo studio di David Albert Jones mostra tuttavia che \u00abin nessuna delle quattro giurisdizioni i tassi di suicidio \u201cnon assistito\u201d sono diminuiti dopo l\u2019introduzione del \u201csuicidio assistito\u201d\u00bb. Al contrario, in tutti i Paesi, le morti per \u00absuicidio assistito\u00bb sono costantemente aumentate e la legalizzazione non ha avuto alcun effetto sulla prevenzione del suicidio nella popolazione in generale.<\/p>\n\n\n\n<h3 class=\"wp-block-heading\"><strong>Confronto impietoso<\/strong><\/h3>\n\n\n\n<p>Nei Paesi Bassi, i tassi di suicidio non \u00abassistito\u00bb sono aumentati a partire dalla legalizzazione del \u00absuicidio assistito\u00bb nel 2001. Nel quindicennio tra il 2001 e il 2016, i Paesi Bassi hanno registrato l\u2019aumento pi\u00f9 sensibile in fatto di \u00absuicidi assistiti\u00bb di tutta l\u2019Europa occidentale. Sono anche il paese con la storia pi\u00f9 lunga e il maggior numero di decessi (6.938 nel <a href=\"https:\/\/www.dutchnews.nl\/news\/2021\/04\/highest-ever-number-of-euthanasia-procedures-in-2020\/\" target=\"_blank\" rel=\"noreferrer noopener\">2020<\/a>) per \u00absuicidio assistito\u00bb in Europa.<\/p>\n\n\n\n<p>Prima del 2001 i tassi neerlandesi di suicidio non \u00abassistito\u00bb tra le donne erano simili a quelli della Germania, ma in seguito i tassi sono diventati significativamente divergenti.<\/p>\n\n\n\n<p>Da parte propria il Belgio registra ora il pi\u00f9 alto tasso di suicidio femminile non assistito in Europa, compresi i Paesi ex comunisti dove il fenomeno \u00e8 sempre stato pi\u00f9 diffuso rispetto al resto del continente.<\/p>\n\n\n\n<p>Come conclude David Jones, i dati provenienti dall\u2019Europa e dagli Stati Uniti non danno \u00abalcun motivo per ritenere che il \u201csuicidio assistito\u201d costituisca una forma efficace di prevenzione del suicidio\u00bb.<\/p>\n\n\n\n<p>Infatti, quando si sommano i tassi di \u00absuicidio assistito\u00bb e non assistito nei Paesi oggetto dello studio, si scopre che le principali vittime sono proprio le donne. Quest\u2019ultimo \u00e8 un altro argomento contro la riduzione del tasso di \u00absuicidio assistito\u00bb.<\/p>\n","protected":false},"excerpt":{"rendered":"<p>I dati di Paesi Bassi, Belgio, Lussemburgo e Canada sbugiardano la narrativa dei fautori dell\u2019eutanasia<\/p>\n","protected":false},"author":46,"featured_media":126229,"comment_status":"open","ping_status":"open","sticky":false,"template":"","format":"standard","meta":{"give_campaign_id":0,"om_disable_all_campaigns":false,"_monsterinsights_skip_tracking":false,"_monsterinsights_sitenote_active":false,"_monsterinsights_sitenote_note":"","_monsterinsights_sitenote_category":0,"mc4wp_mailchimp_campaign":[],"jnews-multi-image_gallery":[],"jnews_single_post":{"subtitle":"I dati di Paesi Bassi, Belgio, Lussemburgo e Canada sbugiardano la narrativa dei fautori dell\u2019eutanasia","format":"standard","video":"","gallery":"","source_name":"","source_url":"","via_name":"","via_url":"","override":[{"template":"1","single_blog_custom":"","parallax":"1","fullscreen":"1","layout":"right-sidebar","sidebar":"default-sidebar","second_sidebar":"default-sidebar","sticky_sidebar":"1","share_position":"top","share_float_style":"share-monocrhome","show_share_counter":"1","show_view_counter":"1","show_featured":"1","show_post_meta":"1","show_post_author":"1","show_post_author_image":"1","show_post_date":"1","post_date_format":"default","post_date_format_custom":"Y\/m\/d","show_post_category":"1","post_reading_time_wpm":"300","zoom_button_out_step":"2","zoom_button_in_step":"3","show_post_tag":"1","show_prev_next_post":"1","show_popup_post":"1","number_popup_post":"1"}],"image_override":[{"single_post_thumbnail_size":"crop-500","single_post_gallery_size":"crop-500"}],"trending_post_position":"meta","trending_post_label":"Trending","sponsored_post_label":"Sponsored by","sponsored_post_name":"","sponsored_post_url":"","sponsored_post_logo":"","sponsored_post_desc":""},"jnews_primary_category":{"id":"817"},"jnews_social_meta":{"fb_title":"","fb_description":"","fb_image":"","twitter_title":"","twitter_description":"","twitter_image":""},"jnews_override_counter":{"view_counter_number":"0","share_counter_number":"0","like_counter_number":"0","dislike_counter_number":"0"},"footnotes":""},"categories":[951,817],"tags":[743],"class_list":["post-126228","post","type-post","status-publish","format-standard","has-post-thumbnail","hentry","category-foreground-it","category-vita","tag-eutanasia"],"yoast_head":"<!-- This site is optimized with the Yoast SEO Premium plugin v25.9 (Yoast SEO v27.3) - https:\/\/yoast.com\/product\/yoast-seo-premium-wordpress\/ -->\n<title>\u00abSuicidio assistito\u00bb: dove \u00e8 legale, impennata dei suicidi \u201csolitari\u201d - \u00absuicidio assistito\u00bb<\/title>\n<meta name=\"description\" content=\"Uno studio sui dati di Paesi Bassi, Belgio, Lussemburgo e Canada sbugiarda la narrativa dei fautori dell\u2019eutanasia.\" \/>\n<meta name=\"robots\" content=\"index, follow, max-snippet:-1, max-image-preview:large, max-video-preview:-1\" \/>\n<link rel=\"canonical\" href=\"https:\/\/ifamnews.com\/it\/-suicidio-assistito-dove-legale-impennata-dei-suicidi-solitari\" \/>\n<meta property=\"og:locale\" content=\"it_IT\" \/>\n<meta property=\"og:type\" content=\"article\" \/>\n<meta property=\"og:title\" content=\"\u00abSuicidio assistito\u00bb: dove \u00e8 legale, impennata dei suicidi \u201csolitari\u201d\" \/>\n<meta property=\"og:description\" content=\"Uno studio sui dati di Paesi Bassi, Belgio, Lussemburgo e Canada sbugiarda la narrativa dei fautori dell\u2019eutanasia.\" \/>\n<meta property=\"og:url\" content=\"https:\/\/ifamnews.com\/it\/-suicidio-assistito-dove-legale-impennata-dei-suicidi-solitari\" \/>\n<meta property=\"og:site_name\" content=\"IFN\" \/>\n<meta property=\"article:publisher\" content=\"https:\/\/www.facebook.com\/iFamNews\" \/>\n<meta property=\"article:author\" content=\"https:\/\/www.facebook.com\/iFamNews\/\" \/>\n<meta property=\"article:published_time\" content=\"2022-02-21T16:00:00+00:00\" \/>\n<meta property=\"article:modified_time\" content=\"2022-02-22T09:01:28+00:00\" \/>\n<meta property=\"og:image\" content=\"https:\/\/ifamnews.com\/wp-content\/uploads\/2022\/02\/alkoghol-ga64e2272d_1280-1.jpg\" \/>\n\t<meta property=\"og:image:width\" content=\"1200\" \/>\n\t<meta property=\"og:image:height\" content=\"675\" \/>\n\t<meta property=\"og:image:type\" content=\"image\/jpeg\" \/>\n<meta name=\"author\" content=\"iFamNews Italia\" \/>\n<meta name=\"twitter:card\" content=\"summary_large_image\" \/>\n<meta name=\"twitter:creator\" content=\"@https:\/\/twitter.com\/iFamNewsIT\" \/>\n<meta name=\"twitter:site\" content=\"@iFamNewsEN\" \/>\n<meta name=\"twitter:label1\" content=\"Scritto da\" \/>\n\t<meta name=\"twitter:data1\" content=\"iFamNews Italia\" \/>\n\t<meta name=\"twitter:label2\" content=\"Tempo di lettura stimato\" \/>\n\t<meta name=\"twitter:data2\" content=\"3 minuti\" \/>\n<!-- \/ Yoast SEO Premium plugin. -->","yoast_head_json":{"title":"\u00abSuicidio assistito\u00bb: dove \u00e8 legale, impennata dei suicidi \u201csolitari\u201d - \u00absuicidio assistito\u00bb","description":"Uno studio sui dati di Paesi Bassi, Belgio, Lussemburgo e Canada sbugiarda la narrativa dei fautori dell\u2019eutanasia.","robots":{"index":"index","follow":"follow","max-snippet":"max-snippet:-1","max-image-preview":"max-image-preview:large","max-video-preview":"max-video-preview:-1"},"canonical":"https:\/\/ifamnews.com\/it\/-suicidio-assistito-dove-legale-impennata-dei-suicidi-solitari","og_locale":"it_IT","og_type":"article","og_title":"\u00abSuicidio assistito\u00bb: dove \u00e8 legale, impennata dei suicidi \u201csolitari\u201d","og_description":"Uno studio sui dati di Paesi Bassi, Belgio, Lussemburgo e Canada sbugiarda la narrativa dei fautori dell\u2019eutanasia.","og_url":"https:\/\/ifamnews.com\/it\/-suicidio-assistito-dove-legale-impennata-dei-suicidi-solitari","og_site_name":"IFN","article_publisher":"https:\/\/www.facebook.com\/iFamNews","article_author":"https:\/\/www.facebook.com\/iFamNews\/","article_published_time":"2022-02-21T16:00:00+00:00","article_modified_time":"2022-02-22T09:01:28+00:00","og_image":[{"width":1200,"height":675,"url":"https:\/\/ifamnews.com\/wp-content\/uploads\/2022\/02\/alkoghol-ga64e2272d_1280-1.jpg","type":"image\/jpeg"}],"author":"iFamNews Italia","twitter_card":"summary_large_image","twitter_creator":"@https:\/\/twitter.com\/iFamNewsIT","twitter_site":"@iFamNewsEN","twitter_misc":{"Scritto da":"iFamNews Italia","Tempo di lettura stimato":"3 minuti"},"schema":{"@context":"https:\/\/schema.org","@graph":[{"@type":"NewsArticle","@id":"https:\/\/ifamnews.com\/it\/-suicidio-assistito-dove-legale-impennata-dei-suicidi-solitari#article","isPartOf":{"@id":"https:\/\/ifamnews.com\/it\/-suicidio-assistito-dove-legale-impennata-dei-suicidi-solitari"},"author":{"name":"iFamNews Italia","@id":"https:\/\/ifamnews.com\/en\/#\/schema\/person\/fafda7d79212f3690f4af10238556aac"},"headline":"\u00abSuicidio assistito\u00bb: dove \u00e8 legale, impennata dei suicidi \u201csolitari\u201d","datePublished":"2022-02-21T16:00:00+00:00","dateModified":"2022-02-22T09:01:28+00:00","mainEntityOfPage":{"@id":"https:\/\/ifamnews.com\/it\/-suicidio-assistito-dove-legale-impennata-dei-suicidi-solitari"},"wordCount":580,"commentCount":0,"publisher":{"@id":"https:\/\/ifamnews.com\/en\/#organization"},"image":{"@id":"https:\/\/ifamnews.com\/it\/-suicidio-assistito-dove-legale-impennata-dei-suicidi-solitari#primaryimage"},"thumbnailUrl":"https:\/\/ifamnews.com\/wp-content\/uploads\/2022\/02\/alkoghol-ga64e2272d_1280-1.jpg","keywords":["Eutanasia"],"articleSection":["In evidenza","Vita"],"inLanguage":"it-IT","potentialAction":[{"@type":"CommentAction","name":"Comment","target":["https:\/\/ifamnews.com\/it\/-suicidio-assistito-dove-legale-impennata-dei-suicidi-solitari#respond"]}]},{"@type":"WebPage","@id":"https:\/\/ifamnews.com\/it\/-suicidio-assistito-dove-legale-impennata-dei-suicidi-solitari","url":"https:\/\/ifamnews.com\/it\/-suicidio-assistito-dove-legale-impennata-dei-suicidi-solitari","name":"\u00abSuicidio assistito\u00bb: dove \u00e8 legale, impennata dei suicidi \u201csolitari\u201d - \u00absuicidio assistito\u00bb","isPartOf":{"@id":"https:\/\/ifamnews.com\/en\/#website"},"primaryImageOfPage":{"@id":"https:\/\/ifamnews.com\/it\/-suicidio-assistito-dove-legale-impennata-dei-suicidi-solitari#primaryimage"},"image":{"@id":"https:\/\/ifamnews.com\/it\/-suicidio-assistito-dove-legale-impennata-dei-suicidi-solitari#primaryimage"},"thumbnailUrl":"https:\/\/ifamnews.com\/wp-content\/uploads\/2022\/02\/alkoghol-ga64e2272d_1280-1.jpg","datePublished":"2022-02-21T16:00:00+00:00","dateModified":"2022-02-22T09:01:28+00:00","description":"Uno studio sui dati di Paesi Bassi, Belgio, Lussemburgo e Canada sbugiarda la narrativa dei fautori dell\u2019eutanasia.","breadcrumb":{"@id":"https:\/\/ifamnews.com\/it\/-suicidio-assistito-dove-legale-impennata-dei-suicidi-solitari#breadcrumb"},"inLanguage":"it-IT","potentialAction":[{"@type":"ReadAction","target":["https:\/\/ifamnews.com\/it\/-suicidio-assistito-dove-legale-impennata-dei-suicidi-solitari"]}]},{"@type":"ImageObject","inLanguage":"it-IT","@id":"https:\/\/ifamnews.com\/it\/-suicidio-assistito-dove-legale-impennata-dei-suicidi-solitari#primaryimage","url":"https:\/\/ifamnews.com\/wp-content\/uploads\/2022\/02\/alkoghol-ga64e2272d_1280-1.jpg","contentUrl":"https:\/\/ifamnews.com\/wp-content\/uploads\/2022\/02\/alkoghol-ga64e2272d_1280-1.jpg","width":1200,"height":675,"caption":"Image from Pixabay"},{"@type":"BreadcrumbList","@id":"https:\/\/ifamnews.com\/it\/-suicidio-assistito-dove-legale-impennata-dei-suicidi-solitari#breadcrumb","itemListElement":[{"@type":"ListItem","position":1,"name":"Home","item":"https:\/\/ifamnews.com\/de"},{"@type":"ListItem","position":2,"name":"Life","item":"https:\/\/ifamnews.com\/en\/category\/life"},{"@type":"ListItem","position":3,"name":"\u00abSuicidio assistito\u00bb: dove \u00e8 legale, impennata dei suicidi \u201csolitari\u201d"}]},{"@type":"WebSite","@id":"https:\/\/ifamnews.com\/en\/#website","url":"https:\/\/ifamnews.com\/en\/","name":"IFN","description":"International Family News Network","publisher":{"@id":"https:\/\/ifamnews.com\/en\/#organization"},"potentialAction":[{"@type":"SearchAction","target":{"@type":"EntryPoint","urlTemplate":"https:\/\/ifamnews.com\/en\/?s={search_term_string}"},"query-input":{"@type":"PropertyValueSpecification","valueRequired":true,"valueName":"search_term_string"}}],"inLanguage":"it-IT"},{"@type":"Organization","@id":"https:\/\/ifamnews.com\/en\/#organization","name":"iFamNews","url":"https:\/\/ifamnews.com\/en\/","logo":{"@type":"ImageObject","inLanguage":"it-IT","@id":"https:\/\/ifamnews.com\/en\/#\/schema\/logo\/image\/","url":"https:\/\/ifamnews.com\/wp-content\/uploads\/2020\/01\/Share-logo.png","contentUrl":"https:\/\/ifamnews.com\/wp-content\/uploads\/2020\/01\/Share-logo.png","width":200,"height":200,"caption":"iFamNews"},"image":{"@id":"https:\/\/ifamnews.com\/en\/#\/schema\/logo\/image\/"},"sameAs":["https:\/\/www.facebook.com\/iFamNews","https:\/\/x.com\/iFamNewsEN"]},{"@type":"Person","@id":"https:\/\/ifamnews.com\/en\/#\/schema\/person\/fafda7d79212f3690f4af10238556aac","name":"iFamNews Italia","image":{"@type":"ImageObject","inLanguage":"it-IT","@id":"https:\/\/secure.gravatar.com\/avatar\/2e50539bc89809bc22a0b2bb9dc3d7f67ffd1e564e5461707f0153146f8c99b5?s=96&d=mm&r=g","url":"https:\/\/secure.gravatar.com\/avatar\/2e50539bc89809bc22a0b2bb9dc3d7f67ffd1e564e5461707f0153146f8c99b5?s=96&d=mm&r=g","contentUrl":"https:\/\/secure.gravatar.com\/avatar\/2e50539bc89809bc22a0b2bb9dc3d7f67ffd1e564e5461707f0153146f8c99b5?s=96&d=mm&r=g","caption":"iFamNews Italia"},"description":"Articles published by the Italian iFamNews editorial team.","sameAs":["https:\/\/ifamnews.com\/it","https:\/\/www.facebook.com\/iFamNews\/","https:\/\/x.com\/https:\/\/twitter.com\/iFamNewsIT","https:\/\/www.youtube.com\/channel\/UCMVyIt4z9BANW3d09kwfUpw"],"url":"https:\/\/ifamnews.com\/it\/author\/redazioneit"}]}},"amp_enabled":true,"_links":{"self":[{"href":"https:\/\/ifamnews.com\/it\/wp-json\/wp\/v2\/posts\/126228","targetHints":{"allow":["GET"]}}],"collection":[{"href":"https:\/\/ifamnews.com\/it\/wp-json\/wp\/v2\/posts"}],"about":[{"href":"https:\/\/ifamnews.com\/it\/wp-json\/wp\/v2\/types\/post"}],"author":[{"embeddable":true,"href":"https:\/\/ifamnews.com\/it\/wp-json\/wp\/v2\/users\/46"}],"replies":[{"embeddable":true,"href":"https:\/\/ifamnews.com\/it\/wp-json\/wp\/v2\/comments?post=126228"}],"version-history":[{"count":3,"href":"https:\/\/ifamnews.com\/it\/wp-json\/wp\/v2\/posts\/126228\/revisions"}],"predecessor-version":[{"id":126512,"href":"https:\/\/ifamnews.com\/it\/wp-json\/wp\/v2\/posts\/126228\/revisions\/126512"}],"wp:featuredmedia":[{"embeddable":true,"href":"https:\/\/ifamnews.com\/it\/wp-json\/wp\/v2\/media\/126229"}],"wp:attachment":[{"href":"https:\/\/ifamnews.com\/it\/wp-json\/wp\/v2\/media?parent=126228"}],"wp:term":[{"taxonomy":"category","embeddable":true,"href":"https:\/\/ifamnews.com\/it\/wp-json\/wp\/v2\/categories?post=126228"},{"taxonomy":"post_tag","embeddable":true,"href":"https:\/\/ifamnews.com\/it\/wp-json\/wp\/v2\/tags?post=126228"}],"curies":[{"name":"wp","href":"https:\/\/api.w.org\/{rel}","templated":true}]}}