{"id":122903,"date":"2022-02-09T11:00:00","date_gmt":"2022-02-09T16:00:00","guid":{"rendered":"https:\/\/ifamnews.com\/?p=122903"},"modified":"2022-02-09T08:42:33","modified_gmt":"2022-02-09T13:42:33","slug":"guatemala-un-monumento-pro-vita-nel-palazzo-governativo","status":"publish","type":"post","link":"https:\/\/ifamnews.com\/it\/guatemala-un-monumento-pro-vita-nel-palazzo-governativo","title":{"rendered":"Guatemala, un monumento per la vita nel Palazzo governativo"},"content":{"rendered":"\n<p>Il 9 marzo nel <a href=\"https:\/\/evangelicalfocus.com\/tag\/guatemala\" target=\"_blank\" rel=\"noreferrer noopener\">Palazzo nazionale<\/a> del Guatemala, l&#8217;edificio storico utilizzato<strong> <\/strong>per le attivit\u00e0 organizzate dal governo, sui svolger\u00e0 una cerimonia speciale: il Paese sar\u00e0 ufficialmente riconosciuto come <a href=\"https:\/\/ifamnews.com\/it\/guatemala-capitale-iberoamericana-per-la-vita\" target=\"_blank\" rel=\"noreferrer noopener\">\u00abCapitale per la vita dell\u2019Iberoamerica\u00bb<\/a>. All\u2019evento parteciperanno il presidente del Guatemala, Alejandro Giamattei, membri del suo governo e funzionari di altri Stati latinoamericani appositamente invitati per questa occasione.<\/p>\n\n\n\n<h3 class=\"wp-block-heading\" id=\"h-costo-zero\"><strong>Costo zero<\/strong><\/h3>\n\n\n\n<p>Quel giorno un monumento alto tre metri e largo due sar\u00e0 collocato nel nuovo \u00abPatio della Vita\u00bb al centro del Palazzo. Il progetto del monumento non \u00e8 stato ancora reso pubblico, ma secondo il <a href=\"https:\/\/evangelicalfocus.com\/tag\/IberoAmerican_Congress_for_Life__and_the_Family\" target=\"_blank\" rel=\"noreferrer noopener\">Congresso Iberoamericano per la vita e per la famiglia<\/a>, l&#8217;organizzazione che ha assegnato il titolo al Guatemala, dice che sar\u00e0 realizzato in bronzo, con un peso di oltre mezza tonnellata. Il monumento \u00e8 stato prodotto in Messico e non avr\u00e0 alcun costo per il governo, giacch\u00e9 \u00e8 stato finanziato da donatori privati.<\/p>\n\n\n\n<h3 class=\"wp-block-heading\" id=\"h-giornata-per-la-vita\"><strong>Giornata per la vita<\/strong><\/h3>\n\n\n\n<p>Per decreto presidenziale l&#8217;inaugurazione  coincider\u00e0 con l&#8217;istituzione della \u00abGiornata nazionale della vita\u00bb nel paese centromericano, che dunque verr\u00e0 celebrata ogni 9 marzo. \u00ab\u00c8 un esempio coraggioso e spero che i Paesi del continente lo seguano e istituiscano anche essi una giornata nazionale per celebrare la vita\u00bb, afferma Aar\u00f3n Lara, presidente del Congresso Iberoamericano per la vita e per la famiglia.<\/p>\n","protected":false},"excerpt":{"rendered":"<p>Sar\u00e0 installato il 9 marzo: la data diventer\u00e0 Giornata nazionale per la vita<\/p>\n","protected":false},"author":46,"featured_media":122905,"comment_status":"open","ping_status":"open","sticky":false,"template":"","format":"standard","meta":{"give_campaign_id":0,"om_disable_all_campaigns":false,"_monsterinsights_skip_tracking":false,"_monsterinsights_sitenote_active":false,"_monsterinsights_sitenote_note":"","_monsterinsights_sitenote_category":0,"mc4wp_mailchimp_campaign":[],"jnews-multi-image_gallery":[],"jnews_single_post":{"subtitle":"Sar\u00e0 installato il 9 marzo: la data diventer\u00e0 Giornata nazionale per la vita","format":"standard","video":"","gallery":"","source_name":"","source_url":"","via_name":"","via_url":"","override":[{"template":"1","single_blog_custom":"","parallax":"1","fullscreen":"1","layout":"right-sidebar","sidebar":"default-sidebar","second_sidebar":"default-sidebar","sticky_sidebar":"1","share_position":"top","share_float_style":"share-monocrhome","show_share_counter":"1","show_view_counter":"1","show_featured":"1","show_post_meta":"1","show_post_author":"1","show_post_author_image":"1","show_post_date":"1","post_date_format":"default","post_date_format_custom":"Y\/m\/d","show_post_category":"1","post_reading_time_wpm":"300","zoom_button_out_step":"2","zoom_button_in_step":"3","show_post_tag":"1","show_prev_next_post":"1","show_popup_post":"1","number_popup_post":"1"}],"image_override":[{"single_post_thumbnail_size":"crop-500","single_post_gallery_size":"crop-500"}],"trending_post_position":"meta","trending_post_label":"Tendenza","sponsored_post_label":"Sponsored by","sponsored_post_name":"","sponsored_post_url":"","sponsored_post_logo":"","sponsored_post_desc":""},"jnews_primary_category":{"id":""},"jnews_social_meta":{"fb_title":"","fb_description":"","fb_image":"","twitter_title":"","twitter_description":"","twitter_image":""},"jnews_override_counter":{"view_counter_number":"0","share_counter_number":"0","like_counter_number":"0","dislike_counter_number":"0"},"footnotes":""},"categories":[951,817],"tags":[698,6468],"class_list":["post-122903","post","type-post","status-publish","format-standard","has-post-thumbnail","hentry","category-foreground-it","category-vita","tag-aborto","tag-guatemala"],"yoast_head":"<!-- This site is optimized with the Yoast SEO Premium plugin v25.9 (Yoast SEO v27.3) - https:\/\/yoast.com\/product\/yoast-seo-premium-wordpress\/ -->\n<title>Guatemala, un monumento per la vita nel Palazzo governativo - IFN<\/title>\n<meta name=\"description\" content=\"Il 9 marzo nel Palazzo governativo della Guatemala sar\u00e0 installata una statua pro-life: la data diventer\u00e0 giornata nazionale per la Vita\" \/>\n<meta name=\"robots\" content=\"index, follow, max-snippet:-1, max-image-preview:large, max-video-preview:-1\" \/>\n<link rel=\"canonical\" href=\"https:\/\/ifamnews.com\/it\/guatemala-un-monumento-pro-vita-nel-palazzo-governativo\" \/>\n<meta property=\"og:locale\" content=\"it_IT\" \/>\n<meta property=\"og:type\" content=\"article\" \/>\n<meta property=\"og:title\" content=\"Guatemala, un monumento per la vita nel Palazzo governativo\" \/>\n<meta property=\"og:description\" content=\"Il 9 marzo nel Palazzo governativo della Guatemala sar\u00e0 installata una statua pro-life: la data diventer\u00e0 giornata nazionale per la Vita\" \/>\n<meta property=\"og:url\" content=\"https:\/\/ifamnews.com\/it\/guatemala-un-monumento-pro-vita-nel-palazzo-governativo\" \/>\n<meta property=\"og:site_name\" content=\"IFN\" \/>\n<meta property=\"article:publisher\" content=\"https:\/\/www.facebook.com\/iFamNews\" \/>\n<meta property=\"article:author\" content=\"https:\/\/www.facebook.com\/iFamNews\/\" \/>\n<meta property=\"article:published_time\" content=\"2022-02-09T16:00:00+00:00\" \/>\n<meta property=\"og:image\" content=\"https:\/\/ifamnews.com\/wp-content\/uploads\/2022\/02\/Image-from-MaxPixel.jpg\" \/>\n\t<meta property=\"og:image:width\" content=\"1200\" \/>\n\t<meta property=\"og:image:height\" content=\"675\" \/>\n\t<meta property=\"og:image:type\" content=\"image\/jpeg\" \/>\n<meta name=\"author\" content=\"iFamNews Italia\" \/>\n<meta name=\"twitter:card\" content=\"summary_large_image\" \/>\n<meta name=\"twitter:creator\" content=\"@https:\/\/twitter.com\/iFamNewsIT\" \/>\n<meta name=\"twitter:site\" content=\"@iFamNewsEN\" \/>\n<meta name=\"twitter:label1\" content=\"Scritto da\" \/>\n\t<meta name=\"twitter:data1\" content=\"iFamNews Italia\" \/>\n\t<meta name=\"twitter:label2\" content=\"Tempo di lettura stimato\" \/>\n\t<meta name=\"twitter:data2\" content=\"1 minuto\" \/>\n<!-- \/ Yoast SEO Premium plugin. -->","yoast_head_json":{"title":"Guatemala, un monumento per la vita nel Palazzo governativo - IFN","description":"Il 9 marzo nel Palazzo governativo della Guatemala sar\u00e0 installata una statua pro-life: la data diventer\u00e0 giornata nazionale per la Vita","robots":{"index":"index","follow":"follow","max-snippet":"max-snippet:-1","max-image-preview":"max-image-preview:large","max-video-preview":"max-video-preview:-1"},"canonical":"https:\/\/ifamnews.com\/it\/guatemala-un-monumento-pro-vita-nel-palazzo-governativo","og_locale":"it_IT","og_type":"article","og_title":"Guatemala, un monumento per la vita nel Palazzo governativo","og_description":"Il 9 marzo nel Palazzo governativo della Guatemala sar\u00e0 installata una statua pro-life: la data diventer\u00e0 giornata nazionale per la Vita","og_url":"https:\/\/ifamnews.com\/it\/guatemala-un-monumento-pro-vita-nel-palazzo-governativo","og_site_name":"IFN","article_publisher":"https:\/\/www.facebook.com\/iFamNews","article_author":"https:\/\/www.facebook.com\/iFamNews\/","article_published_time":"2022-02-09T16:00:00+00:00","og_image":[{"width":1200,"height":675,"url":"https:\/\/ifamnews.com\/wp-content\/uploads\/2022\/02\/Image-from-MaxPixel.jpg","type":"image\/jpeg"}],"author":"iFamNews Italia","twitter_card":"summary_large_image","twitter_creator":"@https:\/\/twitter.com\/iFamNewsIT","twitter_site":"@iFamNewsEN","twitter_misc":{"Scritto da":"iFamNews Italia","Tempo di lettura stimato":"1 minuto"},"schema":{"@context":"https:\/\/schema.org","@graph":[{"@type":"NewsArticle","@id":"https:\/\/ifamnews.com\/it\/guatemala-un-monumento-pro-vita-nel-palazzo-governativo#article","isPartOf":{"@id":"https:\/\/ifamnews.com\/it\/guatemala-un-monumento-pro-vita-nel-palazzo-governativo"},"author":{"name":"iFamNews Italia","@id":"https:\/\/ifamnews.com\/en\/#\/schema\/person\/fafda7d79212f3690f4af10238556aac"},"headline":"Guatemala, un monumento per la vita nel Palazzo governativo","datePublished":"2022-02-09T16:00:00+00:00","mainEntityOfPage":{"@id":"https:\/\/ifamnews.com\/it\/guatemala-un-monumento-pro-vita-nel-palazzo-governativo"},"wordCount":218,"commentCount":0,"publisher":{"@id":"https:\/\/ifamnews.com\/en\/#organization"},"image":{"@id":"https:\/\/ifamnews.com\/it\/guatemala-un-monumento-pro-vita-nel-palazzo-governativo#primaryimage"},"thumbnailUrl":"https:\/\/ifamnews.com\/wp-content\/uploads\/2022\/02\/Image-from-MaxPixel.jpg","keywords":["Aborto","Guatemala"],"articleSection":["In evidenza","Vita"],"inLanguage":"it-IT","potentialAction":[{"@type":"CommentAction","name":"Comment","target":["https:\/\/ifamnews.com\/it\/guatemala-un-monumento-pro-vita-nel-palazzo-governativo#respond"]}]},{"@type":"WebPage","@id":"https:\/\/ifamnews.com\/it\/guatemala-un-monumento-pro-vita-nel-palazzo-governativo","url":"https:\/\/ifamnews.com\/it\/guatemala-un-monumento-pro-vita-nel-palazzo-governativo","name":"Guatemala, un monumento per la vita nel Palazzo governativo - IFN","isPartOf":{"@id":"https:\/\/ifamnews.com\/en\/#website"},"primaryImageOfPage":{"@id":"https:\/\/ifamnews.com\/it\/guatemala-un-monumento-pro-vita-nel-palazzo-governativo#primaryimage"},"image":{"@id":"https:\/\/ifamnews.com\/it\/guatemala-un-monumento-pro-vita-nel-palazzo-governativo#primaryimage"},"thumbnailUrl":"https:\/\/ifamnews.com\/wp-content\/uploads\/2022\/02\/Image-from-MaxPixel.jpg","datePublished":"2022-02-09T16:00:00+00:00","description":"Il 9 marzo nel Palazzo governativo della Guatemala sar\u00e0 installata una statua pro-life: la data diventer\u00e0 giornata nazionale per la Vita","breadcrumb":{"@id":"https:\/\/ifamnews.com\/it\/guatemala-un-monumento-pro-vita-nel-palazzo-governativo#breadcrumb"},"inLanguage":"it-IT","potentialAction":[{"@type":"ReadAction","target":["https:\/\/ifamnews.com\/it\/guatemala-un-monumento-pro-vita-nel-palazzo-governativo"]}]},{"@type":"ImageObject","inLanguage":"it-IT","@id":"https:\/\/ifamnews.com\/it\/guatemala-un-monumento-pro-vita-nel-palazzo-governativo#primaryimage","url":"https:\/\/ifamnews.com\/wp-content\/uploads\/2022\/02\/Image-from-MaxPixel.jpg","contentUrl":"https:\/\/ifamnews.com\/wp-content\/uploads\/2022\/02\/Image-from-MaxPixel.jpg","width":1200,"height":675,"caption":"Image from MaxPixel"},{"@type":"BreadcrumbList","@id":"https:\/\/ifamnews.com\/it\/guatemala-un-monumento-pro-vita-nel-palazzo-governativo#breadcrumb","itemListElement":[{"@type":"ListItem","position":1,"name":"Home","item":"https:\/\/ifamnews.com\/de"},{"@type":"ListItem","position":2,"name":"Life","item":"https:\/\/ifamnews.com\/en\/category\/life"},{"@type":"ListItem","position":3,"name":"Guatemala, un monumento per la vita nel Palazzo governativo"}]},{"@type":"WebSite","@id":"https:\/\/ifamnews.com\/en\/#website","url":"https:\/\/ifamnews.com\/en\/","name":"IFN","description":"International Family News Network","publisher":{"@id":"https:\/\/ifamnews.com\/en\/#organization"},"potentialAction":[{"@type":"SearchAction","target":{"@type":"EntryPoint","urlTemplate":"https:\/\/ifamnews.com\/en\/?s={search_term_string}"},"query-input":{"@type":"PropertyValueSpecification","valueRequired":true,"valueName":"search_term_string"}}],"inLanguage":"it-IT"},{"@type":"Organization","@id":"https:\/\/ifamnews.com\/en\/#organization","name":"iFamNews","url":"https:\/\/ifamnews.com\/en\/","logo":{"@type":"ImageObject","inLanguage":"it-IT","@id":"https:\/\/ifamnews.com\/en\/#\/schema\/logo\/image\/","url":"https:\/\/ifamnews.com\/wp-content\/uploads\/2020\/01\/Share-logo.png","contentUrl":"https:\/\/ifamnews.com\/wp-content\/uploads\/2020\/01\/Share-logo.png","width":200,"height":200,"caption":"iFamNews"},"image":{"@id":"https:\/\/ifamnews.com\/en\/#\/schema\/logo\/image\/"},"sameAs":["https:\/\/www.facebook.com\/iFamNews","https:\/\/x.com\/iFamNewsEN"]},{"@type":"Person","@id":"https:\/\/ifamnews.com\/en\/#\/schema\/person\/fafda7d79212f3690f4af10238556aac","name":"iFamNews Italia","image":{"@type":"ImageObject","inLanguage":"it-IT","@id":"https:\/\/secure.gravatar.com\/avatar\/2e50539bc89809bc22a0b2bb9dc3d7f67ffd1e564e5461707f0153146f8c99b5?s=96&d=mm&r=g","url":"https:\/\/secure.gravatar.com\/avatar\/2e50539bc89809bc22a0b2bb9dc3d7f67ffd1e564e5461707f0153146f8c99b5?s=96&d=mm&r=g","contentUrl":"https:\/\/secure.gravatar.com\/avatar\/2e50539bc89809bc22a0b2bb9dc3d7f67ffd1e564e5461707f0153146f8c99b5?s=96&d=mm&r=g","caption":"iFamNews Italia"},"description":"Articles published by the Italian iFamNews editorial team.","sameAs":["https:\/\/ifamnews.com\/it","https:\/\/www.facebook.com\/iFamNews\/","https:\/\/x.com\/https:\/\/twitter.com\/iFamNewsIT","https:\/\/www.youtube.com\/channel\/UCMVyIt4z9BANW3d09kwfUpw"],"url":"https:\/\/ifamnews.com\/it\/author\/redazioneit"}]}},"amp_enabled":true,"_links":{"self":[{"href":"https:\/\/ifamnews.com\/it\/wp-json\/wp\/v2\/posts\/122903","targetHints":{"allow":["GET"]}}],"collection":[{"href":"https:\/\/ifamnews.com\/it\/wp-json\/wp\/v2\/posts"}],"about":[{"href":"https:\/\/ifamnews.com\/it\/wp-json\/wp\/v2\/types\/post"}],"author":[{"embeddable":true,"href":"https:\/\/ifamnews.com\/it\/wp-json\/wp\/v2\/users\/46"}],"replies":[{"embeddable":true,"href":"https:\/\/ifamnews.com\/it\/wp-json\/wp\/v2\/comments?post=122903"}],"version-history":[{"count":3,"href":"https:\/\/ifamnews.com\/it\/wp-json\/wp\/v2\/posts\/122903\/revisions"}],"predecessor-version":[{"id":122982,"href":"https:\/\/ifamnews.com\/it\/wp-json\/wp\/v2\/posts\/122903\/revisions\/122982"}],"wp:featuredmedia":[{"embeddable":true,"href":"https:\/\/ifamnews.com\/it\/wp-json\/wp\/v2\/media\/122905"}],"wp:attachment":[{"href":"https:\/\/ifamnews.com\/it\/wp-json\/wp\/v2\/media?parent=122903"}],"wp:term":[{"taxonomy":"category","embeddable":true,"href":"https:\/\/ifamnews.com\/it\/wp-json\/wp\/v2\/categories?post=122903"},{"taxonomy":"post_tag","embeddable":true,"href":"https:\/\/ifamnews.com\/it\/wp-json\/wp\/v2\/tags?post=122903"}],"curies":[{"name":"wp","href":"https:\/\/api.w.org\/{rel}","templated":true}]}}