{"id":12205,"date":"2020-03-23T00:00:00","date_gmt":"2020-03-23T05:00:00","guid":{"rendered":"https:\/\/ifamnews.com\/?p=12205"},"modified":"2020-03-23T07:15:51","modified_gmt":"2020-03-23T12:15:51","slug":"sindaci-che-pregano-da-uomini-laici-e-liberi","status":"publish","type":"post","link":"https:\/\/ifamnews.com\/it\/sindaci-che-pregano-da-uomini-laici-e-liberi","title":{"rendered":"Sindaci che pregano da uomini laici e liberi"},"content":{"rendered":"\n<p>La laicit\u00e0 \u00e8 un grande valore. \u00abLaico\u00bb non significa infatti n\u00e9 \u00abareligioso\u00bb n\u00e9 tantomeno \u00abantireligioso\u00bb. L\u2019etimologia, come sempre, aiuta. La parola \u00ablaico\u00bb rimanda infatti al sostantivo greco \u00ab<em>laik\u00f3s\u00bb<\/em>, cio\u00e8 \u00abuno del popolo\u00bb in contrapposizione a chi appartiene a una \u201csociet\u00e0 chiusa\u201d (per esempio un&#8217;istituzione ecclesiastica), laddove appunto \u00ab<em>la\u00f3s<\/em>\u00bb significa \u00abpopolo\u00bb. Tant\u2019\u00e8 che il concetto di laicit\u00e0 \u00e8 enunciato a chiare lettere proprio nel <em>Vangelo<\/em>, l\u00e0 dove, alla domanda maliziosa di chi chiede se gli ebrei siano tenuti a pagare tributi all\u2019imperatore romano, Ges\u00f9 risponde: \u00abRendete [&#8230;] a Cesare quello che \u00e8 di Cesare e a Dio quello che \u00e8 di Dio\u00bb(<em>Mt<\/em> 22,21; cfr. anche <em>Mc<\/em> 12,17 e <em>Lc<\/em> 20,25).<\/p>\n\n\n\n<p>Con\nquelle parole Ges\u00f9 riconosce la legittimit\u00e0 dell\u2019autorit\u00e0 politica e quella del\nsuo raggio proprio di azione. Del resto, se la libert\u00e0 di Cesare \u00e8 riconosciuta\naccanto a quella Dio, quella di Dio resta accanto a quella di Cesare: la\nlibert\u00e0 di cui Cesare gode (e questa \u00e8 la laicit\u00e0) non lo autorizza cio\u00e8 a fare\na meno di Dio (e questo \u00e8 il laicismo, come estremizzazione antireligiosa della\nlaicit\u00e0).<\/p>\n\n\n\n<p>Non \u00e8\nlesa laicit\u00e0, dunque, che nel pieno della propria funzione pubblica una magistratura\ncivile compia un gesto religioso in ossequio al senso comune del popolo (<em>la\u00f3s<\/em>),\npersino per \u201cmera\u201d tradizione, oppure per autentico convincimento personale. Nemmeno\nil convincimento personale, infatti, suonerebbe imposizione, giacch\u00e9 un gesto religioso\npubblico di una magistratura civile sarebbe sempre e solo una proposta al\npopolo, foss\u2019anche di semplice testimonianza, popolo che pu\u00f2 liberamente aderirvi\noppure no.<\/p>\n\n\n\n<p>Il bene supremo, e non solo strumentale, della libert\u00e0 religiosa contempla, accanto alla distinzione fra ci\u00f2 che \u00e8 di Cesare e ci\u00f2 che \u00e8 di Dio, pure che Cesare dialoghi con Dio.<\/p>\n\n\n\n<p>Proprio\nquesto fanno ora diversi sindaci d\u2019Italia. <\/p>\n\n\n\n<p>Il flagello\ndel CoViD-19 sta funestando l\u2019Italia, trasformandola in un camposanto. Prendere\nin considerazione la preghiera in casi cos\u00ec \u00e8 da uomini. Non perch\u00e9, tentatele\ntutte, resti solamente quella, ma perch\u00e9 non \u00e8 contrario alla ragione tenere\nconto, fra tutte le cose che compongono la realt\u00e0, anche della sfera\nsoprannaturale. Tenutone conto, qualcuno potr\u00e0 liberamente concludere che la\nsfera soprannaturale sia vuota. Ne ha facolt\u00e0. Ma ovviamente non potr\u00e0 sentirsi\nleso in alcun modo se altri pensano diversamente, nemmeno se sono sindaci di\ncitt\u00e0. La libert\u00e0 \u00e8 cosa cos\u00ec magnifica da essere magnanima, da non essere gelosa,\nda non scandalizzarsi, da non rattrappirsi.<\/p>\n\n\n\n<p>Visto che la preghiera \u00e8 dunque cosa da uomini, e da sindaci, un\u2019associazione italiani di laici cattolici, Allenza Cattolica, ha, nei giorni scorsi, lanciato un appello di libert\u00e0. <a href=\"https:\/\/alleanzacattolica.org\/appello-ai-vescovi-e-ai-sindaci-ditalia\/\" target=\"_blank\" rel=\"noopener noreferrer\">Ha invitato i sindaci d\u2019Italia ad affidare il proprio Comune al Cuore Immacolato di Maria<\/a> per sconfiggere il male che ci funesta ora.<\/p>\n\n\n\n<p>Ebbene, un <a href=\"https:\/\/alleanzacattolica.org\/affidamento-alla-madonna\/\" target=\"_blank\" rel=\"noopener noreferrer\">certo numero di sindaci d\u2019Italia ha accettato la sfida e ha risposto, compiendo il gesto<\/a>: religioso, laico, libero. Altri ne verranno, e questa lista si allungher\u00e0.<\/p>\n\n\n\n<p>Ecco, &#8220;iFamNews&#8221; lancia una seconda sfida di libert\u00e0 ai propri lettori. Mostrate questa lista al vostro sindaco che ancora non compare in quell\u2019elenco e domandategli un gesto di grande libert\u00e0, domandategli di unirsi a quella schiera compiendo quel gesto. Allunghiamo assieme, cio\u00e8, quella lista. Costa solo un attimo di immensa libert\u00e0, quella libert\u00e0 religiosa che \u00e8 il primo diritto anche <em>politico<\/em> dell\u2019essere umano, il quale, per compierlo, necessita che ne venga difeso il primo diritto umano di tutti, quello alla vita dal concepimento alla morte naturale.<\/p>\n\n\n\n<p>Ah, questo\nnostro appello \u00e8 libero e per tutti. Anche per i non credenti, che non credono\nnel significato di quel gesto. Provino anche loro, da non credenti, a invitare\ni propri sindaci alla consacrazione. Se questo gesto \u00e8 vano perch\u00e9 Dio non esiste,\nnon ci avranno smenato nulla. Se invece Dio esiste, be\u2019, parliamone.<\/p>\n","protected":false},"excerpt":{"rendered":"<p>La peste del coronavirus spinge alcuni primi cittadini d&#8217;Italia a rivolgersi a Dio. Leggete qui qual \u00e8 la nostra proposta<\/p>\n","protected":false},"author":7,"featured_media":12243,"comment_status":"open","ping_status":"open","sticky":false,"template":"","format":"standard","meta":{"give_campaign_id":0,"om_disable_all_campaigns":false,"_monsterinsights_skip_tracking":false,"_monsterinsights_sitenote_active":false,"_monsterinsights_sitenote_note":"","_monsterinsights_sitenote_category":0,"mc4wp_mailchimp_campaign":[],"jnews-multi-image_gallery":[],"jnews_single_post":{"subtitle":"La peste del coronavirus spinge alcuni primi cittadini d'Italia a rivolgersi a Dio. Leggete a qui qual \u00e8 la nostra proposta","format":"standard","video":"","gallery":"","source_name":"","source_url":"","via_name":"","via_url":"","override":[{"single_blog_custom":"","sidebar":"","second_sidebar":"","share_position":"","share_float_style":"","post_date_format":"","post_date_format_custom":"","post_reading_time_wpm":"","zoom_button_out_step":"1","zoom_button_in_step":"1","number_popup_post":"1"}],"image_override":[{"single_post_thumbnail_size":"","single_post_gallery_size":""}],"trending_post_position":"","trending_post_label":""},"jnews_primary_category":{"id":"778"},"jnews_social_meta":{"fb_title":"","fb_description":"","fb_image":"","twitter_title":"","twitter_description":"","twitter_image":""},"jnews_override_counter":{"view_counter_number":"0","share_counter_number":"0","like_counter_number":"0","dislike_counter_number":"0"},"footnotes":""},"categories":[778],"tags":[2352,2353,2350,2349],"class_list":["post-12205","post","type-post","status-publish","format-standard","has-post-thumbnail","hentry","category-editoriali","tag-consacrazione","tag-cuore-immacolato-di-maria","tag-sindaci","tag-sindaco"],"yoast_head":"<!-- This site is optimized with the Yoast SEO Premium plugin v25.9 (Yoast SEO v27.3) - https:\/\/yoast.com\/product\/yoast-seo-premium-wordpress\/ -->\n<title>Sindaci che pregano da uomini laici e liberi - IFN<\/title>\n<meta name=\"description\" content=\"La peste del coronavirus spinge alcuni primi cittadini d&#039;Italia a rivolgersi a Dio. Leggete qui qual \u00e8 la nostra proposta\" \/>\n<meta name=\"robots\" content=\"index, follow, max-snippet:-1, max-image-preview:large, max-video-preview:-1\" \/>\n<link rel=\"canonical\" href=\"https:\/\/ifamnews.com\/it\/sindaci-che-pregano-da-uomini-laici-e-liberi\" \/>\n<meta property=\"og:locale\" content=\"it_IT\" \/>\n<meta property=\"og:type\" content=\"article\" \/>\n<meta property=\"og:title\" content=\"Sindaci che pregano da uomini laici e liberi\" \/>\n<meta property=\"og:description\" content=\"La peste del coronavirus spinge alcuni primi cittadini d&#039;Italia a rivolgersi a Dio. Leggete qui qual \u00e8 la nostra proposta\" \/>\n<meta property=\"og:url\" content=\"https:\/\/ifamnews.com\/it\/sindaci-che-pregano-da-uomini-laici-e-liberi\" \/>\n<meta property=\"og:site_name\" content=\"IFN\" \/>\n<meta property=\"article:publisher\" content=\"https:\/\/www.facebook.com\/iFamNews\" \/>\n<meta property=\"article:author\" content=\"https:\/\/facebook.com\/MarcoRespinti\" \/>\n<meta property=\"article:published_time\" content=\"2020-03-23T05:00:00+00:00\" \/>\n<meta property=\"article:modified_time\" content=\"2020-03-23T12:15:51+00:00\" \/>\n<meta property=\"og:image\" content=\"https:\/\/ifamnews.com\/wp-content\/uploads\/2020\/03\/fascia_tricolore-1.jpg\" \/>\n\t<meta property=\"og:image:width\" content=\"1280\" \/>\n\t<meta property=\"og:image:height\" content=\"720\" \/>\n\t<meta property=\"og:image:type\" content=\"image\/jpeg\" \/>\n<meta name=\"author\" content=\"Marco Respinti\" \/>\n<meta name=\"twitter:card\" content=\"summary_large_image\" \/>\n<meta name=\"twitter:creator\" content=\"@https:\/\/twitter.com\/MarcoRespinti\" \/>\n<meta name=\"twitter:site\" content=\"@iFamNewsEN\" \/>\n<meta name=\"twitter:label1\" content=\"Scritto da\" \/>\n\t<meta name=\"twitter:data1\" content=\"Marco Respinti\" \/>\n\t<meta name=\"twitter:label2\" content=\"Tempo di lettura stimato\" \/>\n\t<meta name=\"twitter:data2\" content=\"3 minuti\" \/>\n<!-- \/ Yoast SEO Premium plugin. -->","yoast_head_json":{"title":"Sindaci che pregano da uomini laici e liberi - IFN","description":"La peste del coronavirus spinge alcuni primi cittadini d'Italia a rivolgersi a Dio. Leggete qui qual \u00e8 la nostra proposta","robots":{"index":"index","follow":"follow","max-snippet":"max-snippet:-1","max-image-preview":"max-image-preview:large","max-video-preview":"max-video-preview:-1"},"canonical":"https:\/\/ifamnews.com\/it\/sindaci-che-pregano-da-uomini-laici-e-liberi","og_locale":"it_IT","og_type":"article","og_title":"Sindaci che pregano da uomini laici e liberi","og_description":"La peste del coronavirus spinge alcuni primi cittadini d'Italia a rivolgersi a Dio. Leggete qui qual \u00e8 la nostra proposta","og_url":"https:\/\/ifamnews.com\/it\/sindaci-che-pregano-da-uomini-laici-e-liberi","og_site_name":"IFN","article_publisher":"https:\/\/www.facebook.com\/iFamNews","article_author":"https:\/\/facebook.com\/MarcoRespinti","article_published_time":"2020-03-23T05:00:00+00:00","article_modified_time":"2020-03-23T12:15:51+00:00","og_image":[{"width":1280,"height":720,"url":"https:\/\/ifamnews.com\/wp-content\/uploads\/2020\/03\/fascia_tricolore-1.jpg","type":"image\/jpeg"}],"author":"Marco Respinti","twitter_card":"summary_large_image","twitter_creator":"@https:\/\/twitter.com\/MarcoRespinti","twitter_site":"@iFamNewsEN","twitter_misc":{"Scritto da":"Marco Respinti","Tempo di lettura stimato":"3 minuti"},"schema":{"@context":"https:\/\/schema.org","@graph":[{"@type":"NewsArticle","@id":"https:\/\/ifamnews.com\/it\/sindaci-che-pregano-da-uomini-laici-e-liberi#article","isPartOf":{"@id":"https:\/\/ifamnews.com\/it\/sindaci-che-pregano-da-uomini-laici-e-liberi"},"author":{"name":"Marco Respinti","@id":"https:\/\/ifamnews.com\/en\/#\/schema\/person\/f0579ab02623e80d44006c1a5d949ea9"},"headline":"Sindaci che pregano da uomini laici e liberi","datePublished":"2020-03-23T05:00:00+00:00","dateModified":"2020-03-23T12:15:51+00:00","mainEntityOfPage":{"@id":"https:\/\/ifamnews.com\/it\/sindaci-che-pregano-da-uomini-laici-e-liberi"},"wordCount":615,"commentCount":0,"publisher":{"@id":"https:\/\/ifamnews.com\/en\/#organization"},"image":{"@id":"https:\/\/ifamnews.com\/it\/sindaci-che-pregano-da-uomini-laici-e-liberi#primaryimage"},"thumbnailUrl":"https:\/\/ifamnews.com\/wp-content\/uploads\/2020\/03\/fascia_tricolore-1.jpg","keywords":["consacrazione","Cuore Immacolato di Maria","sindaci","sindaco"],"articleSection":["Editoriali"],"inLanguage":"it-IT","potentialAction":[{"@type":"CommentAction","name":"Comment","target":["https:\/\/ifamnews.com\/it\/sindaci-che-pregano-da-uomini-laici-e-liberi#respond"]}]},{"@type":"WebPage","@id":"https:\/\/ifamnews.com\/it\/sindaci-che-pregano-da-uomini-laici-e-liberi","url":"https:\/\/ifamnews.com\/it\/sindaci-che-pregano-da-uomini-laici-e-liberi","name":"Sindaci che pregano da uomini laici e liberi - IFN","isPartOf":{"@id":"https:\/\/ifamnews.com\/en\/#website"},"primaryImageOfPage":{"@id":"https:\/\/ifamnews.com\/it\/sindaci-che-pregano-da-uomini-laici-e-liberi#primaryimage"},"image":{"@id":"https:\/\/ifamnews.com\/it\/sindaci-che-pregano-da-uomini-laici-e-liberi#primaryimage"},"thumbnailUrl":"https:\/\/ifamnews.com\/wp-content\/uploads\/2020\/03\/fascia_tricolore-1.jpg","datePublished":"2020-03-23T05:00:00+00:00","dateModified":"2020-03-23T12:15:51+00:00","description":"La peste del coronavirus spinge alcuni primi cittadini d'Italia a rivolgersi a Dio. Leggete qui qual \u00e8 la nostra proposta","breadcrumb":{"@id":"https:\/\/ifamnews.com\/it\/sindaci-che-pregano-da-uomini-laici-e-liberi#breadcrumb"},"inLanguage":"it-IT","potentialAction":[{"@type":"ReadAction","target":["https:\/\/ifamnews.com\/it\/sindaci-che-pregano-da-uomini-laici-e-liberi"]}]},{"@type":"ImageObject","inLanguage":"it-IT","@id":"https:\/\/ifamnews.com\/it\/sindaci-che-pregano-da-uomini-laici-e-liberi#primaryimage","url":"https:\/\/ifamnews.com\/wp-content\/uploads\/2020\/03\/fascia_tricolore-1.jpg","contentUrl":"https:\/\/ifamnews.com\/wp-content\/uploads\/2020\/03\/fascia_tricolore-1.jpg","width":1280,"height":720,"caption":"Image from Google Images"},{"@type":"BreadcrumbList","@id":"https:\/\/ifamnews.com\/it\/sindaci-che-pregano-da-uomini-laici-e-liberi#breadcrumb","itemListElement":[{"@type":"ListItem","position":1,"name":"Home","item":"https:\/\/ifamnews.com\/de"},{"@type":"ListItem","position":2,"name":"Editoriali","item":"https:\/\/ifamnews.com\/it\/categoria\/editoriali"},{"@type":"ListItem","position":3,"name":"Sindaci che pregano da uomini laici e liberi"}]},{"@type":"WebSite","@id":"https:\/\/ifamnews.com\/en\/#website","url":"https:\/\/ifamnews.com\/en\/","name":"IFN","description":"International Family News Network","publisher":{"@id":"https:\/\/ifamnews.com\/en\/#organization"},"potentialAction":[{"@type":"SearchAction","target":{"@type":"EntryPoint","urlTemplate":"https:\/\/ifamnews.com\/en\/?s={search_term_string}"},"query-input":{"@type":"PropertyValueSpecification","valueRequired":true,"valueName":"search_term_string"}}],"inLanguage":"it-IT"},{"@type":"Organization","@id":"https:\/\/ifamnews.com\/en\/#organization","name":"iFamNews","url":"https:\/\/ifamnews.com\/en\/","logo":{"@type":"ImageObject","inLanguage":"it-IT","@id":"https:\/\/ifamnews.com\/en\/#\/schema\/logo\/image\/","url":"https:\/\/ifamnews.com\/wp-content\/uploads\/2020\/01\/Share-logo.png","contentUrl":"https:\/\/ifamnews.com\/wp-content\/uploads\/2020\/01\/Share-logo.png","width":200,"height":200,"caption":"iFamNews"},"image":{"@id":"https:\/\/ifamnews.com\/en\/#\/schema\/logo\/image\/"},"sameAs":["https:\/\/www.facebook.com\/iFamNews","https:\/\/x.com\/iFamNewsEN"]},{"@type":"Person","@id":"https:\/\/ifamnews.com\/en\/#\/schema\/person\/f0579ab02623e80d44006c1a5d949ea9","name":"Marco Respinti","image":{"@type":"ImageObject","inLanguage":"it-IT","@id":"https:\/\/secure.gravatar.com\/avatar\/4ab04a5127131015e13010f222e38621144dc33a5df5d977b35ceeab15ee958f?s=96&d=mm&r=g","url":"https:\/\/secure.gravatar.com\/avatar\/4ab04a5127131015e13010f222e38621144dc33a5df5d977b35ceeab15ee958f?s=96&d=mm&r=g","contentUrl":"https:\/\/secure.gravatar.com\/avatar\/4ab04a5127131015e13010f222e38621144dc33a5df5d977b35ceeab15ee958f?s=96&d=mm&r=g","caption":"Marco Respinti"},"description":"Marco Respinti was the Editor-in-Chief of International Family News until the end of 2022. He is an Italian professional journalist, member of the International Federation of Journalists (IFJ), essayist, translator, and lecturer. He has contributed and contributes to several journals and magazines both in print and online, both in Italy and abroad. Author of books, he has translated and\/or edited works by, among others, Edmund Burke, Charles Dickens, T.S. Eliot, Russell Kirk, J.R.R. Tolkien, R\u00e9gine Pernoud and Gustave Thibon. A Senior fellow at the\u00a0Russell Kirk Center for Cultural Renewal (Mecosta, Michigan) he is also a founding member as well as Board member of the Center for European Renewal (The Hague, The Netherlands). A member of the Editorial Board of The European Conservative magazine, as well as a member of the Advisory Council of the European Federation for Freedom of Belief, he serves as Director-in-Charge of the academic publication The Journal of CESNUR and the online Bitter Winter: A Magazine on Religious Liberty and Human Rights.","sameAs":["https:\/\/facebook.com\/MarcoRespinti","https:\/\/it.linkedin.com\/in\/marcorespinti","https:\/\/pinterest.it\/MarcoRespinti\/_created\/","https:\/\/x.com\/https:\/\/twitter.com\/MarcoRespinti","https:\/\/youtube.com\/channel\/UC1FbsvyQNTQ-snpsmRC12Og?view_as=subscriber"],"url":"https:\/\/ifamnews.com\/it\/author\/mrespinti"}]}},"amp_enabled":true,"_links":{"self":[{"href":"https:\/\/ifamnews.com\/it\/wp-json\/wp\/v2\/posts\/12205","targetHints":{"allow":["GET"]}}],"collection":[{"href":"https:\/\/ifamnews.com\/it\/wp-json\/wp\/v2\/posts"}],"about":[{"href":"https:\/\/ifamnews.com\/it\/wp-json\/wp\/v2\/types\/post"}],"author":[{"embeddable":true,"href":"https:\/\/ifamnews.com\/it\/wp-json\/wp\/v2\/users\/7"}],"replies":[{"embeddable":true,"href":"https:\/\/ifamnews.com\/it\/wp-json\/wp\/v2\/comments?post=12205"}],"version-history":[{"count":5,"href":"https:\/\/ifamnews.com\/it\/wp-json\/wp\/v2\/posts\/12205\/revisions"}],"predecessor-version":[{"id":12218,"href":"https:\/\/ifamnews.com\/it\/wp-json\/wp\/v2\/posts\/12205\/revisions\/12218"}],"wp:featuredmedia":[{"embeddable":true,"href":"https:\/\/ifamnews.com\/it\/wp-json\/wp\/v2\/media\/12243"}],"wp:attachment":[{"href":"https:\/\/ifamnews.com\/it\/wp-json\/wp\/v2\/media?parent=12205"}],"wp:term":[{"taxonomy":"category","embeddable":true,"href":"https:\/\/ifamnews.com\/it\/wp-json\/wp\/v2\/categories?post=12205"},{"taxonomy":"post_tag","embeddable":true,"href":"https:\/\/ifamnews.com\/it\/wp-json\/wp\/v2\/tags?post=12205"}],"curies":[{"name":"wp","href":"https:\/\/api.w.org\/{rel}","templated":true}]}}