{"id":121780,"date":"2022-02-04T04:00:00","date_gmt":"2022-02-04T09:00:00","guid":{"rendered":"https:\/\/ifamnews.com\/?p=121780"},"modified":"2022-02-04T12:14:01","modified_gmt":"2022-02-04T17:14:01","slug":"la-procreazione-medicalmente-assistita-non-la-soluzione-alla-crisi-demografica","status":"publish","type":"post","link":"https:\/\/ifamnews.com\/it\/la-procreazione-medicalmente-assistita-non-la-soluzione-alla-crisi-demografica","title":{"rendered":"La procreazione medicalmente assistita non \u00e8 la soluzione alla crisi demografica"},"content":{"rendered":"\n<p>\u00ab<a savefrom_lm_index=\"0\" savefrom_lm=\"1\" href=\"https:\/\/youtu.be\/dpujHkuRRUk\" target=\"_blank\" rel=\"noreferrer noopener\">Prevenire \u00e8 meglio che curare<\/a>\u00bb: un tormentone degli anni 1980, ma con un fondamento logico. Per evitare un problema, cio\u00e8, \u00e8 necessario impegnarsi per non giungere troppo tardi a tentare di risolverlo. Si diceva per le carie dentali, ma \u00e8 uno <em>slogan<\/em> che calza in diverse occasioni. Una di queste \u00e8 certamente il <a href=\"https:\/\/ifamnews.com\/it\/tag\/demografia\" target=\"_blank\" rel=\"noreferrer noopener\">problema della crisi demografica<\/a> legato all\u2019infertilit\u00e0 dilagante.<\/p>\n\n\n\n<p>Chi fosse dell\u2019opinione, come il dottor Filippo Ubaldi, presidente della Societ\u00e0 italiana di Fertilit\u00e0 e Sterilit\u00e0 &#8211; Medicina della Riproduzione (SIFES-MR), che <a href=\"https:\/\/www.vaticannews.va\/it\/papa\/news\/2021-12\/francesco-tragedia-inverno-demografico-italia.html\" target=\"_blank\" rel=\"noreferrer noopener\">l\u2019inverno demografico<\/a> possa essere reso pi\u00f9 tiepido senza occuparsi piuttosto di prevenirlo, evidentemente non ricorda quello <em>slogan<\/em>. <a href=\"http:\/\/www.quotidianosanita.it\/lavoro-e-professioni\/articolo.php?articolo_id=101435&amp;fr=n\" target=\"_blank\" rel=\"noreferrer noopener\">Insieme a lui anche Luca Mencaglia<\/a>, coordinatore del Tavolo tecnico per la ricerca e la formazione nella prevenzione e cura dell\u2019infertilit\u00e0, istituito presso il ministero della Salute, che afferma che \u00abl&#8217;Italia si trova nella morsa di una drammatica riduzione delle nascite e l&#8217;apporto della PMA potrebbe essere molto maggiore se si dedicassero a questa disciplina pi\u00f9 fondi\u00bb.<\/p>\n\n\n\n<p>Il <a href=\"https:\/\/www.salute.gov.it\/imgs\/C_17_bandi_107_listaFile_itemName_2_file.pdf\" target=\"_blank\" rel=\"noreferrer noopener\">ministero della Salute, tuttavia, diffonde<\/a> informazioni diverse, tra le quali spicca il fatto che \u00ab[\u2026] la fertilit\u00e0 \u00e8 quindi un bene da tutelare fin da giovane et\u00e0\u00bb, se le donne che ricorrono alla fecondazione extracorporea hanno mediamente 36 anni e si rivolgono alle tecniche di <a href=\"https:\/\/ifamnews.com\/it\/tag\/fecondazione-artificiale\" target=\"_blank\" rel=\"noreferrer noopener\">procreazione medicalmente assistita (PMA)<\/a> magari dopo un decennio di tentativi o di comportamenti dannosi, per contrastare i quali nessuno le aveva educate. Inoltre, non se la prendano Ubaldi e Mencaglia, i trattamenti finalizzati alla fecondazione extracorporea non sono <a href=\"https:\/\/www.generaumbria.it\/rischi-per-donna-e-nascituro-legati-alla-pma\/\" target=\"_blank\" rel=\"noreferrer noopener\">salutari n\u00e9 per la donna<\/a>, n\u00e9 tantomeno <a href=\"https:\/\/lanuovabq.it\/it\/pma-lutopia-smascherata\" target=\"_blank\" rel=\"noreferrer noopener\">per i bambini<\/a>.<\/p>\n\n\n\n<p>Da un altro documento <a href=\"https:\/\/www.salute.gov.it\/portale\/fertility\/dettaglioContenutiFertility.jsp?lingua=italiano&amp;id=4566&amp;area=fertilita&amp;menu=medicina\" target=\"_blank\" rel=\"noreferrer noopener\">emesso dal medesimo ministero, <\/a>emerge come l\u2019infertilit\u00e0 sia causata in modo drammatico da patologie ormonali e da infezioni sessualmente trasmissibili. \u00c8 proprio qui che la battaglia si gioca sulla prevenzione: in entrambe le situazioni, sia per le patologie sia per le infezioni, la prevenzione \u00e8 fondamentale, sin dalla pi\u00f9 tenera et\u00e0.<\/p>\n\n\n\n<p>Per quanto attiene le prime, conoscere la propria fisiologia \u00e8 per le donne fondamentale proprio e soprattutto in <a href=\"https:\/\/naturalwomanhood.org\/natural-options-for-managing-pcos\/\" target=\"_blank\" rel=\"noreferrer noopener\">questi casi<\/a>. E che dire della prevenzione delle infezioni sessualmente trasmissibili, terribili e gravissime? <a href=\"https:\/\/www.epicentro.iss.it\/ist\/epidemiologia-italia\" target=\"_blank\" rel=\"noreferrer noopener\">La diffusione di comportamenti sessuali scorretti<\/a> e dalle conseguenze dannose, per la salute generale e per la fertilit\u00e0, sia fra le donne sia fra gli uomini, spesso viene contrastata solamente con l\u2019indicazione di usare il preservativo, il che \u00e8 <a href=\"https:\/\/www.thefreelibrary.com\/The+barrier+performance+of+latex+rubber.-a014089514\" target=\"_blank\" rel=\"noreferrer noopener\">sbagliato e pericoloso<\/a>.<\/p>\n\n\n\n<p>Purtroppo la \u201ctoppa\u201d della fecondazione extracorporea \u00e8 peggio dello \u201cstrappo\u201d dell\u2019infertilit\u00e0 e questa politica al contrario del \u00abcurare \u00e8 meglio di prevenire\u00bb porta a danni enormi per la salute e nelle proposte finalizzate a risollevare la natalit\u00e0. Ci\u00f2 che non si vuole promuovere rispetto alle donne, e si sa che se vi si rivolgessero loro gli uomini le seguirebbero, \u00e8 la cosiddetta <em>fertility awereness<\/em>, la consapevolezza della propria fertilit\u00e0, proprio come racconta e spiega da anni la dottoressa Raffaella Pingitore, esperta di naprotecnologie.<\/p>\n\n\n\n<figure class=\"wp-block-embed aligncenter is-type-video is-provider-youtube wp-block-embed-youtube wp-embed-aspect-16-9 wp-has-aspect-ratio\"><div class=\"wp-block-embed__wrapper\">\n<div class=\"jeg_video_container jeg_video_content\"><iframe loading=\"lazy\" title=\"12. Dott.ssa Raffaella Pingitore - NaPro Technology\" width=\"500\" height=\"281\" src=\"https:\/\/www.youtube.com\/embed\/Q062t64rEEM?feature=oembed\" frameborder=\"0\" allow=\"accelerometer; autoplay; clipboard-write; encrypted-media; gyroscope; picture-in-picture; web-share\" referrerpolicy=\"strict-origin-when-cross-origin\" allowfullscreen><\/iframe><\/div>\n<\/div><figcaption>Raffaella Pingitore, nel 2018, al convegno per il 50\u00b0 anniversario di pubblicazione dell&#8217;enciclica <em><a href=\"https:\/\/www.vatican.va\/content\/paul-vi\/it\/encyclicals\/documents\/hf_p-vi_enc_25071968_humanae-vitae.html\" target=\"_blank\" rel=\"noreferrer noopener\">Humanae Vitae<\/a><\/em> di Papa san Paolo VI (1897-1978)<\/figcaption><\/figure>\n\n\n\n<p>La cura, insomma, peggiore della malattia.<\/p>\n","protected":false},"excerpt":{"rendered":"<p>Occorre prevenire il pi\u00f9 possibile l\u2019infertilit\u00e0 dilagante, invece di tentare di \u201ccurarla\u201d in extremis<\/p>\n","protected":false},"author":558,"featured_media":121823,"comment_status":"open","ping_status":"open","sticky":false,"template":"","format":"standard","meta":{"give_campaign_id":0,"om_disable_all_campaigns":false,"_monsterinsights_skip_tracking":false,"_monsterinsights_sitenote_active":false,"_monsterinsights_sitenote_note":"","_monsterinsights_sitenote_category":0,"mc4wp_mailchimp_campaign":[],"jnews-multi-image_gallery":[],"jnews_single_post":{"subtitle":"Occorre prevenire il pi\u00f9 possibile l\u2019infertilit\u00e0 dilagante, invece di tentare di \u201ccurarla\u201d in extremis","format":"standard","video":"","gallery":"","source_name":"","source_url":"","via_name":"","via_url":"","override":[{"template":"1","single_blog_custom":"","parallax":"1","fullscreen":"1","layout":"right-sidebar","sidebar":"default-sidebar","second_sidebar":"default-sidebar","sticky_sidebar":"1","share_position":"top","share_float_style":"share-monocrhome","show_share_counter":"1","show_view_counter":"1","show_featured":"1","show_post_meta":"1","show_post_author":"1","show_post_author_image":"1","show_post_date":"1","post_date_format":"default","post_date_format_custom":"Y\/m\/d","show_post_category":"1","post_reading_time_wpm":"300","zoom_button_out_step":"2","zoom_button_in_step":"3","show_post_tag":"1","show_prev_next_post":"1","show_popup_post":"1","number_popup_post":"1"}],"image_override":[{"single_post_thumbnail_size":"crop-500","single_post_gallery_size":"crop-500"}],"trending_post_position":"meta","trending_post_label":"Trending","sponsored_post_label":"Sponsored by","sponsored_post_name":"","sponsored_post_url":"","sponsored_post_logo":"","sponsored_post_desc":""},"jnews_primary_category":{"id":"817"},"jnews_social_meta":{"fb_title":"","fb_description":"","fb_image":"","twitter_title":"","twitter_description":"","twitter_image":""},"jnews_override_counter":{"view_counter_number":"0","share_counter_number":"0","like_counter_number":"0","dislike_counter_number":"0"},"footnotes":""},"categories":[951,817],"tags":[935,1100],"class_list":["post-121780","post","type-post","status-publish","format-standard","has-post-thumbnail","hentry","category-foreground-it","category-vita","tag-demografia","tag-fecondazione-artificiale"],"yoast_head":"<!-- This site is optimized with the Yoast SEO Premium plugin v25.9 (Yoast SEO v27.3) - https:\/\/yoast.com\/product\/yoast-seo-premium-wordpress\/ -->\n<title>La procreazione medicalmente assistita non \u00e8 la soluzione alla crisi demografica - IFN\u00abIFamNews\u00bb<\/title>\n<meta name=\"description\" content=\"Occorre prevenire il pi\u00f9 possibile l\u2019infertilit\u00e0 dilagante, soprattutto quella femminile, invece di tentare di \u201ccurarla\u201d in extremis\" \/>\n<meta name=\"robots\" content=\"index, follow, max-snippet:-1, max-image-preview:large, max-video-preview:-1\" \/>\n<link rel=\"canonical\" href=\"https:\/\/ifamnews.com\/it\/la-procreazione-medicalmente-assistita-non-la-soluzione-alla-crisi-demografica\" \/>\n<meta property=\"og:locale\" content=\"it_IT\" \/>\n<meta property=\"og:type\" content=\"article\" \/>\n<meta property=\"og:title\" content=\"La procreazione medicalmente assistita non \u00e8 la soluzione alla crisi demografica\" \/>\n<meta property=\"og:description\" content=\"Occorre prevenire il pi\u00f9 possibile l\u2019infertilit\u00e0 dilagante, soprattutto quella femminile, invece di tentare di \u201ccurarla\u201d in extremis\" \/>\n<meta property=\"og:url\" content=\"https:\/\/ifamnews.com\/it\/la-procreazione-medicalmente-assistita-non-la-soluzione-alla-crisi-demografica\" \/>\n<meta property=\"og:site_name\" content=\"IFN\" \/>\n<meta property=\"article:publisher\" content=\"https:\/\/www.facebook.com\/iFamNews\" \/>\n<meta property=\"article:published_time\" content=\"2022-02-04T09:00:00+00:00\" \/>\n<meta property=\"article:modified_time\" content=\"2022-02-04T17:14:01+00:00\" \/>\n<meta property=\"og:image\" content=\"https:\/\/ifamnews.com\/wp-content\/uploads\/2022\/02\/new-born-gbf00dfae7_1280.jpg\" \/>\n\t<meta property=\"og:image:width\" content=\"1280\" \/>\n\t<meta property=\"og:image:height\" content=\"719\" \/>\n\t<meta property=\"og:image:type\" content=\"image\/jpeg\" \/>\n<meta name=\"author\" content=\"Rachele Sagramoso\" \/>\n<meta name=\"twitter:card\" content=\"summary_large_image\" \/>\n<meta name=\"twitter:creator\" content=\"@iFamNewsEN\" \/>\n<meta name=\"twitter:site\" content=\"@iFamNewsEN\" \/>\n<meta name=\"twitter:label1\" content=\"Scritto da\" \/>\n\t<meta name=\"twitter:data1\" content=\"Rachele Sagramoso\" \/>\n\t<meta name=\"twitter:label2\" content=\"Tempo di lettura stimato\" \/>\n\t<meta name=\"twitter:data2\" content=\"3 minuti\" \/>\n<!-- \/ Yoast SEO Premium plugin. -->","yoast_head_json":{"title":"La procreazione medicalmente assistita non \u00e8 la soluzione alla crisi demografica - IFN\u00abIFamNews\u00bb","description":"Occorre prevenire il pi\u00f9 possibile l\u2019infertilit\u00e0 dilagante, soprattutto quella femminile, invece di tentare di \u201ccurarla\u201d in extremis","robots":{"index":"index","follow":"follow","max-snippet":"max-snippet:-1","max-image-preview":"max-image-preview:large","max-video-preview":"max-video-preview:-1"},"canonical":"https:\/\/ifamnews.com\/it\/la-procreazione-medicalmente-assistita-non-la-soluzione-alla-crisi-demografica","og_locale":"it_IT","og_type":"article","og_title":"La procreazione medicalmente assistita non \u00e8 la soluzione alla crisi demografica","og_description":"Occorre prevenire il pi\u00f9 possibile l\u2019infertilit\u00e0 dilagante, soprattutto quella femminile, invece di tentare di \u201ccurarla\u201d in extremis","og_url":"https:\/\/ifamnews.com\/it\/la-procreazione-medicalmente-assistita-non-la-soluzione-alla-crisi-demografica","og_site_name":"IFN","article_publisher":"https:\/\/www.facebook.com\/iFamNews","article_published_time":"2022-02-04T09:00:00+00:00","article_modified_time":"2022-02-04T17:14:01+00:00","og_image":[{"width":1280,"height":719,"url":"https:\/\/ifamnews.com\/wp-content\/uploads\/2022\/02\/new-born-gbf00dfae7_1280.jpg","type":"image\/jpeg"}],"author":"Rachele Sagramoso","twitter_card":"summary_large_image","twitter_creator":"@iFamNewsEN","twitter_site":"@iFamNewsEN","twitter_misc":{"Scritto da":"Rachele Sagramoso","Tempo di lettura stimato":"3 minuti"},"schema":{"@context":"https:\/\/schema.org","@graph":[{"@type":"NewsArticle","@id":"https:\/\/ifamnews.com\/it\/la-procreazione-medicalmente-assistita-non-la-soluzione-alla-crisi-demografica#article","isPartOf":{"@id":"https:\/\/ifamnews.com\/it\/la-procreazione-medicalmente-assistita-non-la-soluzione-alla-crisi-demografica"},"author":{"name":"Rachele Sagramoso","@id":"https:\/\/ifamnews.com\/en\/#\/schema\/person\/5501365943e7cd150917c663a0556b95"},"headline":"La procreazione medicalmente assistita non \u00e8 la soluzione alla crisi demografica","datePublished":"2022-02-04T09:00:00+00:00","dateModified":"2022-02-04T17:14:01+00:00","mainEntityOfPage":{"@id":"https:\/\/ifamnews.com\/it\/la-procreazione-medicalmente-assistita-non-la-soluzione-alla-crisi-demografica"},"wordCount":501,"commentCount":0,"publisher":{"@id":"https:\/\/ifamnews.com\/en\/#organization"},"image":{"@id":"https:\/\/ifamnews.com\/it\/la-procreazione-medicalmente-assistita-non-la-soluzione-alla-crisi-demografica#primaryimage"},"thumbnailUrl":"https:\/\/ifamnews.com\/wp-content\/uploads\/2022\/02\/new-born-gbf00dfae7_1280.jpg","keywords":["Demografia","Fecondazione artificiale"],"articleSection":["In evidenza","Vita"],"inLanguage":"it-IT","potentialAction":[{"@type":"CommentAction","name":"Comment","target":["https:\/\/ifamnews.com\/it\/la-procreazione-medicalmente-assistita-non-la-soluzione-alla-crisi-demografica#respond"]}]},{"@type":"WebPage","@id":"https:\/\/ifamnews.com\/it\/la-procreazione-medicalmente-assistita-non-la-soluzione-alla-crisi-demografica","url":"https:\/\/ifamnews.com\/it\/la-procreazione-medicalmente-assistita-non-la-soluzione-alla-crisi-demografica","name":"La procreazione medicalmente assistita non \u00e8 la soluzione alla crisi demografica - IFN\u00abIFamNews\u00bb","isPartOf":{"@id":"https:\/\/ifamnews.com\/en\/#website"},"primaryImageOfPage":{"@id":"https:\/\/ifamnews.com\/it\/la-procreazione-medicalmente-assistita-non-la-soluzione-alla-crisi-demografica#primaryimage"},"image":{"@id":"https:\/\/ifamnews.com\/it\/la-procreazione-medicalmente-assistita-non-la-soluzione-alla-crisi-demografica#primaryimage"},"thumbnailUrl":"https:\/\/ifamnews.com\/wp-content\/uploads\/2022\/02\/new-born-gbf00dfae7_1280.jpg","datePublished":"2022-02-04T09:00:00+00:00","dateModified":"2022-02-04T17:14:01+00:00","description":"Occorre prevenire il pi\u00f9 possibile l\u2019infertilit\u00e0 dilagante, soprattutto quella femminile, invece di tentare di \u201ccurarla\u201d in extremis","breadcrumb":{"@id":"https:\/\/ifamnews.com\/it\/la-procreazione-medicalmente-assistita-non-la-soluzione-alla-crisi-demografica#breadcrumb"},"inLanguage":"it-IT","potentialAction":[{"@type":"ReadAction","target":["https:\/\/ifamnews.com\/it\/la-procreazione-medicalmente-assistita-non-la-soluzione-alla-crisi-demografica"]}]},{"@type":"ImageObject","inLanguage":"it-IT","@id":"https:\/\/ifamnews.com\/it\/la-procreazione-medicalmente-assistita-non-la-soluzione-alla-crisi-demografica#primaryimage","url":"https:\/\/ifamnews.com\/wp-content\/uploads\/2022\/02\/new-born-gbf00dfae7_1280.jpg","contentUrl":"https:\/\/ifamnews.com\/wp-content\/uploads\/2022\/02\/new-born-gbf00dfae7_1280.jpg","width":1280,"height":719,"caption":"Image from Pixabay"},{"@type":"BreadcrumbList","@id":"https:\/\/ifamnews.com\/it\/la-procreazione-medicalmente-assistita-non-la-soluzione-alla-crisi-demografica#breadcrumb","itemListElement":[{"@type":"ListItem","position":1,"name":"Home","item":"https:\/\/ifamnews.com\/de"},{"@type":"ListItem","position":2,"name":"Life","item":"https:\/\/ifamnews.com\/en\/category\/life"},{"@type":"ListItem","position":3,"name":"La procreazione medicalmente assistita non \u00e8 la soluzione alla crisi demografica"}]},{"@type":"WebSite","@id":"https:\/\/ifamnews.com\/en\/#website","url":"https:\/\/ifamnews.com\/en\/","name":"IFN","description":"International Family News Network","publisher":{"@id":"https:\/\/ifamnews.com\/en\/#organization"},"potentialAction":[{"@type":"SearchAction","target":{"@type":"EntryPoint","urlTemplate":"https:\/\/ifamnews.com\/en\/?s={search_term_string}"},"query-input":{"@type":"PropertyValueSpecification","valueRequired":true,"valueName":"search_term_string"}}],"inLanguage":"it-IT"},{"@type":"Organization","@id":"https:\/\/ifamnews.com\/en\/#organization","name":"iFamNews","url":"https:\/\/ifamnews.com\/en\/","logo":{"@type":"ImageObject","inLanguage":"it-IT","@id":"https:\/\/ifamnews.com\/en\/#\/schema\/logo\/image\/","url":"https:\/\/ifamnews.com\/wp-content\/uploads\/2020\/01\/Share-logo.png","contentUrl":"https:\/\/ifamnews.com\/wp-content\/uploads\/2020\/01\/Share-logo.png","width":200,"height":200,"caption":"iFamNews"},"image":{"@id":"https:\/\/ifamnews.com\/en\/#\/schema\/logo\/image\/"},"sameAs":["https:\/\/www.facebook.com\/iFamNews","https:\/\/x.com\/iFamNewsEN"]},{"@type":"Person","@id":"https:\/\/ifamnews.com\/en\/#\/schema\/person\/5501365943e7cd150917c663a0556b95","name":"Rachele Sagramoso","image":{"@type":"ImageObject","inLanguage":"it-IT","@id":"https:\/\/secure.gravatar.com\/avatar\/feffeb04015355a9b7d88d1a9e79bb109bb1995d1b23b3218be7e08784f70254?s=96&d=mm&r=g","url":"https:\/\/secure.gravatar.com\/avatar\/feffeb04015355a9b7d88d1a9e79bb109bb1995d1b23b3218be7e08784f70254?s=96&d=mm&r=g","contentUrl":"https:\/\/secure.gravatar.com\/avatar\/feffeb04015355a9b7d88d1a9e79bb109bb1995d1b23b3218be7e08784f70254?s=96&d=mm&r=g","caption":"Rachele Sagramoso"},"description":"Kindergarten educator, graduated in Obstetrics when she was pregnant with her third daughter, freelancer, focuses on women's health from the womb onward. An advocate for the physiology of pregnancy, mother-child attachment, and fertility, she promotes women's empowerment starting with respect for the life of the embryo. She constantly delves into every topic concerning femininity and trains expectant mothers by volunteering in parishes. A mother of a large family, she is active in the field of parent-child relationships and affective and sexual education. She writes in La Croce Quotidiano and on two blogs: La Vera Maternit\u00e0, which deals with \"obstetrical\" issues, and Sei di tutto, where she recounts the events of her family.","url":"https:\/\/ifamnews.com\/it\/author\/rachele-sagramoso"}]}},"amp_enabled":true,"_links":{"self":[{"href":"https:\/\/ifamnews.com\/it\/wp-json\/wp\/v2\/posts\/121780","targetHints":{"allow":["GET"]}}],"collection":[{"href":"https:\/\/ifamnews.com\/it\/wp-json\/wp\/v2\/posts"}],"about":[{"href":"https:\/\/ifamnews.com\/it\/wp-json\/wp\/v2\/types\/post"}],"author":[{"embeddable":true,"href":"https:\/\/ifamnews.com\/it\/wp-json\/wp\/v2\/users\/558"}],"replies":[{"embeddable":true,"href":"https:\/\/ifamnews.com\/it\/wp-json\/wp\/v2\/comments?post=121780"}],"version-history":[{"count":5,"href":"https:\/\/ifamnews.com\/it\/wp-json\/wp\/v2\/posts\/121780\/revisions"}],"predecessor-version":[{"id":121943,"href":"https:\/\/ifamnews.com\/it\/wp-json\/wp\/v2\/posts\/121780\/revisions\/121943"}],"wp:featuredmedia":[{"embeddable":true,"href":"https:\/\/ifamnews.com\/it\/wp-json\/wp\/v2\/media\/121823"}],"wp:attachment":[{"href":"https:\/\/ifamnews.com\/it\/wp-json\/wp\/v2\/media?parent=121780"}],"wp:term":[{"taxonomy":"category","embeddable":true,"href":"https:\/\/ifamnews.com\/it\/wp-json\/wp\/v2\/categories?post=121780"},{"taxonomy":"post_tag","embeddable":true,"href":"https:\/\/ifamnews.com\/it\/wp-json\/wp\/v2\/tags?post=121780"}],"curies":[{"name":"wp","href":"https:\/\/api.w.org\/{rel}","templated":true}]}}