{"id":119903,"date":"2022-01-29T00:00:00","date_gmt":"2022-01-29T05:00:00","guid":{"rendered":"https:\/\/ifamnews.com\/?p=119903"},"modified":"2022-01-28T14:45:15","modified_gmt":"2022-01-28T19:45:15","slug":"se-vincesse-il-referendum-sulla-droga-sarebbe-un-manicomio","status":"publish","type":"post","link":"https:\/\/ifamnews.com\/it\/se-vincesse-il-referendum-sulla-droga-sarebbe-un-manicomio","title":{"rendered":"Se vincesse il referendum sulla droga sarebbe un manicomio"},"content":{"rendered":"\n<p><em>Una cosa sola \u00e8 chiara a <a href=\"https:\/\/ifamnews.com\/it\/cosa-si-cela-sotto-l-erba-del-referendum-sulla-droga\" target=\"_blank\" rel=\"noreferrer noopener\">proposito del <\/a><\/em><a href=\"https:\/\/ifamnews.com\/it\/cosa-si-cela-sotto-l-erba-del-referendum-sulla-droga\" target=\"_blank\" rel=\"noreferrer noopener\">referendum<\/a><em><a href=\"https:\/\/ifamnews.com\/it\/cosa-si-cela-sotto-l-erba-del-referendum-sulla-droga\" target=\"_blank\" rel=\"noreferrer noopener\"> sulla droga<\/a>. Fa male e bisogner\u00e0 dire NO. Lo abbiamo scritto, lo abbiamo ripetuto, lo ripeteremo e lo ripetiamo qui. Il <a href=\"https:\/\/www.centrostudilivatino.it\/\" target=\"_blank\" rel=\"noreferrer noopener\">Centro Studi Rosario Livatino (CSL)<\/a> ha di recente pubblicato <a href=\"https:\/\/www.centrostudilivatino.it\/referendum-droga-le-ragioni-di-una-possibile-inammissibilita\/\" target=\"_blank\" rel=\"noreferrer noopener\">un\u2019analisi acuta e articolata del tema a firma del presidente emerito di sezione della Cassazione Pietro Dubolino<\/a>. Ad Alfredo Mantovano, magistrato, e vicepresidente del CSL, \u00abiFamNews\u00bb ha domandato un chiarimento ulteriore della materia. Il magistrato ha accettato di buon grado e quella che segue \u00e8 la sua spiegazione.<\/em><br><em>-Marco Respinti<\/em><br><\/p>\n\n\n\n<div style=\"height:25px\" aria-hidden=\"true\" class=\"wp-block-spacer\"><\/div>\n\n\n\n<p>Con la prima parte del quesito referendario, <em>Abrogazione di disposizioni penali e di sanzioni amministrative in materia di coltivazione, produzione e traffico illecito di sostanze stupefacenti e psicotrope<\/em>, verrebbe abrogata la punizione della coltivazione di qualsiasi tipo di droga, non soltanto della <em>cannabis<\/em> e dei suoi derivati \u2013 si pensi all\u2019oppio, alla coca o ai funghi allucinogeni, con riferimento alle sanzioni previste dall\u2019<a href=\"http:\/\/Abrogazione%20di%20disposizioni%20penali%20e%20di%20sanzioni%20amministrative%20in%20materia%20di%20coltivazione,%20produzione%20e%20traffico%20illecito%20di%20sostanze%20stupefacenti%20e%20psicotrope.\" target=\"_blank\" rel=\"noreferrer noopener\">art. 73 del <em>Testo unico sugli stupefacenti<\/em><\/a>. Da quando esiste una normativa di prevenzione e di contrasto della droga, infatti, il divieto di coltivazione rappresenta una sorta di \u201cdifesa anticipata\u201d.<\/p>\n\n\n\n<p>Ma il risultato sarebbe di grande confusione, perch\u00e9 la proposta referendaria non tocca gli art. 26 e 28 dalle citata legge sulle droghe: il primo vieta la coltivazione delle piante, comprese tanto nella tabella I (coca e papavero da oppio), quanto nella tabella II (<em>cannabis<\/em>), e il secondo prevede che chi coltivi, senza autorizzazione, le suddette piante incorra nelle stesse \u00absanzioni penali ed amministrative stabilite per la fabbricazione illecita delle sostanze stesse\u00bb.<\/p>\n\n\n\n<p>L\u2019eventuale approvazione della proposta referendaria comporterebbe quindi che la coltivazione non autorizzata, tanto della coca e del papavero da oppio quanto della <em>cannabi<\/em>s, continuerebbe comunque a essere penalmente sanzionata, con la differenza, per\u00f2, che mentre per la coca e per il papavero la sanzione rimarrebbe quella della reclusione unita alla multa, quale prevista dal comma 1 dell\u2019art. 73, per la <em>cannabis<\/em>, soggetta alle previsioni del comma 4, rimarrebbe invece applicabile la sola multa.<\/p>\n\n\n\n<p>E sempre con la sola multa risulterebbero punibili tutte le altre condotte (produzione, fabbricazione, cessione, vendita, commercio, distribuzione e cos\u00ec via) previste dal comma 1 e richiamate in blocco dal comma 4, quando avessero in oggetto non solo la <em>cannabis<\/em> e i suoi derivati, di cui alla tabella II, ma anche le altre sostanze stupefacenti, di tipo sintetico, elencate nella tabella IV.<\/p>\n\n\n\n<p>Ora, \u00e8 difficile pensare che un tale assetto normativo sia conforme alle pi\u00f9 elementari esigenze di ragionevolezza e, prima ancora, di semplice buon senso. Somiglierebbe a un manicomio, e aprirebbe a ogni arbitrio interpretativo.<\/p>\n\n\n\n<p>Quel che \u00e8 certo \u00e8 che l\u2019approvazione del <em>referendum<\/em> riguarderebbe qualsiasi attivit\u00e0 di coltivazione, non soltanto in forma domestica, poich\u00e9 l\u2019abrogazione <em>tranchant<\/em> del \u00abcoltiva\u00bb prescinde dall\u2019estensione: l\u2019evidente maggiore remunerativit\u00e0 derivante dal dedicare un appezzamento di terreno alle piante di <em>cannabis<\/em>, invece che al basilico o ai pomodori, trasformer\u00e0 agricoltori spinti dall\u2019esclusivo intento di profitto in emuli dei talebani, con possibilit\u00e0 di spaziare all\u2019oppio e alla coca.<\/p>\n\n\n\n<p>N\u00e9 vale il <a href=\"https:\/\/ifamnews.com\/it\/i-fitocannabinoidi-potrebbero-prevenire-il-covid\" target=\"_blank\" rel=\"noreferrer noopener\">richiamo pietistico ai pazie<\/a>nti che ricaverebbero sollievo da oppiacei o cannabinoidi, e che invece ne sono impediti da divieti sadici: chi, medico o paziente, ha pratica di terapia del dolore riceve o somministra stupefacenti, come per esempio la morfina, ma sotto stretto controllo e per dosi rigorosamente commisurate all\u2019entit\u00e0 della sofferenza. La terapia del dolore non \u00e8 un irresponsabile fai-da-te: richiamarla in questa prospettiva \u00e8 dannoso per il malato e sfiduciante verso i medici a ci\u00f2 abilitati.<\/p>\n","protected":false},"excerpt":{"rendered":"<p>Gli agricoltori spinti dal mero profitto emuleranno i talebani, coltivando, non il basilico, bens\u00ec dall\u2019oppio alla coca<\/p>\n","protected":false},"author":50,"featured_media":97882,"comment_status":"open","ping_status":"open","sticky":false,"template":"","format":"standard","meta":{"give_campaign_id":0,"om_disable_all_campaigns":false,"_monsterinsights_skip_tracking":false,"_monsterinsights_sitenote_active":false,"_monsterinsights_sitenote_note":"","_monsterinsights_sitenote_category":0,"mc4wp_mailchimp_campaign":[],"jnews-multi-image_gallery":[],"jnews_single_post":{"subtitle":"Gli agricoltori spinti dal mero profitto emuleranno i talebani, coltivando, non il basilico, bens\u00ec dall\u2019oppio alla coca","format":"standard","video":"","gallery":"","source_name":"","source_url":"","via_name":"","via_url":"","override":[{"template":"1","single_blog_custom":"","parallax":"1","fullscreen":"1","layout":"right-sidebar","sidebar":"default-sidebar","second_sidebar":"default-sidebar","sticky_sidebar":"1","share_position":"top","share_float_style":"share-monocrhome","show_share_counter":"1","show_view_counter":"1","show_featured":"1","show_post_meta":"1","show_post_author":"1","show_post_author_image":"1","show_post_date":"1","post_date_format":"default","post_date_format_custom":"Y\/m\/d","show_post_category":"1","post_reading_time_wpm":"300","zoom_button_out_step":"2","zoom_button_in_step":"3","show_post_tag":"1","show_prev_next_post":"1","show_popup_post":"1","number_popup_post":"1"}],"image_override":[{"single_post_thumbnail_size":"crop-500","single_post_gallery_size":"crop-500"}],"trending_post_position":"meta","trending_post_label":"Trending","sponsored_post_label":"Sponsored by","sponsored_post_name":"","sponsored_post_url":"","sponsored_post_logo":"","sponsored_post_desc":""},"jnews_primary_category":{"id":"781"},"jnews_social_meta":{"fb_title":"","fb_description":"","fb_image":"","twitter_title":"","twitter_description":"","twitter_image":""},"jnews_override_counter":{"view_counter_number":"0","share_counter_number":"0","like_counter_number":"0","dislike_counter_number":"0"},"footnotes":""},"categories":[781,951],"tags":[707],"class_list":["post-119903","post","type-post","status-publish","format-standard","has-post-thumbnail","hentry","category-famiglia","category-foreground-it","tag-droga"],"yoast_head":"<!-- This site is optimized with the Yoast SEO Premium plugin v25.9 (Yoast SEO v27.3) - https:\/\/yoast.com\/product\/yoast-seo-premium-wordpress\/ -->\n<title>Se vincesse il referendum sulla droga sarebbe un manicomio - \u00abiFamNews\u00bb<\/title>\n<meta name=\"description\" content=\"Gli agricoltori spinti dal mero profitto emuleranno i talebani, coltivando, non il basilico, bens\u00ec dall\u2019oppio alla coca\" \/>\n<meta name=\"robots\" content=\"index, follow, max-snippet:-1, max-image-preview:large, max-video-preview:-1\" \/>\n<link rel=\"canonical\" href=\"https:\/\/ifamnews.com\/it\/se-vincesse-il-referendum-sulla-droga-sarebbe-un-manicomio\" \/>\n<meta property=\"og:locale\" content=\"it_IT\" \/>\n<meta property=\"og:type\" content=\"article\" \/>\n<meta property=\"og:title\" content=\"Se vincesse il referendum sulla droga sarebbe un manicomio\" \/>\n<meta property=\"og:description\" content=\"Gli agricoltori spinti dal mero profitto emuleranno i talebani, coltivando, non il basilico, bens\u00ec dall\u2019oppio alla coca\" \/>\n<meta property=\"og:url\" content=\"https:\/\/ifamnews.com\/it\/se-vincesse-il-referendum-sulla-droga-sarebbe-un-manicomio\" \/>\n<meta property=\"og:site_name\" content=\"IFN\" \/>\n<meta property=\"article:publisher\" content=\"https:\/\/www.facebook.com\/iFamNews\" \/>\n<meta property=\"article:published_time\" content=\"2022-01-29T05:00:00+00:00\" \/>\n<meta property=\"og:image\" content=\"https:\/\/ifamnews.com\/wp-content\/uploads\/2021\/10\/drugs-stop-drug-abuse.jpg\" \/>\n\t<meta property=\"og:image:width\" content=\"1200\" \/>\n\t<meta property=\"og:image:height\" content=\"675\" \/>\n\t<meta property=\"og:image:type\" content=\"image\/jpeg\" \/>\n<meta name=\"author\" content=\"Alfredo Mantovano\" \/>\n<meta name=\"twitter:card\" content=\"summary_large_image\" \/>\n<meta name=\"twitter:creator\" content=\"@iFamNewsEN\" \/>\n<meta name=\"twitter:site\" content=\"@iFamNewsEN\" \/>\n<meta name=\"twitter:label1\" content=\"Scritto da\" \/>\n\t<meta name=\"twitter:data1\" content=\"Alfredo Mantovano\" \/>\n\t<meta name=\"twitter:label2\" content=\"Tempo di lettura stimato\" \/>\n\t<meta name=\"twitter:data2\" content=\"3 minuti\" \/>\n<!-- \/ Yoast SEO Premium plugin. -->","yoast_head_json":{"title":"Se vincesse il referendum sulla droga sarebbe un manicomio - \u00abiFamNews\u00bb","description":"Gli agricoltori spinti dal mero profitto emuleranno i talebani, coltivando, non il basilico, bens\u00ec dall\u2019oppio alla coca","robots":{"index":"index","follow":"follow","max-snippet":"max-snippet:-1","max-image-preview":"max-image-preview:large","max-video-preview":"max-video-preview:-1"},"canonical":"https:\/\/ifamnews.com\/it\/se-vincesse-il-referendum-sulla-droga-sarebbe-un-manicomio","og_locale":"it_IT","og_type":"article","og_title":"Se vincesse il referendum sulla droga sarebbe un manicomio","og_description":"Gli agricoltori spinti dal mero profitto emuleranno i talebani, coltivando, non il basilico, bens\u00ec dall\u2019oppio alla coca","og_url":"https:\/\/ifamnews.com\/it\/se-vincesse-il-referendum-sulla-droga-sarebbe-un-manicomio","og_site_name":"IFN","article_publisher":"https:\/\/www.facebook.com\/iFamNews","article_published_time":"2022-01-29T05:00:00+00:00","og_image":[{"width":1200,"height":675,"url":"https:\/\/ifamnews.com\/wp-content\/uploads\/2021\/10\/drugs-stop-drug-abuse.jpg","type":"image\/jpeg"}],"author":"Alfredo Mantovano","twitter_card":"summary_large_image","twitter_creator":"@iFamNewsEN","twitter_site":"@iFamNewsEN","twitter_misc":{"Scritto da":"Alfredo Mantovano","Tempo di lettura stimato":"3 minuti"},"schema":{"@context":"https:\/\/schema.org","@graph":[{"@type":"NewsArticle","@id":"https:\/\/ifamnews.com\/it\/se-vincesse-il-referendum-sulla-droga-sarebbe-un-manicomio#article","isPartOf":{"@id":"https:\/\/ifamnews.com\/it\/se-vincesse-il-referendum-sulla-droga-sarebbe-un-manicomio"},"author":{"name":"Alfredo Mantovano","@id":"https:\/\/ifamnews.com\/en\/#\/schema\/person\/d7628407a5b1c6667b738d6e3e06eac1"},"headline":"Se vincesse il referendum sulla droga sarebbe un manicomio","datePublished":"2022-01-29T05:00:00+00:00","mainEntityOfPage":{"@id":"https:\/\/ifamnews.com\/it\/se-vincesse-il-referendum-sulla-droga-sarebbe-un-manicomio"},"wordCount":573,"commentCount":0,"publisher":{"@id":"https:\/\/ifamnews.com\/en\/#organization"},"image":{"@id":"https:\/\/ifamnews.com\/it\/se-vincesse-il-referendum-sulla-droga-sarebbe-un-manicomio#primaryimage"},"thumbnailUrl":"https:\/\/ifamnews.com\/wp-content\/uploads\/2021\/10\/drugs-stop-drug-abuse.jpg","keywords":["Droga"],"articleSection":["Famiglia","In evidenza"],"inLanguage":"it-IT","potentialAction":[{"@type":"CommentAction","name":"Comment","target":["https:\/\/ifamnews.com\/it\/se-vincesse-il-referendum-sulla-droga-sarebbe-un-manicomio#respond"]}]},{"@type":"WebPage","@id":"https:\/\/ifamnews.com\/it\/se-vincesse-il-referendum-sulla-droga-sarebbe-un-manicomio","url":"https:\/\/ifamnews.com\/it\/se-vincesse-il-referendum-sulla-droga-sarebbe-un-manicomio","name":"Se vincesse il referendum sulla droga sarebbe un manicomio - \u00abiFamNews\u00bb","isPartOf":{"@id":"https:\/\/ifamnews.com\/en\/#website"},"primaryImageOfPage":{"@id":"https:\/\/ifamnews.com\/it\/se-vincesse-il-referendum-sulla-droga-sarebbe-un-manicomio#primaryimage"},"image":{"@id":"https:\/\/ifamnews.com\/it\/se-vincesse-il-referendum-sulla-droga-sarebbe-un-manicomio#primaryimage"},"thumbnailUrl":"https:\/\/ifamnews.com\/wp-content\/uploads\/2021\/10\/drugs-stop-drug-abuse.jpg","datePublished":"2022-01-29T05:00:00+00:00","description":"Gli agricoltori spinti dal mero profitto emuleranno i talebani, coltivando, non il basilico, bens\u00ec dall\u2019oppio alla coca","breadcrumb":{"@id":"https:\/\/ifamnews.com\/it\/se-vincesse-il-referendum-sulla-droga-sarebbe-un-manicomio#breadcrumb"},"inLanguage":"it-IT","potentialAction":[{"@type":"ReadAction","target":["https:\/\/ifamnews.com\/it\/se-vincesse-il-referendum-sulla-droga-sarebbe-un-manicomio"]}]},{"@type":"ImageObject","inLanguage":"it-IT","@id":"https:\/\/ifamnews.com\/it\/se-vincesse-il-referendum-sulla-droga-sarebbe-un-manicomio#primaryimage","url":"https:\/\/ifamnews.com\/wp-content\/uploads\/2021\/10\/drugs-stop-drug-abuse.jpg","contentUrl":"https:\/\/ifamnews.com\/wp-content\/uploads\/2021\/10\/drugs-stop-drug-abuse.jpg","width":1200,"height":675,"caption":"Image form Pxfuel"},{"@type":"BreadcrumbList","@id":"https:\/\/ifamnews.com\/it\/se-vincesse-il-referendum-sulla-droga-sarebbe-un-manicomio#breadcrumb","itemListElement":[{"@type":"ListItem","position":1,"name":"Home","item":"https:\/\/ifamnews.com\/de"},{"@type":"ListItem","position":2,"name":"Famiglia","item":"https:\/\/ifamnews.com\/it\/categoria\/famiglia"},{"@type":"ListItem","position":3,"name":"Se vincesse il referendum sulla droga sarebbe un manicomio"}]},{"@type":"WebSite","@id":"https:\/\/ifamnews.com\/en\/#website","url":"https:\/\/ifamnews.com\/en\/","name":"IFN","description":"International Family News Network","publisher":{"@id":"https:\/\/ifamnews.com\/en\/#organization"},"potentialAction":[{"@type":"SearchAction","target":{"@type":"EntryPoint","urlTemplate":"https:\/\/ifamnews.com\/en\/?s={search_term_string}"},"query-input":{"@type":"PropertyValueSpecification","valueRequired":true,"valueName":"search_term_string"}}],"inLanguage":"it-IT"},{"@type":"Organization","@id":"https:\/\/ifamnews.com\/en\/#organization","name":"iFamNews","url":"https:\/\/ifamnews.com\/en\/","logo":{"@type":"ImageObject","inLanguage":"it-IT","@id":"https:\/\/ifamnews.com\/en\/#\/schema\/logo\/image\/","url":"https:\/\/ifamnews.com\/wp-content\/uploads\/2020\/01\/Share-logo.png","contentUrl":"https:\/\/ifamnews.com\/wp-content\/uploads\/2020\/01\/Share-logo.png","width":200,"height":200,"caption":"iFamNews"},"image":{"@id":"https:\/\/ifamnews.com\/en\/#\/schema\/logo\/image\/"},"sameAs":["https:\/\/www.facebook.com\/iFamNews","https:\/\/x.com\/iFamNewsEN"]},{"@type":"Person","@id":"https:\/\/ifamnews.com\/en\/#\/schema\/person\/d7628407a5b1c6667b738d6e3e06eac1","name":"Alfredo Mantovano","image":{"@type":"ImageObject","inLanguage":"it-IT","@id":"https:\/\/secure.gravatar.com\/avatar\/c8ee6fe8d6a6b8943ece4dbfcf740db753eecc95ba5fc2ee672d5c24847b447c?s=96&d=mm&r=g","url":"https:\/\/secure.gravatar.com\/avatar\/c8ee6fe8d6a6b8943ece4dbfcf740db753eecc95ba5fc2ee672d5c24847b447c?s=96&d=mm&r=g","contentUrl":"https:\/\/secure.gravatar.com\/avatar\/c8ee6fe8d6a6b8943ece4dbfcf740db753eecc95ba5fc2ee672d5c24847b447c?s=96&d=mm&r=g","caption":"Alfredo Mantovano"},"description":"Alfredo Mantovano is an adviser to the 2nd Criminal Chamber of the Supreme Court of Cassation. He was three times deputy and once senator, and for nearly nine years he served as undersecretary at the Ministry of the Interior, with responsibility for public security. He has published - alone or with others - 15 volumes on issues concerning justice, security and immigration. He is a founding member of the church association Catholic Alliance, president of the Italian section of the Foundation of Pontifical Law Aid to the Church in Need, vice-president of the Rosario Livatino Study Center and editor-in-chief of the six-monthly magazine L-Jus, the online expression of the same Study Center.","url":"https:\/\/ifamnews.com\/it\/author\/amantovano"}]}},"amp_enabled":true,"_links":{"self":[{"href":"https:\/\/ifamnews.com\/it\/wp-json\/wp\/v2\/posts\/119903","targetHints":{"allow":["GET"]}}],"collection":[{"href":"https:\/\/ifamnews.com\/it\/wp-json\/wp\/v2\/posts"}],"about":[{"href":"https:\/\/ifamnews.com\/it\/wp-json\/wp\/v2\/types\/post"}],"author":[{"embeddable":true,"href":"https:\/\/ifamnews.com\/it\/wp-json\/wp\/v2\/users\/50"}],"replies":[{"embeddable":true,"href":"https:\/\/ifamnews.com\/it\/wp-json\/wp\/v2\/comments?post=119903"}],"version-history":[{"count":5,"href":"https:\/\/ifamnews.com\/it\/wp-json\/wp\/v2\/posts\/119903\/revisions"}],"predecessor-version":[{"id":120088,"href":"https:\/\/ifamnews.com\/it\/wp-json\/wp\/v2\/posts\/119903\/revisions\/120088"}],"wp:featuredmedia":[{"embeddable":true,"href":"https:\/\/ifamnews.com\/it\/wp-json\/wp\/v2\/media\/97882"}],"wp:attachment":[{"href":"https:\/\/ifamnews.com\/it\/wp-json\/wp\/v2\/media?parent=119903"}],"wp:term":[{"taxonomy":"category","embeddable":true,"href":"https:\/\/ifamnews.com\/it\/wp-json\/wp\/v2\/categories?post=119903"},{"taxonomy":"post_tag","embeddable":true,"href":"https:\/\/ifamnews.com\/it\/wp-json\/wp\/v2\/tags?post=119903"}],"curies":[{"name":"wp","href":"https:\/\/api.w.org\/{rel}","templated":true}]}}