{"id":116464,"date":"2022-01-23T00:00:00","date_gmt":"2022-01-23T05:00:00","guid":{"rendered":"https:\/\/ifamnews.com\/?p=116464"},"modified":"2022-01-22T04:56:32","modified_gmt":"2022-01-22T09:56:32","slug":"ci-sono-otto-generi-dice-una-universit-presunta-cattolica","status":"publish","type":"post","link":"https:\/\/ifamnews.com\/it\/ci-sono-otto-generi-dice-una-universit-presunta-cattolica","title":{"rendered":"Ci sono otto generi, dice una universit\u00e0 (presunta) cattolica"},"content":{"rendered":"\n<p>Se c&#8217;\u00e8 qualcosa di cui la Chiesa Cattolica \u00e8 certa, questa \u00e8 che ci siano solo due sessi, e che sesso e genere siano fortemente legati. Per quanto riguarda i due sessi, gli unici, la Chiesa si \u00e8 sempre attenuta al libro della <em>Genesi<\/em>: \u00abDio cre\u00f2 l&#8217;uomo a sua immagine; a immagine di Dio lo cre\u00f2; maschio e femmina li cre\u00f2\u00bb. (1, 27). Il <a href=\"https:\/\/www.vatican.va\/archive\/catechism_it\/p1s2c1p6_it.htm\" target=\"_blank\" rel=\"noreferrer noopener\"><em>Catechismo della Chiesa Cattolica<\/em>, del 1997<\/a>, che ne contiene gli insegnamenti , afferma: \u00abL&#8217;uomo e la donna sono creati, cio\u00e8 sono voluti da Dio [\u2026] &#8220;Essere uomo&#8221;, &#8220;essere donna&#8221; \u00e8 una realt\u00e0 buona e voluta da Dio\u00bb (paragrafo 369). Quindi i sessi sonon solo due: non ce n&#8217;\u00e8 un terzo (o un quarto, un quinto, e cos\u00ec via).<\/p>\n\n\n\n<p>Riguardo al fatto che il sesso e il genere siano fortemente correlati, il &#8220;Catechismo&#8221; afferma: \u00abL&#8217;unit\u00e0 dell&#8217;anima e del corpo \u00e8 cos\u00ec profonda che si deve considerare l&#8217;anima come la &#8220;forma&#8221; del corpo; ci\u00f2 significa che grazie all&#8217;anima spirituale il corpo, composto di materia, \u00e8 un corpo umano e vivente; lo spirito e la materia, nell&#8217;uomo, non sono due nature congiunte, ma la loro unione forma un&#8217;unica natura\u00bb (<a href=\"https:\/\/www.vatican.va\/archive\/catechism_it\/p1s2c1p6_it.htm\" target=\"_blank\" rel=\"noreferrer noopener\">par. 365<\/a>). Nel documento della <a href=\"http:\/\/www.educatio.va\/content\/dam\/cec\/Documenti\/19_0996_ITA.pdf\" target=\"_blank\" rel=\"noreferrer noopener\">Congregazione per l&#8217;educazione cattolica del 2019 <em>\u00abMaschio e femmina li cre\u00f2\u00bb<\/em><\/a>, la Chiesa dice che uno dei principali problemi della teoria postmoderna del genere \u00e8 la sua separazione del sesso dal genere:<\/p>\n\n\n\n<p>\u00abIn questo <em>contesto culturale<\/em>, si comprende bene che <em>sesso<\/em> e <em>genere<\/em> non sono pi\u00f9 sinonimi e, quindi, concetti interscambiabili, in quanto descrivono due entit\u00e0 diverse. Il sesso definisce l\u2019appartenenza a una delle due categorie biologiche che derivano dalla diade originaria, femmina e maschio. Il genere, invece, \u00e8 il modo in cui si vive, in ogni cultura la differenza tra i due sessi. Il problema non sta nella distinzione in s\u00e9, la quale pu\u00f2 essere interpretata rettamente, ma in una separazione tra sesso e <em>gender<\/em>. Da questa separazione consegue la distinzione di diversi \u201corientamenti sessuali\u201d che non vengono pi\u00f9 definiti dalla differenza sessuale tra maschio e femmina, ma possono assumere altre forme, determinate solo dall\u2019individuo radicalmente autonomo. Inoltre, lo stesso concetto di <em>gender<\/em> va a dipendere dall\u2019atteggiamento soggettivo della persona, che pu\u00f2 scegliere un genere che non corrisponde con la sua sessualit\u00e0 biologica e, quindi, con il modo in cui lo considerano gli altri (<em>transgender<\/em>)\u00bb (n. 11).<\/p>\n\n\n\n<p>Ora, nonostante una dottrina cattolica molto chiara sul numero dei sessi, e su come il sesso e il genere siano intimamente legati, la pi\u00f9 grande (presunta) universit\u00e0 cattolica degli stati Uniti d&#8217;America dissente pubblicamente da questi insegnamenti. Come riporta <a href=\"https:\/\/www.dailywire.com\/news\/americas-largest-catholic-college-now-promoting-at-least-eight-different-genders?inf_contact_key=6135354986bd6d17ee24ba1dfae4046fb7af0999dac2af6212784c39e05d2aef\" target=\"_blank\" rel=\"noreferrer noopener\"><em>The Daily Wire<\/em><\/a>, la DePaul University di Chicago adesso permette agli studenti di scegliere fra 8 generi, quando si tratat di compilare documenti ufficiali e altri moduli dell&#8217;ateneo. Gli studenti possono cio\u00e8 scegliere tra maschio, femmina, intersessuale, non-binario, maschio <em>transgender<\/em>, femmina <em>transgender<\/em>, <em>cisgender<\/em>, non specificato, e \u00abnon desidero identificarmi\u00bb.<\/p>\n\n\n\n<p>Visto lo scandalo che un&#8217;istituzione cattolica sta generando, la Chiesa Cattolica dovrebbe correggee tale istituzione. Colui a cui, normalmente, spetterebbe farlo, nella Chiesa Cattolica, \u00e8 il vescovo della diocesi in cui tale istituzione ha sede, ovvero, nella fattispecie, il cardinale Blaise Cupich,  arcivescovo di Chicago. Ma non lo far\u00e0, visto che sul punto il cardinal Cupich sostiene posizioni anloghe, come <a href=\"https:\/\/www.americamagazine.org\/politics-society\/2017\/07\/18\/chicagos-cardinal-cupich-saying-gay-lesbian-and-lgbt-step-toward\" target=\"_blank\" rel=\"noreferrer noopener\">ha dichiarato<\/a> nel 2017: \u00abPenso che si debbano rispettare i termini <em>gay<\/em> e lesbica, LGBT e tutti gli altri appellativi di cui le persone si fregiano. Le persone dovrebbero venire chiamate nel modo in cui vogliono essere chiamate e non essere noi a inventarci termini con cui ci sentiamo forse pi\u00f9 a nostro agio. Comicniamo da queto\u00bb.<\/p>\n\n\n\n<p>Chi allora affronter\u00e0 coraggiosamente quell&#8217;universit\u00e0 per difendere l&#8217;insegnamento della Chiesa? Se la DePaul University fosse un&#8217;istituzione laica, non dovrebbe preoccuparsi della dottrina cattolica. Ma, visto che si presenta come un&#8217;ateno cattolico, ha il dovere di conformarsi all&#8217;insegnamento della Chiesa cattolica oppure deve smettere di dichiarrsi un&#8217;istituzione cattolica.<\/p>\n","protected":false},"excerpt":{"rendered":"<p>La DePaul University di Chicago si pone in netto contrasto con evidenza, scienza e dottrina<\/p>\n","protected":false},"author":651,"featured_media":116447,"comment_status":"open","ping_status":"open","sticky":false,"template":"","format":"standard","meta":{"give_campaign_id":0,"om_disable_all_campaigns":false,"_monsterinsights_skip_tracking":false,"_monsterinsights_sitenote_active":false,"_monsterinsights_sitenote_note":"","_monsterinsights_sitenote_category":0,"mc4wp_mailchimp_campaign":[],"jnews-multi-image_gallery":[],"jnews_single_post":{"subtitle":"La DePaul University di Chicago si pone in netto contrasto con evidenza, scienza e dottrina","format":"standard","video":"","gallery":"","source_name":"","source_url":"","via_name":"","via_url":"","override":[{"template":"1","single_blog_custom":"","parallax":"1","fullscreen":"1","layout":"right-sidebar","sidebar":"default-sidebar","second_sidebar":"default-sidebar","sticky_sidebar":"1","share_position":"top","share_float_style":"share-monocrhome","show_share_counter":"1","show_view_counter":"1","show_featured":"1","show_post_meta":"1","show_post_author":"1","show_post_author_image":"1","show_post_date":"1","post_date_format":"default","post_date_format_custom":"Y\/m\/d","show_post_category":"1","post_reading_time_wpm":"300","zoom_button_out_step":"2","zoom_button_in_step":"3","show_post_tag":"1","show_prev_next_post":"1","show_popup_post":"1","number_popup_post":"1"}],"image_override":[{"single_post_thumbnail_size":"crop-500","single_post_gallery_size":"crop-500"}],"trending_post_position":"meta","trending_post_label":"Trending","sponsored_post_label":"Sponsored by","sponsored_post_name":"","sponsored_post_url":"","sponsored_post_logo":"","sponsored_post_desc":""},"jnews_primary_category":{"id":"764"},"jnews_social_meta":{"fb_title":"","fb_description":"","fb_image":"","twitter_title":"","twitter_description":"","twitter_image":""},"jnews_override_counter":{"view_counter_number":"0","share_counter_number":"0","like_counter_number":"0","dislike_counter_number":"0"},"footnotes":""},"categories":[764,951],"tags":[702,9603],"class_list":["post-116464","post","type-post","status-publish","format-standard","has-post-thumbnail","hentry","category-cultura","category-foreground-it","tag-chiesa-cattolica","tag-lgbt-it"],"yoast_head":"<!-- This site is optimized with the Yoast SEO Premium plugin v25.9 (Yoast SEO v27.3) - https:\/\/yoast.com\/product\/yoast-seo-premium-wordpress\/ -->\n<title>Ci sono otto generi, dice una universit\u00e0 (presunta) cattolica - IFN<\/title>\n<meta name=\"description\" content=\"La DePaul University di Chicago si pone in netto contrasto con evidenza, scienza e dottrina. Un probema serio per chi si definisce cattolico\" \/>\n<meta name=\"robots\" content=\"index, follow, max-snippet:-1, max-image-preview:large, max-video-preview:-1\" \/>\n<link rel=\"canonical\" href=\"https:\/\/ifamnews.com\/it\/ci-sono-otto-generi-dice-una-universit-presunta-cattolica\" \/>\n<meta property=\"og:locale\" content=\"it_IT\" \/>\n<meta property=\"og:type\" content=\"article\" \/>\n<meta property=\"og:title\" content=\"Ci sono otto generi, dice una universit\u00e0 (presunta) cattolica\" \/>\n<meta property=\"og:description\" content=\"La DePaul University di Chicago si pone in netto contrasto con evidenza, scienza e dottrina. Un probema serio per chi si definisce cattolico\" \/>\n<meta property=\"og:url\" content=\"https:\/\/ifamnews.com\/it\/ci-sono-otto-generi-dice-una-universit-presunta-cattolica\" \/>\n<meta property=\"og:site_name\" content=\"IFN\" \/>\n<meta property=\"article:publisher\" content=\"https:\/\/www.facebook.com\/iFamNews\" \/>\n<meta property=\"article:published_time\" content=\"2022-01-23T05:00:00+00:00\" \/>\n<meta property=\"og:image\" content=\"https:\/\/ifamnews.com\/wp-content\/uploads\/2022\/01\/Untitled-design-22.jpg\" \/>\n\t<meta property=\"og:image:width\" content=\"1640\" \/>\n\t<meta property=\"og:image:height\" content=\"924\" \/>\n\t<meta property=\"og:image:type\" content=\"image\/jpeg\" \/>\n<meta name=\"author\" content=\"Cato\" \/>\n<meta name=\"twitter:card\" content=\"summary_large_image\" \/>\n<meta name=\"twitter:creator\" content=\"@iFamNewsEN\" \/>\n<meta name=\"twitter:site\" content=\"@iFamNewsEN\" \/>\n<meta name=\"twitter:label1\" content=\"Scritto da\" \/>\n\t<meta name=\"twitter:data1\" content=\"Cato\" \/>\n\t<meta name=\"twitter:label2\" content=\"Tempo di lettura stimato\" \/>\n\t<meta name=\"twitter:data2\" content=\"3 minuti\" \/>\n<!-- \/ Yoast SEO Premium plugin. -->","yoast_head_json":{"title":"Ci sono otto generi, dice una universit\u00e0 (presunta) cattolica - IFN","description":"La DePaul University di Chicago si pone in netto contrasto con evidenza, scienza e dottrina. Un probema serio per chi si definisce cattolico","robots":{"index":"index","follow":"follow","max-snippet":"max-snippet:-1","max-image-preview":"max-image-preview:large","max-video-preview":"max-video-preview:-1"},"canonical":"https:\/\/ifamnews.com\/it\/ci-sono-otto-generi-dice-una-universit-presunta-cattolica","og_locale":"it_IT","og_type":"article","og_title":"Ci sono otto generi, dice una universit\u00e0 (presunta) cattolica","og_description":"La DePaul University di Chicago si pone in netto contrasto con evidenza, scienza e dottrina. Un probema serio per chi si definisce cattolico","og_url":"https:\/\/ifamnews.com\/it\/ci-sono-otto-generi-dice-una-universit-presunta-cattolica","og_site_name":"IFN","article_publisher":"https:\/\/www.facebook.com\/iFamNews","article_published_time":"2022-01-23T05:00:00+00:00","og_image":[{"width":1640,"height":924,"url":"https:\/\/ifamnews.com\/wp-content\/uploads\/2022\/01\/Untitled-design-22.jpg","type":"image\/jpeg"}],"author":"Cato","twitter_card":"summary_large_image","twitter_creator":"@iFamNewsEN","twitter_site":"@iFamNewsEN","twitter_misc":{"Scritto da":"Cato","Tempo di lettura stimato":"3 minuti"},"schema":{"@context":"https:\/\/schema.org","@graph":[{"@type":"NewsArticle","@id":"https:\/\/ifamnews.com\/it\/ci-sono-otto-generi-dice-una-universit-presunta-cattolica#article","isPartOf":{"@id":"https:\/\/ifamnews.com\/it\/ci-sono-otto-generi-dice-una-universit-presunta-cattolica"},"author":{"name":"Cato","@id":"https:\/\/ifamnews.com\/en\/#\/schema\/person\/d0e56511b7b7caedd2922a59482440ba"},"headline":"Ci sono otto generi, dice una universit\u00e0 (presunta) cattolica","datePublished":"2022-01-23T05:00:00+00:00","mainEntityOfPage":{"@id":"https:\/\/ifamnews.com\/it\/ci-sono-otto-generi-dice-una-universit-presunta-cattolica"},"wordCount":645,"commentCount":0,"publisher":{"@id":"https:\/\/ifamnews.com\/en\/#organization"},"image":{"@id":"https:\/\/ifamnews.com\/it\/ci-sono-otto-generi-dice-una-universit-presunta-cattolica#primaryimage"},"thumbnailUrl":"https:\/\/ifamnews.com\/wp-content\/uploads\/2022\/01\/Untitled-design-22.jpg","keywords":["Chiesa Cattolica","LGBT+\/Gender"],"articleSection":["Cultura","In evidenza"],"inLanguage":"it-IT","potentialAction":[{"@type":"CommentAction","name":"Comment","target":["https:\/\/ifamnews.com\/it\/ci-sono-otto-generi-dice-una-universit-presunta-cattolica#respond"]}]},{"@type":"WebPage","@id":"https:\/\/ifamnews.com\/it\/ci-sono-otto-generi-dice-una-universit-presunta-cattolica","url":"https:\/\/ifamnews.com\/it\/ci-sono-otto-generi-dice-una-universit-presunta-cattolica","name":"Ci sono otto generi, dice una universit\u00e0 (presunta) cattolica - IFN","isPartOf":{"@id":"https:\/\/ifamnews.com\/en\/#website"},"primaryImageOfPage":{"@id":"https:\/\/ifamnews.com\/it\/ci-sono-otto-generi-dice-una-universit-presunta-cattolica#primaryimage"},"image":{"@id":"https:\/\/ifamnews.com\/it\/ci-sono-otto-generi-dice-una-universit-presunta-cattolica#primaryimage"},"thumbnailUrl":"https:\/\/ifamnews.com\/wp-content\/uploads\/2022\/01\/Untitled-design-22.jpg","datePublished":"2022-01-23T05:00:00+00:00","description":"La DePaul University di Chicago si pone in netto contrasto con evidenza, scienza e dottrina. Un probema serio per chi si definisce cattolico","breadcrumb":{"@id":"https:\/\/ifamnews.com\/it\/ci-sono-otto-generi-dice-una-universit-presunta-cattolica#breadcrumb"},"inLanguage":"it-IT","potentialAction":[{"@type":"ReadAction","target":["https:\/\/ifamnews.com\/it\/ci-sono-otto-generi-dice-una-universit-presunta-cattolica"]}]},{"@type":"ImageObject","inLanguage":"it-IT","@id":"https:\/\/ifamnews.com\/it\/ci-sono-otto-generi-dice-una-universit-presunta-cattolica#primaryimage","url":"https:\/\/ifamnews.com\/wp-content\/uploads\/2022\/01\/Untitled-design-22.jpg","contentUrl":"https:\/\/ifamnews.com\/wp-content\/uploads\/2022\/01\/Untitled-design-22.jpg","width":1640,"height":924},{"@type":"BreadcrumbList","@id":"https:\/\/ifamnews.com\/it\/ci-sono-otto-generi-dice-una-universit-presunta-cattolica#breadcrumb","itemListElement":[{"@type":"ListItem","position":1,"name":"Home","item":"https:\/\/ifamnews.com\/de"},{"@type":"ListItem","position":2,"name":"\u041a\u0443\u043b\u0442\u0443\u0440\u0430","item":"https:\/\/ifamnews.com\/sr\/kategorija\/kultura-sr"},{"@type":"ListItem","position":3,"name":"Ci sono otto generi, dice una universit\u00e0 (presunta) cattolica"}]},{"@type":"WebSite","@id":"https:\/\/ifamnews.com\/en\/#website","url":"https:\/\/ifamnews.com\/en\/","name":"IFN","description":"International Family News Network","publisher":{"@id":"https:\/\/ifamnews.com\/en\/#organization"},"potentialAction":[{"@type":"SearchAction","target":{"@type":"EntryPoint","urlTemplate":"https:\/\/ifamnews.com\/en\/?s={search_term_string}"},"query-input":{"@type":"PropertyValueSpecification","valueRequired":true,"valueName":"search_term_string"}}],"inLanguage":"it-IT"},{"@type":"Organization","@id":"https:\/\/ifamnews.com\/en\/#organization","name":"iFamNews","url":"https:\/\/ifamnews.com\/en\/","logo":{"@type":"ImageObject","inLanguage":"it-IT","@id":"https:\/\/ifamnews.com\/en\/#\/schema\/logo\/image\/","url":"https:\/\/ifamnews.com\/wp-content\/uploads\/2020\/01\/Share-logo.png","contentUrl":"https:\/\/ifamnews.com\/wp-content\/uploads\/2020\/01\/Share-logo.png","width":200,"height":200,"caption":"iFamNews"},"image":{"@id":"https:\/\/ifamnews.com\/en\/#\/schema\/logo\/image\/"},"sameAs":["https:\/\/www.facebook.com\/iFamNews","https:\/\/x.com\/iFamNewsEN"]},{"@type":"Person","@id":"https:\/\/ifamnews.com\/en\/#\/schema\/person\/d0e56511b7b7caedd2922a59482440ba","name":"Cato","image":{"@type":"ImageObject","inLanguage":"it-IT","@id":"https:\/\/secure.gravatar.com\/avatar\/69b258be912b2a9b1ef3917af1a950d6279239e325672d64c73a2c0dfe012d11?s=96&d=mm&r=g","url":"https:\/\/secure.gravatar.com\/avatar\/69b258be912b2a9b1ef3917af1a950d6279239e325672d64c73a2c0dfe012d11?s=96&d=mm&r=g","contentUrl":"https:\/\/secure.gravatar.com\/avatar\/69b258be912b2a9b1ef3917af1a950d6279239e325672d64c73a2c0dfe012d11?s=96&d=mm&r=g","caption":"Cato"},"description":"Cato is a staunch defender of Western Civilization and the Judeo-Christian worldview. He will end all of his articles: \"And the radical LGBT agenda must be defeated\" as this is the pre-eminent battle of our day.","url":"https:\/\/ifamnews.com\/it\/author\/rsiedlecki"}]}},"amp_enabled":true,"_links":{"self":[{"href":"https:\/\/ifamnews.com\/it\/wp-json\/wp\/v2\/posts\/116464","targetHints":{"allow":["GET"]}}],"collection":[{"href":"https:\/\/ifamnews.com\/it\/wp-json\/wp\/v2\/posts"}],"about":[{"href":"https:\/\/ifamnews.com\/it\/wp-json\/wp\/v2\/types\/post"}],"author":[{"embeddable":true,"href":"https:\/\/ifamnews.com\/it\/wp-json\/wp\/v2\/users\/651"}],"replies":[{"embeddable":true,"href":"https:\/\/ifamnews.com\/it\/wp-json\/wp\/v2\/comments?post=116464"}],"version-history":[{"count":5,"href":"https:\/\/ifamnews.com\/it\/wp-json\/wp\/v2\/posts\/116464\/revisions"}],"predecessor-version":[{"id":117404,"href":"https:\/\/ifamnews.com\/it\/wp-json\/wp\/v2\/posts\/116464\/revisions\/117404"}],"wp:featuredmedia":[{"embeddable":true,"href":"https:\/\/ifamnews.com\/it\/wp-json\/wp\/v2\/media\/116447"}],"wp:attachment":[{"href":"https:\/\/ifamnews.com\/it\/wp-json\/wp\/v2\/media?parent=116464"}],"wp:term":[{"taxonomy":"category","embeddable":true,"href":"https:\/\/ifamnews.com\/it\/wp-json\/wp\/v2\/categories?post=116464"},{"taxonomy":"post_tag","embeddable":true,"href":"https:\/\/ifamnews.com\/it\/wp-json\/wp\/v2\/tags?post=116464"}],"curies":[{"name":"wp","href":"https:\/\/api.w.org\/{rel}","templated":true}]}}