{"id":114392,"date":"2022-01-19T00:00:00","date_gmt":"2022-01-19T05:00:00","guid":{"rendered":"https:\/\/ifamnews.com\/?p=114392"},"modified":"2022-01-29T05:29:48","modified_gmt":"2022-01-29T10:29:48","slug":"nasce-ifamnews-polonia-per-un-mondo-a-misura-di-famiglia","status":"publish","type":"post","link":"https:\/\/ifamnews.com\/it\/nasce-ifamnews-polonia-per-un-mondo-a-misura-di-famiglia","title":{"rendered":"Nasce \u00abiFamNews\u00bb Polonia.<br>Per un mondo a misura di famiglia!"},"content":{"rendered":"<p class=\"last-updated\">Last updated on Gennaio 29th, 2022 at 05:29 am<\/p>\n<p><br>L&#8217;<a href=\"https:\/\/profam.org\/\" target=\"_blank\" rel=\"noreferrer noopener\">International Organization for the Family<\/a> riunisce tutti coloro che hanno a cuore la famiglia naturale. Sono infatti queste le radici della nostra civilt\u00e0.  <\/p>\n\n\n\n<p>Ora, \u00abiFamNews\u00bb<em> <\/em>\u00e8 uno strumento creato appositamente per garantire informazioni affidabili sul tema della famiglia a tutti coloro che l&#8217;hanno a cuore. Siamo infatti convinti che nell&#8217;era delle <em>fake news<\/em>, della \u00abcancel culture\u00bb e della controcultura aggressiva ci sia bisogno di un luogo sicuro dove trovare idee di verit\u00e0, di bont\u00e0 e di bellezza. Noi infatti chiamiamo le cose con il nome che hanno. E le opinioni che esprimiamo si basano sui fatt, non su conclusioni <em>a priori <\/em>.<\/p>\n\n\n\n<p>\u00abiFamNews\u00bb  offre notizie quotidie e contenuti di valore. \u00c8 la voce di una comunit\u00e0 di persone che s\u00ec, vogliono cambiare il mondo. Gli argomenti sdi cui trattiamo ogni giorno sono importanti, eppure per esso quali non c&#8217;\u00e8 posto nei grandi <em>media<\/em>. <\/p>\n\n\n\n<p><strong>Ebbene. \u00e8 giunto il momento propizio per il lancio di una nuova edizione: l&#8217;edizione in lingua polacca per condividere buone notizie, mettere in guardia contro i pericoli che ci minacciano e dire le cose che il <em>mainstream<\/em> tace.  <\/strong><\/p>\n\n\n\n<p>Il nostro <em>team<\/em> \u00e8 composto da persone animate dalla passione e dal senso della missione. Ci occuperemo dell&#8217;attualit\u00e0 polacca e l&#8217;accompagneremo allo sguardo sul mondo. certo, sappiamo tenere distinti i fatti dalle opinioni, ma non taceremo per seguire l&#8217;aria che tira. E ci preoccuperemo della qualit\u00e0 e della forma della comunicazione.<\/p>\n\n\n\n<p><strong>Una famiglia forte fa una societ\u00e0 forte, lo crediamo profondamente<\/strong>. <strong>E siamo convinti che \u00abiFamNews\u00bb Polonia, di per s\u00e9 portale d&#8217;informazione, <strong>sar\u00e0 capace anche di essere un polo di aggregazione per tutti coloro che desiderano <\/strong>desiderose di camminare assiem verso una meta comune. La meta del miglioramento della societ\u00e0 in cui viviamo.<\/strong><\/p>\n\n\n\n<p><strong>Inizieremo le pubblicazioni fra tre giorni il 22 gennaio 2022!<em>  Unisciti a noi, e assieme, costruiremo un mondo a misura di famiglia!<\/em><\/strong><\/p>\n","protected":false},"excerpt":{"rendered":"<p>Una famiglia forte fa una societ\u00e0 forte. Saremo un portale d&#8217;informazione e un polo di aggregazione per chi desidera camminare assieme<\/p>\n","protected":false},"author":902,"featured_media":113933,"comment_status":"open","ping_status":"open","sticky":false,"template":"","format":"standard","meta":{"give_campaign_id":0,"om_disable_all_campaigns":false,"_monsterinsights_skip_tracking":false,"_monsterinsights_sitenote_active":false,"_monsterinsights_sitenote_note":"","_monsterinsights_sitenote_category":0,"mc4wp_mailchimp_campaign":[],"jnews-multi-image_gallery":[],"jnews_single_post":{"subtitle":"Una famiglia forte fa una societ\u00e0 forte. Saremo un portale d'informazione e un polo di aggregazione per chi desidera camminare assieme","format":"standard","video":"","gallery":"","source_name":"","source_url":"","via_name":"","via_url":"","override":[{"template":"1","single_blog_custom":"","parallax":"1","fullscreen":"1","layout":"right-sidebar","sidebar":"default-sidebar","second_sidebar":"default-sidebar","sticky_sidebar":"1","share_position":"top","share_float_style":"share-monocrhome","show_share_counter":"1","show_view_counter":"1","show_featured":"1","show_post_meta":"1","show_post_author":"1","show_post_author_image":"1","show_post_date":"1","post_date_format":"default","post_date_format_custom":"Y\/m\/d","show_post_category":"1","post_reading_time_wpm":"300","zoom_button_out_step":"2","zoom_button_in_step":"3","show_post_tag":"1","show_prev_next_post":"1","show_popup_post":"1","number_popup_post":"1"}],"image_override":[{"single_post_thumbnail_size":"crop-500","single_post_gallery_size":"crop-500"}],"trending_post_position":"meta","trending_post_label":"Trending","sponsored_post_label":"Sponsored by","sponsored_post_name":"","sponsored_post_url":"","sponsored_post_logo":"","sponsored_post_desc":""},"jnews_primary_category":{"id":"781"},"jnews_social_meta":{"fb_title":"","fb_description":"","fb_image":"","twitter_title":"","twitter_description":"","twitter_image":""},"jnews_override_counter":{"view_counter_number":"0","share_counter_number":"0","like_counter_number":"0","dislike_counter_number":"0"},"footnotes":""},"categories":[778,781,951],"tags":[14489,14487,14488,14486],"class_list":["post-114392","post","type-post","status-publish","format-standard","has-post-thumbnail","hentry","category-editoriali","category-famiglia","category-foreground-it","tag-ifamnews-polonia","tag-ifn-it","tag-ifn-polonia","tag-organizzazione-internazionale-per-la-famiglia"],"yoast_head":"<!-- This site is optimized with the Yoast SEO Premium plugin v25.9 (Yoast SEO v27.3) - https:\/\/yoast.com\/product\/yoast-seo-premium-wordpress\/ -->\n<title>Nasce \u00abiFamNews\u00bb Polonia.Per un mondo a misura di famiglia! - \u00abiFamNews\u00bb<\/title>\n<meta name=\"description\" content=\"Una famiglia forte fa una societ\u00e0 forte. Saremo un portale d&#039;informazione e un polo di aggregazione per chi desidera camminare assieme\" \/>\n<meta name=\"robots\" content=\"index, follow, max-snippet:-1, max-image-preview:large, max-video-preview:-1\" \/>\n<link rel=\"canonical\" href=\"https:\/\/ifamnews.com\/it\/nasce-ifamnews-polonia-per-un-mondo-a-misura-di-famiglia\" \/>\n<meta property=\"og:locale\" content=\"it_IT\" \/>\n<meta property=\"og:type\" content=\"article\" \/>\n<meta property=\"og:title\" content=\"Nasce \u00abiFamNews\u00bb Polonia.Per un mondo a misura di famiglia!\" \/>\n<meta property=\"og:description\" content=\"Una famiglia forte fa una societ\u00e0 forte. Saremo un portale d&#039;informazione e un polo di aggregazione per chi desidera camminare assieme\" \/>\n<meta property=\"og:url\" content=\"https:\/\/ifamnews.com\/it\/nasce-ifamnews-polonia-per-un-mondo-a-misura-di-famiglia\" \/>\n<meta property=\"og:site_name\" content=\"IFN\" \/>\n<meta property=\"article:publisher\" content=\"https:\/\/www.facebook.com\/iFamNews\" \/>\n<meta property=\"article:author\" content=\"https:\/\/www.facebook.com\/RodzinaBlisko\" \/>\n<meta property=\"article:published_time\" content=\"2022-01-19T05:00:00+00:00\" \/>\n<meta property=\"article:modified_time\" content=\"2022-01-29T10:29:48+00:00\" \/>\n<meta property=\"og:image\" content=\"https:\/\/ifamnews.com\/wp-content\/uploads\/2022\/01\/jude-beck-Sct4qJxA8d0-unsplash-scaled.jpg\" \/>\n\t<meta property=\"og:image:width\" content=\"2560\" \/>\n\t<meta property=\"og:image:height\" content=\"1792\" \/>\n\t<meta property=\"og:image:type\" content=\"image\/jpeg\" \/>\n<meta name=\"author\" content=\"Katarzyna Zych\" \/>\n<meta name=\"twitter:card\" content=\"summary_large_image\" \/>\n<meta name=\"twitter:creator\" content=\"@iFamNewsEN\" \/>\n<meta name=\"twitter:site\" content=\"@iFamNewsEN\" \/>\n<meta name=\"twitter:label1\" content=\"Scritto da\" \/>\n\t<meta name=\"twitter:data1\" content=\"Katarzyna Zych\n\" \/>\n\t<meta name=\"twitter:label2\" content=\"Tempo di lettura stimato\" \/>\n\t<meta name=\"twitter:data2\" content=\"2 minuti\" \/>\n<!-- \/ Yoast SEO Premium plugin. -->","yoast_head_json":{"title":"Nasce \u00abiFamNews\u00bb Polonia.Per un mondo a misura di famiglia! - \u00abiFamNews\u00bb","description":"Una famiglia forte fa una societ\u00e0 forte. Saremo un portale d'informazione e un polo di aggregazione per chi desidera camminare assieme","robots":{"index":"index","follow":"follow","max-snippet":"max-snippet:-1","max-image-preview":"max-image-preview:large","max-video-preview":"max-video-preview:-1"},"canonical":"https:\/\/ifamnews.com\/it\/nasce-ifamnews-polonia-per-un-mondo-a-misura-di-famiglia","og_locale":"it_IT","og_type":"article","og_title":"Nasce \u00abiFamNews\u00bb Polonia.Per un mondo a misura di famiglia!","og_description":"Una famiglia forte fa una societ\u00e0 forte. Saremo un portale d'informazione e un polo di aggregazione per chi desidera camminare assieme","og_url":"https:\/\/ifamnews.com\/it\/nasce-ifamnews-polonia-per-un-mondo-a-misura-di-famiglia","og_site_name":"IFN","article_publisher":"https:\/\/www.facebook.com\/iFamNews","article_author":"https:\/\/www.facebook.com\/RodzinaBlisko","article_published_time":"2022-01-19T05:00:00+00:00","article_modified_time":"2022-01-29T10:29:48+00:00","og_image":[{"width":2560,"height":1792,"url":"https:\/\/ifamnews.com\/wp-content\/uploads\/2022\/01\/jude-beck-Sct4qJxA8d0-unsplash-scaled.jpg","type":"image\/jpeg"}],"author":"Katarzyna Zych","twitter_card":"summary_large_image","twitter_creator":"@iFamNewsEN","twitter_site":"@iFamNewsEN","twitter_misc":{"Scritto da":"Katarzyna Zych\n","Tempo di lettura stimato":"2 minuti"},"schema":{"@context":"https:\/\/schema.org","@graph":[{"@type":"NewsArticle","@id":"https:\/\/ifamnews.com\/it\/nasce-ifamnews-polonia-per-un-mondo-a-misura-di-famiglia#article","isPartOf":{"@id":"https:\/\/ifamnews.com\/it\/nasce-ifamnews-polonia-per-un-mondo-a-misura-di-famiglia"},"author":{"name":"Katarzyna Zych","@id":"https:\/\/ifamnews.com\/en\/#\/schema\/person\/d37cb892848e38871fa50f52625d6de1"},"headline":"Nasce \u00abiFamNews\u00bb Polonia. Per un mondo a misura di famiglia!","datePublished":"2022-01-19T05:00:00+00:00","dateModified":"2022-01-29T10:29:48+00:00","mainEntityOfPage":{"@id":"https:\/\/ifamnews.com\/it\/nasce-ifamnews-polonia-per-un-mondo-a-misura-di-famiglia"},"wordCount":317,"commentCount":0,"publisher":{"@id":"https:\/\/ifamnews.com\/en\/#organization"},"image":{"@id":"https:\/\/ifamnews.com\/it\/nasce-ifamnews-polonia-per-un-mondo-a-misura-di-famiglia#primaryimage"},"thumbnailUrl":"https:\/\/ifamnews.com\/wp-content\/uploads\/2022\/01\/jude-beck-Sct4qJxA8d0-unsplash-scaled.jpg","keywords":["iFamNews Polonia","IFN","IFN Polonia","Organizzazione internazionale per la famiglia"],"articleSection":["Editoriali","Famiglia","In evidenza"],"inLanguage":"it-IT","potentialAction":[{"@type":"CommentAction","name":"Comment","target":["https:\/\/ifamnews.com\/it\/nasce-ifamnews-polonia-per-un-mondo-a-misura-di-famiglia#respond"]}]},{"@type":"WebPage","@id":"https:\/\/ifamnews.com\/it\/nasce-ifamnews-polonia-per-un-mondo-a-misura-di-famiglia","url":"https:\/\/ifamnews.com\/it\/nasce-ifamnews-polonia-per-un-mondo-a-misura-di-famiglia","name":"Nasce \u00abiFamNews\u00bb Polonia. Per un mondo a misura di famiglia! - \u00abiFamNews\u00bb","isPartOf":{"@id":"https:\/\/ifamnews.com\/en\/#website"},"primaryImageOfPage":{"@id":"https:\/\/ifamnews.com\/it\/nasce-ifamnews-polonia-per-un-mondo-a-misura-di-famiglia#primaryimage"},"image":{"@id":"https:\/\/ifamnews.com\/it\/nasce-ifamnews-polonia-per-un-mondo-a-misura-di-famiglia#primaryimage"},"thumbnailUrl":"https:\/\/ifamnews.com\/wp-content\/uploads\/2022\/01\/jude-beck-Sct4qJxA8d0-unsplash-scaled.jpg","datePublished":"2022-01-19T05:00:00+00:00","dateModified":"2022-01-29T10:29:48+00:00","description":"Una famiglia forte fa una societ\u00e0 forte. Saremo un portale d'informazione e un polo di aggregazione per chi desidera camminare assieme","breadcrumb":{"@id":"https:\/\/ifamnews.com\/it\/nasce-ifamnews-polonia-per-un-mondo-a-misura-di-famiglia#breadcrumb"},"inLanguage":"it-IT","potentialAction":[{"@type":"ReadAction","target":["https:\/\/ifamnews.com\/it\/nasce-ifamnews-polonia-per-un-mondo-a-misura-di-famiglia"]}]},{"@type":"ImageObject","inLanguage":"it-IT","@id":"https:\/\/ifamnews.com\/it\/nasce-ifamnews-polonia-per-un-mondo-a-misura-di-famiglia#primaryimage","url":"https:\/\/ifamnews.com\/wp-content\/uploads\/2022\/01\/jude-beck-Sct4qJxA8d0-unsplash-scaled.jpg","contentUrl":"https:\/\/ifamnews.com\/wp-content\/uploads\/2022\/01\/jude-beck-Sct4qJxA8d0-unsplash-scaled.jpg","width":2560,"height":1792},{"@type":"BreadcrumbList","@id":"https:\/\/ifamnews.com\/it\/nasce-ifamnews-polonia-per-un-mondo-a-misura-di-famiglia#breadcrumb","itemListElement":[{"@type":"ListItem","position":1,"name":"Home","item":"https:\/\/ifamnews.com\/de"},{"@type":"ListItem","position":2,"name":"Familia","item":"https:\/\/ifamnews.com\/es\/categoria\/familia"},{"@type":"ListItem","position":3,"name":"Nasce \u00abiFamNews\u00bb Polonia.Per un mondo a misura di famiglia!"}]},{"@type":"WebSite","@id":"https:\/\/ifamnews.com\/en\/#website","url":"https:\/\/ifamnews.com\/en\/","name":"IFN","description":"International Family News Network","publisher":{"@id":"https:\/\/ifamnews.com\/en\/#organization"},"potentialAction":[{"@type":"SearchAction","target":{"@type":"EntryPoint","urlTemplate":"https:\/\/ifamnews.com\/en\/?s={search_term_string}"},"query-input":{"@type":"PropertyValueSpecification","valueRequired":true,"valueName":"search_term_string"}}],"inLanguage":"it-IT"},{"@type":"Organization","@id":"https:\/\/ifamnews.com\/en\/#organization","name":"iFamNews","url":"https:\/\/ifamnews.com\/en\/","logo":{"@type":"ImageObject","inLanguage":"it-IT","@id":"https:\/\/ifamnews.com\/en\/#\/schema\/logo\/image\/","url":"https:\/\/ifamnews.com\/wp-content\/uploads\/2020\/01\/Share-logo.png","contentUrl":"https:\/\/ifamnews.com\/wp-content\/uploads\/2020\/01\/Share-logo.png","width":200,"height":200,"caption":"iFamNews"},"image":{"@id":"https:\/\/ifamnews.com\/en\/#\/schema\/logo\/image\/"},"sameAs":["https:\/\/www.facebook.com\/iFamNews","https:\/\/x.com\/iFamNewsEN"]},{"@type":"Person","@id":"https:\/\/ifamnews.com\/en\/#\/schema\/person\/d37cb892848e38871fa50f52625d6de1","name":"Katarzyna Zych","image":{"@type":"ImageObject","inLanguage":"it-IT","@id":"https:\/\/secure.gravatar.com\/avatar\/7a776a2da45358382424001b4e458f5593bf47c5d82b7c96dffeab45cb8c950d?s=96&d=mm&r=g","url":"https:\/\/secure.gravatar.com\/avatar\/7a776a2da45358382424001b4e458f5593bf47c5d82b7c96dffeab45cb8c950d?s=96&d=mm&r=g","contentUrl":"https:\/\/secure.gravatar.com\/avatar\/7a776a2da45358382424001b4e458f5593bf47c5d82b7c96dffeab45cb8c950d?s=96&d=mm&r=g","caption":"Katarzyna Zych"},"description":"A full-time Home Manager and mother of three. President of the Board of Family Close Foundation supporting mothers, fathers and children. Member of the Programme Council of the Polish Women's Confederacy supporting women's rights and dignity, respecting all stages of life. Graduated from the Interdisciplinary Studies in Humanities at the University of Warsaw.","sameAs":["http:\/\/rodzinablisko.pl","https:\/\/www.facebook.com\/RodzinaBlisko","@rodzinablisko"],"url":"https:\/\/ifamnews.com\/it\/author\/kzych"}]}},"amp_enabled":true,"_links":{"self":[{"href":"https:\/\/ifamnews.com\/it\/wp-json\/wp\/v2\/posts\/114392","targetHints":{"allow":["GET"]}}],"collection":[{"href":"https:\/\/ifamnews.com\/it\/wp-json\/wp\/v2\/posts"}],"about":[{"href":"https:\/\/ifamnews.com\/it\/wp-json\/wp\/v2\/types\/post"}],"author":[{"embeddable":true,"href":"https:\/\/ifamnews.com\/it\/wp-json\/wp\/v2\/users\/902"}],"replies":[{"embeddable":true,"href":"https:\/\/ifamnews.com\/it\/wp-json\/wp\/v2\/comments?post=114392"}],"version-history":[{"count":5,"href":"https:\/\/ifamnews.com\/it\/wp-json\/wp\/v2\/posts\/114392\/revisions"}],"predecessor-version":[{"id":116316,"href":"https:\/\/ifamnews.com\/it\/wp-json\/wp\/v2\/posts\/114392\/revisions\/116316"}],"wp:featuredmedia":[{"embeddable":true,"href":"https:\/\/ifamnews.com\/it\/wp-json\/wp\/v2\/media\/113933"}],"wp:attachment":[{"href":"https:\/\/ifamnews.com\/it\/wp-json\/wp\/v2\/media?parent=114392"}],"wp:term":[{"taxonomy":"category","embeddable":true,"href":"https:\/\/ifamnews.com\/it\/wp-json\/wp\/v2\/categories?post=114392"},{"taxonomy":"post_tag","embeddable":true,"href":"https:\/\/ifamnews.com\/it\/wp-json\/wp\/v2\/tags?post=114392"}],"curies":[{"name":"wp","href":"https:\/\/api.w.org\/{rel}","templated":true}]}}