{"id":11418,"date":"2020-03-16T00:00:35","date_gmt":"2020-03-16T05:00:35","guid":{"rendered":"https:\/\/ifamnews.com\/?p=11418"},"modified":"2020-03-17T09:33:12","modified_gmt":"2020-03-17T14:33:12","slug":"la-iof-allonu-non-dimenticate-la-famiglia","status":"publish","type":"post","link":"https:\/\/ifamnews.com\/it\/la-iof-allonu-non-dimenticate-la-famiglia","title":{"rendered":"La IOF all&#8217;ONU: \u00abNon dimenticate la famiglia\u00bb"},"content":{"rendered":"<p class=\"last-updated\">Last updated on marzo 17th, 2020 at 09:33 am<\/p>\n<figure class=\"wp-block-pullquote alignleft\"><blockquote class=\"has-text-color has-vivid-cyan-blue-color\"><p>L\u2019International Organization for the Family (IOF), che edita \u201ciFamNews\u201d, ha inviato questa dichiarazione <em>agli ambasciatori e alle loro missioni accreditate all\u2019Organizzazione delle Nazioni Unite (ONU) di New York in vista della 53a sessione della Commissione delle Nazioni Unite per la popolazione e lo sviluppo<\/em><\/p><\/blockquote><\/figure>\n\n\n\n<p>Il 6 marzo la Commissione delle Nazioni Unite su popolazione e sviluppo ha reso pubblica la versione iniziale di una risoluzione (denominata \u201cbozza zero\u201d) su <em><a href=\"https:\/\/un.org\/en\/development\/desa\/population\/commission\/sessions\/2020\/index.asp\" target=\"_blank\" rel=\"noopener noreferrer\">Popolazione, sicurezza alimentare, alimentazione e sviluppo sostenibile<\/a><\/em> in vista della sua prossima sessione annuale, prevista per il 30 marzo. L\u2019International Organization for the Family (IOF) saluta con favore gli sforzi profusi dalla Commissione per porre fine alla malnutrizione e alla fame, e in particolare loda il riconoscimento delle \u00abspeciali necessit\u00e0 alimentari delle giovani donne in gravidanza\u00bb (OP11). Allo contempo esorta per\u00f2 la Commissione a concentrarsi sulla famiglia come chiave di volta per lo sviluppo, chiedendo l\u2019eliminazione di un certo linguaggio il cui effetto \u00e8 invece proprio quello di minare la famiglia.<\/p>\n\n\n\n<p>Delle due sole volte in cui nella bozza appare la parola \u00abfamiglia\u00bb, la prima \u00e8 nel contesto di un lodevole appello a porre fine al matrimonio delle minorenni e a garantire che \u00abtutte le giovani donne abbiano l&#8217;opportunit\u00e0 di crescere fino all&#8217;et\u00e0 adulta prima di dare vita a una famiglia\u00bb (OP11). La seconda \u00e8 invece drammaticamente diversa: fa infatti riferimento alla \u00abpianificazione familiare\u00bb, in un paragrafo che chiede \u00abl\u2019accesso universale alla salute sessuale e riproduttiva, e ai diritti riproduttivi\u00bb (OP12). Il pericolo di questo linguaggio \u00e8 stato sottolineato in una <a href=\"https:\/\/hhs.gov\/about\/agencies\/oga\/global-health-diplomacy\/protecting-life-global-health-policy\/joint-statement-unga\/index.html\" target=\"_blank\" rel=\"noopener noreferrer\">dichiarazione congiunta sulla copertura sanitaria universale<\/a>, presentata all&#8217;Assemblea generale delle Nazioni Unite l&#8217;anno scorso da ventuno Pesi: Stati Uniti d&#8217;America, Bahrein, Bielorussia, Brasile, Repubblica Democratica del Congo, Egitto, Guatemala, Haiti, Ungheria, Iraq, Libia, Mali, Nigeria, Polonia, Repubblica del Congo, Russia, Arabia Saudita, Sudan, Uganda, Emirati Arabi Uniti e Yemen. Tra altre cose, questi Paesi hanno dichiarato:<\/p>\n\n\n\n<p>\u00abRiteniamo che la salute di donne,\nuomini, bambini e adolescenti sostenga e migliori la salute generale delle\nnostre famiglie e delle nostre comunit\u00e0, e che la famiglia sia l&#8217;istituzione\nfondamentale della societ\u00e0, e che dunque debba essere sostenuta e rafforzata [&#8230;].\nPer progredire nel modo pi\u00f9 significativo senza indugio e senza dissenso,\ninvitiamo rispettosamente gli Stati membri a unirsi a noi concentrandoci su\nargomenti che uniscono piuttosto che dividerci su elementi problematici [&#8230;].\nNon condividiamo i riferimenti a termini e a espressioni ambigue, quali salute\nsessuale e riproduttiva, diritti sessuali e riproduttivi, presenti nei\ndocumenti delle Nazioni Unite, giacch\u00e9 questi termini e queste espressioni possono\nminare il ruolo cruciale che la famiglia ha e promuovere pratiche, come\nl&#8217;aborto, in circostanze che non godono del consenso internazionale e che\npossono essere male interpretate dalle agenzie delle Nazioni Unite\u00bb.<\/p>\n\n\n\n<p>Minare la famiglia significherebbe infatti minare lo stesso sviluppo che la Commissione sta cercando di attuare, poich\u00e9, come \u00e8 noto, la famiglia \u00e8 \u00abl&#8217;agente fondamentale dello sviluppo sociale, economico e culturale sostenibile\u00bb (cos\u00ec afferma la <em><a href=\"https:\/\/difi.org.qa\/doha-declaration\/\" target=\"_blank\" rel=\"noopener noreferrer\">Dichiarazione di Doha<\/a><\/em>), \u00ablo strumento principe della trasformazione della societ\u00e0\u00bb (cos\u00ec l\u2019ambasciatore Iftekhar Chowdhury all\u2019Assemblea Generale il 6 dicembre 2004) e \u00abun interlocutore centrale nel tentativo di raggiungere l\u2019obiettivo dello sviluppo internazionale\u00bb (cos\u00ec la <a href=\"https:\/\/un.org\/sg\/en\/content\/sg\/statement\/2004-12-06\/remarks-general-assembly-tenth-anniversary-international-year-family\" target=\"_blank\" rel=\"noopener noreferrer\">dichiarazione del Segretario generale<\/a> all\u2019Assemblea Generale il 6 dicembre 2004).<\/p>\n\n\n\n<p>La IOF richiama inoltre l&#8217;attenzione sulla dichiarazione rilasciata dal <a href=\"https:\/\/google.com\/search?client=firefox-b-d&amp;ei=u1puXvDhBqqF1fAPxZihoA8&amp;q=that+the+family+is+the+natural+and+fundamental+group+unit+of+society+and+is+entitled+to+protection+by+society+and+the+State.+We+believe+that+genuine+and+effective+sustainable+development+may+not+be+achieved+without+the+family%E2%80%A6.+We+call+for+systematic+mainstreaming+of+the+family+across+the+Post-2015+Development&amp;oq=that+the+family+is+the+natural+and+fundamental+group+unit+of+society+and+is+entitled+to+protection+by+society+and+the+State.+We+believe+that+genuine+and+effective+sustainable+development+may+not+be+achieved+without+the+family%E2%80%A6.+We+call+for+systematic+mainstreaming+of+the+family+across+the+Post-2015+Development&amp;gs_l=psy-ab.3..0i19.35845.35845..36165...1.0..0.125.125.0j1......0....2j1..gws-wiz.CC4o9gAO9BA&amp;ved=0ahUKEwiwq8b_9ZzoAhWqQhUIHUVMCPQQ4dUDCAo&amp;uact=5\" target=\"_blank\" rel=\"noopener noreferrer\">Group of Friends of the Family alla vigilia del vertice 2015 sullo sviluppo sostenibile<\/a>: \u00abRiaffermiamo [la verit\u00e0 riconosciuta dalla <em>Dichiarazione universale dei diritti umani<\/em>] che la famiglia \u00e8 la cellula naturale e fondamentale della societ\u00e0, e che ha diritto alla protezione della societ\u00e0 e dello Stato. Riteniamo che uno sviluppo sostenibile autentico ed efficace non possa essere realizzato senza la famiglia. [\u2026] Chiediamo il sostegno sistematico della famiglia attraverso il Post-2015 Development, l\u2019Agenda per lo sviluppo del dopo 2015\u00bb. Nel momento in cui i delegati alla Commissione di quest&#8217;anno procedono alla stesura della bozza finale della risoluzione, la IOF sollecita pertanto la cancellazione del controproducente linguaggio su \u00absalute sessuale e riproduttiva, e diritti riproduttivi\u00bb, chiedendo il riconoscimento esplicito della famiglia e la sua protezione in quanto chiave indispensabile allo sviluppo. <\/p>\n","protected":false},"excerpt":{"rendered":"<p>L&#8217;editore di \u201ciFamNews\u201d chiede la cancellazione di \u00absalute riproduttiva\u00bb dal documento della prossima sessione annuale<\/p>\n","protected":false},"author":46,"featured_media":11170,"comment_status":"open","ping_status":"open","sticky":false,"template":"","format":"standard","meta":{"give_campaign_id":0,"om_disable_all_campaigns":false,"_monsterinsights_skip_tracking":false,"_monsterinsights_sitenote_active":false,"_monsterinsights_sitenote_note":"","_monsterinsights_sitenote_category":0,"mc4wp_mailchimp_campaign":[],"jnews-multi-image_gallery":[],"jnews_single_post":{"subtitle":"L'editore di \u201ciFamNews\u201d chiede la cancellazione di \u00absalute riproduttiva\u00bb dal documento della prossima sessione annuale","format":"standard","video":"","gallery":"","source_name":"","source_url":"","via_name":"","via_url":"","override":[{"single_blog_custom":"","sidebar":"","second_sidebar":"","share_position":"","share_float_style":"","post_date_format":"","post_date_format_custom":"","post_reading_time_wpm":"","zoom_button_out_step":"1","zoom_button_in_step":"1","number_popup_post":"1"}],"image_override":[{"single_post_thumbnail_size":"","single_post_gallery_size":""}],"trending_post_position":"","trending_post_label":""},"jnews_primary_category":{"id":"781"},"jnews_social_meta":{"fb_title":"","fb_description":"","fb_image":"","twitter_title":"","twitter_description":"","twitter_image":""},"jnews_override_counter":{"view_counter_number":"0","share_counter_number":"0","like_counter_number":"0","dislike_counter_number":"0"},"footnotes":""},"categories":[781],"tags":[2191,2193,806,2194,1633,2197,2196,2003],"class_list":["post-11418","post","type-post","status-publish","format-standard","has-post-thumbnail","hentry","category-famiglia","tag-commissione-delle-nazioni-unite-su-popolazione-e-sviluppo","tag-dichiarazione-di-doha","tag-famiglia","tag-iftekhar-chowdhury","tag-international-organization-for-the-family","tag-salute-riproduttiva","tag-salute-sessuale","tag-sviluppo-sostenibile"],"yoast_head":"<!-- This site is optimized with the Yoast SEO Premium plugin v25.9 (Yoast SEO v27.3) - https:\/\/yoast.com\/product\/yoast-seo-premium-wordpress\/ -->\n<title>La IOF all&#039;ONU: \u00abNon dimenticate la famiglia\u00bb - IFN<\/title>\n<meta name=\"description\" content=\"L&#039;editore di \u201ciFamNews\u201d chiede la cancellazione di \u00absalute riproduttiva\u00bb dal documento della prossima sessione annuale della Commissione delle Nazioni Unite\" \/>\n<meta name=\"robots\" content=\"index, follow, max-snippet:-1, max-image-preview:large, max-video-preview:-1\" \/>\n<link rel=\"canonical\" href=\"https:\/\/ifamnews.com\/it\/la-iof-allonu-non-dimenticate-la-famiglia\" \/>\n<meta property=\"og:locale\" content=\"it_IT\" \/>\n<meta property=\"og:type\" content=\"article\" \/>\n<meta property=\"og:title\" content=\"La IOF all&#039;ONU: \u00abNon dimenticate la famiglia\u00bb\" \/>\n<meta property=\"og:description\" content=\"L&#039;editore di \u201ciFamNews\u201d chiede la cancellazione di \u00absalute riproduttiva\u00bb dal documento della prossima sessione annuale della Commissione delle Nazioni Unite\" \/>\n<meta property=\"og:url\" content=\"https:\/\/ifamnews.com\/it\/la-iof-allonu-non-dimenticate-la-famiglia\" \/>\n<meta property=\"og:site_name\" content=\"IFN\" \/>\n<meta property=\"article:publisher\" content=\"https:\/\/www.facebook.com\/iFamNews\" \/>\n<meta property=\"article:author\" content=\"https:\/\/www.facebook.com\/iFamNews\/\" \/>\n<meta property=\"article:published_time\" content=\"2020-03-16T05:00:35+00:00\" \/>\n<meta property=\"article:modified_time\" content=\"2020-03-17T14:33:12+00:00\" \/>\n<meta property=\"og:image\" content=\"https:\/\/ifamnews.com\/wp-content\/uploads\/2020\/03\/un-1.jpg\" \/>\n\t<meta property=\"og:image:width\" content=\"1200\" \/>\n\t<meta property=\"og:image:height\" content=\"675\" \/>\n\t<meta property=\"og:image:type\" content=\"image\/jpeg\" \/>\n<meta name=\"author\" content=\"iFamNews Italia\" \/>\n<meta name=\"twitter:card\" content=\"summary_large_image\" \/>\n<meta name=\"twitter:creator\" content=\"@https:\/\/twitter.com\/iFamNewsIT\" \/>\n<meta name=\"twitter:site\" content=\"@iFamNewsEN\" \/>\n<meta name=\"twitter:label1\" content=\"Scritto da\" \/>\n\t<meta name=\"twitter:data1\" content=\"iFamNews Italia\" \/>\n\t<meta name=\"twitter:label2\" content=\"Tempo di lettura stimato\" \/>\n\t<meta name=\"twitter:data2\" content=\"3 minuti\" \/>\n<!-- \/ Yoast SEO Premium plugin. -->","yoast_head_json":{"title":"La IOF all'ONU: \u00abNon dimenticate la famiglia\u00bb - IFN","description":"L'editore di \u201ciFamNews\u201d chiede la cancellazione di \u00absalute riproduttiva\u00bb dal documento della prossima sessione annuale della Commissione delle Nazioni Unite","robots":{"index":"index","follow":"follow","max-snippet":"max-snippet:-1","max-image-preview":"max-image-preview:large","max-video-preview":"max-video-preview:-1"},"canonical":"https:\/\/ifamnews.com\/it\/la-iof-allonu-non-dimenticate-la-famiglia","og_locale":"it_IT","og_type":"article","og_title":"La IOF all'ONU: \u00abNon dimenticate la famiglia\u00bb","og_description":"L'editore di \u201ciFamNews\u201d chiede la cancellazione di \u00absalute riproduttiva\u00bb dal documento della prossima sessione annuale della Commissione delle Nazioni Unite","og_url":"https:\/\/ifamnews.com\/it\/la-iof-allonu-non-dimenticate-la-famiglia","og_site_name":"IFN","article_publisher":"https:\/\/www.facebook.com\/iFamNews","article_author":"https:\/\/www.facebook.com\/iFamNews\/","article_published_time":"2020-03-16T05:00:35+00:00","article_modified_time":"2020-03-17T14:33:12+00:00","og_image":[{"width":1200,"height":675,"url":"https:\/\/ifamnews.com\/wp-content\/uploads\/2020\/03\/un-1.jpg","type":"image\/jpeg"}],"author":"iFamNews Italia","twitter_card":"summary_large_image","twitter_creator":"@https:\/\/twitter.com\/iFamNewsIT","twitter_site":"@iFamNewsEN","twitter_misc":{"Scritto da":"iFamNews Italia","Tempo di lettura stimato":"3 minuti"},"schema":{"@context":"https:\/\/schema.org","@graph":[{"@type":"NewsArticle","@id":"https:\/\/ifamnews.com\/it\/la-iof-allonu-non-dimenticate-la-famiglia#article","isPartOf":{"@id":"https:\/\/ifamnews.com\/it\/la-iof-allonu-non-dimenticate-la-famiglia"},"author":{"name":"iFamNews Italia","@id":"https:\/\/ifamnews.com\/en\/#\/schema\/person\/fafda7d79212f3690f4af10238556aac"},"headline":"La IOF all&#8217;ONU: \u00abNon dimenticate la famiglia\u00bb","datePublished":"2020-03-16T05:00:35+00:00","dateModified":"2020-03-17T14:33:12+00:00","mainEntityOfPage":{"@id":"https:\/\/ifamnews.com\/it\/la-iof-allonu-non-dimenticate-la-famiglia"},"wordCount":671,"commentCount":0,"publisher":{"@id":"https:\/\/ifamnews.com\/en\/#organization"},"image":{"@id":"https:\/\/ifamnews.com\/it\/la-iof-allonu-non-dimenticate-la-famiglia#primaryimage"},"thumbnailUrl":"https:\/\/ifamnews.com\/wp-content\/uploads\/2020\/03\/un-1.jpg","keywords":["Commissione delle Nazioni Unite su popolazione e sviluppo","Dichiarazione di Doha","Famiglia","Iftekhar Chowdhury","International Organization for the Family","salute riproduttiva","salute sessuale","sviluppo sostenibile"],"articleSection":["Famiglia"],"inLanguage":"it-IT","potentialAction":[{"@type":"CommentAction","name":"Comment","target":["https:\/\/ifamnews.com\/it\/la-iof-allonu-non-dimenticate-la-famiglia#respond"]}]},{"@type":"WebPage","@id":"https:\/\/ifamnews.com\/it\/la-iof-allonu-non-dimenticate-la-famiglia","url":"https:\/\/ifamnews.com\/it\/la-iof-allonu-non-dimenticate-la-famiglia","name":"La IOF all'ONU: \u00abNon dimenticate la famiglia\u00bb - IFN","isPartOf":{"@id":"https:\/\/ifamnews.com\/en\/#website"},"primaryImageOfPage":{"@id":"https:\/\/ifamnews.com\/it\/la-iof-allonu-non-dimenticate-la-famiglia#primaryimage"},"image":{"@id":"https:\/\/ifamnews.com\/it\/la-iof-allonu-non-dimenticate-la-famiglia#primaryimage"},"thumbnailUrl":"https:\/\/ifamnews.com\/wp-content\/uploads\/2020\/03\/un-1.jpg","datePublished":"2020-03-16T05:00:35+00:00","dateModified":"2020-03-17T14:33:12+00:00","description":"L'editore di \u201ciFamNews\u201d chiede la cancellazione di \u00absalute riproduttiva\u00bb dal documento della prossima sessione annuale della Commissione delle Nazioni Unite","breadcrumb":{"@id":"https:\/\/ifamnews.com\/it\/la-iof-allonu-non-dimenticate-la-famiglia#breadcrumb"},"inLanguage":"it-IT","potentialAction":[{"@type":"ReadAction","target":["https:\/\/ifamnews.com\/it\/la-iof-allonu-non-dimenticate-la-famiglia"]}]},{"@type":"ImageObject","inLanguage":"it-IT","@id":"https:\/\/ifamnews.com\/it\/la-iof-allonu-non-dimenticate-la-famiglia#primaryimage","url":"https:\/\/ifamnews.com\/wp-content\/uploads\/2020\/03\/un-1.jpg","contentUrl":"https:\/\/ifamnews.com\/wp-content\/uploads\/2020\/03\/un-1.jpg","width":1200,"height":675},{"@type":"BreadcrumbList","@id":"https:\/\/ifamnews.com\/it\/la-iof-allonu-non-dimenticate-la-famiglia#breadcrumb","itemListElement":[{"@type":"ListItem","position":1,"name":"Home","item":"https:\/\/ifamnews.com\/de"},{"@type":"ListItem","position":2,"name":"In evidenza","item":"https:\/\/ifamnews.com\/it\/categoria\/foreground-it"},{"@type":"ListItem","position":3,"name":"La IOF all&#8217;ONU: \u00abNon dimenticate la famiglia\u00bb"}]},{"@type":"WebSite","@id":"https:\/\/ifamnews.com\/en\/#website","url":"https:\/\/ifamnews.com\/en\/","name":"IFN","description":"International Family News Network","publisher":{"@id":"https:\/\/ifamnews.com\/en\/#organization"},"potentialAction":[{"@type":"SearchAction","target":{"@type":"EntryPoint","urlTemplate":"https:\/\/ifamnews.com\/en\/?s={search_term_string}"},"query-input":{"@type":"PropertyValueSpecification","valueRequired":true,"valueName":"search_term_string"}}],"inLanguage":"it-IT"},{"@type":"Organization","@id":"https:\/\/ifamnews.com\/en\/#organization","name":"iFamNews","url":"https:\/\/ifamnews.com\/en\/","logo":{"@type":"ImageObject","inLanguage":"it-IT","@id":"https:\/\/ifamnews.com\/en\/#\/schema\/logo\/image\/","url":"https:\/\/ifamnews.com\/wp-content\/uploads\/2020\/01\/Share-logo.png","contentUrl":"https:\/\/ifamnews.com\/wp-content\/uploads\/2020\/01\/Share-logo.png","width":200,"height":200,"caption":"iFamNews"},"image":{"@id":"https:\/\/ifamnews.com\/en\/#\/schema\/logo\/image\/"},"sameAs":["https:\/\/www.facebook.com\/iFamNews","https:\/\/x.com\/iFamNewsEN"]},{"@type":"Person","@id":"https:\/\/ifamnews.com\/en\/#\/schema\/person\/fafda7d79212f3690f4af10238556aac","name":"iFamNews Italia","image":{"@type":"ImageObject","inLanguage":"it-IT","@id":"https:\/\/secure.gravatar.com\/avatar\/2e50539bc89809bc22a0b2bb9dc3d7f67ffd1e564e5461707f0153146f8c99b5?s=96&d=mm&r=g","url":"https:\/\/secure.gravatar.com\/avatar\/2e50539bc89809bc22a0b2bb9dc3d7f67ffd1e564e5461707f0153146f8c99b5?s=96&d=mm&r=g","contentUrl":"https:\/\/secure.gravatar.com\/avatar\/2e50539bc89809bc22a0b2bb9dc3d7f67ffd1e564e5461707f0153146f8c99b5?s=96&d=mm&r=g","caption":"iFamNews Italia"},"description":"Articles published by the Italian iFamNews editorial team.","sameAs":["https:\/\/ifamnews.com\/it","https:\/\/www.facebook.com\/iFamNews\/","https:\/\/x.com\/https:\/\/twitter.com\/iFamNewsIT","https:\/\/www.youtube.com\/channel\/UCMVyIt4z9BANW3d09kwfUpw"],"url":"https:\/\/ifamnews.com\/it\/author\/redazioneit"}]}},"amp_enabled":true,"_links":{"self":[{"href":"https:\/\/ifamnews.com\/it\/wp-json\/wp\/v2\/posts\/11418","targetHints":{"allow":["GET"]}}],"collection":[{"href":"https:\/\/ifamnews.com\/it\/wp-json\/wp\/v2\/posts"}],"about":[{"href":"https:\/\/ifamnews.com\/it\/wp-json\/wp\/v2\/types\/post"}],"author":[{"embeddable":true,"href":"https:\/\/ifamnews.com\/it\/wp-json\/wp\/v2\/users\/46"}],"replies":[{"embeddable":true,"href":"https:\/\/ifamnews.com\/it\/wp-json\/wp\/v2\/comments?post=11418"}],"version-history":[{"count":4,"href":"https:\/\/ifamnews.com\/it\/wp-json\/wp\/v2\/posts\/11418\/revisions"}],"predecessor-version":[{"id":11423,"href":"https:\/\/ifamnews.com\/it\/wp-json\/wp\/v2\/posts\/11418\/revisions\/11423"}],"wp:featuredmedia":[{"embeddable":true,"href":"https:\/\/ifamnews.com\/it\/wp-json\/wp\/v2\/media\/11170"}],"wp:attachment":[{"href":"https:\/\/ifamnews.com\/it\/wp-json\/wp\/v2\/media?parent=11418"}],"wp:term":[{"taxonomy":"category","embeddable":true,"href":"https:\/\/ifamnews.com\/it\/wp-json\/wp\/v2\/categories?post=11418"},{"taxonomy":"post_tag","embeddable":true,"href":"https:\/\/ifamnews.com\/it\/wp-json\/wp\/v2\/tags?post=11418"}],"curies":[{"name":"wp","href":"https:\/\/api.w.org\/{rel}","templated":true}]}}