{"id":111490,"date":"2022-01-16T00:00:00","date_gmt":"2022-01-16T05:00:00","guid":{"rendered":"https:\/\/ifamnews.com\/?p=111490"},"modified":"2022-01-15T04:23:25","modified_gmt":"2022-01-15T09:23:25","slug":"addio-studi-per-il-matrimonio-e-i-figli","status":"publish","type":"post","link":"https:\/\/ifamnews.com\/it\/addio-studi-per-il-matrimonio-e-i-figli","title":{"rendered":"Addio studi. Per il matrimonio e i figli"},"content":{"rendered":"\n<p>Le donne che lasciano il lavoro per dedicarsi a tempo pieno alla famiglia non sono cos\u00ec rare, anche se di loro si parla piuttosto poco. Piuttosto rare sono invece le donne che, prima ancora del matrimonio, lasciano gli studi universitari.<\/p>\n\n\n\n<p>\u00c8 capitato a Lisa Zuccarini, 38enne chietina, che abbandon\u00f2 la facolt\u00e0 di Medicina al sesto anno, a pochi esami dalla laurea. Il motivo? Aveva compreso che, per quello che la riguardava, lo stile di vita del medico mal si conciliava con la famiglia. Oggi Lisa \u00e8 sposata con Roberto da sette anni e ha due figli, di quattro e due anni. <em><a href=\"https:\/\/www.amazon.it\/Cronache-disastri-camice-appeso-chiodo\/dp\/8885539629\/ref=sr_1_1?__mk_it_IT=%C3%85M%C3%85%C5%BD%C3%95%C3%91&amp;crid=7PN5BQ39R8FY&amp;keywords=Doc+a+chi%3F%21+Cronache+e+disastri+di+una+mamma+col+camice+appeso+al+chiodo&amp;qid=1640284291&amp;sprefix=doc+a+chi+cronache+e+disastri+di+una+mamma+col+camice+appeso+al+chiodo+%2Caps%2C326&amp;sr=8-1\" target=\"_blank\" rel=\"noreferrer noopener\">Doc a chi?! Cronache e disastri di una mamma col camice appeso al chiodo<\/a><\/em> \u00e8 la sua non convenzionale autobiografia, un libro godibilissimo e parecchio autoironico, ricco di tenerezza e di profondit\u00e0.<\/p>\n\n\n\n<p><strong>Com\u2019\u00e8 nato il libro?<\/strong><\/p>\n\n\n\n<p>Inizialmente l\u2019avevo pensato come il racconto della vita di una mamma a tempo pieno di due bimbi, secondo una visione simpatica, ironica e piena di speranza e di fiducia nella Provvidenza. L\u2019<em>input<\/em> iniziale mi \u00e8 arrivato da amiche che hanno anch\u2019esse figli piccoli e che, specie durante i periodi di <em>lockdown<\/em>, si sono ritrovate con tutte le difficolt\u00e0 legate all\u2019isolamento. Poi, per\u00f2, l\u2019editore Giuseppe Signorin ha suggerito di porre l\u2019accento sul mio passato di studentessa in Medicina e sui miei trascorsi tra reparti e corsie: per una questione di <em>privacy<\/em> e di segreto professionale, non mi sono dilungata pi\u00f9 di tanto su questo aspetto. In ogni caso, nel libro ho voluto raccontare la mia attuale vita di mamma anche a confronto con il mio passato universitario.<\/p>\n\n\n\n<p><strong>Lei era una studentessa particolarmente brillante ed entusiasta: cosa l\u2019ha indotta a cambiare vita?<\/strong><\/p>\n\n\n\n<p>Ho lasciato gli studi al sesto anno, quando ormai mi mancavano solo pochi esami. Mia madre \u00e8 medico e il suo esempio mi aveva sempre galvanizzato. Tuttora ritengo che quella di medico sia una grande professione e anche una bella vocazione. Di questo lavoro mi piaceva anche il risvolto dei rapporti umani, per cui ho sempre avuto una spiccata predisposizione: nel momento in cui si entra a contatto con il malato, la soddisfazione aumenta, ci si sente utili perch\u00e9 si sente che si sta realizzando qualcosa di buono per il prossimo. La realt\u00e0, per\u00f2, a lungo andare, \u00e8 risultata diversa dalle aspettative: la professione medica richiede una certa impostazione di vita e un tempo importante da dedicarvi, cosicch\u00e9 le richieste che mi venivano fatte iniziavano a pesarmi seriamente. L\u2019entusiasmo iniziale non bastava pi\u00f9, crescendo ho iniziato a maturare fortemente il desiderio di avere una famiglia, cosa che, durante i primi anni universitari, non vedevo come concretamente realizzabile, anche perch\u00e9, da giovane, ero molto indipendente, ero per il \u201cmi basto per me stessa\u201d. Quando, a 21 anni, ho conosciuto quello che oggi \u00e8 mio marito, per\u00f2, ho cambiato prospettiva e ho iniziato a farmi delle domande. Dovevo capire come conciliare la sfera lavorativa e quella familiare. Anche continuando a dare esami con profitto, avevo gi\u00e0 preso in cuor mio una decisione: fare il medico non era il mio ideale di vita. Io volevo qualcosa di pi\u00f9 rispetto a una semplice soddisfazione professionale, che sicuramente ci sarebbe stata ma che mi avrebbe fatto diventare una di quelle persone che vanno avanti per quieto vivere, senza aver mai risposto davvero alle proprie domande interiori.<\/p>\n\n\n\n<p><strong>Nessun rimpianto, dunque?<\/strong><\/p>\n\n\n\n<p>Assolutamente nessun rimpianto. Anche se, i primi tempi, molti mi chiedevano se fossi convinta di quel che avevo fatto: l\u2019opinione degli altri era uno specchio in cui mi dovevo confrontare. Sono felice della mia scelta e cos\u00ec sar\u00e0, fino a quando dovesse esserci una \u201cbotta di genio\u201d che per\u00f2 non credo mai avverr\u00e0.<\/p>\n\n\n\n<p><strong>Che consiglio darebbe a una ragazza che si dovesse trovare davanti a una scelta simile alla sua?<\/strong><\/p>\n\n\n\n<p>Devo dire che molte donne, specie sui <em>social<\/em>, mi chiedono consigli. La cosa sinceramente mi d\u00e0 un po\u2019 di sgomento, perch\u00e9 sento quanto sia grande la responsabilit\u00e0 nel dare suggerimenti a persone di cui, fondamentalmente, non conosco bene la vita. Quello che posso dire \u00e8 che, innanzitutto, bisogna pregare: ho riscontrato quanto la preghiera sia centrale nella mia vita e quanto non mi lasci sola nelle mie scelte. Dopodich\u00e9 \u00e8 utile avere al proprio fianco una persona che ci conosca intimamente e che sia sufficientemente saggia da poterci indicare se la strada che stiamo prendendo sia quella giusta. In questa figura, io ci vedo un sacerdote ma pu\u00f2 anche essere qualunque persona adulta e in equilibrio con se stessa e con gli altri. Quando si deve prendere una decisione cos\u00ec radicale, poi, \u00e8 importante essere sereni con se stessi: un conto \u00e8 affrontare una difficolt\u00e0 anche grossa lungo il proprio cammino, sentendo comunque che la propria strada \u00e8 quella gi\u00e0 intrapresa; altro \u00e8 quando si affronta una vera crisi vocazionale (anche il lavoro pu\u00f2 essere una vocazione), che richiede di rivalutare realmente i propri obiettivi e le proprie intenzioni. Non \u00e8 impossibile conciliare il ruolo di medico e quello di moglie e mamma: se ci\u00f2 avviene, questo \u00e8 bellissimo, anzi, ammiro chi ci riesce. Anche la \u201cprofessione\u201d di moglie e mamma, comunque, gi\u00e0 di suo, \u00e8 un percorso impegnativo ma comunque pieno di soddisfazioni su tutti i fronti.<\/p>\n\n\n\n<p><strong>Un capitolo del libro, verso la fine, \u00e8 dedicato alla virt\u00f9 dell\u2019umilt\u00e0, per la quale la vita familiare \u00e8 un\u2019ottima \u201cpalestra\u201d. Qual \u00e8 stata la sua esperienza a riguardo?<\/strong><\/p>\n\n\n\n<p>Per quello che mi concerne, il mio orgoglio \u00e8 in fase di destrutturazione: \u00e8 una sfida nella quale non mi sento affatto arrivata e che devo costruire quotidianamente. Per me l\u2019umilt\u00e0 \u00e8 una meta difficile, perch\u00e9 l\u2019orgoglio fa parte del mio DNA. Sicuramente, quando ero studentessa, mi inorgoglivo ancora di pi\u00f9: rinunciare agli onori e alle cariche dell\u2019ambiente medico \u00e8 qualcosa che riduce tantissimo l\u2019orgoglio. L\u2019umilt\u00e0 \u00e8 qualcosa che ho sperimentato nella mia vita universitaria, in un esame molto particolare che dovetti affrontare con un professore piuttosto noto e importante. Nel libro ho parlato di questo episodio e anche dell\u2019importanza dell\u2019umilt\u00e0 nei rapporti con i miei genitori, con la maternit\u00e0. Alla mia spiccata propensione per il prossimo, si affiancava una forte tentazione a una superbia, che, alla fine, appanna anche la capacit\u00e0 di farsi realmente prossimi a chi ne ha bisogno, perch\u00e9 ci si mette su un piano che \u00e8 quello di chi giudica e pu\u00f2 decidere le sorti degli altri, magari in modo non del tutto utile e adeguato. Adesso, invece, pulisco cacche, pip\u00ec, mi becco i rimproveri di un quattrenne se non faccio la pappa come piace a lui, quindi, \u00e8 un bell\u2019esercizio di umilt\u00e0. Non credo di avere meriti particolari nel mio ruolo di moglie e mamma: c\u2019\u00e8 chi lo fa con persone malate in famiglia o in altre situazioni difficili; quindi, anche fare soltanto la moglie o la mamma non \u00e8 affatto un percorso lineare o banale: al contrario meriterebbe un riconoscimento ben maggiore di quello che viene normalmente attribuito.<\/p>\n","protected":false},"excerpt":{"rendered":"<p>Se dalla vita si vuole qualcosa di pi\u00f9 di ci\u00f2 che \u00e8 gi\u00e0 tanto. Lisa Zuccarini si racconta<\/p>\n","protected":false},"author":545,"featured_media":111795,"comment_status":"open","ping_status":"open","sticky":false,"template":"","format":"standard","meta":{"give_campaign_id":0,"om_disable_all_campaigns":false,"_monsterinsights_skip_tracking":false,"_monsterinsights_sitenote_active":false,"_monsterinsights_sitenote_note":"","_monsterinsights_sitenote_category":0,"mc4wp_mailchimp_campaign":[],"jnews-multi-image_gallery":[],"jnews_single_post":{"subtitle":"Se dalla vita si vuole qualcosa di pi\u00f9 di ci\u00f2 che \u00e8 gi\u00e0 tanto. Lisa Zuccarini si racconta","format":"standard","video":"","gallery":"","source_name":"","source_url":"","via_name":"","via_url":"","override":[{"template":"1","single_blog_custom":"","parallax":"1","fullscreen":"1","layout":"right-sidebar","sidebar":"default-sidebar","second_sidebar":"default-sidebar","sticky_sidebar":"1","share_position":"top","share_float_style":"share-monocrhome","show_share_counter":"1","show_view_counter":"1","show_featured":"1","show_post_meta":"1","show_post_author":"1","show_post_author_image":"1","show_post_date":"1","post_date_format":"default","post_date_format_custom":"Y\/m\/d","show_post_category":"1","post_reading_time_wpm":"300","zoom_button_out_step":"2","zoom_button_in_step":"3","show_post_tag":"1","show_prev_next_post":"1","show_popup_post":"1","number_popup_post":"1"}],"image_override":[{"single_post_thumbnail_size":"crop-500","single_post_gallery_size":"crop-500"}],"trending_post_position":"meta","trending_post_label":"Trending","sponsored_post_label":"Sponsored by","sponsored_post_name":"","sponsored_post_url":"","sponsored_post_logo":"","sponsored_post_desc":""},"jnews_primary_category":{"id":"781"},"jnews_social_meta":{"fb_title":"","fb_description":"","fb_image":"","twitter_title":"","twitter_description":"","twitter_image":""},"jnews_override_counter":{"view_counter_number":"0","share_counter_number":"0","like_counter_number":"0","dislike_counter_number":"0"},"footnotes":""},"categories":[781,951],"tags":[806],"class_list":["post-111490","post","type-post","status-publish","format-standard","has-post-thumbnail","hentry","category-famiglia","category-foreground-it","tag-famiglia"],"yoast_head":"<!-- This site is optimized with the Yoast SEO Premium plugin v25.9 (Yoast SEO v27.3) - https:\/\/yoast.com\/product\/yoast-seo-premium-wordpress\/ -->\n<title>Addio studi. Per il matrimonio e i figli - \u00abiFamNews\u00bb<\/title>\n<meta name=\"description\" content=\"Se dalla vita si vuole qualcosa di pi\u00f9 di ci\u00f2 che \u00e8 gi\u00e0 tanto. Lisa Zuccarini si racconta senza n\u00e9 rimpianti n\u00e9 moralismi\" \/>\n<meta name=\"robots\" content=\"index, follow, max-snippet:-1, max-image-preview:large, max-video-preview:-1\" \/>\n<link rel=\"canonical\" href=\"https:\/\/ifamnews.com\/it\/addio-studi-per-il-matrimonio-e-i-figli\" \/>\n<meta property=\"og:locale\" content=\"it_IT\" \/>\n<meta property=\"og:type\" content=\"article\" \/>\n<meta property=\"og:title\" content=\"Addio studi. Per il matrimonio e i figli\" \/>\n<meta property=\"og:description\" content=\"Se dalla vita si vuole qualcosa di pi\u00f9 di ci\u00f2 che \u00e8 gi\u00e0 tanto. Lisa Zuccarini si racconta senza n\u00e9 rimpianti n\u00e9 moralismi\" \/>\n<meta property=\"og:url\" content=\"https:\/\/ifamnews.com\/it\/addio-studi-per-il-matrimonio-e-i-figli\" \/>\n<meta property=\"og:site_name\" content=\"IFN\" \/>\n<meta property=\"article:publisher\" content=\"https:\/\/www.facebook.com\/iFamNews\" \/>\n<meta property=\"article:published_time\" content=\"2022-01-16T05:00:00+00:00\" \/>\n<meta property=\"og:image\" content=\"https:\/\/ifamnews.com\/wp-content\/uploads\/2021\/12\/Zuccarini-Lisa.jpeg\" \/>\n\t<meta property=\"og:image:width\" content=\"1200\" \/>\n\t<meta property=\"og:image:height\" content=\"675\" \/>\n\t<meta property=\"og:image:type\" content=\"image\/jpeg\" \/>\n<meta name=\"author\" content=\"Luca Marcolivio\" \/>\n<meta name=\"twitter:card\" content=\"summary_large_image\" \/>\n<meta name=\"twitter:creator\" content=\"@https:\/\/twitter.com\/luketto2\" \/>\n<meta name=\"twitter:site\" content=\"@iFamNewsEN\" \/>\n<meta name=\"twitter:label1\" content=\"Scritto da\" \/>\n\t<meta name=\"twitter:data1\" content=\"Luca Marcolivio\" \/>\n\t<meta name=\"twitter:label2\" content=\"Tempo di lettura stimato\" \/>\n\t<meta name=\"twitter:data2\" content=\"6 minuti\" \/>\n<!-- \/ Yoast SEO Premium plugin. -->","yoast_head_json":{"title":"Addio studi. Per il matrimonio e i figli - \u00abiFamNews\u00bb","description":"Se dalla vita si vuole qualcosa di pi\u00f9 di ci\u00f2 che \u00e8 gi\u00e0 tanto. Lisa Zuccarini si racconta senza n\u00e9 rimpianti n\u00e9 moralismi","robots":{"index":"index","follow":"follow","max-snippet":"max-snippet:-1","max-image-preview":"max-image-preview:large","max-video-preview":"max-video-preview:-1"},"canonical":"https:\/\/ifamnews.com\/it\/addio-studi-per-il-matrimonio-e-i-figli","og_locale":"it_IT","og_type":"article","og_title":"Addio studi. Per il matrimonio e i figli","og_description":"Se dalla vita si vuole qualcosa di pi\u00f9 di ci\u00f2 che \u00e8 gi\u00e0 tanto. Lisa Zuccarini si racconta senza n\u00e9 rimpianti n\u00e9 moralismi","og_url":"https:\/\/ifamnews.com\/it\/addio-studi-per-il-matrimonio-e-i-figli","og_site_name":"IFN","article_publisher":"https:\/\/www.facebook.com\/iFamNews","article_published_time":"2022-01-16T05:00:00+00:00","og_image":[{"width":1200,"height":675,"url":"https:\/\/ifamnews.com\/wp-content\/uploads\/2021\/12\/Zuccarini-Lisa.jpeg","type":"image\/jpeg"}],"author":"Luca Marcolivio","twitter_card":"summary_large_image","twitter_creator":"@https:\/\/twitter.com\/luketto2","twitter_site":"@iFamNewsEN","twitter_misc":{"Scritto da":"Luca Marcolivio","Tempo di lettura stimato":"6 minuti"},"schema":{"@context":"https:\/\/schema.org","@graph":[{"@type":"NewsArticle","@id":"https:\/\/ifamnews.com\/it\/addio-studi-per-il-matrimonio-e-i-figli#article","isPartOf":{"@id":"https:\/\/ifamnews.com\/it\/addio-studi-per-il-matrimonio-e-i-figli"},"author":{"name":"Luca Marcolivio","@id":"https:\/\/ifamnews.com\/en\/#\/schema\/person\/ce4f7fd8e66bf7ecb51fc4e1d97dbcfd"},"headline":"Addio studi. Per il matrimonio e i figli","datePublished":"2022-01-16T05:00:00+00:00","mainEntityOfPage":{"@id":"https:\/\/ifamnews.com\/it\/addio-studi-per-il-matrimonio-e-i-figli"},"wordCount":1141,"commentCount":0,"publisher":{"@id":"https:\/\/ifamnews.com\/en\/#organization"},"image":{"@id":"https:\/\/ifamnews.com\/it\/addio-studi-per-il-matrimonio-e-i-figli#primaryimage"},"thumbnailUrl":"https:\/\/ifamnews.com\/wp-content\/uploads\/2021\/12\/Zuccarini-Lisa.jpeg","keywords":["Famiglia"],"articleSection":["Famiglia","In evidenza"],"inLanguage":"it-IT","potentialAction":[{"@type":"CommentAction","name":"Comment","target":["https:\/\/ifamnews.com\/it\/addio-studi-per-il-matrimonio-e-i-figli#respond"]}]},{"@type":"WebPage","@id":"https:\/\/ifamnews.com\/it\/addio-studi-per-il-matrimonio-e-i-figli","url":"https:\/\/ifamnews.com\/it\/addio-studi-per-il-matrimonio-e-i-figli","name":"Addio studi. Per il matrimonio e i figli - \u00abiFamNews\u00bb","isPartOf":{"@id":"https:\/\/ifamnews.com\/en\/#website"},"primaryImageOfPage":{"@id":"https:\/\/ifamnews.com\/it\/addio-studi-per-il-matrimonio-e-i-figli#primaryimage"},"image":{"@id":"https:\/\/ifamnews.com\/it\/addio-studi-per-il-matrimonio-e-i-figli#primaryimage"},"thumbnailUrl":"https:\/\/ifamnews.com\/wp-content\/uploads\/2021\/12\/Zuccarini-Lisa.jpeg","datePublished":"2022-01-16T05:00:00+00:00","description":"Se dalla vita si vuole qualcosa di pi\u00f9 di ci\u00f2 che \u00e8 gi\u00e0 tanto. Lisa Zuccarini si racconta senza n\u00e9 rimpianti n\u00e9 moralismi","breadcrumb":{"@id":"https:\/\/ifamnews.com\/it\/addio-studi-per-il-matrimonio-e-i-figli#breadcrumb"},"inLanguage":"it-IT","potentialAction":[{"@type":"ReadAction","target":["https:\/\/ifamnews.com\/it\/addio-studi-per-il-matrimonio-e-i-figli"]}]},{"@type":"ImageObject","inLanguage":"it-IT","@id":"https:\/\/ifamnews.com\/it\/addio-studi-per-il-matrimonio-e-i-figli#primaryimage","url":"https:\/\/ifamnews.com\/wp-content\/uploads\/2021\/12\/Zuccarini-Lisa.jpeg","contentUrl":"https:\/\/ifamnews.com\/wp-content\/uploads\/2021\/12\/Zuccarini-Lisa.jpeg","width":1200,"height":675,"caption":"Lisa Zuccarini"},{"@type":"BreadcrumbList","@id":"https:\/\/ifamnews.com\/it\/addio-studi-per-il-matrimonio-e-i-figli#breadcrumb","itemListElement":[{"@type":"ListItem","position":1,"name":"Home","item":"https:\/\/ifamnews.com\/de"},{"@type":"ListItem","position":2,"name":"Famiglia","item":"https:\/\/ifamnews.com\/it\/categoria\/famiglia"},{"@type":"ListItem","position":3,"name":"Addio studi. Per il matrimonio e i figli"}]},{"@type":"WebSite","@id":"https:\/\/ifamnews.com\/en\/#website","url":"https:\/\/ifamnews.com\/en\/","name":"IFN","description":"International Family News Network","publisher":{"@id":"https:\/\/ifamnews.com\/en\/#organization"},"potentialAction":[{"@type":"SearchAction","target":{"@type":"EntryPoint","urlTemplate":"https:\/\/ifamnews.com\/en\/?s={search_term_string}"},"query-input":{"@type":"PropertyValueSpecification","valueRequired":true,"valueName":"search_term_string"}}],"inLanguage":"it-IT"},{"@type":"Organization","@id":"https:\/\/ifamnews.com\/en\/#organization","name":"iFamNews","url":"https:\/\/ifamnews.com\/en\/","logo":{"@type":"ImageObject","inLanguage":"it-IT","@id":"https:\/\/ifamnews.com\/en\/#\/schema\/logo\/image\/","url":"https:\/\/ifamnews.com\/wp-content\/uploads\/2020\/01\/Share-logo.png","contentUrl":"https:\/\/ifamnews.com\/wp-content\/uploads\/2020\/01\/Share-logo.png","width":200,"height":200,"caption":"iFamNews"},"image":{"@id":"https:\/\/ifamnews.com\/en\/#\/schema\/logo\/image\/"},"sameAs":["https:\/\/www.facebook.com\/iFamNews","https:\/\/x.com\/iFamNewsEN"]},{"@type":"Person","@id":"https:\/\/ifamnews.com\/en\/#\/schema\/person\/ce4f7fd8e66bf7ecb51fc4e1d97dbcfd","name":"Luca Marcolivio","image":{"@type":"ImageObject","inLanguage":"it-IT","@id":"https:\/\/secure.gravatar.com\/avatar\/4aa297a11beb7510b2301ae9c8bbe9e7eb035156e7c8f0d92c718bc695d102d7?s=96&d=mm&r=g","url":"https:\/\/secure.gravatar.com\/avatar\/4aa297a11beb7510b2301ae9c8bbe9e7eb035156e7c8f0d92c718bc695d102d7?s=96&d=mm&r=g","contentUrl":"https:\/\/secure.gravatar.com\/avatar\/4aa297a11beb7510b2301ae9c8bbe9e7eb035156e7c8f0d92c718bc695d102d7?s=96&d=mm&r=g","caption":"Luca Marcolivio"},"description":"A professional journalist, Luca Marcolivio has been accredited to the Holy See Press Office since 2011. Director of the webmagazine of religious information Cristiani Today, e collaborates with La nuova Bussola Quotidiana, Pro Vita &amp; Famiglia and the blog of the Centro Machiavelli. From 2011 to 2017 he was Editor-in-Chief of the Italian edition of Zenit. He is the author of Contro Garibaldi. Quello che a scuola non vi hanno raccontato and the editor of La societ\u00e0 dell\u2019allegria. Don Bosco raccontato dai salesiani del XXI Secolo","sameAs":["https:\/\/x.com\/https:\/\/twitter.com\/luketto2"],"url":"https:\/\/ifamnews.com\/it\/author\/luca-marcolivio"}]}},"amp_enabled":true,"_links":{"self":[{"href":"https:\/\/ifamnews.com\/it\/wp-json\/wp\/v2\/posts\/111490","targetHints":{"allow":["GET"]}}],"collection":[{"href":"https:\/\/ifamnews.com\/it\/wp-json\/wp\/v2\/posts"}],"about":[{"href":"https:\/\/ifamnews.com\/it\/wp-json\/wp\/v2\/types\/post"}],"author":[{"embeddable":true,"href":"https:\/\/ifamnews.com\/it\/wp-json\/wp\/v2\/users\/545"}],"replies":[{"embeddable":true,"href":"https:\/\/ifamnews.com\/it\/wp-json\/wp\/v2\/comments?post=111490"}],"version-history":[{"count":2,"href":"https:\/\/ifamnews.com\/it\/wp-json\/wp\/v2\/posts\/111490\/revisions"}],"predecessor-version":[{"id":115134,"href":"https:\/\/ifamnews.com\/it\/wp-json\/wp\/v2\/posts\/111490\/revisions\/115134"}],"wp:featuredmedia":[{"embeddable":true,"href":"https:\/\/ifamnews.com\/it\/wp-json\/wp\/v2\/media\/111795"}],"wp:attachment":[{"href":"https:\/\/ifamnews.com\/it\/wp-json\/wp\/v2\/media?parent=111490"}],"wp:term":[{"taxonomy":"category","embeddable":true,"href":"https:\/\/ifamnews.com\/it\/wp-json\/wp\/v2\/categories?post=111490"},{"taxonomy":"post_tag","embeddable":true,"href":"https:\/\/ifamnews.com\/it\/wp-json\/wp\/v2\/tags?post=111490"}],"curies":[{"name":"wp","href":"https:\/\/api.w.org\/{rel}","templated":true}]}}