{"id":110581,"date":"2021-12-18T00:00:00","date_gmt":"2021-12-18T05:00:00","guid":{"rendered":"https:\/\/ifamnews.com\/?p=110581"},"modified":"2021-12-29T10:47:32","modified_gmt":"2021-12-29T15:47:32","slug":"un-ddl-zan-europeo","status":"publish","type":"post","link":"https:\/\/ifamnews.com\/it\/un-ddl-zan-europeo","title":{"rendered":"Un \u201cDdl Zan europeo\u201d"},"content":{"rendered":"<p class=\"last-updated\">Last updated on Dicembre 29th, 2021 at 10:47 am<\/p>\n<p>Da pi\u00f9 parti, in maniera un po\u2019 disorganica, si stanno diffondendo voci intorno a un \u201cddl Zan europeo\u201d. La notizia \u00e8 confermata dall\u2019esistenza di un <a href=\"https:\/\/ec.europa.eu\/info\/sites\/default\/files\/1_1_178542_comm_eu_crimes_en.pdf\" target=\"_blank\" rel=\"noreferrer noopener\">documento della Commissione Europea<\/a> avente per oggetto l\u2019estensione della lista dei reati per discorsi e atti che inciterebbero all\u2019odio. La bozza \u00e8 stata approvata dal collegio dei commissari in forma scritta, dopodich\u00e9 la proposta verrebbe avallata dal Consiglio dell\u2019Unione, per poi passare alla votazione del Parlamento Europeo.<\/p>\n\n\n\n<p>Il documento trae spunto dal <a href=\"https:\/\/ec.europa.eu\/info\/sites\/default\/files\/soteu_2020_en.pdf\" target=\"_blank\" rel=\"noreferrer noopener\">discorso sullo Stato dell\u2019Unione Europea<\/a> del 2020 in cui la presidente, Ursula Von der Leyen, annunciava la proposta di \u00abestendere la lista dei reati europei a tutte le forme di incitamento all\u2019odio per motivi di razza, religione, genere o sesso\u00bb. Una norma che, spiega la bozza della Commissione, sarebbe adottata in applicazione dell\u2019articolo 2 del Trattato dell\u2019Unione Europea con cui gli Stati membri si impegnano a tutelare i valori del \u00abpluralismo\u00bb, della \u00abnon discriminazione\u00bb, della \u00abtolleranza\u00bb, della \u00abgiustizia\u00bb, della \u00absolidariet\u00e0\u00bb e dell\u2019\u00abuguaglianza tra donne e uomini\u00bb.<\/p>\n\n\n\n<p>La Commissione Europea denuncia, infatti, un \u00abforte aumento dei discorsi che incitano all\u2019odio e dei reati di odio\u00bb \u00abnegli ultimi decenni in Europa\u00bb. Secondo gli estensori del documento l\u2019attitudine a \u00abodiare\u00bb starebbe cio\u00e8 \u00abentrando nel <em>mainstream<\/em>\u00bb, prendendo di mira \u00abindividui e gruppi di persone\u00bb targettizzati per \u00abrazza, etnia, lingua, religione, nazionalit\u00e0, et\u00e0, sesso, orientamento sessuale, identit\u00e0 di genere, espressione di genere, caratteristiche sessuali\u00bb. Il sopraggiungere della crisi pandemica, poi, non avrebbe fatto altro che \u00abfomentare sentimenti di insicurezza, isolamento e paura\u00bb, finendo per incentivare ulteriormente appunto reati e discorsi di odio.<\/p>\n\n\n\n<p>Si tratta peraltro di un\u2019iniziativa che mira a integrare altri piani gi\u00e0 intrapresi, come la <a href=\"https:\/\/eur-lex.europa.eu\/legal-content\/EN\/TXT\/PDF\/?uri=CELEX:52020DC0152&amp;from=EN\" target=\"_blank\" rel=\"noreferrer noopener\"><em>Strategia per la parit\u00e0 LGBTIQ 2020-2025<\/em><\/a>.<\/p>\n\n\n\n<p>A sostegno del progetto, la Commissione Europea cita un <a href=\"https:\/\/fra.europa.eu\/sites\/default\/files\/fra_uploads\/fra-2020-lgbti-equality_en.pdf\" target=\"_blank\" rel=\"noreferrer noopener\">sondaggio dell\u2019Agenzia per i diritti fondamentali dell\u2019Unione Europea<\/a>, secondo il quale l\u201911% delle persone LGBT+ intervistate riferisce di essere stata almeno una volta \u00abaggredita fisicamente o sessualmente\u00bb in ragione del proprio orientamento sessuale.<\/p>\n\n\n\n<p>Tra gli europarlamentari italiani <a href=\"https:\/\/www.ilgiornale.it\/news\/politica\/ci-mancava-ddl-zan-bruxelles-censura-i-nuovi-reati-opinione-1994852.html\" target=\"_blank\" rel=\"noreferrer noopener\">voci contrarie al \u201cddl Zan europeo\u201d<\/a> sono giunte dal gruppo dei Conservatori e Riformisti Europei (ECR), da Identit\u00e0 e Democrazia (ID) e dal Partito Popolare Europeo (PPE). \u00abMonitoreremo da vicino l\u2019evoluzione di questo processo. Non permetteremo che la libert\u00e0 di pensiero e di parola vengano sacrificate ad esclusivo vantaggio dell&#8217;ideologia\u00bb, dichiara l\u2019onorevole Nicola Procaccini (Fratelli d\u2019Italia-ECR), secondo il quale \u00abl\u2019introduzione tra gli eurocrimini dei reati di odio e di incitamento all\u2019odio basati sul genere risulterebbe fuorviante anche dal punto di vista giuridico\u00bb.<\/p>\n\n\n\n<p>\u00abQuando gli Stati, i governi, le istituzioni, vogliono imbrigliare le manifestazioni del pensiero altrui, si sfocia in una pericolosa deriva autoritaria\u00bb, gli fa eco Susanna Ceccardi (Lega-ID). \u00abNoi siamo contro ogni tipo di discriminazione, ma non si pu\u00f2 istituire un reato d\u2019opinione per chiunque osi dissentire dal pensiero unico della sinistra\u00bb, ha commentato Simona Baldassarre (Lega-ID).<\/p>\n\n\n\n<p>\u00abSi tratta di una comunicazione con una pretesa molto alta\u00bb, <a href=\"https:\/\/www.ilgiornale.it\/news\/politica\/ddl-zan-europeo-salini-dice-no-e-aggiunge-destinato-fallire-1995954.html\" target=\"_blank\" rel=\"noreferrer noopener\">dichiara Massimiliano Salini (Forza Italia \u2013 PPE)<\/a>, \u00abe cio\u00e8 quella d\u2019introdurre i prodromi di una direttiva che andasse a modificare, in qualche misura, l\u2019articolo 83 del Trattato sul funzionamento dell\u2019Unione europea\u00bb. Secondo Salini, tuttavia, si tratterebbe di un progetto \u00abdestinato a fallire sin dall\u2019inizio\u00bb, in quanto, afferma l\u2019eurodeputato, \u00abgli ordinamenti giuridici che devono badare al diritto penale sono gi\u00e0 attrezzati in Europa per sanzionare chi non rispetta i diritti, compresi quelli citati in questa comunicazione\u00bb. Non ha senso, cio\u00e8, parlare di \u00abcrimini europei\u00bb, n\u00e9 di \u00abdiritto penale europeo\u00bb.<\/p>\n\n\n\n<p>Pur di promuovere l\u2019agenda LGBT+ e forzare le legislazioni nazionali, l\u2019Unione Europea sta insomma giocando tutte le carte del proprio mazzo, con metodi non sempre trasparenti. Una di queste era stata la <a href=\"https:\/\/ifamnews.com\/it\/la-violenza-antieuropea-dell-unione-europea\" target=\"_blank\" rel=\"noreferrer noopener\">risoluzione<\/a>, approvata in settembre, che impone il riconoscimento dei \u201cmatrimoni\u201d e delle unioni tra persone dello stesso sesso in tutti i Paesi dell\u2019Unione Europea.<\/p>\n\n\n\n<p>Difficile pensare che operazioni come questa o come quella del \u201cddl Zan europeo\u201d sarebbero state architettate, se Paesi come la <a href=\"https:\/\/ifamnews.com\/it\/la-ue-colpisce-ungheria-e-polonia-perch-combattono-le-bugie\" target=\"_blank\" rel=\"noreferrer noopener\">Polonia<\/a> o l\u2019<a href=\"https:\/\/ifamnews.com\/it\/l-ungheria-difende-l-ovvio-bruxelles-gli-lgbt-\" target=\"_blank\" rel=\"noreferrer noopener\">Ungheria<\/a> non avessero fatto resistenza. La battaglia tutta intraeuropea per la difesa della famiglia naturale \u00e8 per\u00f2 solo all\u2019inizio. E in gioco c\u2019\u00e8 la sopravvivenza dell\u2019Unione Europea, per la quale i princ\u00ecpi non negoziabili, alla fine, potrebbero risultare pi\u00f9 strategici delle pur stringenti questioni economiche. In tutto questo, per\u00f2, l\u2019Italia da che parte sta?<\/p>\n","protected":false},"excerpt":{"rendered":"<p>La zampata disperata di LGBT+ e Ursula von der Leyen con metodi non sempre trasparenti. E l\u2019Italia da che parte sta?<\/p>\n","protected":false},"author":545,"featured_media":59405,"comment_status":"open","ping_status":"open","sticky":false,"template":"","format":"standard","meta":{"give_campaign_id":0,"om_disable_all_campaigns":false,"_monsterinsights_skip_tracking":false,"_monsterinsights_sitenote_active":false,"_monsterinsights_sitenote_note":"","_monsterinsights_sitenote_category":0,"mc4wp_mailchimp_campaign":[],"jnews-multi-image_gallery":[],"jnews_single_post":{"subtitle":"La zampata disperata di LGBT+ e Ursula von der Leyen con metodi non sempre trasparenti. E l\u2019Italia da che parte sta?","format":"standard","video":"","gallery":"","source_name":"","source_url":"","via_name":"","via_url":"","override":[{"template":"1","single_blog_custom":"","parallax":"1","fullscreen":"1","layout":"right-sidebar","sidebar":"default-sidebar","second_sidebar":"default-sidebar","sticky_sidebar":"1","share_position":"top","share_float_style":"share-monocrhome","show_share_counter":"1","show_view_counter":"1","show_featured":"1","show_post_meta":"1","show_post_author":"1","show_post_author_image":"1","show_post_date":"1","post_date_format":"default","post_date_format_custom":"Y\/m\/d","show_post_category":"1","post_reading_time_wpm":"300","zoom_button_out_step":"2","zoom_button_in_step":"3","show_post_tag":"1","show_prev_next_post":"1","show_popup_post":"1","number_popup_post":"1"}],"image_override":[{"single_post_thumbnail_size":"crop-500","single_post_gallery_size":"crop-500"}],"trending_post_position":"meta","trending_post_label":"Trending","sponsored_post_label":"Sponsored by","sponsored_post_name":"","sponsored_post_url":"","sponsored_post_logo":"","sponsored_post_desc":""},"jnews_primary_category":{"id":"780"},"jnews_social_meta":{"fb_title":"","fb_description":"","fb_image":"","twitter_title":"","twitter_description":"","twitter_image":""},"jnews_override_counter":{"view_counter_number":"0","share_counter_number":"0","like_counter_number":"0","dislike_counter_number":"0"},"footnotes":""},"categories":[951,780],"tags":[6690,8126,3067,7993],"class_list":["post-110581","post","type-post","status-publish","format-standard","has-post-thumbnail","hentry","category-foreground-it","category-politica-it","tag-ddl-zan","tag-highlight","tag-unione-europea","tag-vetrina"],"yoast_head":"<!-- This site is optimized with the Yoast SEO Premium plugin v25.9 (Yoast SEO v27.3) - https:\/\/yoast.com\/product\/yoast-seo-premium-wordpress\/ -->\n<title>Un \u201cDdl Zan europeo\u201d - \u00abiFamNews\u00bb<\/title>\n<meta name=\"description\" content=\"La zampata disperata di LGBT+ e Ursula von der Leyen con metodi non sempre trasparenti. E l\u2019Italia da che parte sta?\" \/>\n<meta name=\"robots\" content=\"index, follow, max-snippet:-1, max-image-preview:large, max-video-preview:-1\" \/>\n<link rel=\"canonical\" href=\"https:\/\/ifamnews.com\/it\/un-ddl-zan-europeo\" \/>\n<meta property=\"og:locale\" content=\"it_IT\" \/>\n<meta property=\"og:type\" content=\"article\" \/>\n<meta property=\"og:title\" content=\"Un \u201cDdl Zan europeo\u201d\" \/>\n<meta property=\"og:description\" content=\"La zampata disperata di LGBT+ e Ursula von der Leyen con metodi non sempre trasparenti. E l\u2019Italia da che parte sta?\" \/>\n<meta property=\"og:url\" content=\"https:\/\/ifamnews.com\/it\/un-ddl-zan-europeo\" \/>\n<meta property=\"og:site_name\" content=\"IFN\" \/>\n<meta property=\"article:publisher\" content=\"https:\/\/www.facebook.com\/iFamNews\" \/>\n<meta property=\"article:published_time\" content=\"2021-12-18T05:00:00+00:00\" \/>\n<meta property=\"article:modified_time\" content=\"2021-12-29T15:47:32+00:00\" \/>\n<meta property=\"og:image\" content=\"https:\/\/ifamnews.com\/wp-content\/uploads\/2021\/03\/1200px-Oodi_Library_European_Union_and_Pride_Flags_2020-09-12.jpg\" \/>\n\t<meta property=\"og:image:width\" content=\"1200\" \/>\n\t<meta property=\"og:image:height\" content=\"675\" \/>\n\t<meta property=\"og:image:type\" content=\"image\/jpeg\" \/>\n<meta name=\"author\" content=\"Luca Marcolivio\" \/>\n<meta name=\"twitter:card\" content=\"summary_large_image\" \/>\n<meta name=\"twitter:creator\" content=\"@https:\/\/twitter.com\/luketto2\" \/>\n<meta name=\"twitter:site\" content=\"@iFamNewsEN\" \/>\n<meta name=\"twitter:label1\" content=\"Scritto da\" \/>\n\t<meta name=\"twitter:data1\" content=\"Luca Marcolivio\" \/>\n\t<meta name=\"twitter:label2\" content=\"Tempo di lettura stimato\" \/>\n\t<meta name=\"twitter:data2\" content=\"4 minuti\" \/>\n<!-- \/ Yoast SEO Premium plugin. -->","yoast_head_json":{"title":"Un \u201cDdl Zan europeo\u201d - \u00abiFamNews\u00bb","description":"La zampata disperata di LGBT+ e Ursula von der Leyen con metodi non sempre trasparenti. E l\u2019Italia da che parte sta?","robots":{"index":"index","follow":"follow","max-snippet":"max-snippet:-1","max-image-preview":"max-image-preview:large","max-video-preview":"max-video-preview:-1"},"canonical":"https:\/\/ifamnews.com\/it\/un-ddl-zan-europeo","og_locale":"it_IT","og_type":"article","og_title":"Un \u201cDdl Zan europeo\u201d","og_description":"La zampata disperata di LGBT+ e Ursula von der Leyen con metodi non sempre trasparenti. E l\u2019Italia da che parte sta?","og_url":"https:\/\/ifamnews.com\/it\/un-ddl-zan-europeo","og_site_name":"IFN","article_publisher":"https:\/\/www.facebook.com\/iFamNews","article_published_time":"2021-12-18T05:00:00+00:00","article_modified_time":"2021-12-29T15:47:32+00:00","og_image":[{"width":1200,"height":675,"url":"https:\/\/ifamnews.com\/wp-content\/uploads\/2021\/03\/1200px-Oodi_Library_European_Union_and_Pride_Flags_2020-09-12.jpg","type":"image\/jpeg"}],"author":"Luca Marcolivio","twitter_card":"summary_large_image","twitter_creator":"@https:\/\/twitter.com\/luketto2","twitter_site":"@iFamNewsEN","twitter_misc":{"Scritto da":"Luca Marcolivio","Tempo di lettura stimato":"4 minuti"},"schema":{"@context":"https:\/\/schema.org","@graph":[{"@type":"NewsArticle","@id":"https:\/\/ifamnews.com\/it\/un-ddl-zan-europeo#article","isPartOf":{"@id":"https:\/\/ifamnews.com\/it\/un-ddl-zan-europeo"},"author":{"name":"Luca Marcolivio","@id":"https:\/\/ifamnews.com\/en\/#\/schema\/person\/ce4f7fd8e66bf7ecb51fc4e1d97dbcfd"},"headline":"Un \u201cDdl Zan europeo\u201d","datePublished":"2021-12-18T05:00:00+00:00","dateModified":"2021-12-29T15:47:32+00:00","mainEntityOfPage":{"@id":"https:\/\/ifamnews.com\/it\/un-ddl-zan-europeo"},"wordCount":720,"commentCount":0,"publisher":{"@id":"https:\/\/ifamnews.com\/en\/#organization"},"image":{"@id":"https:\/\/ifamnews.com\/it\/un-ddl-zan-europeo#primaryimage"},"thumbnailUrl":"https:\/\/ifamnews.com\/wp-content\/uploads\/2021\/03\/1200px-Oodi_Library_European_Union_and_Pride_Flags_2020-09-12.jpg","keywords":["ddl Zan","Highlight","Unione Europea","Vetrina"],"articleSection":["In evidenza","Politica"],"inLanguage":"it-IT","potentialAction":[{"@type":"CommentAction","name":"Comment","target":["https:\/\/ifamnews.com\/it\/un-ddl-zan-europeo#respond"]}]},{"@type":"WebPage","@id":"https:\/\/ifamnews.com\/it\/un-ddl-zan-europeo","url":"https:\/\/ifamnews.com\/it\/un-ddl-zan-europeo","name":"Un \u201cDdl Zan europeo\u201d - \u00abiFamNews\u00bb","isPartOf":{"@id":"https:\/\/ifamnews.com\/en\/#website"},"primaryImageOfPage":{"@id":"https:\/\/ifamnews.com\/it\/un-ddl-zan-europeo#primaryimage"},"image":{"@id":"https:\/\/ifamnews.com\/it\/un-ddl-zan-europeo#primaryimage"},"thumbnailUrl":"https:\/\/ifamnews.com\/wp-content\/uploads\/2021\/03\/1200px-Oodi_Library_European_Union_and_Pride_Flags_2020-09-12.jpg","datePublished":"2021-12-18T05:00:00+00:00","dateModified":"2021-12-29T15:47:32+00:00","description":"La zampata disperata di LGBT+ e Ursula von der Leyen con metodi non sempre trasparenti. E l\u2019Italia da che parte sta?","breadcrumb":{"@id":"https:\/\/ifamnews.com\/it\/un-ddl-zan-europeo#breadcrumb"},"inLanguage":"it-IT","potentialAction":[{"@type":"ReadAction","target":["https:\/\/ifamnews.com\/it\/un-ddl-zan-europeo"]}]},{"@type":"ImageObject","inLanguage":"it-IT","@id":"https:\/\/ifamnews.com\/it\/un-ddl-zan-europeo#primaryimage","url":"https:\/\/ifamnews.com\/wp-content\/uploads\/2021\/03\/1200px-Oodi_Library_European_Union_and_Pride_Flags_2020-09-12.jpg","contentUrl":"https:\/\/ifamnews.com\/wp-content\/uploads\/2021\/03\/1200px-Oodi_Library_European_Union_and_Pride_Flags_2020-09-12.jpg","width":1200,"height":675,"caption":"EuroLGBT+"},{"@type":"BreadcrumbList","@id":"https:\/\/ifamnews.com\/it\/un-ddl-zan-europeo#breadcrumb","itemListElement":[{"@type":"ListItem","position":1,"name":"Home","item":"https:\/\/ifamnews.com\/de"},{"@type":"ListItem","position":2,"name":"Politics","item":"https:\/\/ifamnews.com\/en\/category\/politics"},{"@type":"ListItem","position":3,"name":"Un \u201cDdl Zan europeo\u201d"}]},{"@type":"WebSite","@id":"https:\/\/ifamnews.com\/en\/#website","url":"https:\/\/ifamnews.com\/en\/","name":"IFN","description":"International Family News Network","publisher":{"@id":"https:\/\/ifamnews.com\/en\/#organization"},"potentialAction":[{"@type":"SearchAction","target":{"@type":"EntryPoint","urlTemplate":"https:\/\/ifamnews.com\/en\/?s={search_term_string}"},"query-input":{"@type":"PropertyValueSpecification","valueRequired":true,"valueName":"search_term_string"}}],"inLanguage":"it-IT"},{"@type":"Organization","@id":"https:\/\/ifamnews.com\/en\/#organization","name":"iFamNews","url":"https:\/\/ifamnews.com\/en\/","logo":{"@type":"ImageObject","inLanguage":"it-IT","@id":"https:\/\/ifamnews.com\/en\/#\/schema\/logo\/image\/","url":"https:\/\/ifamnews.com\/wp-content\/uploads\/2020\/01\/Share-logo.png","contentUrl":"https:\/\/ifamnews.com\/wp-content\/uploads\/2020\/01\/Share-logo.png","width":200,"height":200,"caption":"iFamNews"},"image":{"@id":"https:\/\/ifamnews.com\/en\/#\/schema\/logo\/image\/"},"sameAs":["https:\/\/www.facebook.com\/iFamNews","https:\/\/x.com\/iFamNewsEN"]},{"@type":"Person","@id":"https:\/\/ifamnews.com\/en\/#\/schema\/person\/ce4f7fd8e66bf7ecb51fc4e1d97dbcfd","name":"Luca Marcolivio","image":{"@type":"ImageObject","inLanguage":"it-IT","@id":"https:\/\/secure.gravatar.com\/avatar\/4aa297a11beb7510b2301ae9c8bbe9e7eb035156e7c8f0d92c718bc695d102d7?s=96&d=mm&r=g","url":"https:\/\/secure.gravatar.com\/avatar\/4aa297a11beb7510b2301ae9c8bbe9e7eb035156e7c8f0d92c718bc695d102d7?s=96&d=mm&r=g","contentUrl":"https:\/\/secure.gravatar.com\/avatar\/4aa297a11beb7510b2301ae9c8bbe9e7eb035156e7c8f0d92c718bc695d102d7?s=96&d=mm&r=g","caption":"Luca Marcolivio"},"description":"A professional journalist, Luca Marcolivio has been accredited to the Holy See Press Office since 2011. Director of the webmagazine of religious information Cristiani Today, e collaborates with La nuova Bussola Quotidiana, Pro Vita &amp; Famiglia and the blog of the Centro Machiavelli. From 2011 to 2017 he was Editor-in-Chief of the Italian edition of Zenit. He is the author of Contro Garibaldi. Quello che a scuola non vi hanno raccontato and the editor of La societ\u00e0 dell\u2019allegria. Don Bosco raccontato dai salesiani del XXI Secolo","sameAs":["https:\/\/x.com\/https:\/\/twitter.com\/luketto2"],"url":"https:\/\/ifamnews.com\/it\/author\/luca-marcolivio"}]}},"amp_enabled":true,"_links":{"self":[{"href":"https:\/\/ifamnews.com\/it\/wp-json\/wp\/v2\/posts\/110581","targetHints":{"allow":["GET"]}}],"collection":[{"href":"https:\/\/ifamnews.com\/it\/wp-json\/wp\/v2\/posts"}],"about":[{"href":"https:\/\/ifamnews.com\/it\/wp-json\/wp\/v2\/types\/post"}],"author":[{"embeddable":true,"href":"https:\/\/ifamnews.com\/it\/wp-json\/wp\/v2\/users\/545"}],"replies":[{"embeddable":true,"href":"https:\/\/ifamnews.com\/it\/wp-json\/wp\/v2\/comments?post=110581"}],"version-history":[{"count":3,"href":"https:\/\/ifamnews.com\/it\/wp-json\/wp\/v2\/posts\/110581\/revisions"}],"predecessor-version":[{"id":110654,"href":"https:\/\/ifamnews.com\/it\/wp-json\/wp\/v2\/posts\/110581\/revisions\/110654"}],"wp:featuredmedia":[{"embeddable":true,"href":"https:\/\/ifamnews.com\/it\/wp-json\/wp\/v2\/media\/59405"}],"wp:attachment":[{"href":"https:\/\/ifamnews.com\/it\/wp-json\/wp\/v2\/media?parent=110581"}],"wp:term":[{"taxonomy":"category","embeddable":true,"href":"https:\/\/ifamnews.com\/it\/wp-json\/wp\/v2\/categories?post=110581"},{"taxonomy":"post_tag","embeddable":true,"href":"https:\/\/ifamnews.com\/it\/wp-json\/wp\/v2\/tags?post=110581"}],"curies":[{"name":"wp","href":"https:\/\/api.w.org\/{rel}","templated":true}]}}