{"id":108272,"date":"2021-12-02T00:00:00","date_gmt":"2021-12-02T05:00:00","guid":{"rendered":"https:\/\/ifamnews.com\/?p=108272"},"modified":"2021-12-12T04:06:09","modified_gmt":"2021-12-12T09:06:09","slug":"cile-e-portogallo-s-a-vita-e-famiglia","status":"publish","type":"post","link":"https:\/\/ifamnews.com\/it\/cile-e-portogallo-s-a-vita-e-famiglia","title":{"rendered":"Cile e Portogallo, s\u00ec a vita e famiglia"},"content":{"rendered":"<p class=\"last-updated\">Last updated on Dicembre 12th, 2021 at 04:06 am<\/p>\n<p>In un mondo che si fa sempre pi\u00f9 ostile, la battaglia per la difesa della vita umana innocente e della famiglia naturale non conta n\u00e9 su tantissimi alleati n\u00e9 su un numero esagerato di notizie buone. Per\u00f2 ogni tanto capita che qualcosa si metta di traverso, facendo inciampare.<\/p>\n\n\n\n<p>Marted\u00ec 30 novembre il Senato di Santiago, capitale del Cile, \u00e8 inciampato in se stesso. Era in programma il voto su una proposta di legge, gi\u00e0 da poco approvata dalla Camera dei deputati, mirante a legalizzare il \u201cmatrimonio\u201d omosessuale, laddove le unioni civili omosessuali sono invece legali gi\u00e0 dal 2015. Ebbene il voto, da parecchio tempo atteso con ardore dalle forze politiche favorevoli, la maggioranza, non c\u2019\u00e8 stato. Il parere della Commissione Affari costituzionali, che avrebbe aperto al voto immediato, \u00e8 infatti stato negativo. Quindi il disegno di legge torna adesso ai parlamentari (un gruppo selezionato di senatori e deputati) affinch\u00e9 \u2013 ha stabilito la Commissione \u2013 mettano mano al testo e appianino i troppi disaccordi presenti in esso. Il <em>pool<\/em> designato si riunir\u00e0 luned\u00ec.<\/p>\n\n\n\n<p>Se il disegno fosse passato con il voto del Senato, il Cile avrebbe allungato la lista dei Paesi iberoamericani dove il \u201cmatrimonio\u201d omosessuale \u00e8 legale: Costa Rica, Ecuador, Colombia, Brasile, Uruguay, Argentina e 14 dei 32 Stati che compongono la federazione del Messico. E avrebbe pure consentito alle coppie omosessuali di adottare figli.<\/p>\n\n\n\n<p>Non solo. Alla Camera marted\u00ec era in programma anche una seconda proposta di legge, presentata originariamente nel 2018, per rendere l\u2019aborto legale fino alla 14sima settimana di vita del bambino nel grembo della propria mamma. Se ci\u00f2 avvenisse, il Cile muterebbe radicalmente e in maniera enorme, visto che attualmente l\u2019aborto, illegale fino al 2017, lo \u00e8 ora soltanto se fosse a rischio la vita della mamma, se si valutasse che il bimbo non dovesse sopravvivere alla nascita in caso di parto prematuro dettato da urgenze mediche e se la gravidanza fosse esito di stupro.<\/p>\n\n\n\n<p>Ebbene, approvata in linea di principio in settembre, nemmeno questa seconda proposta ha visto la luce: il parlamento l&#8217;ha congelata, chiedendo anche in questo caso la revisione di un testo giudicato insoddisfacente. Il regolamento della Camera cilena stabilisce per\u00f2 che una medesima proposta possa essere ripresentata solo dopo un anno. E manca pure l\u2019approvazione del Senato.<\/p>\n\n\n\n<p>Tutto questo ha letteralmente dello straordinario, giacch\u00e9 le forze attive nel Paese per l\u2019approvazione di entrambe le misure sono davvero forti, in parlamento contano su una maggioranza solida e fra i plausi alla prima vi \u00e8 anche quello, pesante, del <em>premier<\/em> di Centrodestra, Miguel Juan Sebasti\u00e1n Pi\u00f1era Echenique.<\/p>\n\n\n\n<p>Viva il Cile, dunque ma viva anche il <a href=\"https:\/\/alexschadenberg.blogspot.com\/2021\/11\/portugals-president-de-sousa-vetoes.html?m=1\" target=\"_blank\" rel=\"noreferrer noopener\">Portogallo, dove il presidente della repubblica, Marcelo Rebelo de Sousa, ha posto il veto sulla seconda legge a favore dell&#8217;eutanasia<\/a> proposta nel Paese, appena approvata dal parlamento. Non \u00e8 la prima volta che Rebelo mette i bastoni fra le ruote agli alfieri della morte. Ora, il parlamento portoghese decadr\u00e0 il 5 dicembre, fra pochissimi giorni, e un nuovo provvedimento per la morte non potr\u00e0 essere presentato prima delle elezioni, il 30 gennaio. Se a quel punto vi fosse una maggioranza parlamentare diversa, l&#8217;incubo eutanasia si allontanerebbe da Lisbona. Certo, nel Paese iberico vita e famiglia soffrono anche di altri problemi, ma il bicchiere mezzo pieno va evidenziato.<\/p>\n\n\n\n<p> Perch\u00e9 \u00e8  cos\u00ec. A volte le cose belle e inaspettate succedono.<\/p>\n","protected":false},"excerpt":{"rendered":"<p>Forse solo per un periodo. Ma a volte le cose belle e inaspettate succedono. E adesso \u00e8 giusto gioirne<\/p>\n","protected":false},"author":7,"featured_media":108308,"comment_status":"open","ping_status":"open","sticky":false,"template":"","format":"standard","meta":{"give_campaign_id":0,"om_disable_all_campaigns":false,"_monsterinsights_skip_tracking":false,"_monsterinsights_sitenote_active":false,"_monsterinsights_sitenote_note":"","_monsterinsights_sitenote_category":0,"mc4wp_mailchimp_campaign":[],"jnews-multi-image_gallery":[],"jnews_single_post":{"subtitle":"Forse solo per un periodo. Ma a volte le cose belle e inaspettate succedono. E adesso \u00e8 giusto gioirne","format":"standard","video":"","gallery":"","source_name":"","source_url":"","via_name":"","via_url":"","override":[{"template":"1","single_blog_custom":"","parallax":"1","fullscreen":"1","layout":"right-sidebar","sidebar":"default-sidebar","second_sidebar":"default-sidebar","sticky_sidebar":"1","share_position":"top","share_float_style":"share-monocrhome","show_share_counter":"1","show_view_counter":"1","show_featured":"1","show_post_meta":"1","show_post_author":"1","show_post_author_image":"1","show_post_date":"1","post_date_format":"default","post_date_format_custom":"Y\/m\/d","show_post_category":"1","post_reading_time_wpm":"300","zoom_button_out_step":"2","zoom_button_in_step":"3","show_post_tag":"1","show_prev_next_post":"1","show_popup_post":"1","number_popup_post":"1"}],"image_override":[{"single_post_thumbnail_size":"crop-500","single_post_gallery_size":"crop-500"}],"trending_post_position":"meta","trending_post_label":"Trending","sponsored_post_label":"Sponsored by","sponsored_post_name":"","sponsored_post_url":"","sponsored_post_logo":"","sponsored_post_desc":""},"jnews_primary_category":{"id":"780"},"jnews_social_meta":{"fb_title":"","fb_description":"","fb_image":"","twitter_title":"","twitter_description":"","twitter_image":""},"jnews_override_counter":{"view_counter_number":"0","share_counter_number":"0","like_counter_number":"0","dislike_counter_number":"0"},"footnotes":""},"categories":[778,780],"tags":[698,6206,743,8126,1236,7993],"class_list":["post-108272","post","type-post","status-publish","format-standard","has-post-thumbnail","hentry","category-editoriali","category-politica-it","tag-aborto","tag-cile","tag-eutanasia","tag-highlight","tag-portogallo","tag-vetrina"],"yoast_head":"<!-- This site is optimized with the Yoast SEO Premium plugin v25.9 (Yoast SEO v27.3) - https:\/\/yoast.com\/product\/yoast-seo-premium-wordpress\/ -->\n<title>Cile e Portogallo, s\u00ec a vita e famiglia - \u00abiFamNews\u00bb<\/title>\n<meta name=\"description\" content=\"Forse sar\u00e0 soltanto per un periodo. Ma a volte le cose belle e inaspettate succedono. E adesso \u00e8 giusto gioirne\" \/>\n<meta name=\"robots\" content=\"index, follow, max-snippet:-1, max-image-preview:large, max-video-preview:-1\" \/>\n<link rel=\"canonical\" href=\"https:\/\/ifamnews.com\/it\/cile-e-portogallo-s-a-vita-e-famiglia\" \/>\n<meta property=\"og:locale\" content=\"it_IT\" \/>\n<meta property=\"og:type\" content=\"article\" \/>\n<meta property=\"og:title\" content=\"Cile e Portogallo, s\u00ec a vita e famiglia\" \/>\n<meta property=\"og:description\" content=\"Forse sar\u00e0 soltanto per un periodo. Ma a volte le cose belle e inaspettate succedono. E adesso \u00e8 giusto gioirne\" \/>\n<meta property=\"og:url\" content=\"https:\/\/ifamnews.com\/it\/cile-e-portogallo-s-a-vita-e-famiglia\" \/>\n<meta property=\"og:site_name\" content=\"IFN\" \/>\n<meta property=\"article:publisher\" content=\"https:\/\/www.facebook.com\/iFamNews\" \/>\n<meta property=\"article:author\" content=\"https:\/\/facebook.com\/MarcoRespinti\" \/>\n<meta property=\"article:published_time\" content=\"2021-12-02T05:00:00+00:00\" \/>\n<meta property=\"article:modified_time\" content=\"2021-12-12T09:06:09+00:00\" \/>\n<meta property=\"og:image\" content=\"https:\/\/ifamnews.com\/wp-content\/uploads\/2021\/12\/49240446253_b68e00f161_b.jpg\" \/>\n\t<meta property=\"og:image:width\" content=\"1200\" \/>\n\t<meta property=\"og:image:height\" content=\"675\" \/>\n\t<meta property=\"og:image:type\" content=\"image\/jpeg\" \/>\n<meta name=\"author\" content=\"Marco Respinti\" \/>\n<meta name=\"twitter:card\" content=\"summary_large_image\" \/>\n<meta name=\"twitter:creator\" content=\"@https:\/\/twitter.com\/MarcoRespinti\" \/>\n<meta name=\"twitter:site\" content=\"@iFamNewsEN\" \/>\n<meta name=\"twitter:label1\" content=\"Scritto da\" \/>\n\t<meta name=\"twitter:data1\" content=\"Marco Respinti\" \/>\n\t<meta name=\"twitter:label2\" content=\"Tempo di lettura stimato\" \/>\n\t<meta name=\"twitter:data2\" content=\"3 minuti\" \/>\n<!-- \/ Yoast SEO Premium plugin. -->","yoast_head_json":{"title":"Cile e Portogallo, s\u00ec a vita e famiglia - \u00abiFamNews\u00bb","description":"Forse sar\u00e0 soltanto per un periodo. Ma a volte le cose belle e inaspettate succedono. E adesso \u00e8 giusto gioirne","robots":{"index":"index","follow":"follow","max-snippet":"max-snippet:-1","max-image-preview":"max-image-preview:large","max-video-preview":"max-video-preview:-1"},"canonical":"https:\/\/ifamnews.com\/it\/cile-e-portogallo-s-a-vita-e-famiglia","og_locale":"it_IT","og_type":"article","og_title":"Cile e Portogallo, s\u00ec a vita e famiglia","og_description":"Forse sar\u00e0 soltanto per un periodo. Ma a volte le cose belle e inaspettate succedono. E adesso \u00e8 giusto gioirne","og_url":"https:\/\/ifamnews.com\/it\/cile-e-portogallo-s-a-vita-e-famiglia","og_site_name":"IFN","article_publisher":"https:\/\/www.facebook.com\/iFamNews","article_author":"https:\/\/facebook.com\/MarcoRespinti","article_published_time":"2021-12-02T05:00:00+00:00","article_modified_time":"2021-12-12T09:06:09+00:00","og_image":[{"width":1200,"height":675,"url":"https:\/\/ifamnews.com\/wp-content\/uploads\/2021\/12\/49240446253_b68e00f161_b.jpg","type":"image\/jpeg"}],"author":"Marco Respinti","twitter_card":"summary_large_image","twitter_creator":"@https:\/\/twitter.com\/MarcoRespinti","twitter_site":"@iFamNewsEN","twitter_misc":{"Scritto da":"Marco Respinti","Tempo di lettura stimato":"3 minuti"},"schema":{"@context":"https:\/\/schema.org","@graph":[{"@type":"NewsArticle","@id":"https:\/\/ifamnews.com\/it\/cile-e-portogallo-s-a-vita-e-famiglia#article","isPartOf":{"@id":"https:\/\/ifamnews.com\/it\/cile-e-portogallo-s-a-vita-e-famiglia"},"author":{"name":"Marco Respinti","@id":"https:\/\/ifamnews.com\/en\/#\/schema\/person\/f0579ab02623e80d44006c1a5d949ea9"},"headline":"Cile e Portogallo, s\u00ec a vita e famiglia","datePublished":"2021-12-02T05:00:00+00:00","dateModified":"2021-12-12T09:06:09+00:00","mainEntityOfPage":{"@id":"https:\/\/ifamnews.com\/it\/cile-e-portogallo-s-a-vita-e-famiglia"},"wordCount":550,"commentCount":0,"publisher":{"@id":"https:\/\/ifamnews.com\/en\/#organization"},"image":{"@id":"https:\/\/ifamnews.com\/it\/cile-e-portogallo-s-a-vita-e-famiglia#primaryimage"},"thumbnailUrl":"https:\/\/ifamnews.com\/wp-content\/uploads\/2021\/12\/49240446253_b68e00f161_b.jpg","keywords":["Aborto","Cile","Eutanasia","Highlight","Portogallo","Vetrina"],"articleSection":["Editoriali","Politica"],"inLanguage":"it-IT","potentialAction":[{"@type":"CommentAction","name":"Comment","target":["https:\/\/ifamnews.com\/it\/cile-e-portogallo-s-a-vita-e-famiglia#respond"]}]},{"@type":"WebPage","@id":"https:\/\/ifamnews.com\/it\/cile-e-portogallo-s-a-vita-e-famiglia","url":"https:\/\/ifamnews.com\/it\/cile-e-portogallo-s-a-vita-e-famiglia","name":"Cile e Portogallo, s\u00ec a vita e famiglia - \u00abiFamNews\u00bb","isPartOf":{"@id":"https:\/\/ifamnews.com\/en\/#website"},"primaryImageOfPage":{"@id":"https:\/\/ifamnews.com\/it\/cile-e-portogallo-s-a-vita-e-famiglia#primaryimage"},"image":{"@id":"https:\/\/ifamnews.com\/it\/cile-e-portogallo-s-a-vita-e-famiglia#primaryimage"},"thumbnailUrl":"https:\/\/ifamnews.com\/wp-content\/uploads\/2021\/12\/49240446253_b68e00f161_b.jpg","datePublished":"2021-12-02T05:00:00+00:00","dateModified":"2021-12-12T09:06:09+00:00","description":"Forse sar\u00e0 soltanto per un periodo. Ma a volte le cose belle e inaspettate succedono. E adesso \u00e8 giusto gioirne","breadcrumb":{"@id":"https:\/\/ifamnews.com\/it\/cile-e-portogallo-s-a-vita-e-famiglia#breadcrumb"},"inLanguage":"it-IT","potentialAction":[{"@type":"ReadAction","target":["https:\/\/ifamnews.com\/it\/cile-e-portogallo-s-a-vita-e-famiglia"]}]},{"@type":"ImageObject","inLanguage":"it-IT","@id":"https:\/\/ifamnews.com\/it\/cile-e-portogallo-s-a-vita-e-famiglia#primaryimage","url":"https:\/\/ifamnews.com\/wp-content\/uploads\/2021\/12\/49240446253_b68e00f161_b.jpg","contentUrl":"https:\/\/ifamnews.com\/wp-content\/uploads\/2021\/12\/49240446253_b68e00f161_b.jpg","width":1200,"height":675,"caption":"Image from Flickr"},{"@type":"BreadcrumbList","@id":"https:\/\/ifamnews.com\/it\/cile-e-portogallo-s-a-vita-e-famiglia#breadcrumb","itemListElement":[{"@type":"ListItem","position":1,"name":"Home","item":"https:\/\/ifamnews.com\/de"},{"@type":"ListItem","position":2,"name":"Politics","item":"https:\/\/ifamnews.com\/en\/category\/politics"},{"@type":"ListItem","position":3,"name":"Cile e Portogallo, s\u00ec a vita e famiglia"}]},{"@type":"WebSite","@id":"https:\/\/ifamnews.com\/en\/#website","url":"https:\/\/ifamnews.com\/en\/","name":"IFN","description":"International Family News Network","publisher":{"@id":"https:\/\/ifamnews.com\/en\/#organization"},"potentialAction":[{"@type":"SearchAction","target":{"@type":"EntryPoint","urlTemplate":"https:\/\/ifamnews.com\/en\/?s={search_term_string}"},"query-input":{"@type":"PropertyValueSpecification","valueRequired":true,"valueName":"search_term_string"}}],"inLanguage":"it-IT"},{"@type":"Organization","@id":"https:\/\/ifamnews.com\/en\/#organization","name":"iFamNews","url":"https:\/\/ifamnews.com\/en\/","logo":{"@type":"ImageObject","inLanguage":"it-IT","@id":"https:\/\/ifamnews.com\/en\/#\/schema\/logo\/image\/","url":"https:\/\/ifamnews.com\/wp-content\/uploads\/2020\/01\/Share-logo.png","contentUrl":"https:\/\/ifamnews.com\/wp-content\/uploads\/2020\/01\/Share-logo.png","width":200,"height":200,"caption":"iFamNews"},"image":{"@id":"https:\/\/ifamnews.com\/en\/#\/schema\/logo\/image\/"},"sameAs":["https:\/\/www.facebook.com\/iFamNews","https:\/\/x.com\/iFamNewsEN"]},{"@type":"Person","@id":"https:\/\/ifamnews.com\/en\/#\/schema\/person\/f0579ab02623e80d44006c1a5d949ea9","name":"Marco Respinti","image":{"@type":"ImageObject","inLanguage":"it-IT","@id":"https:\/\/secure.gravatar.com\/avatar\/4ab04a5127131015e13010f222e38621144dc33a5df5d977b35ceeab15ee958f?s=96&d=mm&r=g","url":"https:\/\/secure.gravatar.com\/avatar\/4ab04a5127131015e13010f222e38621144dc33a5df5d977b35ceeab15ee958f?s=96&d=mm&r=g","contentUrl":"https:\/\/secure.gravatar.com\/avatar\/4ab04a5127131015e13010f222e38621144dc33a5df5d977b35ceeab15ee958f?s=96&d=mm&r=g","caption":"Marco Respinti"},"description":"Marco Respinti was the Editor-in-Chief of International Family News until the end of 2022. He is an Italian professional journalist, member of the International Federation of Journalists (IFJ), essayist, translator, and lecturer. He has contributed and contributes to several journals and magazines both in print and online, both in Italy and abroad. Author of books, he has translated and\/or edited works by, among others, Edmund Burke, Charles Dickens, T.S. Eliot, Russell Kirk, J.R.R. Tolkien, R\u00e9gine Pernoud and Gustave Thibon. A Senior fellow at the\u00a0Russell Kirk Center for Cultural Renewal (Mecosta, Michigan) he is also a founding member as well as Board member of the Center for European Renewal (The Hague, The Netherlands). A member of the Editorial Board of The European Conservative magazine, as well as a member of the Advisory Council of the European Federation for Freedom of Belief, he serves as Director-in-Charge of the academic publication The Journal of CESNUR and the online Bitter Winter: A Magazine on Religious Liberty and Human Rights.","sameAs":["https:\/\/facebook.com\/MarcoRespinti","https:\/\/it.linkedin.com\/in\/marcorespinti","https:\/\/pinterest.it\/MarcoRespinti\/_created\/","https:\/\/x.com\/https:\/\/twitter.com\/MarcoRespinti","https:\/\/youtube.com\/channel\/UC1FbsvyQNTQ-snpsmRC12Og?view_as=subscriber"],"url":"https:\/\/ifamnews.com\/it\/author\/mrespinti"}]}},"amp_enabled":true,"_links":{"self":[{"href":"https:\/\/ifamnews.com\/it\/wp-json\/wp\/v2\/posts\/108272","targetHints":{"allow":["GET"]}}],"collection":[{"href":"https:\/\/ifamnews.com\/it\/wp-json\/wp\/v2\/posts"}],"about":[{"href":"https:\/\/ifamnews.com\/it\/wp-json\/wp\/v2\/types\/post"}],"author":[{"embeddable":true,"href":"https:\/\/ifamnews.com\/it\/wp-json\/wp\/v2\/users\/7"}],"replies":[{"embeddable":true,"href":"https:\/\/ifamnews.com\/it\/wp-json\/wp\/v2\/comments?post=108272"}],"version-history":[{"count":5,"href":"https:\/\/ifamnews.com\/it\/wp-json\/wp\/v2\/posts\/108272\/revisions"}],"predecessor-version":[{"id":108320,"href":"https:\/\/ifamnews.com\/it\/wp-json\/wp\/v2\/posts\/108272\/revisions\/108320"}],"wp:featuredmedia":[{"embeddable":true,"href":"https:\/\/ifamnews.com\/it\/wp-json\/wp\/v2\/media\/108308"}],"wp:attachment":[{"href":"https:\/\/ifamnews.com\/it\/wp-json\/wp\/v2\/media?parent=108272"}],"wp:term":[{"taxonomy":"category","embeddable":true,"href":"https:\/\/ifamnews.com\/it\/wp-json\/wp\/v2\/categories?post=108272"},{"taxonomy":"post_tag","embeddable":true,"href":"https:\/\/ifamnews.com\/it\/wp-json\/wp\/v2\/tags?post=108272"}],"curies":[{"name":"wp","href":"https:\/\/api.w.org\/{rel}","templated":true}]}}