{"id":10584,"date":"2020-03-08T00:02:43","date_gmt":"2020-03-08T05:02:43","guid":{"rendered":"https:\/\/ifamnews.com\/?p=10584"},"modified":"2020-03-09T03:33:38","modified_gmt":"2020-03-09T08:33:38","slug":"donne-abusate-e-perseguitate-perche-cristiane","status":"publish","type":"post","link":"https:\/\/ifamnews.com\/it\/donne-abusate-e-perseguitate-perche-cristiane","title":{"rendered":"Donne abusate e perseguitate perch\u00e9 cristiane"},"content":{"rendered":"<p class=\"last-updated\">Last updated on marzo 9th, 2020 at 03:33 am<\/p>\n<p>Onoriamo e ricordiamo le donne, la loro straordinaria specificit\u00e0, la loro complementariet\u00e0 rispetto agli uomini, la loro differenza e la loro genialit\u00e0. Non lo facciamo urlando la menzogna del mondo, che vorrebbe ridurle a oggetti di riproduzione sessuale. Il femminismo non ci appartiene e \u2012 \u00e8 certo \u2012 non rispetta le donne. \u00c8 giusto invece ricordare proprio oggi quelle centinaia di migliaia di bambine, ragazze e madri violentate, violate e abbandonate in tutto il mondo, ricordarle nella loro dignit\u00e0 umana in quanto donne e in quanto cristiane. Guardando a loro comprendiamo meglio il nostro dono, e il compito che abbiamo come uomini e come donne, come padri e come madri che si battono per la vita, per la famiglia e per la libert\u00e0 religiosa di tutti. <\/p>\n\n\n\n<p>La meritoria agenzia missionaria Open Doors ha pubblicato il <em><a href=\"https:\/\/opendoorsusa.org\/wp-content\/uploads\/2020\/03\/GSPR-2020.pdf\" target=\"_blank\" rel=\"noopener noreferrer\">Rapporto sulla persecuzione religiosa 2020 specifico per genere<\/a><\/em>, che studia i modelli di persecuzione globali ai danni di uomini e di donne cristiani nei 50 Paesi presenti nella <em>World Watch List<\/em> stilata dalla medesima organizzazione. <\/p>\n\n\n\n<p>Le discriminazioni e le violenze contro i cristiani, passate sotto silenzio dai <em>media<\/em> globali, non accadono alla cieca: uomini e donne cristiani sono presi di mira in forme diverse in quasi tutti i Paesi in cui siano minoritari. I dati mostrano che le prime violenze \u201cconfessionali\u201d subite dagli uomini cristiani sono la violenza fisica, le vessazioni di tipo economico e l\u2019incarcerazione da parte dei governi, mentre per le donne cristiane le persecuzioni iniziano dagli stupri per poi continuare con i matrimoni forzati e le percosse. La violenza sessuale contro le donne \u00e8 ampiamente segnalata in tutte le aree studiate, e sta diventando una vera e propria calamit\u00e0 globale.<\/p>\n\n\n\n<p>Open Doors mostra come siano specificamente le donne i soggetti presi principalmente di mira. La piaga dei matrimoni forzati le costringe sovente a unirsi con coniugi di fede diversa e questo, unitamente agli abusi di cui sono frequentemente vittime, attenta alla loro dignit\u00e0 umana, prendendole di mira proprio in quanto cristiane. \u00abQuesti abusi eclatanti\u00bb, constata il direttore di Open Doors, <a href=\"https:\/\/religionnews.com\/2020\/03\/03\/new-research-shows-sexual-violence-against-christian-women-is-a-global-calamity\/\" target=\"_blank\" rel=\"noopener noreferrer\">David Curry<\/a>, \u00absono radicati nella convinzione che una donna cristiana abbia un valore intrinsecamente inferiore rispetto a un uomo o una donna di un&#8217;altra fede\u00bb.<\/p>\n\n\n\n<p>Le donne e le\nragazze si trovano cos\u00ec ad affrontare le circostanze pi\u00f9 difficili giacch\u00e9 spesso\ncostrette a soffrire in silenzio, nascoste in \u201cfamiglie di costrizione\u201d oppure isolate\ndalla propria comunit\u00e0 in quanto \u201cmarchiate\u201d dall\u2019abuso subito. <\/p>\n\n\n\n<p>\u00abLa violenza\nsessuale viene segnalata come tattica primaria di attacco alle donne nell&#8217;84%\ndei Paesi in cui la persecuzione religiosa \u00e8 gi\u00e0 pericolosa e diffusa. \u00c8 un\ndanno irreparabile per salute, benessere e autonomia personale e famigliare di\nmilioni di donne in tutto il mondo\u00bb, spiega Curry. <\/p>\n\n\n\n<p>Accade soprattutto nei Paesi dove particolarmente accentuata \u00e8 l\u2019ostilit\u00e0 nei confronti del cristianesimo: in Asia, Medio Oriente, Africa settentrionale e Africa sub-sahariana. \u00abLa persecuzione specifica per genere\u00bb, ribadisce il direttore di Open Doors presentando <a href=\"https:\/\/opendoorsusa.org\/wp-content\/uploads\/2020\/03\/GSPR-2020.pdf\" target=\"_blank\" rel=\"noopener noreferrer\">la ricerca<\/a>, \u00abin particolare contro bambine, ragazze e donne cristiane, viene sempre organizzata per produrre il maggior danno possibile con il minimo rischio per il persecutore\u00bb. Ecco: oggi, 8 Marzo, festa delle donne, non ci si pu\u00f2 permettere il lusso di ammirare il volto, il sorriso e la compagnia delle nostre figlie, delle nostre madri e delle nostre mogli senza sentire nel cuore l\u2019urgenza di un\u2019azione concreta affinch\u00e9 si fermi la catastrofe dimenticata della violenza contro le donne cristiane. <\/p>\n","protected":false},"excerpt":{"rendered":"<p>Un rapporto di &#8220;Open Doors&#8221; squarcia il silenzio su una versione particolarmente odiosa della violenza di genere<\/p>\n","protected":false},"author":54,"featured_media":10588,"comment_status":"open","ping_status":"open","sticky":false,"template":"","format":"standard","meta":{"give_campaign_id":0,"om_disable_all_campaigns":false,"_monsterinsights_skip_tracking":false,"_monsterinsights_sitenote_active":false,"_monsterinsights_sitenote_note":"","_monsterinsights_sitenote_category":0,"mc4wp_mailchimp_campaign":[],"jnews-multi-image_gallery":[],"jnews_single_post":{"subtitle":"Il rapporto di \"Open Doors\" squarcia il silenzio su una versione particolarmente odiosa della violenza di genere","format":"standard","video":"","gallery":"","source_name":"","source_url":"","via_name":"","via_url":"","override":[{"single_blog_custom":"","sidebar":"","second_sidebar":"","share_position":"","share_float_style":"","post_date_format":"","post_date_format_custom":"","post_reading_time_wpm":"","zoom_button_out_step":"1","zoom_button_in_step":"1","number_popup_post":"1"}],"image_override":[{"single_post_thumbnail_size":"","single_post_gallery_size":""}],"trending_post_position":"","trending_post_label":""},"jnews_primary_category":{"id":""},"jnews_social_meta":{"fb_title":"","fb_description":"","fb_image":"","twitter_title":"","twitter_description":"","twitter_image":""},"jnews_override_counter":{"view_counter_number":"0","share_counter_number":"0","like_counter_number":"0","dislike_counter_number":"0"},"footnotes":""},"categories":[781],"tags":[1924,1929,1925,1926],"class_list":["post-10584","post","type-post","status-publish","format-standard","has-post-thumbnail","hentry","category-famiglia","tag-open-doors","tag-stupro","tag-violenza-di-genere","tag-violenza-sessuale"],"yoast_head":"<!-- This site is optimized with the Yoast SEO Premium plugin v25.9 (Yoast SEO v27.3) - https:\/\/yoast.com\/product\/yoast-seo-premium-wordpress\/ -->\n<title>Donne abusate e perseguitate perch\u00e9 cristiane - IFN<\/title>\n<meta name=\"description\" content=\"Stuprate perch\u00e9 cristiane: un rapporto di &quot;Open Doors&quot; squarcia il silenzio su una versione particolarmente odiosa della violenza di genere\" \/>\n<meta name=\"robots\" content=\"index, follow, max-snippet:-1, max-image-preview:large, max-video-preview:-1\" \/>\n<link rel=\"canonical\" href=\"https:\/\/ifamnews.com\/it\/donne-abusate-e-perseguitate-perche-cristiane\" \/>\n<meta property=\"og:locale\" content=\"it_IT\" \/>\n<meta property=\"og:type\" content=\"article\" \/>\n<meta property=\"og:title\" content=\"Donne abusate e perseguitate perch\u00e9 cristiane\" \/>\n<meta property=\"og:description\" content=\"Stuprate perch\u00e9 cristiane: un rapporto di &quot;Open Doors&quot; squarcia il silenzio su una versione particolarmente odiosa della violenza di genere\" \/>\n<meta property=\"og:url\" content=\"https:\/\/ifamnews.com\/it\/donne-abusate-e-perseguitate-perche-cristiane\" \/>\n<meta property=\"og:site_name\" content=\"IFN\" \/>\n<meta property=\"article:publisher\" content=\"https:\/\/www.facebook.com\/iFamNews\" \/>\n<meta property=\"article:author\" content=\"https:\/\/facebook.com\/lvolonte1\" \/>\n<meta property=\"article:published_time\" content=\"2020-03-08T05:02:43+00:00\" \/>\n<meta property=\"article:modified_time\" content=\"2020-03-09T08:33:38+00:00\" \/>\n<meta property=\"og:image\" content=\"https:\/\/ifamnews.com\/wp-content\/uploads\/2020\/03\/ben-white-7BiMECHFgFY-unsplash.jpg\" \/>\n\t<meta property=\"og:image:width\" content=\"1700\" \/>\n\t<meta property=\"og:image:height\" content=\"1135\" \/>\n\t<meta property=\"og:image:type\" content=\"image\/jpeg\" \/>\n<meta name=\"author\" content=\"Luca Volont\u00e8\" \/>\n<meta name=\"twitter:card\" content=\"summary_large_image\" \/>\n<meta name=\"twitter:creator\" content=\"@https:\/\/twitter.com\/l_volonte\" \/>\n<meta name=\"twitter:site\" content=\"@iFamNewsEN\" \/>\n<meta name=\"twitter:label1\" content=\"Scritto da\" \/>\n\t<meta name=\"twitter:data1\" content=\"Luca Volont\u00e8\" \/>\n\t<meta name=\"twitter:label2\" content=\"Tempo di lettura stimato\" \/>\n\t<meta name=\"twitter:data2\" content=\"3 minuti\" \/>\n<!-- \/ Yoast SEO Premium plugin. -->","yoast_head_json":{"title":"Donne abusate e perseguitate perch\u00e9 cristiane - IFN","description":"Stuprate perch\u00e9 cristiane: un rapporto di \"Open Doors\" squarcia il silenzio su una versione particolarmente odiosa della violenza di genere","robots":{"index":"index","follow":"follow","max-snippet":"max-snippet:-1","max-image-preview":"max-image-preview:large","max-video-preview":"max-video-preview:-1"},"canonical":"https:\/\/ifamnews.com\/it\/donne-abusate-e-perseguitate-perche-cristiane","og_locale":"it_IT","og_type":"article","og_title":"Donne abusate e perseguitate perch\u00e9 cristiane","og_description":"Stuprate perch\u00e9 cristiane: un rapporto di \"Open Doors\" squarcia il silenzio su una versione particolarmente odiosa della violenza di genere","og_url":"https:\/\/ifamnews.com\/it\/donne-abusate-e-perseguitate-perche-cristiane","og_site_name":"IFN","article_publisher":"https:\/\/www.facebook.com\/iFamNews","article_author":"https:\/\/facebook.com\/lvolonte1","article_published_time":"2020-03-08T05:02:43+00:00","article_modified_time":"2020-03-09T08:33:38+00:00","og_image":[{"width":1700,"height":1135,"url":"https:\/\/ifamnews.com\/wp-content\/uploads\/2020\/03\/ben-white-7BiMECHFgFY-unsplash.jpg","type":"image\/jpeg"}],"author":"Luca Volont\u00e8","twitter_card":"summary_large_image","twitter_creator":"@https:\/\/twitter.com\/l_volonte","twitter_site":"@iFamNewsEN","twitter_misc":{"Scritto da":"Luca Volont\u00e8","Tempo di lettura stimato":"3 minuti"},"schema":{"@context":"https:\/\/schema.org","@graph":[{"@type":"NewsArticle","@id":"https:\/\/ifamnews.com\/it\/donne-abusate-e-perseguitate-perche-cristiane#article","isPartOf":{"@id":"https:\/\/ifamnews.com\/it\/donne-abusate-e-perseguitate-perche-cristiane"},"author":{"name":"Luca Volont\u00e8","@id":"https:\/\/ifamnews.com\/en\/#\/schema\/person\/bed5b7c6161f317421caa94dc3be6a53"},"headline":"Donne abusate e perseguitate perch\u00e9 cristiane","datePublished":"2020-03-08T05:02:43+00:00","dateModified":"2020-03-09T08:33:38+00:00","mainEntityOfPage":{"@id":"https:\/\/ifamnews.com\/it\/donne-abusate-e-perseguitate-perche-cristiane"},"wordCount":560,"commentCount":0,"publisher":{"@id":"https:\/\/ifamnews.com\/en\/#organization"},"image":{"@id":"https:\/\/ifamnews.com\/it\/donne-abusate-e-perseguitate-perche-cristiane#primaryimage"},"thumbnailUrl":"https:\/\/ifamnews.com\/wp-content\/uploads\/2020\/03\/ben-white-7BiMECHFgFY-unsplash.jpg","keywords":["Open Doors","stupro","violenza di genere","violenza sessuale"],"articleSection":["Famiglia"],"inLanguage":"it-IT","potentialAction":[{"@type":"CommentAction","name":"Comment","target":["https:\/\/ifamnews.com\/it\/donne-abusate-e-perseguitate-perche-cristiane#respond"]}]},{"@type":"WebPage","@id":"https:\/\/ifamnews.com\/it\/donne-abusate-e-perseguitate-perche-cristiane","url":"https:\/\/ifamnews.com\/it\/donne-abusate-e-perseguitate-perche-cristiane","name":"Donne abusate e perseguitate perch\u00e9 cristiane - IFN","isPartOf":{"@id":"https:\/\/ifamnews.com\/en\/#website"},"primaryImageOfPage":{"@id":"https:\/\/ifamnews.com\/it\/donne-abusate-e-perseguitate-perche-cristiane#primaryimage"},"image":{"@id":"https:\/\/ifamnews.com\/it\/donne-abusate-e-perseguitate-perche-cristiane#primaryimage"},"thumbnailUrl":"https:\/\/ifamnews.com\/wp-content\/uploads\/2020\/03\/ben-white-7BiMECHFgFY-unsplash.jpg","datePublished":"2020-03-08T05:02:43+00:00","dateModified":"2020-03-09T08:33:38+00:00","description":"Stuprate perch\u00e9 cristiane: un rapporto di \"Open Doors\" squarcia il silenzio su una versione particolarmente odiosa della violenza di genere","breadcrumb":{"@id":"https:\/\/ifamnews.com\/it\/donne-abusate-e-perseguitate-perche-cristiane#breadcrumb"},"inLanguage":"it-IT","potentialAction":[{"@type":"ReadAction","target":["https:\/\/ifamnews.com\/it\/donne-abusate-e-perseguitate-perche-cristiane"]}]},{"@type":"ImageObject","inLanguage":"it-IT","@id":"https:\/\/ifamnews.com\/it\/donne-abusate-e-perseguitate-perche-cristiane#primaryimage","url":"https:\/\/ifamnews.com\/wp-content\/uploads\/2020\/03\/ben-white-7BiMECHFgFY-unsplash.jpg","contentUrl":"https:\/\/ifamnews.com\/wp-content\/uploads\/2020\/03\/ben-white-7BiMECHFgFY-unsplash.jpg","width":1700,"height":1135,"caption":"Photo by Ben White on Unsplash.com"},{"@type":"BreadcrumbList","@id":"https:\/\/ifamnews.com\/it\/donne-abusate-e-perseguitate-perche-cristiane#breadcrumb","itemListElement":[{"@type":"ListItem","position":1,"name":"Home","item":"https:\/\/ifamnews.com\/de"},{"@type":"ListItem","position":2,"name":"Famiglia","item":"https:\/\/ifamnews.com\/it\/categoria\/famiglia"},{"@type":"ListItem","position":3,"name":"Donne abusate e perseguitate perch\u00e9 cristiane"}]},{"@type":"WebSite","@id":"https:\/\/ifamnews.com\/en\/#website","url":"https:\/\/ifamnews.com\/en\/","name":"IFN","description":"International Family News Network","publisher":{"@id":"https:\/\/ifamnews.com\/en\/#organization"},"potentialAction":[{"@type":"SearchAction","target":{"@type":"EntryPoint","urlTemplate":"https:\/\/ifamnews.com\/en\/?s={search_term_string}"},"query-input":{"@type":"PropertyValueSpecification","valueRequired":true,"valueName":"search_term_string"}}],"inLanguage":"it-IT"},{"@type":"Organization","@id":"https:\/\/ifamnews.com\/en\/#organization","name":"iFamNews","url":"https:\/\/ifamnews.com\/en\/","logo":{"@type":"ImageObject","inLanguage":"it-IT","@id":"https:\/\/ifamnews.com\/en\/#\/schema\/logo\/image\/","url":"https:\/\/ifamnews.com\/wp-content\/uploads\/2020\/01\/Share-logo.png","contentUrl":"https:\/\/ifamnews.com\/wp-content\/uploads\/2020\/01\/Share-logo.png","width":200,"height":200,"caption":"iFamNews"},"image":{"@id":"https:\/\/ifamnews.com\/en\/#\/schema\/logo\/image\/"},"sameAs":["https:\/\/www.facebook.com\/iFamNews","https:\/\/x.com\/iFamNewsEN"]},{"@type":"Person","@id":"https:\/\/ifamnews.com\/en\/#\/schema\/person\/bed5b7c6161f317421caa94dc3be6a53","name":"Luca Volont\u00e8","image":{"@type":"ImageObject","inLanguage":"it-IT","@id":"https:\/\/secure.gravatar.com\/avatar\/354ed6bca06f9968278e6eb25fa8a123306c69f5c50f711836cf12e6c8ecbbf6?s=96&d=mm&r=g","url":"https:\/\/secure.gravatar.com\/avatar\/354ed6bca06f9968278e6eb25fa8a123306c69f5c50f711836cf12e6c8ecbbf6?s=96&d=mm&r=g","contentUrl":"https:\/\/secure.gravatar.com\/avatar\/354ed6bca06f9968278e6eb25fa8a123306c69f5c50f711836cf12e6c8ecbbf6?s=96&d=mm&r=g","caption":"Luca Volont\u00e8"},"description":"Luca Volont\u00e8 was an Italian parliamentarian from 1996 to 2013, and served as president of the PPE-CD at the Assembly of the Council of Europe. Publicly engaged for decades in the promotion of life, family and religious and educational freedom, Luca\u00a0 has served as a board member for various international organizations promoting Christian values and human rights, including his current role as a board member of the International Organization for the Family. He has authored books and essays for the Novae Terrae series by the publisher Rubbettino; he has been a correspondent for several Italian newspapers, and currently collaborates with La nuova Bussola Quotidiana, an online newspaper. He is a also a great bicycle enthusiast.","sameAs":["https:\/\/facebook.com\/lvolonte1","https:\/\/x.com\/https:\/\/twitter.com\/l_volonte"],"url":"https:\/\/ifamnews.com\/it\/author\/lvolonte"}]}},"amp_enabled":true,"_links":{"self":[{"href":"https:\/\/ifamnews.com\/it\/wp-json\/wp\/v2\/posts\/10584","targetHints":{"allow":["GET"]}}],"collection":[{"href":"https:\/\/ifamnews.com\/it\/wp-json\/wp\/v2\/posts"}],"about":[{"href":"https:\/\/ifamnews.com\/it\/wp-json\/wp\/v2\/types\/post"}],"author":[{"embeddable":true,"href":"https:\/\/ifamnews.com\/it\/wp-json\/wp\/v2\/users\/54"}],"replies":[{"embeddable":true,"href":"https:\/\/ifamnews.com\/it\/wp-json\/wp\/v2\/comments?post=10584"}],"version-history":[{"count":5,"href":"https:\/\/ifamnews.com\/it\/wp-json\/wp\/v2\/posts\/10584\/revisions"}],"predecessor-version":[{"id":10681,"href":"https:\/\/ifamnews.com\/it\/wp-json\/wp\/v2\/posts\/10584\/revisions\/10681"}],"wp:featuredmedia":[{"embeddable":true,"href":"https:\/\/ifamnews.com\/it\/wp-json\/wp\/v2\/media\/10588"}],"wp:attachment":[{"href":"https:\/\/ifamnews.com\/it\/wp-json\/wp\/v2\/media?parent=10584"}],"wp:term":[{"taxonomy":"category","embeddable":true,"href":"https:\/\/ifamnews.com\/it\/wp-json\/wp\/v2\/categories?post=10584"},{"taxonomy":"post_tag","embeddable":true,"href":"https:\/\/ifamnews.com\/it\/wp-json\/wp\/v2\/tags?post=10584"}],"curies":[{"name":"wp","href":"https:\/\/api.w.org\/{rel}","templated":true}]}}