{"id":103804,"date":"2021-11-07T00:00:00","date_gmt":"2021-11-07T04:00:00","guid":{"rendered":"https:\/\/ifamnews.com\/?p=103804"},"modified":"2021-11-06T16:31:40","modified_gmt":"2021-11-06T20:31:40","slug":"che-suonino-le-campane-a-difesa-della-vita","status":"publish","type":"post","link":"https:\/\/ifamnews.com\/it\/che-suonino-le-campane-a-difesa-della-vita","title":{"rendered":"Che suonino le campane, a difesa della vita"},"content":{"rendered":"\n<blockquote class=\"wp-block-quote has-text-align-left is-layout-flow wp-block-quote-is-layout-flow\"><p><span class=\"has-inline-color has-vivid-cyan-blue-color\">[\u2026] <em>any mans death diminishes me,<\/em><\/span><\/p><p><span class=\"has-inline-color has-vivid-cyan-blue-color\"><em>because I am involved in Mankinde;<\/em><\/span><\/p><p><span class=\"has-inline-color has-vivid-cyan-blue-color\"><em>And therefore never send to know for whom<\/em><\/span><\/p><p><span class=\"has-inline-color has-vivid-cyan-blue-color\"><em>the bell tolls; It tolls for thee.<\/em><\/span><\/p><p><span class=\"has-inline-color has-vivid-cyan-blue-color\"><em>-John Donne<\/em><\/span><\/p><p><span class=\"has-inline-color has-vivid-cyan-blue-color\"><em>MEDITATION XVII<\/em><\/span><\/p><p><span class=\"has-inline-color has-vivid-cyan-blue-color\">Devotions upon Emergent Occasions<em>, 1624<\/em><\/span><\/p><p><\/p><p><span class=\"has-inline-color has-vivid-cyan-blue-color\">[\u2026]<em> la morte di ciascun uomo mi diminuisce,<\/em><\/span><\/p><p><span class=\"has-inline-color has-vivid-cyan-blue-color\"><em>perch\u00e9 faccio parte dell\u2019umanit\u00e0;<\/em><\/span><\/p><p><span class=\"has-inline-color has-vivid-cyan-blue-color\"><em>e cos\u00ec non chiedere mai per chi<\/em><\/span><\/p><p><span class=\"has-inline-color has-vivid-cyan-blue-color\"><em>suoni la campana: suona per te.<\/em><\/span><\/p><p><\/p><\/blockquote>\n\n\n\n<p>Poco pi\u00f9 di un anno fa <a href=\"https:\/\/ifamnews.com\/it\/il-papa-benedice-la-voce-dei-non-nati-\" target=\"_blank\" rel=\"noreferrer noopener\">\u00abiFamNews\u00bb aveva raccontato una notizia bella<\/a>, bench\u00e9 nata da una realt\u00e0 che di bello in s\u00e9, purtroppo, non ha proprio nulla. Il 23 settembre 2020, infatti, papa Francesco aveva impartito la propria benedizione alla \u00abVoce dei non Nati\u00bb, la \u201ccampana per la vita\u201d realizzata su commissione della Fondazione \u201cS\u00ec alla Vita\u201d dell\u2019Immacolata Concezione di Rzeszow, in Polonia, da una fonderia la cui istituzione risale al principio del secolo XIX.<\/p>\n\n\n\n<p>La campana ha il compito di dare voce, appunto, a chi voce non ha, non ha mai avuto e mai potr\u00e0 avere: i bambini vittime dell\u2019aborto, uccisi nel grembo materno in <a href=\"https:\/\/ifamnews.com\/it\/covid-19-5-milioni-di-morti-aborto-36\" target=\"_blank\" rel=\"noreferrer noopener\">numeri<\/a>, <a href=\"https:\/\/ifamnews.com\/it\/l-aborto-uccide-le-donne\" target=\"_blank\" rel=\"noreferrer noopener\">modi<\/a> e <a href=\"https:\/\/ifamnews.com\/it\/orrore-e-tragedia-della-kill-pill\" target=\"_blank\" rel=\"noreferrer noopener\">condizioni<\/a> che davvero danno i brividi.<\/p>\n\n\n\n<p>Il bronzo dello strumento riporta incisa una frase con le parole del sacerdote polacco, assassinato dal regime comunista del suo Paese e oggi beato, Jerzy Popie\u0142uszko (1947-1984), \u00abLa vita di un bambino inizia sotto il cuore della madre\u00bb, assieme a quelle del Quinto Comandamento dato da Dio a Mos\u00e8, \u00abNon uccidere\u00bb.&nbsp;Pi\u00f9 chiaro di cos\u00ec\u2026<\/p>\n\n\n\n<p>La campana benedetta dal Pontefice l\u2019anno passato aveva un compito: quello di viaggiare per la Polonia, risvegliando le coscienze con il proprio suono in questo caso itinerante, come le campane hanno sempre fatto nei secoli sin da quel san Paolino vescovo di Nola (355-431) cui la tradizione attribuisce l\u2019invenzione della campana \u201call\u2019italiana\u201d con batacchio interno.<\/p>\n\n\n\n<p>Fra il secolo VIII e il secolo IX chiese e pievi sempre pi\u00f9 numerose furono dotate di campane e campanili, che si fecero mano a mano pi\u00f9 diffusi a partire dall\u2019anno Mille. Fra il secolo XI e il secolo XIV, inoltre, le torri campanarie, simbolo questa volta della potenza della citt\u00e0, della <em>civitas<\/em>, sorsero in tutta l\u2019Europa occidentale, dove il Medioevo comunale fu pi\u00f9 vivo e fecondo.<\/p>\n\n\n\n<p>In entrambi i casi, campane di chiesa e campane di governo, il loro compito fu sempre il medesimo: avvisare, avvertire, richiamare, celebrare. Scandire la vita umana, vita religiosa e vita civile, con i propri rintocchi, a festa o a morto. \u00abConvoco, signo, noto, compello, concino, ploro: arma, dies, horas, fulgura, festa, rogos\u00bb, io raduno, segno, noto, stimolo, canto, compiango: le guerre, i giorni, le ore, i temporali, le feste, gli incendi. Questa \u00e8 l\u2019incisione rinvenuta su un antico esemplare di questo speciale, specialissimo strumento.<\/p>\n\n\n\n<p>Le parole usate dal Santo Padre nel benedire la campana polacca erano state semplici e didascaliche: \u00ab[\u2026] essa accompagner\u00e0 gli eventi volti a ricordare il valore della vita umana dal concepimento alla morte naturale. La sua voce risvegli le coscienze dei legislatori e di tutti gli uomini di buona volont\u00e0 in Polonia e nel mondo\u00bb.&nbsp;Tutto chiaro, anche in questo caso\u2026<\/p>\n\n\n\n<p>Pochi giorni fa, di nuovo papa Francesco ha impartito la propria benedizione, questa volta su <a href=\"https:\/\/www.acistampa.com\/story\/le-campane-della-vita-contro-la-piaga-dellaborto-suoneranno-in-ucraina-ed-equador-18336\" target=\"_blank\" rel=\"noreferrer noopener\">due \u201ccampane per la vita\u201d, richieste alla Fondazione \u00abS\u00ec alla Vita\u00bb dall\u2019Ucraina e dall\u2019Ecuador<\/a> e fuse venerd\u00ec 8 ottobre: da un capo all\u2019altro del mondo, pare proprio che lo spirito dell\u2019uomo, di quell\u2019umanit\u00e0 cui John Donne sentiva e sapeva di fare parte, abbia il medesimo anelito, la medesima fatica, il medesimo sforzo. Quello di urlare dai tetti, in questo caso dai campanili, che la vita \u00e8 un principio non negoziabile, un bene non disponibile, una realt\u00e0 che sgorga e fluisce dall\u2019istante del concepimento al compimento della morte naturale e che mai, mai, \u00e8 meno \u201cdegna\u201d di essere vissuta.<\/p>\n\n\n\n<p>Lviv, <a href=\"https:\/\/ifamnews.com\/it\/il-turismo-al-tempo-del-coronavirus-automi-non-viaggiatori\" target=\"_blank\" rel=\"noreferrer noopener\">Ucraina<\/a>, e Guayaquil, <a href=\"https:\/\/ifamnews.com\/it\/lonu-allecuador-aiuti-per-il-covid-in-cambio-di-aborto\" target=\"_blank\" rel=\"noreferrer noopener\">Ecuador<\/a>, avranno perci\u00f2 ciascuna la propria campana, la propria \u00abVoce dei non Nati\u00bb, <em>memento<\/em> delle piccole vittime del passato e dell\u2019oggi e speranza che il risvegliarsi di una coscienza pi\u00f9 umana ne impedisca di nuove. Come accadde all\u2019Innominato, alla fine del capitolo XXI de <em>I promessi sposi<\/em>, quando avvert\u00ec \u00abuno scampanare a festa lontano\u00bb, il segnale che stava giungendo al villaggio il cardinale Federigo Borromeo, e poi \u00abun altro scampan\u00eco pi\u00f9 vicino, anche quello a festa; poi un altro\u00bb e la coscienza che inizia a risvegliarsi, piano piano, \u00e8 la sua.<\/p>\n\n\n\n<p>Contro l\u2019aborto, contro il male assoluto, il desiderio sarebbe di combattere imbracciando un\u2019arma potente e micidiale, ma non bisogna dimenticare che Morgante, il gigante che da cattivo divenne buono, convertendosi al cristianesimo e combattendo al fianco di Orlando, eroe della <em>Chanson de Roland<\/em> (seconda met\u00e0 del secolo XI), creato dalla fantasia di Luigi Pulci (1432-1484) nel poema omonimo del 1478, era armato soltanto di un batacchio di campana.<\/p>\n","protected":false},"excerpt":{"rendered":"<p>Contro l\u2019aborto il desiderio sarebbe di imbracciare un\u2019arma micidiale, ma Morgante si arm\u00f2 soltanto di un batacchio<\/p>\n","protected":false},"author":14,"featured_media":103807,"comment_status":"open","ping_status":"open","sticky":false,"template":"","format":"standard","meta":{"give_campaign_id":0,"om_disable_all_campaigns":false,"_monsterinsights_skip_tracking":false,"_monsterinsights_sitenote_active":false,"_monsterinsights_sitenote_note":"","_monsterinsights_sitenote_category":0,"mc4wp_mailchimp_campaign":[],"jnews-multi-image_gallery":[],"jnews_single_post":{"subtitle":"Contro l\u2019aborto il desiderio sarebbe di imbracciare un\u2019arma micidiale, ma Morgante si arm\u00f2 soltanto di un batacchio","format":"standard","video":"","gallery":"","source_name":"","source_url":"","via_name":"","via_url":"","override":[{"template":"1","single_blog_custom":"","parallax":"1","fullscreen":"1","layout":"right-sidebar","sidebar":"default-sidebar","second_sidebar":"default-sidebar","sticky_sidebar":"1","share_position":"top","share_float_style":"share-monocrhome","show_share_counter":"1","show_view_counter":"1","show_featured":"1","show_post_meta":"1","show_post_author":"1","show_post_author_image":"1","show_post_date":"1","post_date_format":"default","post_date_format_custom":"Y\/m\/d","show_post_category":"1","post_reading_time_wpm":"300","zoom_button_out_step":"2","zoom_button_in_step":"3","show_post_tag":"1","show_prev_next_post":"1","show_popup_post":"1","number_popup_post":"1"}],"image_override":[{"single_post_thumbnail_size":"crop-500","single_post_gallery_size":"crop-500"}],"trending_post_position":"meta","trending_post_label":"Trending","sponsored_post_label":"Sponsored by","sponsored_post_name":"","sponsored_post_url":"","sponsored_post_logo":"","sponsored_post_desc":""},"jnews_primary_category":{"id":"764"},"jnews_social_meta":{"fb_title":"","fb_description":"","fb_image":"","twitter_title":"","twitter_description":"","twitter_image":""},"jnews_override_counter":{"view_counter_number":"0","share_counter_number":"0","like_counter_number":"0","dislike_counter_number":"0"},"footnotes":""},"categories":[764],"tags":[11643],"class_list":["post-103804","post","type-post","status-publish","format-standard","has-post-thumbnail","hentry","category-cultura","tag-il-domenicale"],"yoast_head":"<!-- This site is optimized with the Yoast SEO Premium plugin v25.9 (Yoast SEO v27.3) - https:\/\/yoast.com\/product\/yoast-seo-premium-wordpress\/ -->\n<title>Che suonino le campane, a difesa della vita - \u00abiFamNews\u00bb<\/title>\n<meta name=\"description\" content=\"Contro l\u2019aborto il desiderio sarebbe di imbracciare un\u2019arma micidiale, ma Morgante si arm\u00f2 soltanto di un batacchio\" \/>\n<meta name=\"robots\" content=\"index, follow, max-snippet:-1, max-image-preview:large, max-video-preview:-1\" \/>\n<link rel=\"canonical\" href=\"https:\/\/ifamnews.com\/it\/che-suonino-le-campane-a-difesa-della-vita\" \/>\n<meta property=\"og:locale\" content=\"it_IT\" \/>\n<meta property=\"og:type\" content=\"article\" \/>\n<meta property=\"og:title\" content=\"Che suonino le campane, a difesa della vita\" \/>\n<meta property=\"og:description\" content=\"Contro l\u2019aborto il desiderio sarebbe di imbracciare un\u2019arma micidiale, ma Morgante si arm\u00f2 soltanto di un batacchio\" \/>\n<meta property=\"og:url\" content=\"https:\/\/ifamnews.com\/it\/che-suonino-le-campane-a-difesa-della-vita\" \/>\n<meta property=\"og:site_name\" content=\"IFN\" \/>\n<meta property=\"article:publisher\" content=\"https:\/\/www.facebook.com\/iFamNews\" \/>\n<meta property=\"article:published_time\" content=\"2021-11-07T04:00:00+00:00\" \/>\n<meta property=\"og:image\" content=\"https:\/\/ifamnews.com\/wp-content\/uploads\/2021\/11\/poland-ga475bb7a8_1280.jpg\" \/>\n\t<meta property=\"og:image:width\" content=\"1280\" \/>\n\t<meta property=\"og:image:height\" content=\"856\" \/>\n\t<meta property=\"og:image:type\" content=\"image\/jpeg\" \/>\n<meta name=\"author\" content=\"Barbara Santambrogio\" \/>\n<meta name=\"twitter:card\" content=\"summary_large_image\" \/>\n<meta name=\"twitter:creator\" content=\"@iFamNewsEN\" \/>\n<meta name=\"twitter:site\" content=\"@iFamNewsEN\" \/>\n<meta name=\"twitter:label1\" content=\"Scritto da\" \/>\n\t<meta name=\"twitter:data1\" content=\"Barbara Santambrogio\" \/>\n\t<meta name=\"twitter:label2\" content=\"Tempo di lettura stimato\" \/>\n\t<meta name=\"twitter:data2\" content=\"4 minuti\" \/>\n<!-- \/ Yoast SEO Premium plugin. -->","yoast_head_json":{"title":"Che suonino le campane, a difesa della vita - \u00abiFamNews\u00bb","description":"Contro l\u2019aborto il desiderio sarebbe di imbracciare un\u2019arma micidiale, ma Morgante si arm\u00f2 soltanto di un batacchio","robots":{"index":"index","follow":"follow","max-snippet":"max-snippet:-1","max-image-preview":"max-image-preview:large","max-video-preview":"max-video-preview:-1"},"canonical":"https:\/\/ifamnews.com\/it\/che-suonino-le-campane-a-difesa-della-vita","og_locale":"it_IT","og_type":"article","og_title":"Che suonino le campane, a difesa della vita","og_description":"Contro l\u2019aborto il desiderio sarebbe di imbracciare un\u2019arma micidiale, ma Morgante si arm\u00f2 soltanto di un batacchio","og_url":"https:\/\/ifamnews.com\/it\/che-suonino-le-campane-a-difesa-della-vita","og_site_name":"IFN","article_publisher":"https:\/\/www.facebook.com\/iFamNews","article_published_time":"2021-11-07T04:00:00+00:00","og_image":[{"width":1280,"height":856,"url":"https:\/\/ifamnews.com\/wp-content\/uploads\/2021\/11\/poland-ga475bb7a8_1280.jpg","type":"image\/jpeg"}],"author":"Barbara Santambrogio","twitter_card":"summary_large_image","twitter_creator":"@iFamNewsEN","twitter_site":"@iFamNewsEN","twitter_misc":{"Scritto da":"Barbara Santambrogio","Tempo di lettura stimato":"4 minuti"},"schema":{"@context":"https:\/\/schema.org","@graph":[{"@type":"NewsArticle","@id":"https:\/\/ifamnews.com\/it\/che-suonino-le-campane-a-difesa-della-vita#article","isPartOf":{"@id":"https:\/\/ifamnews.com\/it\/che-suonino-le-campane-a-difesa-della-vita"},"author":{"name":"Barbara Santambrogio","@id":"https:\/\/ifamnews.com\/en\/#\/schema\/person\/17118599da2799311b3611609a244572"},"headline":"Che suonino le campane, a difesa della vita","datePublished":"2021-11-07T04:00:00+00:00","mainEntityOfPage":{"@id":"https:\/\/ifamnews.com\/it\/che-suonino-le-campane-a-difesa-della-vita"},"wordCount":793,"commentCount":0,"publisher":{"@id":"https:\/\/ifamnews.com\/en\/#organization"},"image":{"@id":"https:\/\/ifamnews.com\/it\/che-suonino-le-campane-a-difesa-della-vita#primaryimage"},"thumbnailUrl":"https:\/\/ifamnews.com\/wp-content\/uploads\/2021\/11\/poland-ga475bb7a8_1280.jpg","keywords":["Il domenicale"],"articleSection":["Cultura"],"inLanguage":"it-IT","potentialAction":[{"@type":"CommentAction","name":"Comment","target":["https:\/\/ifamnews.com\/it\/che-suonino-le-campane-a-difesa-della-vita#respond"]}]},{"@type":"WebPage","@id":"https:\/\/ifamnews.com\/it\/che-suonino-le-campane-a-difesa-della-vita","url":"https:\/\/ifamnews.com\/it\/che-suonino-le-campane-a-difesa-della-vita","name":"Che suonino le campane, a difesa della vita - \u00abiFamNews\u00bb","isPartOf":{"@id":"https:\/\/ifamnews.com\/en\/#website"},"primaryImageOfPage":{"@id":"https:\/\/ifamnews.com\/it\/che-suonino-le-campane-a-difesa-della-vita#primaryimage"},"image":{"@id":"https:\/\/ifamnews.com\/it\/che-suonino-le-campane-a-difesa-della-vita#primaryimage"},"thumbnailUrl":"https:\/\/ifamnews.com\/wp-content\/uploads\/2021\/11\/poland-ga475bb7a8_1280.jpg","datePublished":"2021-11-07T04:00:00+00:00","description":"Contro l\u2019aborto il desiderio sarebbe di imbracciare un\u2019arma micidiale, ma Morgante si arm\u00f2 soltanto di un batacchio","breadcrumb":{"@id":"https:\/\/ifamnews.com\/it\/che-suonino-le-campane-a-difesa-della-vita#breadcrumb"},"inLanguage":"it-IT","potentialAction":[{"@type":"ReadAction","target":["https:\/\/ifamnews.com\/it\/che-suonino-le-campane-a-difesa-della-vita"]}]},{"@type":"ImageObject","inLanguage":"it-IT","@id":"https:\/\/ifamnews.com\/it\/che-suonino-le-campane-a-difesa-della-vita#primaryimage","url":"https:\/\/ifamnews.com\/wp-content\/uploads\/2021\/11\/poland-ga475bb7a8_1280.jpg","contentUrl":"https:\/\/ifamnews.com\/wp-content\/uploads\/2021\/11\/poland-ga475bb7a8_1280.jpg","width":1280,"height":856,"caption":"Image by Bronis\u0142aw Dr\u00f3\u017cka from Pixabay"},{"@type":"BreadcrumbList","@id":"https:\/\/ifamnews.com\/it\/che-suonino-le-campane-a-difesa-della-vita#breadcrumb","itemListElement":[{"@type":"ListItem","position":1,"name":"Home","item":"https:\/\/ifamnews.com\/de"},{"@type":"ListItem","position":2,"name":"Cultura","item":"https:\/\/ifamnews.com\/it\/categoria\/cultura"},{"@type":"ListItem","position":3,"name":"Che suonino le campane, a difesa della vita"}]},{"@type":"WebSite","@id":"https:\/\/ifamnews.com\/en\/#website","url":"https:\/\/ifamnews.com\/en\/","name":"IFN","description":"International Family News Network","publisher":{"@id":"https:\/\/ifamnews.com\/en\/#organization"},"potentialAction":[{"@type":"SearchAction","target":{"@type":"EntryPoint","urlTemplate":"https:\/\/ifamnews.com\/en\/?s={search_term_string}"},"query-input":{"@type":"PropertyValueSpecification","valueRequired":true,"valueName":"search_term_string"}}],"inLanguage":"it-IT"},{"@type":"Organization","@id":"https:\/\/ifamnews.com\/en\/#organization","name":"iFamNews","url":"https:\/\/ifamnews.com\/en\/","logo":{"@type":"ImageObject","inLanguage":"it-IT","@id":"https:\/\/ifamnews.com\/en\/#\/schema\/logo\/image\/","url":"https:\/\/ifamnews.com\/wp-content\/uploads\/2020\/01\/Share-logo.png","contentUrl":"https:\/\/ifamnews.com\/wp-content\/uploads\/2020\/01\/Share-logo.png","width":200,"height":200,"caption":"iFamNews"},"image":{"@id":"https:\/\/ifamnews.com\/en\/#\/schema\/logo\/image\/"},"sameAs":["https:\/\/www.facebook.com\/iFamNews","https:\/\/x.com\/iFamNewsEN"]},{"@type":"Person","@id":"https:\/\/ifamnews.com\/en\/#\/schema\/person\/17118599da2799311b3611609a244572","name":"Barbara Santambrogio","image":{"@type":"ImageObject","inLanguage":"it-IT","@id":"https:\/\/secure.gravatar.com\/avatar\/e82fde821e1707b5acb9fe7ab0a5d6e32d42db6117e73021c2fc05cc90dad32f?s=96&d=mm&r=g","url":"https:\/\/secure.gravatar.com\/avatar\/e82fde821e1707b5acb9fe7ab0a5d6e32d42db6117e73021c2fc05cc90dad32f?s=96&d=mm&r=g","contentUrl":"https:\/\/secure.gravatar.com\/avatar\/e82fde821e1707b5acb9fe7ab0a5d6e32d42db6117e73021c2fc05cc90dad32f?s=96&d=mm&r=g","caption":"Barbara Santambrogio"},"description":"After an original and varied working path, in the field of advertising and publishing, but also in the world of wine, she finally came to deal with what she is most passionate about. Today she writes (for the web, but not only), deals with translations and teaches in elementary school. Biological and adoptive mother, she loves reading and running.","url":"https:\/\/ifamnews.com\/it\/author\/bsantambrogio"}]}},"amp_enabled":true,"_links":{"self":[{"href":"https:\/\/ifamnews.com\/it\/wp-json\/wp\/v2\/posts\/103804","targetHints":{"allow":["GET"]}}],"collection":[{"href":"https:\/\/ifamnews.com\/it\/wp-json\/wp\/v2\/posts"}],"about":[{"href":"https:\/\/ifamnews.com\/it\/wp-json\/wp\/v2\/types\/post"}],"author":[{"embeddable":true,"href":"https:\/\/ifamnews.com\/it\/wp-json\/wp\/v2\/users\/14"}],"replies":[{"embeddable":true,"href":"https:\/\/ifamnews.com\/it\/wp-json\/wp\/v2\/comments?post=103804"}],"version-history":[{"count":5,"href":"https:\/\/ifamnews.com\/it\/wp-json\/wp\/v2\/posts\/103804\/revisions"}],"predecessor-version":[{"id":103850,"href":"https:\/\/ifamnews.com\/it\/wp-json\/wp\/v2\/posts\/103804\/revisions\/103850"}],"wp:featuredmedia":[{"embeddable":true,"href":"https:\/\/ifamnews.com\/it\/wp-json\/wp\/v2\/media\/103807"}],"wp:attachment":[{"href":"https:\/\/ifamnews.com\/it\/wp-json\/wp\/v2\/media?parent=103804"}],"wp:term":[{"taxonomy":"category","embeddable":true,"href":"https:\/\/ifamnews.com\/it\/wp-json\/wp\/v2\/categories?post=103804"},{"taxonomy":"post_tag","embeddable":true,"href":"https:\/\/ifamnews.com\/it\/wp-json\/wp\/v2\/tags?post=103804"}],"curies":[{"name":"wp","href":"https:\/\/api.w.org\/{rel}","templated":true}]}}