{"id":102673,"date":"2021-10-30T00:00:00","date_gmt":"2021-10-30T04:00:00","guid":{"rendered":"https:\/\/ifamnews.com\/?p=102673"},"modified":"2021-10-29T17:00:42","modified_gmt":"2021-10-29T21:00:42","slug":"settimana-43-l-aborto-uk-va-a-25-vite-all-ora","status":"publish","type":"post","link":"https:\/\/ifamnews.com\/it\/settimana-43-l-aborto-uk-va-a-25-vite-all-ora","title":{"rendered":"Settimana 43: l\u2019aborto UK va a 25 vite all&#8217;ora"},"content":{"rendered":"\n<h3 class=\"wp-block-heading\" id=\"h-vita\"><strong>Vita<\/strong><\/h3>\n\n\n\n<ul class=\"wp-block-list\"><li>Regno Unito. Il ministro per l\u2019Irlanda del Nord, Brandon Lewis, potrebbe scavalcare l\u2019esecutivo locale e<a href=\"https:\/\/www.theguardian.com\/uk-news\/2021\/oct\/27\/northern-ireland-office-may-directly-instruct-trusts-to-offer-abortion-services\" target=\"_blank\" rel=\"noreferrer noopener\"> finanziare i servizi abortivi<\/a> all\u2019interno del sistema sanitario. In Irlanda del Nord l\u2019aborto \u00e8 stato depenalizzato nell&#8217;ottobre 2019, ma il governo locale non l\u2019ha mai promosso.<\/li><li>Regno Unito. Dalla legalizzazione dell\u2019aborto, nel 1967, alla fine del 2020 sono stati soppressi 9.789.238 bambini: <a href=\"https:\/\/righttolife.org.uk\/news\/54-years-of-abortion-9789238-lives-lost-since-1967-one-unborn-baby-every-2-5-minutes\" target=\"_blank\" rel=\"noreferrer noopener\">pi\u00f9 di uno ogni due minuti e mezzo<\/a>, ovvero 25 all\u2019ora.\u00a0<\/li><li>Stati Uniti d\u2019America. <a href=\"https:\/\/www.pewresearch.org\/fact-tank\/2021\/10\/27\/fast-facts-as-biden-meets-with-pope-francis\/\" target=\"_blank\" rel=\"noreferrer noopener\">Secondo un sondaggio effettuato dal Pew Research Center<\/a>, due cattolici statunitensi su tre ritengono che gli uomini politici cattolici filoabortisti debbano potere ricevere la Comunione.<\/li><li>Stati Uniti d\u2019America. In vista dell&#8217;incontro fra il presidente Joe Biden e Papa Francesco del 29 ottobre, la <a href=\"https:\/\/www.catholicnewsagency.com\/news\/249417\/white-house-pope-francis-has-spoken-differently-than-biden-on-abortion\" target=\"_blank\" rel=\"noreferrer noopener\">portavoce della Casa Bianca, Jen Psaki, ha riconosciuto come sull\u2019aborto \u00abil Papa abbia usato parole diverse\u00bb da Biden<\/a>.<\/li><li>Stati Uniti d\u2019America. Su indicazione del governatore Democratico \u00abJay B.\u00bb Pritzker, il <a href=\"https:\/\/www.chicagotribune.com\/politics\/ct-illinois-legislature-20211027-dbgqtv3ibfb5texpxxe46ee4nq-story.html\" target=\"_blank\" rel=\"noreferrer noopener\">Senato dello Stato dell\u2019Illinois abroga la legge che imponeva di informare i genitori o i tutori di una minorenne<\/a> incinta nel caso la ragazza fosse intenzionata ad abortire.<\/li><li>Colombia. Il <a href=\"https:\/\/www.catholicnewsagency.com\/news\/249432\/colombian-judge-orders-that-non-terminally-ill-woman-must-be-permitted-euthanasia\" target=\"_blank\" rel=\"noreferrer noopener\">giudice Omar V\u00e1squez Cuartas dispone che sia consentita l&#8217;eutanasia per Martha Liria Sep\u00falveda Campo, 51enne affetta da sclerosi laterale amiotrofica<\/a>. \u00c8 la prima volta dopo il riconoscimento del \u201cdiritto\u201d all\u2019eutanasia da parte della Corte Costituzionale in luglio.<\/li><\/ul>\n\n\n\n<p><a href=\"https:\/\/ifamnews.com\/it\/tag\/aborto\/\" target=\"_blank\" rel=\"noreferrer noopener\"><strong>ABORTO <\/strong><strong>\u25ba<\/strong><strong> clicca per accedere alla sezione<\/strong><\/a><br><br><a href=\"https:\/\/ifamnews.com\/it\/tag\/eutanasia\/\" target=\"_blank\" rel=\"noreferrer noopener\"><strong>EUTANASIA \u25ba clicca per accedere alla sezione<\/strong><\/a><\/p>\n\n\n\n<h3 class=\"wp-block-heading\"><strong>Famiglia<\/strong><\/h3>\n\n\n\n<ul class=\"wp-block-list\"><li>Stati Uniti d\u2019America. Grande cerimonia a Washington per <a href=\"https:\/\/www.dailysignal.com\/2021\/10\/28\/gop-international-delegates-reaffirm-pro-life-declaration-abortion\/\" target=\"_blank\" rel=\"noreferrer noopener\">commemorare la Dichiarazione internazionale per la famiglia<\/a> promossa dall\u2019Amministrazione Trump l\u2019anno scorso a cui nel frattempo hanno aderito anche Russia e Guatemala.<\/li><li>Canada. Il Qu\u00e9bec \u00e8 pronto a riconoscere e a regolamentare <a href=\"https:\/\/montreal.ctvnews.ca\/quebec-to-regulate-surrogate-pregnancies-as-part-of-major-update-to-family-law-1.5634025\" target=\"_blank\" rel=\"noreferrer noopener\">gli accordi di \u00abmaternit\u00e0 surrogata\u00bb<\/a> con un progetto di legge che aggiorner\u00e0 il diritto di famiglia locale. Il patto dovr\u00e0 essere firmato da un notaio, la madre surrogata dovr\u00e0 avere almeno 21 anni e sino alla nascita del bimbo pu\u00f2 cambiare idea. Dopo il parto dovr\u00e0 per\u00f2 rinunciare a ogni diritto sul figlio.<\/li><\/ul>\n\n\n\n<h3 class=\"wp-block-heading\"><strong>LGBT+<\/strong><\/h3>\n\n\n\n<ul class=\"wp-block-list\"><li>Bulgaria. Nella legge fondamentale del Paese il termine <a href=\"https:\/\/www.euractiv.com\/section\/politics\/short_news\/bulgarians-can-only-have-biological-sex-but-not-gender\/\" target=\"_blank\" rel=\"noreferrer noopener\">\u00absesso\u00bb \u00e8 da intendersi solo in senso biologico: lo ha deciso la Corte costituzionale<\/a>, una decisione, questa, che rafforza la volont\u00e0 di governo e parlamento di rifiutare la ratifica della cosiddetta \u00abConvenzione di Istanbul\u00bb.<\/li><li>Ghana. Pi\u00f9 di <a href=\"https:\/\/www.christianitytoday.com\/news\/2021\/october\/ghana-lgbt-bill-family-values-same-sex-advocates.html\" target=\"_blank\" rel=\"noreferrer noopener\">200 Chiese cristiane<\/a> sostengono la proposta di legge che vieterebbe la propaganda LGBT+.<\/li><\/ul>\n\n\n\n<p><a href=\"https:\/\/ifamnews.com\/it\/tag\/gender\/\" target=\"_blank\" rel=\"noreferrer noopener\"><strong>GENDER e LGBT+ <\/strong><strong>\u25ba<\/strong><strong> clicca per accedere alla sezione<\/strong><\/a><\/p>\n\n\n\n<h3 class=\"wp-block-heading\"><strong>Libert\u00e0 religiosa<\/strong><\/h3>\n\n\n\n<ul class=\"wp-block-list\"><li>Stati Uniti d\u2019America. <a href=\"https:\/\/www.axios.com\/hate-crimes-houses-of-worship-religion-27580b09-006b-462b-b2cc-28b7b969f5b5.html\" target=\"_blank\" rel=\"noreferrer noopener\">Un rapporto dell\u2019FBI<\/a> documenta come, nei primi sei mesi dell\u2019anno in corso, gli atti vandalici contro edifici di culto stiano crescendo enormemente.\u00a0 <\/li><li>India. Documentati oltre <a href=\"https:\/\/www.christianpost.com\/news\/india-over-300-acts-of-christian-persecution-documented-in-2021.html\" target=\"_blank\" rel=\"noreferrer noopener\">300 atti di persecuzione religiosa a danno dei cristiani nei soli primi nove mesi del 2021<\/a>.<\/li><\/ul>\n\n\n\n<p><a href=\"https:\/\/ifamnews.com\/it\/tag\/liberta-religiosa\/\" target=\"_blank\" rel=\"noreferrer noopener\"><strong>LIBERT\u00c0 RELIGIOSA <\/strong><strong>\u25ba<\/strong><strong> clicca per accedere alla sezione<\/strong><\/a><\/p>\n\n\n\n<h3 class=\"wp-block-heading\"><strong>Libert\u00e0 di educazione<\/strong><\/h3>\n\n\n\n<ul class=\"wp-block-list\"><li>Regno Unito. Il vescovo cattolico di Portsmouth, mons. Philip Egan, scrive ai fedeli e ai genitori delle scuole dell\u2019Isola di Guernsey chiedendo di <a href=\"https:\/\/www.catholicnewsagency.com\/news\/249429\/bishop-new-discrimination-law-could-force-guernsey-s-catholic-schools-to-close\" target=\"_blank\" rel=\"noreferrer noopener\">appellarsi ai parlamentari eletti nella loro circoscrizione contro la proposta di legge sull\u2019anti-discriminazione<\/a> in discussione nel parlamento locale: potrebbe infatti costringere le scuole cattoliche a chiudere.<\/li><\/ul>\n\n\n\n<p><a href=\"https:\/\/ifamnews.com\/it\/tag\/educazione\/\" target=\"_blank\" rel=\"noreferrer noopener\"><strong>LIBERT\u00c0 <\/strong><strong>DI EDUCAZIONE<\/strong><strong> <\/strong><strong>\u25ba<\/strong><strong> clicca per accedere alla sezione<\/strong><\/a><\/p>\n","protected":false},"excerpt":{"rendered":"<p>I temi dominanti della settimana trascorsa<\/p>\n","protected":false},"author":54,"featured_media":14014,"comment_status":"open","ping_status":"open","sticky":false,"template":"","format":"standard","meta":{"give_campaign_id":0,"om_disable_all_campaigns":false,"_monsterinsights_skip_tracking":false,"_monsterinsights_sitenote_active":false,"_monsterinsights_sitenote_note":"","_monsterinsights_sitenote_category":0,"mc4wp_mailchimp_campaign":[],"jnews-multi-image_gallery":[],"jnews_single_post":{"subtitle":"I temi dominanti della settimana trascorsa","format":"standard","video":"","gallery":"","source_name":"","source_url":"","via_name":"","via_url":"","override":[{"template":"1","single_blog_custom":"","parallax":"1","fullscreen":"1","layout":"right-sidebar","sidebar":"default-sidebar","second_sidebar":"default-sidebar","sticky_sidebar":"1","share_position":"top","share_float_style":"share-monocrhome","show_share_counter":"1","show_view_counter":"1","show_featured":"1","show_post_meta":"1","show_post_author":"1","show_post_author_image":"1","show_post_date":"1","post_date_format":"default","post_date_format_custom":"Y\/m\/d","show_post_category":"1","post_reading_time_wpm":"300","zoom_button_out_step":"2","zoom_button_in_step":"3","show_post_tag":"1","show_prev_next_post":"1","show_popup_post":"1","number_popup_post":"1"}],"image_override":[{"single_post_thumbnail_size":"crop-500","single_post_gallery_size":"crop-500"}],"trending_post_position":"meta","trending_post_label":"Trending","sponsored_post_label":"Sponsored by","sponsored_post_name":"","sponsored_post_url":"","sponsored_post_logo":"","sponsored_post_desc":""},"jnews_primary_category":{"id":"781"},"jnews_social_meta":[],"jnews_override_counter":[],"footnotes":""},"categories":[781],"tags":[8008],"class_list":["post-102673","post","type-post","status-publish","format-standard","has-post-thumbnail","hentry","category-famiglia","tag-il-sabato-del-villaggio"],"yoast_head":"<!-- This site is optimized with the Yoast SEO Premium plugin v25.9 (Yoast SEO v27.3) - https:\/\/yoast.com\/product\/yoast-seo-premium-wordpress\/ -->\n<title>Settimana 43: l\u2019aborto UK va a 25 vite all&#039;ora - \u00abiFamNews\u00bb<\/title>\n<meta name=\"description\" content=\"I temi dominanti della settimana trascorsa\" \/>\n<meta name=\"robots\" content=\"index, follow, max-snippet:-1, max-image-preview:large, max-video-preview:-1\" \/>\n<link rel=\"canonical\" href=\"https:\/\/ifamnews.com\/it\/settimana-43-l-aborto-uk-va-a-25-vite-all-ora\" \/>\n<meta property=\"og:locale\" content=\"it_IT\" \/>\n<meta property=\"og:type\" content=\"article\" \/>\n<meta property=\"og:title\" content=\"Settimana 43: l\u2019aborto UK va a 25 vite all&#039;ora\" \/>\n<meta property=\"og:description\" content=\"I temi dominanti della settimana trascorsa\" \/>\n<meta property=\"og:url\" content=\"https:\/\/ifamnews.com\/it\/settimana-43-l-aborto-uk-va-a-25-vite-all-ora\" \/>\n<meta property=\"og:site_name\" content=\"IFN\" \/>\n<meta property=\"article:publisher\" content=\"https:\/\/www.facebook.com\/iFamNews\" \/>\n<meta property=\"article:author\" content=\"https:\/\/facebook.com\/lvolonte1\" \/>\n<meta property=\"article:published_time\" content=\"2021-10-30T04:00:00+00:00\" \/>\n<meta property=\"og:image\" content=\"https:\/\/ifamnews.com\/wp-content\/uploads\/2020\/04\/abortion-1.jpg\" \/>\n\t<meta property=\"og:image:width\" content=\"1200\" \/>\n\t<meta property=\"og:image:height\" content=\"675\" \/>\n\t<meta property=\"og:image:type\" content=\"image\/jpeg\" \/>\n<meta name=\"author\" content=\"Luca Volont\u00e8\" \/>\n<meta name=\"twitter:card\" content=\"summary_large_image\" \/>\n<meta name=\"twitter:creator\" content=\"@https:\/\/twitter.com\/l_volonte\" \/>\n<meta name=\"twitter:site\" content=\"@iFamNewsEN\" \/>\n<meta name=\"twitter:label1\" content=\"Scritto da\" \/>\n\t<meta name=\"twitter:data1\" content=\"Luca Volont\u00e8\" \/>\n\t<meta name=\"twitter:label2\" content=\"Tempo di lettura stimato\" \/>\n\t<meta name=\"twitter:data2\" content=\"3 minuti\" \/>\n<!-- \/ Yoast SEO Premium plugin. -->","yoast_head_json":{"title":"Settimana 43: l\u2019aborto UK va a 25 vite all'ora - \u00abiFamNews\u00bb","description":"I temi dominanti della settimana trascorsa","robots":{"index":"index","follow":"follow","max-snippet":"max-snippet:-1","max-image-preview":"max-image-preview:large","max-video-preview":"max-video-preview:-1"},"canonical":"https:\/\/ifamnews.com\/it\/settimana-43-l-aborto-uk-va-a-25-vite-all-ora","og_locale":"it_IT","og_type":"article","og_title":"Settimana 43: l\u2019aborto UK va a 25 vite all'ora","og_description":"I temi dominanti della settimana trascorsa","og_url":"https:\/\/ifamnews.com\/it\/settimana-43-l-aborto-uk-va-a-25-vite-all-ora","og_site_name":"IFN","article_publisher":"https:\/\/www.facebook.com\/iFamNews","article_author":"https:\/\/facebook.com\/lvolonte1","article_published_time":"2021-10-30T04:00:00+00:00","og_image":[{"width":1200,"height":675,"url":"https:\/\/ifamnews.com\/wp-content\/uploads\/2020\/04\/abortion-1.jpg","type":"image\/jpeg"}],"author":"Luca Volont\u00e8","twitter_card":"summary_large_image","twitter_creator":"@https:\/\/twitter.com\/l_volonte","twitter_site":"@iFamNewsEN","twitter_misc":{"Scritto da":"Luca Volont\u00e8","Tempo di lettura stimato":"3 minuti"},"schema":{"@context":"https:\/\/schema.org","@graph":[{"@type":"NewsArticle","@id":"https:\/\/ifamnews.com\/it\/settimana-43-l-aborto-uk-va-a-25-vite-all-ora#article","isPartOf":{"@id":"https:\/\/ifamnews.com\/it\/settimana-43-l-aborto-uk-va-a-25-vite-all-ora"},"author":{"name":"Luca Volont\u00e8","@id":"https:\/\/ifamnews.com\/en\/#\/schema\/person\/bed5b7c6161f317421caa94dc3be6a53"},"headline":"Settimana 43: l\u2019aborto UK va a 25 vite all&#8217;ora","datePublished":"2021-10-30T04:00:00+00:00","mainEntityOfPage":{"@id":"https:\/\/ifamnews.com\/it\/settimana-43-l-aborto-uk-va-a-25-vite-all-ora"},"wordCount":520,"commentCount":0,"publisher":{"@id":"https:\/\/ifamnews.com\/en\/#organization"},"image":{"@id":"https:\/\/ifamnews.com\/it\/settimana-43-l-aborto-uk-va-a-25-vite-all-ora#primaryimage"},"thumbnailUrl":"https:\/\/ifamnews.com\/wp-content\/uploads\/2020\/04\/abortion-1.jpg","keywords":["Il sabato del villaggio"],"articleSection":["Famiglia"],"inLanguage":"it-IT","potentialAction":[{"@type":"CommentAction","name":"Comment","target":["https:\/\/ifamnews.com\/it\/settimana-43-l-aborto-uk-va-a-25-vite-all-ora#respond"]}]},{"@type":"WebPage","@id":"https:\/\/ifamnews.com\/it\/settimana-43-l-aborto-uk-va-a-25-vite-all-ora","url":"https:\/\/ifamnews.com\/it\/settimana-43-l-aborto-uk-va-a-25-vite-all-ora","name":"Settimana 43: l\u2019aborto UK va a 25 vite all'ora - \u00abiFamNews\u00bb","isPartOf":{"@id":"https:\/\/ifamnews.com\/en\/#website"},"primaryImageOfPage":{"@id":"https:\/\/ifamnews.com\/it\/settimana-43-l-aborto-uk-va-a-25-vite-all-ora#primaryimage"},"image":{"@id":"https:\/\/ifamnews.com\/it\/settimana-43-l-aborto-uk-va-a-25-vite-all-ora#primaryimage"},"thumbnailUrl":"https:\/\/ifamnews.com\/wp-content\/uploads\/2020\/04\/abortion-1.jpg","datePublished":"2021-10-30T04:00:00+00:00","description":"I temi dominanti della settimana trascorsa","breadcrumb":{"@id":"https:\/\/ifamnews.com\/it\/settimana-43-l-aborto-uk-va-a-25-vite-all-ora#breadcrumb"},"inLanguage":"it-IT","potentialAction":[{"@type":"ReadAction","target":["https:\/\/ifamnews.com\/it\/settimana-43-l-aborto-uk-va-a-25-vite-all-ora"]}]},{"@type":"ImageObject","inLanguage":"it-IT","@id":"https:\/\/ifamnews.com\/it\/settimana-43-l-aborto-uk-va-a-25-vite-all-ora#primaryimage","url":"https:\/\/ifamnews.com\/wp-content\/uploads\/2020\/04\/abortion-1.jpg","contentUrl":"https:\/\/ifamnews.com\/wp-content\/uploads\/2020\/04\/abortion-1.jpg","width":1200,"height":675,"caption":"Image from Google Images"},{"@type":"BreadcrumbList","@id":"https:\/\/ifamnews.com\/it\/settimana-43-l-aborto-uk-va-a-25-vite-all-ora#breadcrumb","itemListElement":[{"@type":"ListItem","position":1,"name":"Home","item":"https:\/\/ifamnews.com\/de"},{"@type":"ListItem","position":2,"name":"Famiglia","item":"https:\/\/ifamnews.com\/it\/categoria\/famiglia"},{"@type":"ListItem","position":3,"name":"Settimana 43: l\u2019aborto UK va a 25 vite all&#8217;ora"}]},{"@type":"WebSite","@id":"https:\/\/ifamnews.com\/en\/#website","url":"https:\/\/ifamnews.com\/en\/","name":"IFN","description":"International Family News Network","publisher":{"@id":"https:\/\/ifamnews.com\/en\/#organization"},"potentialAction":[{"@type":"SearchAction","target":{"@type":"EntryPoint","urlTemplate":"https:\/\/ifamnews.com\/en\/?s={search_term_string}"},"query-input":{"@type":"PropertyValueSpecification","valueRequired":true,"valueName":"search_term_string"}}],"inLanguage":"it-IT"},{"@type":"Organization","@id":"https:\/\/ifamnews.com\/en\/#organization","name":"iFamNews","url":"https:\/\/ifamnews.com\/en\/","logo":{"@type":"ImageObject","inLanguage":"it-IT","@id":"https:\/\/ifamnews.com\/en\/#\/schema\/logo\/image\/","url":"https:\/\/ifamnews.com\/wp-content\/uploads\/2020\/01\/Share-logo.png","contentUrl":"https:\/\/ifamnews.com\/wp-content\/uploads\/2020\/01\/Share-logo.png","width":200,"height":200,"caption":"iFamNews"},"image":{"@id":"https:\/\/ifamnews.com\/en\/#\/schema\/logo\/image\/"},"sameAs":["https:\/\/www.facebook.com\/iFamNews","https:\/\/x.com\/iFamNewsEN"]},{"@type":"Person","@id":"https:\/\/ifamnews.com\/en\/#\/schema\/person\/bed5b7c6161f317421caa94dc3be6a53","name":"Luca Volont\u00e8","image":{"@type":"ImageObject","inLanguage":"it-IT","@id":"https:\/\/secure.gravatar.com\/avatar\/354ed6bca06f9968278e6eb25fa8a123306c69f5c50f711836cf12e6c8ecbbf6?s=96&d=mm&r=g","url":"https:\/\/secure.gravatar.com\/avatar\/354ed6bca06f9968278e6eb25fa8a123306c69f5c50f711836cf12e6c8ecbbf6?s=96&d=mm&r=g","contentUrl":"https:\/\/secure.gravatar.com\/avatar\/354ed6bca06f9968278e6eb25fa8a123306c69f5c50f711836cf12e6c8ecbbf6?s=96&d=mm&r=g","caption":"Luca Volont\u00e8"},"description":"Luca Volont\u00e8 was an Italian parliamentarian from 1996 to 2013, and served as president of the PPE-CD at the Assembly of the Council of Europe. Publicly engaged for decades in the promotion of life, family and religious and educational freedom, Luca\u00a0 has served as a board member for various international organizations promoting Christian values and human rights, including his current role as a board member of the International Organization for the Family. He has authored books and essays for the Novae Terrae series by the publisher Rubbettino; he has been a correspondent for several Italian newspapers, and currently collaborates with La nuova Bussola Quotidiana, an online newspaper. He is a also a great bicycle enthusiast.","sameAs":["https:\/\/facebook.com\/lvolonte1","https:\/\/x.com\/https:\/\/twitter.com\/l_volonte"],"url":"https:\/\/ifamnews.com\/it\/author\/lvolonte"}]}},"amp_enabled":true,"_links":{"self":[{"href":"https:\/\/ifamnews.com\/it\/wp-json\/wp\/v2\/posts\/102673","targetHints":{"allow":["GET"]}}],"collection":[{"href":"https:\/\/ifamnews.com\/it\/wp-json\/wp\/v2\/posts"}],"about":[{"href":"https:\/\/ifamnews.com\/it\/wp-json\/wp\/v2\/types\/post"}],"author":[{"embeddable":true,"href":"https:\/\/ifamnews.com\/it\/wp-json\/wp\/v2\/users\/54"}],"replies":[{"embeddable":true,"href":"https:\/\/ifamnews.com\/it\/wp-json\/wp\/v2\/comments?post=102673"}],"version-history":[{"count":3,"href":"https:\/\/ifamnews.com\/it\/wp-json\/wp\/v2\/posts\/102673\/revisions"}],"predecessor-version":[{"id":102702,"href":"https:\/\/ifamnews.com\/it\/wp-json\/wp\/v2\/posts\/102673\/revisions\/102702"}],"wp:featuredmedia":[{"embeddable":true,"href":"https:\/\/ifamnews.com\/it\/wp-json\/wp\/v2\/media\/14014"}],"wp:attachment":[{"href":"https:\/\/ifamnews.com\/it\/wp-json\/wp\/v2\/media?parent=102673"}],"wp:term":[{"taxonomy":"category","embeddable":true,"href":"https:\/\/ifamnews.com\/it\/wp-json\/wp\/v2\/categories?post=102673"},{"taxonomy":"post_tag","embeddable":true,"href":"https:\/\/ifamnews.com\/it\/wp-json\/wp\/v2\/tags?post=102673"}],"curies":[{"name":"wp","href":"https:\/\/api.w.org\/{rel}","templated":true}]}}