{"id":102243,"date":"2021-10-27T00:00:00","date_gmt":"2021-10-27T04:00:00","guid":{"rendered":"https:\/\/ifamnews.com\/?p=102243"},"modified":"2022-02-11T02:46:36","modified_gmt":"2022-02-11T07:46:36","slug":"africa-basta-bugie-sull-aborto","status":"publish","type":"post","link":"https:\/\/ifamnews.com\/it\/africa-basta-bugie-sull-aborto","title":{"rendered":"Africa, basta bugie sull\u2019aborto"},"content":{"rendered":"<p class=\"last-updated\">Last updated on Febbraio 11th, 2022 at 02:46 am<\/p>\n<p>Le leve su cui il pensiero <em>mainstream<\/em> politicamente corretto agisce per promuovere e per sponsorizzare ogni mezzo utile a rendere l\u2019aborto volontario immediatamente e facilmente fruibile, anzi un vero e proprio diritto umano, di solito, sono due. Nei Paesi pi\u00f9 sviluppati ed economicamente fortunati sfrutta i casi limite, commoventi, anzi strazianti: quelli per esempio di ragazzine giovanissime, quasi bambine, magari addirittura disabili, vittime di stupro e\/o incesto. Tali situazioni esistono, purtroppo, ma si tratta per l\u2019appunto di casi limite, laddove <a href=\"https:\/\/ifamnews.com\/it\/alle-donne-interessa-diventare-madri-\" target=\"_blank\" rel=\"noreferrer noopener\">i dati relativi al ricorso all\u2019aborto, per esempio in Italia<\/a>, raccontano realt\u00e0 del tutto diverse.<\/p>\n\n\n\n<p>Nelle zone del pianeta meno fortunate invece, dove la fame e le condizioni igieniche precarie mietono di per s\u00e9 vittime innumerevoli, il medesimo pensiero usa biecamente un altro dato, quello della mortalit\u00e0 materna, difficilmente verificabile in maniera scientifica e incontrovertibile per mille ragioni di natura economica e sociale.<\/p>\n\n\n\n<p id=\"h-questo-secondo-caso-si-riscontra-da-quanto-emerge-da-un-articolo-apparso-su-the-london-telegraph-in-febbraio-specificamente-dedicato-allo-stato-del-malawi-nell-africa-sud-orientale-articolo-oggi-contestato-dalla-pubblicazione-di-uno-studio-analitico-sottoposto-a-peer-review-accurata-sull-international-journal-of-environmental-research-and-public-health-ijerph\">Questo secondo caso si riscontra da quanto emerge da un articolo apparso su <em>The Telegraph<\/em> in febbraio specificamente dedicato allo Stato del Malawi, nell\u2019Africa sud-orientale, <a href=\"https:\/\/www.bioedge.org\/bioethics\/fake-news-from-malawi-about-unsafe-abortions\/13939\" target=\"_blank\" rel=\"noreferrer noopener\">articolo oggi contestato dalla pubblicazione di uno studio analitico<\/a>, sottoposto a <em>peer-review<\/em> accurata, sull\u2019<a href=\"https:\/\/www.mdpi.com\/journal\/ijerph\" target=\"_blank\" rel=\"noreferrer noopener\"><em>International Journal of Environmental Research and Public Health<\/em><\/a><em> <\/em>(IJERPH)<em>.<\/em><\/p>\n\n\n\n<h3 class=\"wp-block-heading\" id=\"h-le-morti-per-aborto-di-strada-secondo-the-telegraph\"><strong>Le morti per &#8220;aborto di strada&#8221; secondo <em>The  Telegraph<\/em><\/strong><\/h3>\n\n\n\n<p id=\"h-l-articolo-del-telegraph-parla-con-toni-e-accenti-altamente-drammatici-di-migliaia-di-donne-precisamente-12mila-ogni-anno-morte-come-galline-a-causa-degli-aborti-di-strada-intendendo-con-tali-parole-evidentemente-gli-aborti-clandestini-cui-le-donne-del-paese-si-rivolgerebbero-in-gran-numero-a-causa-della-legislazione-del-malawi-sull-interruzione-volontaria-della-gravidanza-che-possibile-solo-in-caso-di-pericolo-di-vita-per-la-madre-il-quotidiano-britannico-afferma-che-una-recente-ricerca-del-malawi-college-of-medicine-stima-che-ogni-anno-si-verificano-pi-di-141mila-aborti-di-strada-e-non-sicuri-inclusi-12mila-decessi-correlati-e-lamenta-inoltre-lo-scarso-ricorso-ai-metodi-contraccettivi-moderni-da-parte-della-popolazione-rurale\"><a href=\"https:\/\/www.telegraph.co.uk\/global-health\/women-and-girls\/thousands-women-dying-like-chickens-efforts-change-malawis-strict\/\" target=\"_blank\" rel=\"noreferrer noopener\">L\u2019articolo del <em>Telegraph<\/em><\/a> parla, con toni e accenti altamente drammatici, di migliaia di donne, precisamente 12mila ogni anno, morte \u00abcome galline\u00bb, a causa degli \u00ababorti di strada\u00bb, intendendo con tali parole evidentemente gli aborti clandestini, cui le donne del Paese si rivolgerebbero in gran numero a causa della legislazione del Malawi sull\u2019interruzione volontaria della gravidanza, che \u00e8 possibile solo in caso di pericolo di vita per la madre. Il quotidiano britannico afferma che \u00ab[\u2026] una recente ricerca del Malawi College of Medicine stima che ogni anno si verificano pi\u00f9 di 141mila aborti di strada e non sicuri, inclusi 12mila decessi correlati\u00bb e lamenta inoltre lo <a href=\"https:\/\/www.telegraph.co.uk\/global-health\/women-and-girls\/contraception-use-hits-record-high-worlds-poorest-countries\/\" target=\"_blank\" rel=\"noreferrer noopener\">scarso ricorso ai metodi contraccettivi \u201cmoderni<\/a>\u201d da parte della popolazione rurale.<\/p>\n\n\n\n<p>Il <em>Telegraph<\/em> prosegue affermando che \u00ab[\u2026] nel 2017, la commissione per la legge sul Malawi ha redatto un disegno di legge sulla cessazione della gravidanza per riformare l&#8217;attuale legge antiaborto e includere disposizioni per l&#8217;aborto legale in caso di stupro e incesto.&nbsp;Ma negli anni successivi lo slancio attorno ai cambiamenti proposti si \u00e8 bloccato, in parte a causa della forte opposizione dei responsabili della Chiesa, che associano l&#8217;aborto all&#8217;omicidio\u00bb.<\/p>\n\n\n\n<p>In realt\u00e0, pi\u00f9 di recente, ulteriori tentativi di legalizzare l&#8217;aborto sono falliti, poich\u00e9 all&#8217;inizio di quest\u2019anno il parlamento ha respinto all&#8217;unanimit\u00e0 una proposta di legge in proposito e un disegno di legge successivo \u00e8 stato addirittura ritirato dagli stessi promotori.<\/p>\n\n\n\n<h3 class=\"wp-block-heading\"><strong>La risposta della ricerca<\/strong><\/h3>\n\n\n\n<p><a href=\"https:\/\/www.mdpi.com\/1660-4601\/18\/19\/10506\/htm\">Lo studio riportato sull<\/a><a href=\"https:\/\/www.mdpi.com\/1660-4601\/18\/19\/10506\/htm\" target=\"_blank\" rel=\"noreferrer noopener\">\u2019<em>IJERPH<\/em><\/a> e che contesta tale rappresentazione della realt\u00e0 dell\u2019aborto in Malawi \u00e8 firmato da Calum Miller, medico, laureato nella Oxford Medical School nel 2015, ricercatore associato in Bioetica e Filosofia della religione nell&#8217;Universit\u00e0 di Oxford.<\/p>\n\n\n\n<p>Ebbene, Miller parte da un assunto fondamentale e assolutamente \u201claico\u201d, cio\u00e8 che \u00ab\u00e8 importante che venga effettuata una valutazione accurata della mortalit\u00e0 materna da aborto non sicuro, per una serie di ragioni\u00bb.&nbsp;Continua poi il dottore: \u00abIn primo luogo, aiuter\u00e0 a dare priorit\u00e0 all&#8217;allocazione delle risorse al fine di ridurre il pi\u00f9 possibile la mortalit\u00e0 materna.&nbsp;In secondo luogo, informer\u00e0 i dibattiti politici riguardanti lo status legale dell&#8217;aborto: se molte meno donne muoiono per aborto pericoloso di quanto generalmente suggerito, e se le prove che la legalizzazione dell&#8217;aborto impedirebbe queste morti sono scarse, allora l&#8217;argomento per legalizzare l&#8217;aborto sulla base della mortalit\u00e0 materna \u00e8 corrispondentemente indebolita\u00bb.&nbsp;Altrettanto importante, poi, notare che la questione non interesserebbe soltanto il caso del Malawi, Paese prevalentemente rurale e a basso reddito, ma che \u00abgli stessi argomenti di entrambe le parti si applicano a gran parte del mondo in via di sviluppo\u00bb. Quantomeno a gran parte dell\u2019Africa, insomma.<\/p>\n\n\n\n<p>Il suo studio giunge a una conclusione precisa, e cio\u00e8 che \u00abmentre \u00e8 incontrovertibile che alcune donne muoiono ogni anno per aborto illegale indotto, questo articolo dimostra che le ultime prove mostrano che il numero \u00e8 molto inferiore a quello comunemente affermato\u00bb.<\/p>\n\n\n\n<p>Il dottor Miller scrive le proprie conclusioni dopo aver fornito un\u2019informazione di grande rilevanza, quando afferma che il problema forse principale nella stima dei decessi per aborto non sicuro \u00e8 che \u00ab[\u2026] nelle statistiche sulla mortalit\u00e0, &#8220;aborto&#8221; si riferisce quasi invariabilmente sia all&#8217;aborto indotto che all&#8217;aborto spontaneo (e talvolta anche alla gravidanza ectopica)\u00bb.<\/p>\n\n\n\n<p>Tutto ci\u00f2 in zone in cui i gravi problemi sociali, economici e infrastrutturali evidenziano come le cause della mortalit\u00e0 materna siano da attribuire a <a href=\"https:\/\/bmcpregnancychildbirth.biomedcentral.com\/articles\/10.1186\/s12884-017-1406-5\" target=\"_blank\" rel=\"noreferrer noopener\">tre fattori di ritardo<\/a>: nel decidere di cercare assistenza da parte della donna;&nbsp;nel raggiungere la struttura sanitaria;&nbsp;infine, nel ricevere le cure necessarie.&nbsp;<\/p>\n\n\n\n<p>Dati alla mano, Miller rigetta la tesi proposta dall\u2019articolo del <em>Telegraph<\/em> evidenziando che nei Paesi in cui l\u2019aborto non \u00e8 stato depenalizzato (come la Polonia o il Cile nel momento in cui la ricerca \u00e8 stata condotta) la mortalit\u00e0 materna \u00e8 ugualmente diminuita, grazie a un aborto pur illegale condotto in condizioni di maggiore sicurezza per la vita della donna e a cure post-aborto migliori, specialmente per quanto concerne l\u2019aborto farmacologico.<\/p>\n\n\n\n<p>In altri Paesi, <a href=\"https:\/\/bmjopen.bmj.com\/content\/6\/1\/e009734.short\" target=\"_blank\" rel=\"noreferrer noopener\">quali per esempio il Ruanda<\/a> e l\u2019<a href=\"https:\/\/europepmc.org\/article\/med\/19743789\" target=\"_blank\" rel=\"noreferrer noopener\">Etiopia<\/a>, la liberalizzazione della legge sull&#8217;interruzione di gravidanza ha visto piuttosto un aumento della percentuale di morti materne dovute all&#8217;aborto.<\/p>\n\n\n\n<h2 class=\"wp-block-heading\"><strong>Le conclusioni<\/strong><\/h2>\n\n\n\n<p>Le ricerca di Calum Miller si conclude con queste parole: \u00ab[\u2026] le ultime prove suggeriscono che il 6-7% delle morti materne \u2013 quindi circa 69-147 all&#8217;anno a seconda della stima delle morti materne totali \u2013 in Malawi sono dovute ad aborto e aborto spontaneo combinati.&nbsp;La stima pi\u00f9 recente della mortalit\u00e0 materna suggerisce l&#8217;estremit\u00e0 inferiore di questo intervallo.&nbsp;Anche queste percentuali, tuttavia, hanno ormai vent&#8217;anni e sono probabilmente diminuite ulteriormente, dati i significativi progressi nella sicurezza dell&#8217;aborto illegale e nella qualit\u00e0 delle cure post-aborto. Un gran numero di questi decessi, forse anche la maggioranza, sono dovuti ad aborto spontaneo, e quindi solo una percentuale molto piccola, e un numero molto piccolo, di morti materne sono dovute specificamente all&#8217;aborto indotto.&nbsp;Le prove che questo piccolo numero di donne sarebbe stato salvato dalla legalizzazione dell&#8217;aborto rimangono scarse.&nbsp;Di conseguenza, per ridurre la mortalit\u00e0 materna con risorse limitate, l&#8217;assistenza ostetrica di emergenza e l&#8217;ampia copertura dell&#8217;infrastruttura sanitaria di base dovrebbero essere prioritarie rispetto a politiche di sostegno costose, controverse e probabilmente inefficaci\u00bb.<\/p>\n\n\n\n<p>Ci\u00f2 non significa naturalmente considerare le vite di queste donne meno importanti di altre, pare quasi ridicolo doversi giustificare: anche una sola morte sarebbe troppo. Contemporaneamente, non \u00e8 possibile per\u00f2 farsi scudo di dati gonfiati mediaticamente ad arte per forzare la mano alla politica, affinch\u00e9 decida per una liberalizzazione che, anche a voler prescindere dai princ\u00ecpi non negoziabili, non gioverebbe alla riduzione dei puri, nudi numeri dei decessi.<\/p>\n\n\n\n<p>Eppure, il <a href=\"https:\/\/www.rcog.org.uk\/\" target=\"_blank\" rel=\"noreferrer noopener\">Royal College of Obstetricians and Gynaecologists<\/a> britannico non ha mancato di avallare l\u2019articolo del <em>Telegraph<\/em> e la notizia di 12mila donne scannate ogni anno come bestie, mentre non smette di <a href=\"https:\/\/twitter.com\/RCObsGyn\/status\/1443866793957904404\/photo\/1\" target=\"_blank\" rel=\"noreferrer noopener\">\u201ccinguettare\u201d a favore di \u00absafe abortion<\/a>\u00bb, di aborto sicuro che \u00absaves lifes\u00bb, che salverebbe vite umane. Come <a href=\"https:\/\/ifamnews.com\/it\/tag\/aborto\" target=\"_blank\" rel=\"noreferrer noopener\">ci siamo chiesti pi\u00f9 e pi\u00f9 volte su queste colonne virtuali<\/a>, <em>quali <\/em>vite, in ogni caso, se il bambino comunque muore?<\/p>\n","protected":false},"excerpt":{"rendered":"<p>Uno studio peer-review sbugiarda la fake news delle donne morte per aborto clandestino nel Malawi<\/p>\n","protected":false},"author":14,"featured_media":102249,"comment_status":"open","ping_status":"open","sticky":false,"template":"","format":"standard","meta":{"give_campaign_id":0,"om_disable_all_campaigns":false,"_monsterinsights_skip_tracking":false,"_monsterinsights_sitenote_active":false,"_monsterinsights_sitenote_note":"","_monsterinsights_sitenote_category":0,"mc4wp_mailchimp_campaign":[],"jnews-multi-image_gallery":[],"jnews_single_post":{"subtitle":"Uno studio peer-review sbugiarda la fake news delle donne morte per aborto clandestino nel Malawi","format":"standard","video":"","gallery":"","source_name":"","source_url":"","via_name":"","via_url":"","override":[{"template":"1","single_blog_custom":"","parallax":"1","fullscreen":"1","layout":"right-sidebar","sidebar":"default-sidebar","second_sidebar":"default-sidebar","sticky_sidebar":"1","share_position":"top","share_float_style":"share-monocrhome","show_share_counter":"1","show_view_counter":"1","show_featured":"1","show_post_meta":"1","show_post_author":"1","show_post_author_image":"1","show_post_date":"1","post_date_format":"default","post_date_format_custom":"Y\/m\/d","show_post_category":"1","post_reading_time_wpm":"300","zoom_button_out_step":"2","zoom_button_in_step":"3","show_post_tag":"1","show_prev_next_post":"1","show_popup_post":"1","number_popup_post":"1"}],"image_override":[{"single_post_thumbnail_size":"crop-500","single_post_gallery_size":"crop-500"}],"trending_post_position":"meta","trending_post_label":"Trending","sponsored_post_label":"Sponsored by","sponsored_post_name":"","sponsored_post_url":"","sponsored_post_logo":"","sponsored_post_desc":""},"jnews_primary_category":{"id":"817"},"jnews_social_meta":{"fb_title":"","fb_description":"","fb_image":"","twitter_title":"","twitter_description":"","twitter_image":""},"jnews_override_counter":{"view_counter_number":"0","share_counter_number":"0","like_counter_number":"0","dislike_counter_number":"0"},"footnotes":""},"categories":[951,817],"tags":[698,8126,7993],"class_list":["post-102243","post","type-post","status-publish","format-standard","has-post-thumbnail","hentry","category-foreground-it","category-vita","tag-aborto","tag-highlight","tag-vetrina"],"yoast_head":"<!-- This site is optimized with the Yoast SEO Premium plugin v25.9 (Yoast SEO v27.3) - https:\/\/yoast.com\/product\/yoast-seo-premium-wordpress\/ -->\n<title>Africa, basta bugie sull\u2019aborto - &quot;iFamNews&quot;<\/title>\n<meta name=\"description\" content=\"Uno studio peer-review sbugiarda la fake news dei media sulle donne morte per aborto clandestino nel Malawi\" \/>\n<meta name=\"robots\" content=\"index, follow, max-snippet:-1, max-image-preview:large, max-video-preview:-1\" \/>\n<link rel=\"canonical\" href=\"https:\/\/ifamnews.com\/it\/africa-basta-bugie-sull-aborto\" \/>\n<meta property=\"og:locale\" content=\"it_IT\" \/>\n<meta property=\"og:type\" content=\"article\" \/>\n<meta property=\"og:title\" content=\"Africa, basta bugie sull\u2019aborto\" \/>\n<meta property=\"og:description\" content=\"Uno studio peer-review sbugiarda la fake news dei media sulle donne morte per aborto clandestino nel Malawi\" \/>\n<meta property=\"og:url\" content=\"https:\/\/ifamnews.com\/it\/africa-basta-bugie-sull-aborto\" \/>\n<meta property=\"og:site_name\" content=\"IFN\" \/>\n<meta property=\"article:publisher\" content=\"https:\/\/www.facebook.com\/iFamNews\" \/>\n<meta property=\"article:published_time\" content=\"2021-10-27T04:00:00+00:00\" \/>\n<meta property=\"article:modified_time\" content=\"2022-02-11T07:46:36+00:00\" \/>\n<meta property=\"og:image\" content=\"https:\/\/ifamnews.com\/wp-content\/uploads\/2021\/10\/flag-g298e8d711_1280.jpg\" \/>\n\t<meta property=\"og:image:width\" content=\"1280\" \/>\n\t<meta property=\"og:image:height\" content=\"960\" \/>\n\t<meta property=\"og:image:type\" content=\"image\/jpeg\" \/>\n<meta name=\"author\" content=\"Barbara Santambrogio\" \/>\n<meta name=\"twitter:card\" content=\"summary_large_image\" \/>\n<meta name=\"twitter:creator\" content=\"@iFamNewsEN\" \/>\n<meta name=\"twitter:site\" content=\"@iFamNewsEN\" \/>\n<meta name=\"twitter:label1\" content=\"Scritto da\" \/>\n\t<meta name=\"twitter:data1\" content=\"Barbara Santambrogio\" \/>\n\t<meta name=\"twitter:label2\" content=\"Tempo di lettura stimato\" \/>\n\t<meta name=\"twitter:data2\" content=\"6 minuti\" \/>\n<!-- \/ Yoast SEO Premium plugin. -->","yoast_head_json":{"title":"Africa, basta bugie sull\u2019aborto - \"iFamNews\"","description":"Uno studio peer-review sbugiarda la fake news dei media sulle donne morte per aborto clandestino nel Malawi","robots":{"index":"index","follow":"follow","max-snippet":"max-snippet:-1","max-image-preview":"max-image-preview:large","max-video-preview":"max-video-preview:-1"},"canonical":"https:\/\/ifamnews.com\/it\/africa-basta-bugie-sull-aborto","og_locale":"it_IT","og_type":"article","og_title":"Africa, basta bugie sull\u2019aborto","og_description":"Uno studio peer-review sbugiarda la fake news dei media sulle donne morte per aborto clandestino nel Malawi","og_url":"https:\/\/ifamnews.com\/it\/africa-basta-bugie-sull-aborto","og_site_name":"IFN","article_publisher":"https:\/\/www.facebook.com\/iFamNews","article_published_time":"2021-10-27T04:00:00+00:00","article_modified_time":"2022-02-11T07:46:36+00:00","og_image":[{"width":1280,"height":960,"url":"https:\/\/ifamnews.com\/wp-content\/uploads\/2021\/10\/flag-g298e8d711_1280.jpg","type":"image\/jpeg"}],"author":"Barbara Santambrogio","twitter_card":"summary_large_image","twitter_creator":"@iFamNewsEN","twitter_site":"@iFamNewsEN","twitter_misc":{"Scritto da":"Barbara Santambrogio","Tempo di lettura stimato":"6 minuti"},"schema":{"@context":"https:\/\/schema.org","@graph":[{"@type":"NewsArticle","@id":"https:\/\/ifamnews.com\/it\/africa-basta-bugie-sull-aborto#article","isPartOf":{"@id":"https:\/\/ifamnews.com\/it\/africa-basta-bugie-sull-aborto"},"author":{"name":"Barbara Santambrogio","@id":"https:\/\/ifamnews.com\/en\/#\/schema\/person\/17118599da2799311b3611609a244572"},"headline":"Africa, basta bugie sull\u2019aborto","datePublished":"2021-10-27T04:00:00+00:00","dateModified":"2022-02-11T07:46:36+00:00","mainEntityOfPage":{"@id":"https:\/\/ifamnews.com\/it\/africa-basta-bugie-sull-aborto"},"wordCount":1212,"commentCount":0,"publisher":{"@id":"https:\/\/ifamnews.com\/en\/#organization"},"image":{"@id":"https:\/\/ifamnews.com\/it\/africa-basta-bugie-sull-aborto#primaryimage"},"thumbnailUrl":"https:\/\/ifamnews.com\/wp-content\/uploads\/2021\/10\/flag-g298e8d711_1280.jpg","keywords":["Aborto","Highlight","Vetrina"],"articleSection":["In evidenza","Vita"],"inLanguage":"it-IT","potentialAction":[{"@type":"CommentAction","name":"Comment","target":["https:\/\/ifamnews.com\/it\/africa-basta-bugie-sull-aborto#respond"]}]},{"@type":"WebPage","@id":"https:\/\/ifamnews.com\/it\/africa-basta-bugie-sull-aborto","url":"https:\/\/ifamnews.com\/it\/africa-basta-bugie-sull-aborto","name":"Africa, basta bugie sull\u2019aborto - \"iFamNews\"","isPartOf":{"@id":"https:\/\/ifamnews.com\/en\/#website"},"primaryImageOfPage":{"@id":"https:\/\/ifamnews.com\/it\/africa-basta-bugie-sull-aborto#primaryimage"},"image":{"@id":"https:\/\/ifamnews.com\/it\/africa-basta-bugie-sull-aborto#primaryimage"},"thumbnailUrl":"https:\/\/ifamnews.com\/wp-content\/uploads\/2021\/10\/flag-g298e8d711_1280.jpg","datePublished":"2021-10-27T04:00:00+00:00","dateModified":"2022-02-11T07:46:36+00:00","description":"Uno studio peer-review sbugiarda la fake news dei media sulle donne morte per aborto clandestino nel Malawi","breadcrumb":{"@id":"https:\/\/ifamnews.com\/it\/africa-basta-bugie-sull-aborto#breadcrumb"},"inLanguage":"it-IT","potentialAction":[{"@type":"ReadAction","target":["https:\/\/ifamnews.com\/it\/africa-basta-bugie-sull-aborto"]}]},{"@type":"ImageObject","inLanguage":"it-IT","@id":"https:\/\/ifamnews.com\/it\/africa-basta-bugie-sull-aborto#primaryimage","url":"https:\/\/ifamnews.com\/wp-content\/uploads\/2021\/10\/flag-g298e8d711_1280.jpg","contentUrl":"https:\/\/ifamnews.com\/wp-content\/uploads\/2021\/10\/flag-g298e8d711_1280.jpg","width":1280,"height":960,"caption":"Image by David Peterson from Pixabay"},{"@type":"BreadcrumbList","@id":"https:\/\/ifamnews.com\/it\/africa-basta-bugie-sull-aborto#breadcrumb","itemListElement":[{"@type":"ListItem","position":1,"name":"Home","item":"https:\/\/ifamnews.com\/de"},{"@type":"ListItem","position":2,"name":"In evidenza","item":"https:\/\/ifamnews.com\/it\/categoria\/foreground-it"},{"@type":"ListItem","position":3,"name":"Africa, basta bugie sull\u2019aborto"}]},{"@type":"WebSite","@id":"https:\/\/ifamnews.com\/en\/#website","url":"https:\/\/ifamnews.com\/en\/","name":"IFN","description":"International Family News Network","publisher":{"@id":"https:\/\/ifamnews.com\/en\/#organization"},"potentialAction":[{"@type":"SearchAction","target":{"@type":"EntryPoint","urlTemplate":"https:\/\/ifamnews.com\/en\/?s={search_term_string}"},"query-input":{"@type":"PropertyValueSpecification","valueRequired":true,"valueName":"search_term_string"}}],"inLanguage":"it-IT"},{"@type":"Organization","@id":"https:\/\/ifamnews.com\/en\/#organization","name":"iFamNews","url":"https:\/\/ifamnews.com\/en\/","logo":{"@type":"ImageObject","inLanguage":"it-IT","@id":"https:\/\/ifamnews.com\/en\/#\/schema\/logo\/image\/","url":"https:\/\/ifamnews.com\/wp-content\/uploads\/2020\/01\/Share-logo.png","contentUrl":"https:\/\/ifamnews.com\/wp-content\/uploads\/2020\/01\/Share-logo.png","width":200,"height":200,"caption":"iFamNews"},"image":{"@id":"https:\/\/ifamnews.com\/en\/#\/schema\/logo\/image\/"},"sameAs":["https:\/\/www.facebook.com\/iFamNews","https:\/\/x.com\/iFamNewsEN"]},{"@type":"Person","@id":"https:\/\/ifamnews.com\/en\/#\/schema\/person\/17118599da2799311b3611609a244572","name":"Barbara Santambrogio","image":{"@type":"ImageObject","inLanguage":"it-IT","@id":"https:\/\/secure.gravatar.com\/avatar\/e82fde821e1707b5acb9fe7ab0a5d6e32d42db6117e73021c2fc05cc90dad32f?s=96&d=mm&r=g","url":"https:\/\/secure.gravatar.com\/avatar\/e82fde821e1707b5acb9fe7ab0a5d6e32d42db6117e73021c2fc05cc90dad32f?s=96&d=mm&r=g","contentUrl":"https:\/\/secure.gravatar.com\/avatar\/e82fde821e1707b5acb9fe7ab0a5d6e32d42db6117e73021c2fc05cc90dad32f?s=96&d=mm&r=g","caption":"Barbara Santambrogio"},"description":"After an original and varied working path, in the field of advertising and publishing, but also in the world of wine, she finally came to deal with what she is most passionate about. Today she writes (for the web, but not only), deals with translations and teaches in elementary school. Biological and adoptive mother, she loves reading and running.","url":"https:\/\/ifamnews.com\/it\/author\/bsantambrogio"}]}},"amp_enabled":true,"_links":{"self":[{"href":"https:\/\/ifamnews.com\/it\/wp-json\/wp\/v2\/posts\/102243","targetHints":{"allow":["GET"]}}],"collection":[{"href":"https:\/\/ifamnews.com\/it\/wp-json\/wp\/v2\/posts"}],"about":[{"href":"https:\/\/ifamnews.com\/it\/wp-json\/wp\/v2\/types\/post"}],"author":[{"embeddable":true,"href":"https:\/\/ifamnews.com\/it\/wp-json\/wp\/v2\/users\/14"}],"replies":[{"embeddable":true,"href":"https:\/\/ifamnews.com\/it\/wp-json\/wp\/v2\/comments?post=102243"}],"version-history":[{"count":5,"href":"https:\/\/ifamnews.com\/it\/wp-json\/wp\/v2\/posts\/102243\/revisions"}],"predecessor-version":[{"id":123813,"href":"https:\/\/ifamnews.com\/it\/wp-json\/wp\/v2\/posts\/102243\/revisions\/123813"}],"wp:featuredmedia":[{"embeddable":true,"href":"https:\/\/ifamnews.com\/it\/wp-json\/wp\/v2\/media\/102249"}],"wp:attachment":[{"href":"https:\/\/ifamnews.com\/it\/wp-json\/wp\/v2\/media?parent=102243"}],"wp:term":[{"taxonomy":"category","embeddable":true,"href":"https:\/\/ifamnews.com\/it\/wp-json\/wp\/v2\/categories?post=102243"},{"taxonomy":"post_tag","embeddable":true,"href":"https:\/\/ifamnews.com\/it\/wp-json\/wp\/v2\/tags?post=102243"}],"curies":[{"name":"wp","href":"https:\/\/api.w.org\/{rel}","templated":true}]}}