{"id":270130,"date":"2025-12-04T12:35:29","date_gmt":"2025-12-04T17:35:29","guid":{"rendered":"https:\/\/ifamnews.com\/katolicka-crkva-izlaze-prazne-jaslice-kritizirajuci-ice"},"modified":"2025-12-05T17:34:44","modified_gmt":"2025-12-05T22:34:44","slug":"katolicka-crkva-izlaze-prazne-jaslice-kritizirajuci-ice","status":"publish","type":"post","link":"https:\/\/ifamnews.com\/hr\/katolicka-crkva-izlaze-prazne-jaslice-kritizirajuci-ice","title":{"rendered":"Katoli\u010dka crkva izla\u017ee prazne jaslice kritiziraju\u0107i ICE"},"content":{"rendered":"<p class=\"last-updated\">Last updated on December 5th, 2025 at 05:34 pm<\/p>\n<p>Katoli\u010dka crkva St. Susanna Parish u Dedhamu, Massachusetts, izazvala je kontroverzu svojim praznim jaslicama koje prikazuju nezauzete jasle i natpis s natpisom &#8220;ICE je bio ovdje&#8221;, uz kontaktne podatke za skupinu za pra\u0107enje imigracije. Izlo\u017eba namjerno isklju\u010duje Svetu obitelj \u2014 Isusa, Mariju i Josipa \u2014 kako bi istaknula suvremena pitanja imigracije.  <\/p>\n\n<p>C.J. Doyle iz Katoli\u010dke akcijske lige Massachusetts osudio je izlo\u017ebu kao &#8220;vrlo uvredljivu&#8221; i optu\u017eio Josomu za politiziranje Bo\u017ei\u0107a, iskori\u0161tavanje Svete obitelji i promicanje ljevi\u010darske ideologije kroz &#8220;\u0161a\u0161ave&#8221; vratolomije. Doyle je Josomu nazvao &#8220;disidentskim sve\u0107enikom&#8221; usredoto\u010denim na osobne politi\u010dke agende, a ne na pravo zna\u010denje Ro\u0111enja, pozivaju\u0107i Nadbiskupiju Bostona da intervenira. Tako\u0111er je citirao izjavu Ameri\u010dke konferencije katoli\u010dkih biskupa protiv dehumaniziraju\u0107e retorike, tvrde\u0107i da izlo\u017eba dehumanizira provedbu zakona.  <\/p>\n\n<p>Ovaj incident odra\u017eava sli\u010dne kontroverze, poput jaslica baptisti\u010dke crkve u Illinoisu s bebom Isusom vezanom patentnim zatvara\u010dem te Marijom i Josipom s plinskim maskama kako bi simbolizirali razdvajanje obitelji i izbjeglice. Nadbiskupija Bostona nije komentirala izlo\u017ebu u Dedhamu.<\/p>\n","protected":false},"excerpt":{"rendered":"<p>Last updated on December 5th, 2025 at 05:34 pm Katoli\u010dka crkva St. Susanna Parish u Dedhamu, Massachusetts, izazvala je kontroverzu svojim praznim jaslicama koje prikazuju nezauzete jasle i natpis s natpisom &#8220;ICE je bio ovdje&#8221;, uz kontaktne podatke za skupinu za pra\u0107enje imigracije. Izlo\u017eba namjerno isklju\u010duje Svetu obitelj \u2014 Isusa, Mariju i Josipa \u2014 kako [&hellip;]<\/p>\n","protected":false},"author":593,"featured_media":270133,"comment_status":"open","ping_status":"open","sticky":false,"template":"","format":"standard","meta":{"give_campaign_id":0,"om_disable_all_campaigns":false,"_monsterinsights_skip_tracking":false,"_monsterinsights_sitenote_active":false,"_monsterinsights_sitenote_note":"","_monsterinsights_sitenote_category":0,"mc4wp_mailchimp_campaign":[],"jnews-multi-image_gallery":[],"jnews_single_post":[],"jnews_primary_category":[],"jnews_social_meta":[],"jnews_override_counter":[],"footnotes":""},"categories":[29882,29878,29874],"tags":[31558,31684],"class_list":["post-270130","post","type-post","status-publish","format-standard","has-post-thumbnail","hentry","category-najnovije-vijesti","category-politika-hr","category-uncategorized-hr","tag-imigracija","tag-katolicka-crkva"],"yoast_head":"<!-- This site is optimized with the Yoast SEO Premium plugin v25.9 (Yoast SEO v27.3) - https:\/\/yoast.com\/product\/yoast-seo-premium-wordpress\/ -->\n<title>Katoli\u010dka crkva izla\u017ee prazne jaslice kritiziraju\u0107i ICE - IFN<\/title>\n<meta name=\"description\" content=\"Katoli\u010dka crkva St. Susanna Parish u Dedhamu, Massachusetts, izazvala je kontroverzu svojim praznim jaslicama koje prikazuju nezauzete jasle i natpis s natpisom &quot;ICE je bio ovdje&quot;, uz kontaktne podatke za skupinu za pra\u0107enje imigracije.\" \/>\n<meta name=\"robots\" content=\"index, follow, max-snippet:-1, max-image-preview:large, max-video-preview:-1\" \/>\n<link rel=\"canonical\" href=\"https:\/\/ifamnews.com\/hr\/katolicka-crkva-izlaze-prazne-jaslice-kritizirajuci-ice\" \/>\n<meta property=\"og:locale\" content=\"hr_HR\" \/>\n<meta property=\"og:type\" content=\"article\" \/>\n<meta property=\"og:title\" content=\"Katoli\u010dka crkva izla\u017ee prazne jaslice kritiziraju\u0107i ICE\" \/>\n<meta property=\"og:description\" content=\"Katoli\u010dka crkva St. Susanna Parish u Dedhamu, Massachusetts, izazvala je kontroverzu svojim praznim jaslicama koje prikazuju nezauzete jasle i natpis s natpisom &quot;ICE je bio ovdje&quot;, uz kontaktne podatke za skupinu za pra\u0107enje imigracije.\" \/>\n<meta property=\"og:url\" content=\"https:\/\/ifamnews.com\/hr\/katolicka-crkva-izlaze-prazne-jaslice-kritizirajuci-ice\" \/>\n<meta property=\"og:site_name\" content=\"IFN\" \/>\n<meta property=\"article:publisher\" content=\"https:\/\/www.facebook.com\/iFamNews\" \/>\n<meta property=\"article:author\" content=\"https:\/\/www.facebook.com\/iFamNews\/\" \/>\n<meta property=\"article:published_time\" content=\"2025-12-04T17:35:29+00:00\" \/>\n<meta property=\"article:modified_time\" content=\"2025-12-05T22:34:44+00:00\" \/>\n<meta property=\"og:image\" content=\"https:\/\/ifamnews.com\/wp-content\/uploads\/2025\/12\/Untitled-design-2025-12-04T123510.733.png\" \/>\n\t<meta property=\"og:image:width\" content=\"1200\" \/>\n\t<meta property=\"og:image:height\" content=\"675\" \/>\n\t<meta property=\"og:image:type\" content=\"image\/png\" \/>\n<meta name=\"author\" content=\"IFN English\" \/>\n<meta name=\"twitter:card\" content=\"summary_large_image\" \/>\n<meta name=\"twitter:creator\" content=\"@https:\/\/twitter.com\/iFamNewsEN\" \/>\n<meta name=\"twitter:site\" content=\"@iFamNewsEN\" \/>\n<meta name=\"twitter:label1\" content=\"Written by\" \/>\n\t<meta name=\"twitter:data1\" content=\"IFN English\" \/>\n\t<meta name=\"twitter:label2\" content=\"Est. reading time\" \/>\n\t<meta name=\"twitter:data2\" content=\"1 minute\" \/>\n<!-- \/ Yoast SEO Premium plugin. -->","yoast_head_json":{"title":"Katoli\u010dka crkva izla\u017ee prazne jaslice kritiziraju\u0107i ICE - IFN","description":"Katoli\u010dka crkva St. Susanna Parish u Dedhamu, Massachusetts, izazvala je kontroverzu svojim praznim jaslicama koje prikazuju nezauzete jasle i natpis s natpisom \"ICE je bio ovdje\", uz kontaktne podatke za skupinu za pra\u0107enje imigracije.","robots":{"index":"index","follow":"follow","max-snippet":"max-snippet:-1","max-image-preview":"max-image-preview:large","max-video-preview":"max-video-preview:-1"},"canonical":"https:\/\/ifamnews.com\/hr\/katolicka-crkva-izlaze-prazne-jaslice-kritizirajuci-ice","og_locale":"hr_HR","og_type":"article","og_title":"Katoli\u010dka crkva izla\u017ee prazne jaslice kritiziraju\u0107i ICE","og_description":"Katoli\u010dka crkva St. Susanna Parish u Dedhamu, Massachusetts, izazvala je kontroverzu svojim praznim jaslicama koje prikazuju nezauzete jasle i natpis s natpisom \"ICE je bio ovdje\", uz kontaktne podatke za skupinu za pra\u0107enje imigracije.","og_url":"https:\/\/ifamnews.com\/hr\/katolicka-crkva-izlaze-prazne-jaslice-kritizirajuci-ice","og_site_name":"IFN","article_publisher":"https:\/\/www.facebook.com\/iFamNews","article_author":"https:\/\/www.facebook.com\/iFamNews\/","article_published_time":"2025-12-04T17:35:29+00:00","article_modified_time":"2025-12-05T22:34:44+00:00","og_image":[{"width":1200,"height":675,"url":"https:\/\/ifamnews.com\/wp-content\/uploads\/2025\/12\/Untitled-design-2025-12-04T123510.733.png","type":"image\/png"}],"author":"IFN English","twitter_card":"summary_large_image","twitter_creator":"@https:\/\/twitter.com\/iFamNewsEN","twitter_site":"@iFamNewsEN","twitter_misc":{"Written by":"IFN English","Est. reading time":"1 minute"},"schema":{"@context":"https:\/\/schema.org","@graph":[{"@type":"NewsArticle","@id":"https:\/\/ifamnews.com\/hr\/katolicka-crkva-izlaze-prazne-jaslice-kritizirajuci-ice#article","isPartOf":{"@id":"https:\/\/ifamnews.com\/hr\/katolicka-crkva-izlaze-prazne-jaslice-kritizirajuci-ice"},"author":{"name":"IFN English","@id":"https:\/\/ifamnews.com\/en\/#\/schema\/person\/633bdb7ac2496c9b9304ce62d071cdfa"},"headline":"Katoli\u010dka crkva izla\u017ee prazne jaslice kritiziraju\u0107i ICE","datePublished":"2025-12-04T17:35:29+00:00","dateModified":"2025-12-05T22:34:44+00:00","mainEntityOfPage":{"@id":"https:\/\/ifamnews.com\/hr\/katolicka-crkva-izlaze-prazne-jaslice-kritizirajuci-ice"},"wordCount":195,"commentCount":0,"publisher":{"@id":"https:\/\/ifamnews.com\/en\/#organization"},"image":{"@id":"https:\/\/ifamnews.com\/hr\/katolicka-crkva-izlaze-prazne-jaslice-kritizirajuci-ice#primaryimage"},"thumbnailUrl":"https:\/\/ifamnews.com\/wp-content\/uploads\/2025\/12\/Untitled-design-2025-12-04T123510.733.png","keywords":["imigracija","Katoli\u010dka crkva"],"articleSection":["Najnovije vijesti","Politika","Uncategorized @hr"],"inLanguage":"hr-HR","potentialAction":[{"@type":"CommentAction","name":"Comment","target":["https:\/\/ifamnews.com\/hr\/katolicka-crkva-izlaze-prazne-jaslice-kritizirajuci-ice#respond"]}]},{"@type":"WebPage","@id":"https:\/\/ifamnews.com\/hr\/katolicka-crkva-izlaze-prazne-jaslice-kritizirajuci-ice","url":"https:\/\/ifamnews.com\/hr\/katolicka-crkva-izlaze-prazne-jaslice-kritizirajuci-ice","name":"Katoli\u010dka crkva izla\u017ee prazne jaslice kritiziraju\u0107i ICE - IFN","isPartOf":{"@id":"https:\/\/ifamnews.com\/en\/#website"},"primaryImageOfPage":{"@id":"https:\/\/ifamnews.com\/hr\/katolicka-crkva-izlaze-prazne-jaslice-kritizirajuci-ice#primaryimage"},"image":{"@id":"https:\/\/ifamnews.com\/hr\/katolicka-crkva-izlaze-prazne-jaslice-kritizirajuci-ice#primaryimage"},"thumbnailUrl":"https:\/\/ifamnews.com\/wp-content\/uploads\/2025\/12\/Untitled-design-2025-12-04T123510.733.png","datePublished":"2025-12-04T17:35:29+00:00","dateModified":"2025-12-05T22:34:44+00:00","description":"Katoli\u010dka crkva St. Susanna Parish u Dedhamu, Massachusetts, izazvala je kontroverzu svojim praznim jaslicama koje prikazuju nezauzete jasle i natpis s natpisom \"ICE je bio ovdje\", uz kontaktne podatke za skupinu za pra\u0107enje imigracije.","breadcrumb":{"@id":"https:\/\/ifamnews.com\/hr\/katolicka-crkva-izlaze-prazne-jaslice-kritizirajuci-ice#breadcrumb"},"inLanguage":"hr-HR","potentialAction":[{"@type":"ReadAction","target":["https:\/\/ifamnews.com\/hr\/katolicka-crkva-izlaze-prazne-jaslice-kritizirajuci-ice"]}]},{"@type":"ImageObject","inLanguage":"hr-HR","@id":"https:\/\/ifamnews.com\/hr\/katolicka-crkva-izlaze-prazne-jaslice-kritizirajuci-ice#primaryimage","url":"https:\/\/ifamnews.com\/wp-content\/uploads\/2025\/12\/Untitled-design-2025-12-04T123510.733.png","contentUrl":"https:\/\/ifamnews.com\/wp-content\/uploads\/2025\/12\/Untitled-design-2025-12-04T123510.733.png","width":1200,"height":675,"caption":"Facebook"},{"@type":"BreadcrumbList","@id":"https:\/\/ifamnews.com\/hr\/katolicka-crkva-izlaze-prazne-jaslice-kritizirajuci-ice#breadcrumb","itemListElement":[{"@type":"ListItem","position":1,"name":"Home","item":"https:\/\/ifamnews.com\/hr"},{"@type":"ListItem","position":2,"name":"Uncategorized @hr","item":"https:\/\/ifamnews.com\/en\/category\/uncategorized-hr"},{"@type":"ListItem","position":3,"name":"Katoli\u010dka crkva izla\u017ee prazne jaslice kritiziraju\u0107i ICE"}]},{"@type":"WebSite","@id":"https:\/\/ifamnews.com\/en\/#website","url":"https:\/\/ifamnews.com\/en\/","name":"IFN","description":"International Family News Network","publisher":{"@id":"https:\/\/ifamnews.com\/en\/#organization"},"potentialAction":[{"@type":"SearchAction","target":{"@type":"EntryPoint","urlTemplate":"https:\/\/ifamnews.com\/en\/?s={search_term_string}"},"query-input":{"@type":"PropertyValueSpecification","valueRequired":true,"valueName":"search_term_string"}}],"inLanguage":"hr-HR"},{"@type":"Organization","@id":"https:\/\/ifamnews.com\/en\/#organization","name":"iFamNews","url":"https:\/\/ifamnews.com\/en\/","logo":{"@type":"ImageObject","inLanguage":"hr-HR","@id":"https:\/\/ifamnews.com\/en\/#\/schema\/logo\/image\/","url":"https:\/\/ifamnews.com\/wp-content\/uploads\/2020\/01\/Share-logo.png","contentUrl":"https:\/\/ifamnews.com\/wp-content\/uploads\/2020\/01\/Share-logo.png","width":200,"height":200,"caption":"iFamNews"},"image":{"@id":"https:\/\/ifamnews.com\/en\/#\/schema\/logo\/image\/"},"sameAs":["https:\/\/www.facebook.com\/iFamNews","https:\/\/x.com\/iFamNewsEN"]},{"@type":"Person","@id":"https:\/\/ifamnews.com\/en\/#\/schema\/person\/633bdb7ac2496c9b9304ce62d071cdfa","name":"IFN English","image":{"@type":"ImageObject","inLanguage":"hr-HR","@id":"https:\/\/secure.gravatar.com\/avatar\/6f16ce95b558ae6f6eb9ae2f68122482a2c61696af2a8fc343c2e10f981a959d?s=96&d=mm&r=g","url":"https:\/\/secure.gravatar.com\/avatar\/6f16ce95b558ae6f6eb9ae2f68122482a2c61696af2a8fc343c2e10f981a959d?s=96&d=mm&r=g","contentUrl":"https:\/\/secure.gravatar.com\/avatar\/6f16ce95b558ae6f6eb9ae2f68122482a2c61696af2a8fc343c2e10f981a959d?s=96&d=mm&r=g","caption":"IFN English"},"description":"Articles published by the English iFamNews editorial team.","sameAs":["https:\/\/ifamnews.com\/en","https:\/\/www.facebook.com\/iFamNews\/","https:\/\/x.com\/https:\/\/twitter.com\/iFamNewsEN","https:\/\/www.youtube.com\/channel\/UCMVyIt4z9BANW3d09kwfUpw"],"url":"https:\/\/ifamnews.com\/hr\/author\/ifamnews-staff"}]}},"amp_enabled":true,"_links":{"self":[{"href":"https:\/\/ifamnews.com\/hr\/wp-json\/wp\/v2\/posts\/270130","targetHints":{"allow":["GET"]}}],"collection":[{"href":"https:\/\/ifamnews.com\/hr\/wp-json\/wp\/v2\/posts"}],"about":[{"href":"https:\/\/ifamnews.com\/hr\/wp-json\/wp\/v2\/types\/post"}],"author":[{"embeddable":true,"href":"https:\/\/ifamnews.com\/hr\/wp-json\/wp\/v2\/users\/593"}],"replies":[{"embeddable":true,"href":"https:\/\/ifamnews.com\/hr\/wp-json\/wp\/v2\/comments?post=270130"}],"version-history":[{"count":1,"href":"https:\/\/ifamnews.com\/hr\/wp-json\/wp\/v2\/posts\/270130\/revisions"}],"predecessor-version":[{"id":270134,"href":"https:\/\/ifamnews.com\/hr\/wp-json\/wp\/v2\/posts\/270130\/revisions\/270134"}],"wp:featuredmedia":[{"embeddable":true,"href":"https:\/\/ifamnews.com\/hr\/wp-json\/wp\/v2\/media\/270133"}],"wp:attachment":[{"href":"https:\/\/ifamnews.com\/hr\/wp-json\/wp\/v2\/media?parent=270130"}],"wp:term":[{"taxonomy":"category","embeddable":true,"href":"https:\/\/ifamnews.com\/hr\/wp-json\/wp\/v2\/categories?post=270130"},{"taxonomy":"post_tag","embeddable":true,"href":"https:\/\/ifamnews.com\/hr\/wp-json\/wp\/v2\/tags?post=270130"}],"curies":[{"name":"wp","href":"https:\/\/api.w.org\/{rel}","templated":true}]}}