{"id":98671,"date":"2021-10-06T00:58:02","date_gmt":"2021-10-06T04:58:02","guid":{"rendered":"https:\/\/ifamnews.com\/?p=98671"},"modified":"2021-10-06T00:58:04","modified_gmt":"2021-10-06T04:58:04","slug":"la-famille-a-le-vent-en-poupe-les-bonnes-choses-qui-se-passent-dans-le-monde-sont-l-honneur","status":"publish","type":"post","link":"https:\/\/ifamnews.com\/fr\/la-famille-a-le-vent-en-poupe-les-bonnes-choses-qui-se-passent-dans-le-monde-sont-l-honneur","title":{"rendered":"La famille a le vent en poupe \u2013 les bonnes choses qui se passent dans le monde sont \u00e0 l\u2019honneur."},"content":{"rendered":"\n<h3 class=\"wp-block-heading\" id=\"h-vie\"><strong>Vie<\/strong><\/h3>\n\n\n\n<ul class=\"wp-block-list\"><li>Royaume-Uni. Heidi Crowter, qui a poursuivi le gouvernement au sujet de la loi sur l&rsquo;avortement qui <a href=\"https:\/\/gript.ie\/the-fight-is-not-over-says-woman-with-down-syndrome-taking-case-against-uk-government\/\" target=\"_blank\" rel=\"noreferrer noopener\">permet de tuer les b\u00e9b\u00e9s atteints du syndrome de Down<\/a>, va tenter de faire appel du rejet de son dossier par la Haute Cour.<\/li><li>Royaume-Uni. Le d\u00e9bat parlementaire sur la l\u00e9galisation de l&rsquo;euthanasie a repris et la <a href=\"https:\/\/premierchristian.news\/en\/news\/article\/campaign-to-oppose-assisted-dying-launches-in-the-uk\" target=\"_blank\" rel=\"noreferrer noopener\">nouvelle campagne d&rsquo;information et de soutien aux soins palliatifs<\/a> a commenc\u00e9.<\/li><li>Royaume-Uni. L&rsquo;universit\u00e9 de Nottingham se reprend : apr\u00e8s avoir rejet\u00e9 la nomination de l&rsquo;aum\u00f4nier catholique David Palmer parce qu&rsquo;il <a href=\"https:\/\/premierchristian.news\/en\/news\/article\/nottingham-university-announces-u-turn-after-blocking-pro-life-priest-from-chaplaincy-role?_psrc=personyzePopularArticles\" target=\"_blank\" rel=\"noreferrer noopener\">soutient la valeur intangible de la vie d\u00e8s la conception<\/a>, elle a d\u00e9cid\u00e9 de le nommer quand m\u00eame.<\/li><li>\u00c9tats-Unis d&rsquo;Am\u00e9rique. Un groupe <a href=\"https:\/\/www.liveaction.org\/news\/pro-life-congress-house-abortion-bill\/\" target=\"_blank\" rel=\"noreferrer noopener\"><em>bipartisan<\/em><\/a> de congressistes pro-vie d\u00e9nonce les dispositions pro-avortement contenues dans le texte du HR 3755 adopt\u00e9 par le Congr\u00e8s f\u00e9d\u00e9ral, qui sous le titre trompeur de \u00ab\u00a0sant\u00e9 des femmes\u00a0\u00bb, effacent \u00e9galement plusieurs formes de protection pour les pr\u00e9matur\u00e9s capables de survivre en dehors du ventre de leur m\u00e8re.<\/li><li>\u00c9tats-Unis d&rsquo;Am\u00e9rique. L&rsquo;organisation internationale 40 Days for Life a lanc\u00e9 sa campagne d&rsquo;automne, avec des activistes dans <a href=\"https:\/\/cruxnow.com\/church-in-the-usa\/2021\/09\/40-days-for-life-fall-campaign-to-end-abortion-begins-in-over-1000-cities\/\" target=\"_blank\" rel=\"noreferrer noopener\">plus d&rsquo;un millier de villes rien qu&rsquo;<\/a> aux \u00c9tats-Unis pour promouvoir des vigiles de 24 heures devant les cliniques d&rsquo;avortement. <\/li><\/ul>\n\n\n\n<h3 class=\"wp-block-heading\"><strong>Famille<\/strong><\/h3>\n\n\n\n<ul class=\"wp-block-list\"><li>Hongrie. Lors du <a href=\"https:\/\/www.dw.com\/en\/hungary-leaders-slam-migration-lgbtq-at-family-values-summit\/a-59283286\" target=\"_blank\" rel=\"noreferrer noopener\">Sommet International sur la Politique Familiale et la D\u00e9mographie<\/a>, plusieurs pays europ\u00e9ens se sont engag\u00e9s \u00e0 soutenir la famille naturelle en tant qu&rsquo;unit\u00e9 sociale et \u00e9conomique fondamentale. Une <a href=\"https:\/\/hungarytoday.hu\/family-minister-heads-of-state-government-orban-declaration-demographic-summit\/\" target=\"_blank\" rel=\"noreferrer noopener\">d\u00e9claration commune<\/a> a \u00e9t\u00e9 sign\u00e9e par les chefs d&rsquo;\u00c9tat et de gouvernement.<\/li><\/ul>\n\n\n\n<h3 class=\"wp-block-heading\"><strong>LGBT+<\/strong><\/h3>\n\n\n\n<ul class=\"wp-block-list\"><li>Kenya. Les autorit\u00e9s <a href=\"https:\/\/www.dw.com\/en\/kenya-bans-film-for-advocating-same-sex-marriage\/a-59287182\" target=\"_blank\" rel=\"noreferrer noopener\">ont interdit la projection du film <em>I Am Samuel<\/em><\/a>, un film dont le contenu favorise l&rsquo;id\u00e9ologie LGBT+, car il est en contradiction avec la <em>Constitution<\/em> qui promeut la famille naturelle.<\/li><li>France. Cinquante professionnels et chercheurs dans le domaine de l&rsquo;enfance (m\u00e9decins, psychiatres, psychanalystes, avocats, juges, enseignants, philosophes, sociologues) ont sign\u00e9 une lettre ouverte <a href=\"https:\/\/www.lexpress.fr\/actualite\/idees-et-debats\/changement-de-sexe-chez-les-enfants-nous-ne-pouvons-plus-nous-taire-face-a-une-grave-derive_2158725.html?fbclid=IwAR0AJbtXyOdHivPOdsGlXoGH4WIHzr0qxVaNPtCJy5OdlbKmLhYkzVwFTT8\" target=\"_blank\" rel=\"noreferrer noopener\">contre la propagande favorisant \u00ab\u00a0l&rsquo;autod\u00e9termination du sexe\u00a0\u00bb des enfants<\/a>.<\/li><\/ul>\n\n\n\n<h3 class=\"wp-block-heading\"><strong>Libert\u00e9 religieuse<\/strong><\/h3>\n\n\n\n<ul class=\"wp-block-list\"><li>Espagne. Le rapport 2020 de l&rsquo;Observatoire de la Libert\u00e9 Religieuse documente <a href=\"https:\/\/www.actuall.com\/democracia\/los-ataques-a-la-libertad-religiosa-crecen-un-37\/\" target=\"_blank\" rel=\"noreferrer noopener\">une augmentation des violations de la libert\u00e9 religieuse de 37%<\/a> par rapport \u00e0 2019, o\u00f9 l&rsquo;on comptait 175 cas.<\/li><li>Br\u00e9sil. Le <a href=\"https:\/\/gaceta.es\/actualidad\/bolsonaro-ante-la-onu-brasil-tiene-un-presidente-que-cree-en-dios-respeta-la-constitucion-y-debe-lealtad-a-su-pueblo-20210921-1722\/\" target=\"_blank\" rel=\"noreferrer noopener\">pr\u00e9sident Jair Messias Bolsonaro d\u00e9fend l&rsquo;identit\u00e9 chr\u00e9tienne du pays \u00e0 l&rsquo;Assembl\u00e9e G\u00e9n\u00e9rale des Nations Unies<\/a>.<\/li><\/ul>\n","protected":false},"excerpt":{"rendered":"<p>Pleins feux sur les bonnes choses qui se passent dans le monde<\/p>\n","protected":false},"author":54,"featured_media":67455,"comment_status":"open","ping_status":"open","sticky":false,"template":"","format":"standard","meta":{"give_campaign_id":0,"om_disable_all_campaigns":false,"_monsterinsights_skip_tracking":false,"_monsterinsights_sitenote_active":false,"_monsterinsights_sitenote_note":"","_monsterinsights_sitenote_category":0,"mc4wp_mailchimp_campaign":[],"jnews-multi-image_gallery":[],"jnews_single_post":{"subtitle":"Pleins feux sur les bonnes choses qui se passent dans le monde","format":"standard","video":"","gallery":"","source_name":"","source_url":"","via_name":"","via_url":"","override":[{"template":"1","single_blog_custom":"","parallax":"1","fullscreen":"1","layout":"right-sidebar","sidebar":"default-sidebar","second_sidebar":"default-sidebar","sticky_sidebar":"1","share_position":"top","share_float_style":"share-monocrhome","show_share_counter":"1","show_view_counter":"1","show_featured":"1","show_post_meta":"1","show_post_author":"1","show_post_author_image":"1","show_post_date":"1","post_date_format":"default","post_date_format_custom":"Y\/m\/d","show_post_category":"1","post_reading_time_wpm":"300","zoom_button_out_step":"2","zoom_button_in_step":"3","show_post_tag":"1","show_prev_next_post":"1","show_popup_post":"1","number_popup_post":"1"}],"image_override":[{"single_post_thumbnail_size":"crop-500","single_post_gallery_size":"crop-500"}],"trending_post_position":"meta","trending_post_label":"Trending","sponsored_post_label":"Sponsored by","sponsored_post_name":"","sponsored_post_url":"","sponsored_post_logo":"","sponsored_post_desc":""},"jnews_primary_category":{"id":"798"},"jnews_social_meta":[],"jnews_override_counter":[],"footnotes":""},"categories":[798,809],"tags":[12775,12773,12067,12772,12774,11080,12776],"class_list":["post-98671","post","type-post","status-publish","format-standard","has-post-thumbnail","hentry","category-famille","category-foreground-fr","tag-bresil","tag-fr-david-palmer-fr","tag-heidi-crowter-fr","tag-hr-3755-fr","tag-jair-bolsonaro-fr","tag-lideologie-lgbt","tag-premature"],"yoast_head":"<!-- This site is optimized with the Yoast SEO Premium plugin v25.9 (Yoast SEO v27.3) - https:\/\/yoast.com\/product\/yoast-seo-premium-wordpress\/ -->\n<title>La famille a le vent en poupe \u2013 les bonnes choses qui se passent dans le monde sont \u00e0 l\u2019honneur. - &quot;iFamNews&quot;<\/title>\n<meta name=\"description\" content=\"Pleins feux sur les bonnes choses qui se passent dans le monde\" \/>\n<meta name=\"robots\" content=\"index, follow, max-snippet:-1, max-image-preview:large, max-video-preview:-1\" \/>\n<link rel=\"canonical\" href=\"https:\/\/ifamnews.com\/fr\/la-famille-a-le-vent-en-poupe-les-bonnes-choses-qui-se-passent-dans-le-monde-sont-l-honneur\" \/>\n<meta property=\"og:locale\" content=\"fr_FR\" \/>\n<meta property=\"og:type\" content=\"article\" \/>\n<meta property=\"og:title\" content=\"La famille a le vent en poupe \u2013 les bonnes choses qui se passent dans le monde sont \u00e0 l\u2019honneur.\" \/>\n<meta property=\"og:description\" content=\"Pleins feux sur les bonnes choses qui se passent dans le monde\" \/>\n<meta property=\"og:url\" content=\"https:\/\/ifamnews.com\/fr\/la-famille-a-le-vent-en-poupe-les-bonnes-choses-qui-se-passent-dans-le-monde-sont-l-honneur\" \/>\n<meta property=\"og:site_name\" content=\"IFN\" \/>\n<meta property=\"article:publisher\" content=\"https:\/\/www.facebook.com\/iFamNews\" \/>\n<meta property=\"article:author\" content=\"https:\/\/facebook.com\/lvolonte1\" \/>\n<meta property=\"article:published_time\" content=\"2021-10-06T04:58:02+00:00\" \/>\n<meta property=\"article:modified_time\" content=\"2021-10-06T04:58:04+00:00\" \/>\n<meta property=\"og:image\" content=\"https:\/\/ifamnews.com\/wp-content\/uploads\/2021\/04\/fingers-1867478_1280.jpg\" \/>\n\t<meta property=\"og:image:width\" content=\"1280\" \/>\n\t<meta property=\"og:image:height\" content=\"853\" \/>\n\t<meta property=\"og:image:type\" content=\"image\/jpeg\" \/>\n<meta name=\"author\" content=\"Luca Volont\u00e8\" \/>\n<meta name=\"twitter:card\" content=\"summary_large_image\" \/>\n<meta name=\"twitter:creator\" content=\"@https:\/\/twitter.com\/l_volonte\" \/>\n<meta name=\"twitter:site\" content=\"@iFamNewsEN\" \/>\n<meta name=\"twitter:label1\" content=\"\u00c9crit par\" \/>\n\t<meta name=\"twitter:data1\" content=\"Luca Volont\u00e8\" \/>\n\t<meta name=\"twitter:label2\" content=\"Dur\u00e9e de lecture estim\u00e9e\" \/>\n\t<meta name=\"twitter:data2\" content=\"2 minutes\" \/>\n<!-- \/ Yoast SEO Premium plugin. -->","yoast_head_json":{"title":"La famille a le vent en poupe \u2013 les bonnes choses qui se passent dans le monde sont \u00e0 l\u2019honneur. - \"iFamNews\"","description":"Pleins feux sur les bonnes choses qui se passent dans le monde","robots":{"index":"index","follow":"follow","max-snippet":"max-snippet:-1","max-image-preview":"max-image-preview:large","max-video-preview":"max-video-preview:-1"},"canonical":"https:\/\/ifamnews.com\/fr\/la-famille-a-le-vent-en-poupe-les-bonnes-choses-qui-se-passent-dans-le-monde-sont-l-honneur","og_locale":"fr_FR","og_type":"article","og_title":"La famille a le vent en poupe \u2013 les bonnes choses qui se passent dans le monde sont \u00e0 l\u2019honneur.","og_description":"Pleins feux sur les bonnes choses qui se passent dans le monde","og_url":"https:\/\/ifamnews.com\/fr\/la-famille-a-le-vent-en-poupe-les-bonnes-choses-qui-se-passent-dans-le-monde-sont-l-honneur","og_site_name":"IFN","article_publisher":"https:\/\/www.facebook.com\/iFamNews","article_author":"https:\/\/facebook.com\/lvolonte1","article_published_time":"2021-10-06T04:58:02+00:00","article_modified_time":"2021-10-06T04:58:04+00:00","og_image":[{"width":1280,"height":853,"url":"https:\/\/ifamnews.com\/wp-content\/uploads\/2021\/04\/fingers-1867478_1280.jpg","type":"image\/jpeg"}],"author":"Luca Volont\u00e8","twitter_card":"summary_large_image","twitter_creator":"@https:\/\/twitter.com\/l_volonte","twitter_site":"@iFamNewsEN","twitter_misc":{"\u00c9crit par":"Luca Volont\u00e8","Dur\u00e9e de lecture estim\u00e9e":"2 minutes"},"schema":{"@context":"https:\/\/schema.org","@graph":[{"@type":"NewsArticle","@id":"https:\/\/ifamnews.com\/fr\/la-famille-a-le-vent-en-poupe-les-bonnes-choses-qui-se-passent-dans-le-monde-sont-l-honneur#article","isPartOf":{"@id":"https:\/\/ifamnews.com\/fr\/la-famille-a-le-vent-en-poupe-les-bonnes-choses-qui-se-passent-dans-le-monde-sont-l-honneur"},"author":{"name":"Luca Volont\u00e8","@id":"https:\/\/ifamnews.com\/en\/#\/schema\/person\/bed5b7c6161f317421caa94dc3be6a53"},"headline":"La famille a le vent en poupe \u2013 les bonnes choses qui se passent dans le monde sont \u00e0 l\u2019honneur.","datePublished":"2021-10-06T04:58:02+00:00","dateModified":"2021-10-06T04:58:04+00:00","mainEntityOfPage":{"@id":"https:\/\/ifamnews.com\/fr\/la-famille-a-le-vent-en-poupe-les-bonnes-choses-qui-se-passent-dans-le-monde-sont-l-honneur"},"wordCount":413,"commentCount":0,"publisher":{"@id":"https:\/\/ifamnews.com\/en\/#organization"},"image":{"@id":"https:\/\/ifamnews.com\/fr\/la-famille-a-le-vent-en-poupe-les-bonnes-choses-qui-se-passent-dans-le-monde-sont-l-honneur#primaryimage"},"thumbnailUrl":"https:\/\/ifamnews.com\/wp-content\/uploads\/2021\/04\/fingers-1867478_1280.jpg","keywords":["br\u00e9sil","Fr. David Palmer","Heidi Crowter","HR 3755","Jair Bolsonaro","L'id\u00e9ologie LGBT","pr\u00e9matur\u00e9"],"articleSection":["Famille","Foreground"],"inLanguage":"fr-FR","potentialAction":[{"@type":"CommentAction","name":"Comment","target":["https:\/\/ifamnews.com\/fr\/la-famille-a-le-vent-en-poupe-les-bonnes-choses-qui-se-passent-dans-le-monde-sont-l-honneur#respond"]}]},{"@type":"WebPage","@id":"https:\/\/ifamnews.com\/fr\/la-famille-a-le-vent-en-poupe-les-bonnes-choses-qui-se-passent-dans-le-monde-sont-l-honneur","url":"https:\/\/ifamnews.com\/fr\/la-famille-a-le-vent-en-poupe-les-bonnes-choses-qui-se-passent-dans-le-monde-sont-l-honneur","name":"La famille a le vent en poupe \u2013 les bonnes choses qui se passent dans le monde sont \u00e0 l\u2019honneur. - \"iFamNews\"","isPartOf":{"@id":"https:\/\/ifamnews.com\/en\/#website"},"primaryImageOfPage":{"@id":"https:\/\/ifamnews.com\/fr\/la-famille-a-le-vent-en-poupe-les-bonnes-choses-qui-se-passent-dans-le-monde-sont-l-honneur#primaryimage"},"image":{"@id":"https:\/\/ifamnews.com\/fr\/la-famille-a-le-vent-en-poupe-les-bonnes-choses-qui-se-passent-dans-le-monde-sont-l-honneur#primaryimage"},"thumbnailUrl":"https:\/\/ifamnews.com\/wp-content\/uploads\/2021\/04\/fingers-1867478_1280.jpg","datePublished":"2021-10-06T04:58:02+00:00","dateModified":"2021-10-06T04:58:04+00:00","description":"Pleins feux sur les bonnes choses qui se passent dans le monde","breadcrumb":{"@id":"https:\/\/ifamnews.com\/fr\/la-famille-a-le-vent-en-poupe-les-bonnes-choses-qui-se-passent-dans-le-monde-sont-l-honneur#breadcrumb"},"inLanguage":"fr-FR","potentialAction":[{"@type":"ReadAction","target":["https:\/\/ifamnews.com\/fr\/la-famille-a-le-vent-en-poupe-les-bonnes-choses-qui-se-passent-dans-le-monde-sont-l-honneur"]}]},{"@type":"ImageObject","inLanguage":"fr-FR","@id":"https:\/\/ifamnews.com\/fr\/la-famille-a-le-vent-en-poupe-les-bonnes-choses-qui-se-passent-dans-le-monde-sont-l-honneur#primaryimage","url":"https:\/\/ifamnews.com\/wp-content\/uploads\/2021\/04\/fingers-1867478_1280.jpg","contentUrl":"https:\/\/ifamnews.com\/wp-content\/uploads\/2021\/04\/fingers-1867478_1280.jpg","width":1280,"height":853},{"@type":"BreadcrumbList","@id":"https:\/\/ifamnews.com\/fr\/la-famille-a-le-vent-en-poupe-les-bonnes-choses-qui-se-passent-dans-le-monde-sont-l-honneur#breadcrumb","itemListElement":[{"@type":"ListItem","position":1,"name":"Home","item":"https:\/\/ifamnews.com\/de"},{"@type":"ListItem","position":2,"name":"Famiglia","item":"https:\/\/ifamnews.com\/it\/categoria\/famiglia"},{"@type":"ListItem","position":3,"name":"La famille a le vent en poupe \u2013 les bonnes choses qui se passent dans le monde sont \u00e0 l\u2019honneur."}]},{"@type":"WebSite","@id":"https:\/\/ifamnews.com\/en\/#website","url":"https:\/\/ifamnews.com\/en\/","name":"IFN","description":"International Family News Network","publisher":{"@id":"https:\/\/ifamnews.com\/en\/#organization"},"potentialAction":[{"@type":"SearchAction","target":{"@type":"EntryPoint","urlTemplate":"https:\/\/ifamnews.com\/en\/?s={search_term_string}"},"query-input":{"@type":"PropertyValueSpecification","valueRequired":true,"valueName":"search_term_string"}}],"inLanguage":"fr-FR"},{"@type":"Organization","@id":"https:\/\/ifamnews.com\/en\/#organization","name":"iFamNews","url":"https:\/\/ifamnews.com\/en\/","logo":{"@type":"ImageObject","inLanguage":"fr-FR","@id":"https:\/\/ifamnews.com\/en\/#\/schema\/logo\/image\/","url":"https:\/\/ifamnews.com\/wp-content\/uploads\/2020\/01\/Share-logo.png","contentUrl":"https:\/\/ifamnews.com\/wp-content\/uploads\/2020\/01\/Share-logo.png","width":200,"height":200,"caption":"iFamNews"},"image":{"@id":"https:\/\/ifamnews.com\/en\/#\/schema\/logo\/image\/"},"sameAs":["https:\/\/www.facebook.com\/iFamNews","https:\/\/x.com\/iFamNewsEN"]},{"@type":"Person","@id":"https:\/\/ifamnews.com\/en\/#\/schema\/person\/bed5b7c6161f317421caa94dc3be6a53","name":"Luca Volont\u00e8","image":{"@type":"ImageObject","inLanguage":"fr-FR","@id":"https:\/\/secure.gravatar.com\/avatar\/354ed6bca06f9968278e6eb25fa8a123306c69f5c50f711836cf12e6c8ecbbf6?s=96&d=mm&r=g","url":"https:\/\/secure.gravatar.com\/avatar\/354ed6bca06f9968278e6eb25fa8a123306c69f5c50f711836cf12e6c8ecbbf6?s=96&d=mm&r=g","contentUrl":"https:\/\/secure.gravatar.com\/avatar\/354ed6bca06f9968278e6eb25fa8a123306c69f5c50f711836cf12e6c8ecbbf6?s=96&d=mm&r=g","caption":"Luca Volont\u00e8"},"description":"Luca Volont\u00e8 was an Italian parliamentarian from 1996 to 2013, and served as president of the PPE-CD at the Assembly of the Council of Europe. Publicly engaged for decades in the promotion of life, family and religious and educational freedom, Luca\u00a0 has served as a board member for various international organizations promoting Christian values and human rights, including his current role as a board member of the International Organization for the Family. He has authored books and essays for the Novae Terrae series by the publisher Rubbettino; he has been a correspondent for several Italian newspapers, and currently collaborates with La nuova Bussola Quotidiana, an online newspaper. He is a also a great bicycle enthusiast.","sameAs":["https:\/\/facebook.com\/lvolonte1","https:\/\/x.com\/https:\/\/twitter.com\/l_volonte"],"url":"https:\/\/ifamnews.com\/fr\/author\/lvolonte"}]}},"amp_enabled":true,"_links":{"self":[{"href":"https:\/\/ifamnews.com\/fr\/wp-json\/wp\/v2\/posts\/98671","targetHints":{"allow":["GET"]}}],"collection":[{"href":"https:\/\/ifamnews.com\/fr\/wp-json\/wp\/v2\/posts"}],"about":[{"href":"https:\/\/ifamnews.com\/fr\/wp-json\/wp\/v2\/types\/post"}],"author":[{"embeddable":true,"href":"https:\/\/ifamnews.com\/fr\/wp-json\/wp\/v2\/users\/54"}],"replies":[{"embeddable":true,"href":"https:\/\/ifamnews.com\/fr\/wp-json\/wp\/v2\/comments?post=98671"}],"version-history":[{"count":4,"href":"https:\/\/ifamnews.com\/fr\/wp-json\/wp\/v2\/posts\/98671\/revisions"}],"predecessor-version":[{"id":98675,"href":"https:\/\/ifamnews.com\/fr\/wp-json\/wp\/v2\/posts\/98671\/revisions\/98675"}],"wp:featuredmedia":[{"embeddable":true,"href":"https:\/\/ifamnews.com\/fr\/wp-json\/wp\/v2\/media\/67455"}],"wp:attachment":[{"href":"https:\/\/ifamnews.com\/fr\/wp-json\/wp\/v2\/media?parent=98671"}],"wp:term":[{"taxonomy":"category","embeddable":true,"href":"https:\/\/ifamnews.com\/fr\/wp-json\/wp\/v2\/categories?post=98671"},{"taxonomy":"post_tag","embeddable":true,"href":"https:\/\/ifamnews.com\/fr\/wp-json\/wp\/v2\/tags?post=98671"}],"curies":[{"name":"wp","href":"https:\/\/api.w.org\/{rel}","templated":true}]}}