{"id":9654,"date":"2020-02-25T03:52:25","date_gmt":"2020-02-25T08:52:25","guid":{"rendered":"https:\/\/ifamnews.com\/?p=9654"},"modified":"2020-02-25T04:08:17","modified_gmt":"2020-02-25T09:08:17","slug":"la-cour-europeenne-des-droits-de-lhomme-est-elle-dans-la-main-de-george-soros","status":"publish","type":"post","link":"https:\/\/ifamnews.com\/fr\/la-cour-europeenne-des-droits-de-lhomme-est-elle-dans-la-main-de-george-soros","title":{"rendered":"La Cour europ\u00e9enne des droits de l&rsquo;homme est-elle dans la main de George Soros?"},"content":{"rendered":"\n<p>La <a href=\"https:\/\/echr.coe.int\/Pages\/home.aspx?p=home\">Cour europ\u00e9enne des droits de l&rsquo;homme (CEDH) <\/a>a \u00e9t\u00e9 cr\u00e9\u00e9e \u00e0 Strasbourg en 1959 pour garantir le respect des libert\u00e9s et droits fondamentaux de l&rsquo;homme. En Europe, elle est \u00e0 la fois l&rsquo;arbitre et le juge des droits de l&rsquo;homme. Par d\u00e9finition, elle doit \u00eatre une institution ind\u00e9pendante, libre de tout soup\u00e7on, de toute influence et de tout parti pris.<\/p>\n\n\n\n<p>Mais que faire si la CEDH \u00e9tait prise en otage par certains int\u00e9r\u00eats particuliers? Les Europ\u00e9ens n&rsquo;auraient plus confiance en elle et ne la verraient  plus comme d\u00e9fendant leurs libert\u00e9s fondamentales. Au lieu de cela, des \u00ab\u00a0droits\u00a0\u00bb sp\u00e9ciaux et particuliers fond\u00e9s seraient vendus au plus offrant et l&rsquo;\u00e9galit\u00e9 fondamentale des droits serait sacrifi\u00e9e sur l&rsquo;autel des int\u00e9r\u00eats partisans.<\/p>\n\n\n\n<p>Ces partis pris sont pr\u00e9cis\u00e9ment ce qui appara\u00eet dans un r\u00e9cent rapport d\u00e9vastateur du <a href=\"https:\/\/eclj.org\/\">Centre europ\u00e9en pour le droit et la justice (ECLJ)<\/a> de Strasbourg. Intitul\u00e9 <a href=\"https:\/\/urlsand.esvalabs.com\/?u=http%3A%2F%2Fmedia.aclj.org%2Fpdf%2F1-Rapport-ECLJ%2C-Les-ONG-et-les-juges-de-la-CEDH%2C-2009---2019%2C-f%25C3%25A9vrier-2020%2C-version-imprimable.pdf&amp;e=7bc6b9c8&amp;h=c883326c&amp;f=y&amp;p=y&amp;l=1\">Les ONG et les juges de la CEDH, 2009-2019<\/a>, ce rapport est \u00e9galement disponible en <a href=\"https:\/\/urlsand.esvalabs.com\/?u=http%3A%2F%2Fmedia.aclj.org%2Fpdf%2FECLJ-Report%2C-NGOs-and-the-Judges-of-the-ECHR%2C-2009---2019%2C-February-2020%2C-Complete-Edition.pdf&amp;e=7bc6b9c8&amp;h=f07d2550&amp;f=y&amp;p=y&amp;l=1\">anglais<\/a> et en <a href=\"https:\/\/media.aclj.org\/pdf\/ECLJ,-Las-ONG-y-los-jueces-del-Tribunal-Europeo-de-Derechos-Humanos,-2009---2019,-Febrero-2020.pdf\">espagnol<\/a>. L&rsquo;ECLJ est une organisation internationale d\u00e9di\u00e9e \u00e0 la promotion et \u00e0 la protection des droits de l&rsquo;homme et de la libert\u00e9 religieuse dans le monde. Il a un statut consultatif sp\u00e9cial aupr\u00e8s du <a href=\"https:\/\/un.org\/ecosoc\/en\/home\">Conseil \u00e9conomique et social des Nations Unies<\/a> depuis 2007. Le rapport en question a \u00e9t\u00e9 pr\u00e9par\u00e9 par M. Gr\u00e9gor Puppinck, PhD, directeur de l&rsquo;ECLJ, qui participe \u00e9galement au Comit\u00e9 d&rsquo;experts sur la r\u00e9forme de la CEDH, avec Delphine Loiseau, chercheur associ\u00e9 \u00e0 l&rsquo;ECLJ. Ses pages pr\u00e9sentent un cas sensationnel et stup\u00e9fiant de conflits d&rsquo;int\u00e9r\u00eats \u00e0 la CEDH.<\/p>\n\n\n\n<p>L&rsquo;enqu\u00eate minutieuse de six mois qui a permis la r\u00e9daction du rapport \u00e9tudie la d\u00e9cennie 2009-2019 et les 100 juges permanents qui se sont succ\u00e9d\u00e9s \u00e0 la Cour pendant ce temps. Parmi ces juges, le rapport en identifie 22 &#8211; pr\u00e8s d&rsquo;un quart de l&rsquo;ensemble &#8211; qui ont des liens particuliers avec sept ONG. En effet, avant de devenir juges de la CEDH, ces personnes \u00e9taient des collaborateurs et parfois m\u00eame des responsables des ONG en question. Les organisations auxquelles ces juges sont li\u00e9s sont les suivantes, par ordre alphab\u00e9tique: <a href=\"https:\/\/airecentre.org\/\">A.I.R.E. Centre<\/a> (Centre pour les droits individuels en Europe); <a href=\"https:\/\/amnesty.org\/en\/\">Amnesty International<\/a>; la <a href=\"https:\/\/icj.org\/\">Commission internationale de juristes<\/a>; le r\u00e9seau des <a href=\"https:\/\/helsinkifoundation.org\/\">comit\u00e9s et fondations d&rsquo;Helsinki<\/a>; <a href=\"https:\/\/hrw.org\/it\">Human Rights Watch<\/a>; <a href=\"https:\/\/interights.org\/\">Interights<\/a> (Centre international pour la protection judiciaire des droits de l&rsquo;homme); et le r\u00e9seau des <a href=\"https:\/\/opensocietyfoundations.org\/\">Open Society Foundations<\/a> avec ses diff\u00e9rentes branches, en particulier l&rsquo;<a href=\"https:\/\/opensocietyfoundations.org\/who-we-are\/programs\/open-society-justice-initiative\">Open Society Justice Initiative<\/a>.<\/p>\n\n\n\n<p><strong>Une menace pour l&rsquo;ind\u00e9pendance de la Cour<\/strong><\/p>\n\n\n\n<p>Parmi ces 22 juges, 12 ont eu des relations directes avec Open Society, ce qui en fait l&rsquo;ONG de la liste \u00e0 laquelle le plus de juges sont li\u00e9s. Tout cela n&rsquo;est pas secret; tout comme Puppinck et Loiseau, on peut parcourir les biographies des juges, disponibles sur le site Internet de l&rsquo;<a href=\"https:\/\/assembly.coe.int\/nw\/Home-EN.asp\">Assembl\u00e9e parlementaire du Conseil de l&rsquo;Europe (APCE)<\/a>, pour d\u00e9couvrir ces informations. Par ailleurs, les six autres ONG identifi\u00e9es dans le rapport ont \u00e9t\u00e9 financ\u00e9es par l&rsquo;Open Society elle-m\u00eame.<\/p>\n\n\n\n<p>Le rapport a en outre constat\u00e9 que 18 des 22 juges avaient trait\u00e9 \u00e0 la Cour des affaires pr\u00e9sent\u00e9es ou soutenues par Open Society. Au cours des dix ann\u00e9es consid\u00e9r\u00e9es, le rapport identifie ainsi 88 cas qu&rsquo;il qualifie de \u00ab\u00a0probl\u00e9matiques\u00a0\u00bb. Mais il y en a plus. Dans un entretien avec iFamNews, Puppinck explique:<\/p>\n\n\n\n<blockquote class=\"wp-block-quote is-layout-flow wp-block-quote-is-layout-flow\"><p>Nous qualifions de \u00abprobl\u00e9matiques\u00bb ces 88 affaires parce que, l\u00e0, le lien entre certains des juges concern\u00e9s et les ONG identifi\u00e9es est clair, visible \u00e0 l&rsquo;\u0153il nu. Mais il y en a plusieurs autres. Il s&rsquo;agit de cas dans lesquels le lien entre les juges et les ONG est indirect et notre rapport ne traite pas de ces liens indirects. Il y a d&rsquo;autres cas o\u00f9 ces ONG ont op\u00e9r\u00e9 encore moins directement, \u00aben coulisses\u00bb.<\/p><\/blockquote>\n\n\n\n<p>Maintenant, le point cl\u00e9 ici est l&rsquo;ind\u00e9pendance de la Cour et la transparence de son travail. Les juges de la CEDH doivent \u00eatre libres de tout lien avec toute ONG, afin que l&rsquo;autonomie de leur jugement puisse \u00eatre garantie en toute circonstance. Ind\u00e9pendamment de ce que sont les ONG, ou de la nature de leur lien &#8211; direct ou indirect &#8211; avec des juges ou des affaires, ces liens ne devraient tout simplement pas exister. C&rsquo;est rien de moins que l&rsquo;impartialit\u00e9 de la Cour europ\u00e9enne des droits de l&rsquo;homme qui est en danger &#8211; et peut-\u00eatre bien pire encore.<\/p>\n\n\n\n<p>\u00ab\u00a0La situation grave que notre rapport met en \u00e9vidence, explique Puppinck, a une double nature. En fait, elle pose \u00e0 la fois un probl\u00e8me technique et \u00e9thique. Quant au probl\u00e8me technique, le fait qu&rsquo;une entit\u00e9 priv\u00e9e soit fortement pr\u00e9sente au sein d&rsquo;une institution publique est une affaire s\u00e9rieuse, d&rsquo;autant plus si le tout n&rsquo;est pas public. Quant \u00e0 la question \u00e9thique, l&rsquo;accent est mis sur un \u00e9vident conflit d&rsquo;int\u00e9r\u00eats qui \u00e9merge. \u00ab\u00a0<\/p>\n\n\n\n<p><strong>Avortement and id\u00e9ologie transgenre<\/strong><\/p>\n\n\n\n<p>Puppinck souligne un autre \u00e9l\u00e9ment tr\u00e8s important. \u00abPermettez-moi d&rsquo;\u00eatre clair\u00bb, dit-il:<\/p>\n\n\n\n<blockquote class=\"wp-block-quote is-layout-flow wp-block-quote-is-layout-flow\"><p>Nous n&rsquo;avons pas commenc\u00e9 cette \u00e9tude [&#8230;] \u00e0 la recherche de telle ou telle ONG a priori, encore moins \u00e0 la recherche de l&rsquo;Open Society. Nous avons simplement commenc\u00e9 notre \u00e9tude pour v\u00e9rifier l&rsquo;ind\u00e9pendance de la CEDH. Ce n&rsquo;est qu&rsquo;\u00e0 la fin de notre travail que nous avons r\u00e9alis\u00e9 l&rsquo;\u00e9norme poids qu&rsquo;Open Society exerce [au sein de] la CEDH. Le vrai probl\u00e8me est l&rsquo;influence qu&rsquo;une ONG exerce sur les juges &#8211; n&rsquo;importe quelle ONG&#8230; Notre rapport ne mentionne ni les activit\u00e9s ni l&rsquo;id\u00e9ologie de l&rsquo;Open Society. [N]ous ne sommes pas int\u00e9ress\u00e9s par cela en soi.<\/p><\/blockquote>\n\n\n\n<p>Certes, mais nos lecteurs savent ce qu&rsquo;est l&rsquo;Open Society: un r\u00e9seau d&rsquo;organisations dirig\u00e9es par le milliardaire George Soros qui propage et finance l&rsquo;id\u00e9ologie pro-avortement et l&rsquo;id\u00e9ologie transgenre \u00e0 travers le monde. Selon iFamNews, s&rsquo;il est vrai que toute ONG menace l&rsquo;ind\u00e9pendance de la CEDH, le fait que l&rsquo;Open Society ait une telle influence est un probl\u00e8me encore plus important.<\/p>\n\n\n\n<p>Face aux graves probl\u00e8mes r\u00e9v\u00e9l\u00e9s dans son rapport, l&rsquo;ECLJ a lanc\u00e9 une p\u00e9tition en <a href=\"https:\/\/eclj.org\/geopolitics\/echr\/mettre-fin-aux-conflits-dinterets-a-la-cedh\">fran\u00e7ais<\/a> et en <a href=\"https:\/\/eclj.org\/geopolitics\/echr\/mettre-fin-aux-conflits-dinterets-a-la-cedh\">anglais<\/a> adress\u00e9e au Pr\u00e9sident de l&rsquo;APCE (Assembl\u00e9e parlementaire du Conseil de l&rsquo;Europe), M. Rik Daems. La p\u00e9tition demande que l&rsquo;ind\u00e9pendance de la CEDH soit rapidement r\u00e9tablie, sans aucune pression sur les juges par aucune ONG. Nous invitons nos propres lecteurs de toutes les langues et de tous les pays \u00e0 signer \u00e9galement cette p\u00e9tition, car nous sommes d&rsquo;accord avec l&rsquo;ECLJ: il est n\u00e9cessaire d&#8217;emp\u00eacher toute ONG d&rsquo;affecter les travaux de la Cour en mati\u00e8re de respect des droits et libert\u00e9s fondamentaux de l&rsquo;homme. Mais cela est particuli\u00e8rement vrai lorsqu&rsquo;une de ces ONG promouvant son programme devant les tribunaux est Open Society, car la culture de mort et l&rsquo;id\u00e9ologie transgenre sont en fait des ennemis des droits et libert\u00e9s tr\u00e8s fondamentaux que la CEDH est cens\u00e9e d\u00e9fendre!<\/p>\n","protected":false},"excerpt":{"rendered":"<p>Un rapport alarmant de Gr\u00e9gor Puppinck d\u00e9montre un parti pris au sein de la CEH. Une nouvelle p\u00e9tition demande que cela cesse imm\u00e9diatement.<\/p>\n","protected":false},"author":7,"featured_media":9592,"comment_status":"open","ping_status":"open","sticky":false,"template":"","format":"standard","meta":{"give_campaign_id":0,"om_disable_all_campaigns":false,"_monsterinsights_skip_tracking":false,"_monsterinsights_sitenote_active":false,"_monsterinsights_sitenote_note":"","_monsterinsights_sitenote_category":0,"mc4wp_mailchimp_campaign":[],"jnews-multi-image_gallery":[],"jnews_single_post":{"subtitle":"Un rapport alarmant de Gr\u00e9gor Puppinck d\u00e9montre un parti pris au sein de la CEH. Une nouvelle p\u00e9tition demande que cela cesse imm\u00e9diatement.","format":"standard","video":"","gallery":"","source_name":"","source_url":"","via_name":"","via_url":"","override":[{"single_blog_custom":"","sidebar":"","second_sidebar":"","share_position":"","share_float_style":"","post_date_format":"","post_date_format_custom":"","post_reading_time_wpm":"","zoom_button_out_step":"1","zoom_button_in_step":"1","number_popup_post":"1"}],"image_override":[{"single_post_thumbnail_size":"","single_post_gallery_size":""}],"trending_post_position":"","trending_post_label":""},"jnews_primary_category":{"id":""},"jnews_social_meta":{"fb_title":"","fb_description":"","fb_image":"","twitter_title":"","twitter_description":"","twitter_image":""},"jnews_override_counter":{"view_counter_number":"0","share_counter_number":"0","like_counter_number":"0","dislike_counter_number":"0"},"footnotes":""},"categories":[800],"tags":[1585,1584,1583,436],"class_list":["post-9654","post","type-post","status-publish","format-standard","has-post-thumbnail","hentry","category-politique","tag-cedh","tag-open-society","tag-puppinck","tag-soros"],"yoast_head":"<!-- This site is optimized with the Yoast SEO Premium plugin v25.9 (Yoast SEO v27.3) - https:\/\/yoast.com\/product\/yoast-seo-premium-wordpress\/ -->\n<title>La Cour europ\u00e9enne des droits de l&#039;homme est-elle dans la main de George Soros? - IFN<\/title>\n<meta name=\"robots\" content=\"index, follow, max-snippet:-1, max-image-preview:large, max-video-preview:-1\" \/>\n<link rel=\"canonical\" href=\"https:\/\/ifamnews.com\/fr\/la-cour-europeenne-des-droits-de-lhomme-est-elle-dans-la-main-de-george-soros\" \/>\n<meta property=\"og:locale\" content=\"fr_FR\" \/>\n<meta property=\"og:type\" content=\"article\" \/>\n<meta property=\"og:title\" content=\"La Cour europ\u00e9enne des droits de l&#039;homme est-elle dans la main de George Soros?\" \/>\n<meta property=\"og:description\" content=\"Un rapport alarmant de Gr\u00e9gor Puppinck d\u00e9montre un parti pris au sein de la CEH. Une nouvelle p\u00e9tition demande que cela cesse imm\u00e9diatement.\" \/>\n<meta property=\"og:url\" content=\"https:\/\/ifamnews.com\/fr\/la-cour-europeenne-des-droits-de-lhomme-est-elle-dans-la-main-de-george-soros\" \/>\n<meta property=\"og:site_name\" content=\"IFN\" \/>\n<meta property=\"article:publisher\" content=\"https:\/\/www.facebook.com\/iFamNews\" \/>\n<meta property=\"article:author\" content=\"https:\/\/facebook.com\/MarcoRespinti\" \/>\n<meta property=\"article:published_time\" content=\"2020-02-25T08:52:25+00:00\" \/>\n<meta property=\"article:modified_time\" content=\"2020-02-25T09:08:17+00:00\" \/>\n<meta property=\"og:image\" content=\"https:\/\/ifamnews.com\/wp-content\/uploads\/2020\/02\/Courtroom_European_Court_of_Human_Rights_01.jpg\" \/>\n\t<meta property=\"og:image:width\" content=\"800\" \/>\n\t<meta property=\"og:image:height\" content=\"495\" \/>\n\t<meta property=\"og:image:type\" content=\"image\/jpeg\" \/>\n<meta name=\"author\" content=\"Marco Respinti\" \/>\n<meta name=\"twitter:card\" content=\"summary_large_image\" \/>\n<meta name=\"twitter:creator\" content=\"@https:\/\/twitter.com\/MarcoRespinti\" \/>\n<meta name=\"twitter:site\" content=\"@iFamNewsEN\" \/>\n<meta name=\"twitter:label1\" content=\"\u00c9crit par\" \/>\n\t<meta name=\"twitter:data1\" content=\"Marco Respinti\" \/>\n\t<meta name=\"twitter:label2\" content=\"Dur\u00e9e de lecture estim\u00e9e\" \/>\n\t<meta name=\"twitter:data2\" content=\"6 minutes\" \/>\n<!-- \/ Yoast SEO Premium plugin. -->","yoast_head_json":{"title":"La Cour europ\u00e9enne des droits de l'homme est-elle dans la main de George Soros? - IFN","robots":{"index":"index","follow":"follow","max-snippet":"max-snippet:-1","max-image-preview":"max-image-preview:large","max-video-preview":"max-video-preview:-1"},"canonical":"https:\/\/ifamnews.com\/fr\/la-cour-europeenne-des-droits-de-lhomme-est-elle-dans-la-main-de-george-soros","og_locale":"fr_FR","og_type":"article","og_title":"La Cour europ\u00e9enne des droits de l'homme est-elle dans la main de George Soros?","og_description":"Un rapport alarmant de Gr\u00e9gor Puppinck d\u00e9montre un parti pris au sein de la CEH. Une nouvelle p\u00e9tition demande que cela cesse imm\u00e9diatement.","og_url":"https:\/\/ifamnews.com\/fr\/la-cour-europeenne-des-droits-de-lhomme-est-elle-dans-la-main-de-george-soros","og_site_name":"IFN","article_publisher":"https:\/\/www.facebook.com\/iFamNews","article_author":"https:\/\/facebook.com\/MarcoRespinti","article_published_time":"2020-02-25T08:52:25+00:00","article_modified_time":"2020-02-25T09:08:17+00:00","og_image":[{"width":800,"height":495,"url":"https:\/\/ifamnews.com\/wp-content\/uploads\/2020\/02\/Courtroom_European_Court_of_Human_Rights_01.jpg","type":"image\/jpeg"}],"author":"Marco Respinti","twitter_card":"summary_large_image","twitter_creator":"@https:\/\/twitter.com\/MarcoRespinti","twitter_site":"@iFamNewsEN","twitter_misc":{"\u00c9crit par":"Marco Respinti","Dur\u00e9e de lecture estim\u00e9e":"6 minutes"},"schema":{"@context":"https:\/\/schema.org","@graph":[{"@type":"NewsArticle","@id":"https:\/\/ifamnews.com\/fr\/la-cour-europeenne-des-droits-de-lhomme-est-elle-dans-la-main-de-george-soros#article","isPartOf":{"@id":"https:\/\/ifamnews.com\/fr\/la-cour-europeenne-des-droits-de-lhomme-est-elle-dans-la-main-de-george-soros"},"author":{"name":"Marco Respinti","@id":"https:\/\/ifamnews.com\/en\/#\/schema\/person\/f0579ab02623e80d44006c1a5d949ea9"},"headline":"La Cour europ\u00e9enne des droits de l&rsquo;homme est-elle dans la main de George Soros?","datePublished":"2020-02-25T08:52:25+00:00","dateModified":"2020-02-25T09:08:17+00:00","mainEntityOfPage":{"@id":"https:\/\/ifamnews.com\/fr\/la-cour-europeenne-des-droits-de-lhomme-est-elle-dans-la-main-de-george-soros"},"wordCount":1273,"commentCount":0,"publisher":{"@id":"https:\/\/ifamnews.com\/en\/#organization"},"image":{"@id":"https:\/\/ifamnews.com\/fr\/la-cour-europeenne-des-droits-de-lhomme-est-elle-dans-la-main-de-george-soros#primaryimage"},"thumbnailUrl":"https:\/\/ifamnews.com\/wp-content\/uploads\/2020\/02\/Courtroom_European_Court_of_Human_Rights_01.jpg","keywords":["CEDH","Open Society","Puppinck","Soros"],"articleSection":["Politique"],"inLanguage":"fr-FR","potentialAction":[{"@type":"CommentAction","name":"Comment","target":["https:\/\/ifamnews.com\/fr\/la-cour-europeenne-des-droits-de-lhomme-est-elle-dans-la-main-de-george-soros#respond"]}]},{"@type":"WebPage","@id":"https:\/\/ifamnews.com\/fr\/la-cour-europeenne-des-droits-de-lhomme-est-elle-dans-la-main-de-george-soros","url":"https:\/\/ifamnews.com\/fr\/la-cour-europeenne-des-droits-de-lhomme-est-elle-dans-la-main-de-george-soros","name":"La Cour europ\u00e9enne des droits de l'homme est-elle dans la main de George Soros? - IFN","isPartOf":{"@id":"https:\/\/ifamnews.com\/en\/#website"},"primaryImageOfPage":{"@id":"https:\/\/ifamnews.com\/fr\/la-cour-europeenne-des-droits-de-lhomme-est-elle-dans-la-main-de-george-soros#primaryimage"},"image":{"@id":"https:\/\/ifamnews.com\/fr\/la-cour-europeenne-des-droits-de-lhomme-est-elle-dans-la-main-de-george-soros#primaryimage"},"thumbnailUrl":"https:\/\/ifamnews.com\/wp-content\/uploads\/2020\/02\/Courtroom_European_Court_of_Human_Rights_01.jpg","datePublished":"2020-02-25T08:52:25+00:00","dateModified":"2020-02-25T09:08:17+00:00","breadcrumb":{"@id":"https:\/\/ifamnews.com\/fr\/la-cour-europeenne-des-droits-de-lhomme-est-elle-dans-la-main-de-george-soros#breadcrumb"},"inLanguage":"fr-FR","potentialAction":[{"@type":"ReadAction","target":["https:\/\/ifamnews.com\/fr\/la-cour-europeenne-des-droits-de-lhomme-est-elle-dans-la-main-de-george-soros"]}]},{"@type":"ImageObject","inLanguage":"fr-FR","@id":"https:\/\/ifamnews.com\/fr\/la-cour-europeenne-des-droits-de-lhomme-est-elle-dans-la-main-de-george-soros#primaryimage","url":"https:\/\/ifamnews.com\/wp-content\/uploads\/2020\/02\/Courtroom_European_Court_of_Human_Rights_01.jpg","contentUrl":"https:\/\/ifamnews.com\/wp-content\/uploads\/2020\/02\/Courtroom_European_Court_of_Human_Rights_01.jpg","width":800,"height":495,"caption":"Image from Google Images"},{"@type":"BreadcrumbList","@id":"https:\/\/ifamnews.com\/fr\/la-cour-europeenne-des-droits-de-lhomme-est-elle-dans-la-main-de-george-soros#breadcrumb","itemListElement":[{"@type":"ListItem","position":1,"name":"Home","item":"https:\/\/ifamnews.com\/de"},{"@type":"ListItem","position":2,"name":"Politics","item":"https:\/\/ifamnews.com\/en\/category\/politics"},{"@type":"ListItem","position":3,"name":"La Cour europ\u00e9enne des droits de l&#8217;homme est-elle dans la main de George Soros?"}]},{"@type":"WebSite","@id":"https:\/\/ifamnews.com\/en\/#website","url":"https:\/\/ifamnews.com\/en\/","name":"IFN","description":"International Family News Network","publisher":{"@id":"https:\/\/ifamnews.com\/en\/#organization"},"potentialAction":[{"@type":"SearchAction","target":{"@type":"EntryPoint","urlTemplate":"https:\/\/ifamnews.com\/en\/?s={search_term_string}"},"query-input":{"@type":"PropertyValueSpecification","valueRequired":true,"valueName":"search_term_string"}}],"inLanguage":"fr-FR"},{"@type":"Organization","@id":"https:\/\/ifamnews.com\/en\/#organization","name":"iFamNews","url":"https:\/\/ifamnews.com\/en\/","logo":{"@type":"ImageObject","inLanguage":"fr-FR","@id":"https:\/\/ifamnews.com\/en\/#\/schema\/logo\/image\/","url":"https:\/\/ifamnews.com\/wp-content\/uploads\/2020\/01\/Share-logo.png","contentUrl":"https:\/\/ifamnews.com\/wp-content\/uploads\/2020\/01\/Share-logo.png","width":200,"height":200,"caption":"iFamNews"},"image":{"@id":"https:\/\/ifamnews.com\/en\/#\/schema\/logo\/image\/"},"sameAs":["https:\/\/www.facebook.com\/iFamNews","https:\/\/x.com\/iFamNewsEN"]},{"@type":"Person","@id":"https:\/\/ifamnews.com\/en\/#\/schema\/person\/f0579ab02623e80d44006c1a5d949ea9","name":"Marco Respinti","image":{"@type":"ImageObject","inLanguage":"fr-FR","@id":"https:\/\/secure.gravatar.com\/avatar\/4ab04a5127131015e13010f222e38621144dc33a5df5d977b35ceeab15ee958f?s=96&d=mm&r=g","url":"https:\/\/secure.gravatar.com\/avatar\/4ab04a5127131015e13010f222e38621144dc33a5df5d977b35ceeab15ee958f?s=96&d=mm&r=g","contentUrl":"https:\/\/secure.gravatar.com\/avatar\/4ab04a5127131015e13010f222e38621144dc33a5df5d977b35ceeab15ee958f?s=96&d=mm&r=g","caption":"Marco Respinti"},"description":"Marco Respinti was the Editor-in-Chief of International Family News until the end of 2022. He is an Italian professional journalist, member of the International Federation of Journalists (IFJ), essayist, translator, and lecturer. He has contributed and contributes to several journals and magazines both in print and online, both in Italy and abroad. Author of books, he has translated and\/or edited works by, among others, Edmund Burke, Charles Dickens, T.S. Eliot, Russell Kirk, J.R.R. Tolkien, R\u00e9gine Pernoud and Gustave Thibon. A Senior fellow at the\u00a0Russell Kirk Center for Cultural Renewal (Mecosta, Michigan) he is also a founding member as well as Board member of the Center for European Renewal (The Hague, The Netherlands). A member of the Editorial Board of The European Conservative magazine, as well as a member of the Advisory Council of the European Federation for Freedom of Belief, he serves as Director-in-Charge of the academic publication The Journal of CESNUR and the online Bitter Winter: A Magazine on Religious Liberty and Human Rights.","sameAs":["https:\/\/facebook.com\/MarcoRespinti","https:\/\/it.linkedin.com\/in\/marcorespinti","https:\/\/pinterest.it\/MarcoRespinti\/_created\/","https:\/\/x.com\/https:\/\/twitter.com\/MarcoRespinti","https:\/\/youtube.com\/channel\/UC1FbsvyQNTQ-snpsmRC12Og?view_as=subscriber"],"url":"https:\/\/ifamnews.com\/fr\/author\/mrespinti"}]}},"amp_enabled":true,"_links":{"self":[{"href":"https:\/\/ifamnews.com\/fr\/wp-json\/wp\/v2\/posts\/9654","targetHints":{"allow":["GET"]}}],"collection":[{"href":"https:\/\/ifamnews.com\/fr\/wp-json\/wp\/v2\/posts"}],"about":[{"href":"https:\/\/ifamnews.com\/fr\/wp-json\/wp\/v2\/types\/post"}],"author":[{"embeddable":true,"href":"https:\/\/ifamnews.com\/fr\/wp-json\/wp\/v2\/users\/7"}],"replies":[{"embeddable":true,"href":"https:\/\/ifamnews.com\/fr\/wp-json\/wp\/v2\/comments?post=9654"}],"version-history":[{"count":5,"href":"https:\/\/ifamnews.com\/fr\/wp-json\/wp\/v2\/posts\/9654\/revisions"}],"predecessor-version":[{"id":9669,"href":"https:\/\/ifamnews.com\/fr\/wp-json\/wp\/v2\/posts\/9654\/revisions\/9669"}],"wp:featuredmedia":[{"embeddable":true,"href":"https:\/\/ifamnews.com\/fr\/wp-json\/wp\/v2\/media\/9592"}],"wp:attachment":[{"href":"https:\/\/ifamnews.com\/fr\/wp-json\/wp\/v2\/media?parent=9654"}],"wp:term":[{"taxonomy":"category","embeddable":true,"href":"https:\/\/ifamnews.com\/fr\/wp-json\/wp\/v2\/categories?post=9654"},{"taxonomy":"post_tag","embeddable":true,"href":"https:\/\/ifamnews.com\/fr\/wp-json\/wp\/v2\/tags?post=9654"}],"curies":[{"name":"wp","href":"https:\/\/api.w.org\/{rel}","templated":true}]}}