{"id":95094,"date":"2021-09-17T03:41:12","date_gmt":"2021-09-17T07:41:12","guid":{"rendered":"https:\/\/ifamnews.com\/?p=95094"},"modified":"2021-09-17T03:44:13","modified_gmt":"2021-09-17T07:44:13","slug":"victoire-anti-pornographie-en-france","status":"publish","type":"post","link":"https:\/\/ifamnews.com\/fr\/victoire-anti-pornographie-en-france","title":{"rendered":"Victoire contre la pornographie en France"},"content":{"rendered":"\n<h3 class=\"wp-block-heading\" id=\"h-la-vie\"><strong>La vie<\/strong><\/h3>\n\n\n\n<ul class=\"wp-block-list\"><li>Danemark. Le professeur Ole Hartling, ancien pr\u00e9sident du Comit\u00e9 National de Bio\u00e9thique, <a href=\"https:\/\/www.bmj.com\/content\/374\/bmj.n2135\" target=\"_blank\" rel=\"noopener\">d\u00e9masque la course folle de nombreux pays pour l\u00e9galiser l&rsquo;euthanasie<\/a>.<\/li><li>Grande-Bretagne. Participation extraordinaire \u00e0 la <a href=\"https:\/\/www.marchforlife.co.uk\/2021\/09\/05\/march-for-life-uk-a-resurgence-of-life\/\">Marche pour la vie \u00e0 Londres<\/a>. Des dizaines de milliers de citoyens <a href=\"https:\/\/www.marchforlife.co.uk\/2021\/09\/05\/march-for-life-uk-a-resurgence-of-life\/\">d\u00e9filent pour d\u00e9fendre la vie \u00e0 na\u00eetre contre l&rsquo;euthanasie<\/a>.<\/li><li>\u00c9tats-Unis d&rsquo;Am\u00e9rique. <a href=\"https:\/\/www.liveaction.org\/news\/lawmakers-iowa-supreme-court-abortion-right\/?__cf_chl_jschl_tk__=pmd_aynN6ZiTNTdxV6AlZNXK9YibgkWlbgD.isKhpRWPe5o-1631778929-0-gqNtZGzNAhCjcnBszQil\" target=\"_blank\" rel=\"noopener\">Soixante membres du Congr\u00e8s de l&rsquo;Iowa<\/a> ont demand\u00e9 \u00e0 la Cour Supr\u00eame de l&rsquo;\u00c9tat d&rsquo;annuler un arr\u00eat de 2018 d\u00e9clarant que l&rsquo;avortement est un droit fondamental inscrit dans la <em>Constitution<\/em> m\u00eame de l&rsquo;Iowa.<\/li><li>Le gouverneur Kevin Stitt entend faire de l&rsquo;Oklahoma l&rsquo;\u00c9tat le plus <em>pro-vie<\/em> de l&rsquo;Union f\u00e9d\u00e9rale nord-am\u00e9ricaine gr\u00e2ce \u00e0 <a href=\"https:\/\/www.newsmax.com\/politics\/oklahoma-abortion-court-law\/2021\/09\/10\/id\/1035939\/\" target=\"_blank\" rel=\"noopener\">une s\u00e9rie d&rsquo;initiatives importantes visant \u00e0 prot\u00e9ger la vie \u00e0 na\u00eetre<\/a>.<\/li><li>Mexique. Les \u00e9v\u00eaques du pays <a href=\"https:\/\/www.catholicnewsagency.com\/news\/248999\/mexican-bishops-announce-march-for-women-and-for-life\" target=\"_blank\" rel=\"noopener\">appellent les citoyens \u00e0 protester<\/a> contre la d\u00e9p\u00e9nalisation de l&rsquo;avortement.<\/li><li>El Salvador. Le <a href=\"https:\/\/www.catholicnewsagency.com\/news\/249000\/salvadoran-president-urged-to-oppose-proposed-pro-abortion-constitutional-changes\" target=\"_blank\" rel=\"noopener\">pays conteste un projet de r\u00e9forme constitutionnelle<\/a> qui introduirait l&rsquo;avortement, le \u00ab\u00a0mariage\u00a0\u00bb LGBT+ et l&rsquo;euthanasie.<\/li><li>Philippines. Le pr\u00eatre irlandais Fr Shay Cullen, qui a pass\u00e9 des ann\u00e9es \u00e0 se battre pour la protection des enfants contre les abus, <a href=\"https:\/\/gript.ie\/irish-priest-wins-long-battle-to-protect-girls-as-young-as-12-from-marriage\/\" target=\"_blank\" rel=\"noopener\">gagne son combat<\/a>. Les autorit\u00e9s approuvent un projet de loi qui pr\u00e9voit une peine de 30 ans de prison pour toute personne qui \u00ab\u00a0marie\u00a0\u00bb des enfants.<\/li><\/ul>\n\n\n\n<h3 class=\"wp-block-heading\"><strong>Pornographie<\/strong><\/h3>\n\n\n\n<ul class=\"wp-block-list\"><li>France. La justice fran\u00e7aise devra d\u00e9cider de <a href=\"https:\/\/evangelicalfocus.com\/europe\/13224\/france-considers-blocking-main-porn-sites-to-limit-minors-access\" target=\"_blank\" rel=\"noreferrer noopener\">bloquer ou non les principaux sites pornographiques du pays<\/a>, apr\u00e8s que deux associations de protection de l&rsquo;enfance ont fait appel au Tribunal de Paris.<\/li><li>Grande-Bretagne. La ministre de l&rsquo;int\u00e9rieur, Priti Patel, qui pr\u00e9side le G7, demande aux pays les plus industrialis\u00e9s de s&rsquo;engager clairement \u00e0 <a href=\"https:\/\/www.euractiv.com\/section\/digital\/news\/uk-calls-on-g7-countries-and-tech-companies-to-step-up-child-safety-measures-online\/\">imposer aux g\u00e9ants de l<em>&lsquo;internet<\/em> et aux <em>m\u00e9dias<\/em> des mesures de protection plus strictes des enfants dans le cadre de la lutte contre la p\u00e9dopornographie.<\/a><\/li><\/ul>\n\n\n\n<h3 class=\"wp-block-heading\"><strong>Famille<\/strong><\/h3>\n\n\n\n<ul class=\"wp-block-list\"><li>Royaume-Uni. <a href=\"https:\/\/aleteia.org\/2021\/09\/08\/elderly-couple-retires-from-fostering-after-welcoming-over-600-children\/\" target=\"_blank\" rel=\"noopener\">Pauline et Riger Fitter, octog\u00e9naires, ont d\u00e9cid\u00e9 de prendre leur \u00ab\u00a0retraite\u00a0\u00bb apr\u00e8s avoir accueilli plus de 600 enfants<\/a> en 56 ans. La BBC et de nombreuses institutions nationales les c\u00e9l\u00e8brent.<\/li><\/ul>\n\n\n\n<h3 class=\"wp-block-heading\"><strong>Libert\u00e9 religieuse<\/strong><\/h3>\n\n\n\n<ul class=\"wp-block-list\"><li>\u00c9tats-Unis d&rsquo;Am\u00e9rique. Un tribunal f\u00e9d\u00e9ral bloque temporairement la d\u00e9cision de l&rsquo;\u00c9tat de New York d&rsquo;imposer la vaccination obligatoire aux employ\u00e9s et aux m\u00e9decins des \u00e9tablissements de sant\u00e9, car elle ne <a href=\"https:\/\/www.catholicnewsagency.com\/news\/248988\/judge-temporarily-blocks-new-york-vaccine-mandate-lacking-religious-exemption-for-medical-workers\" target=\"_blank\" rel=\"noopener\">respecte pas l&rsquo;objection de conscience pour des raisons \u00e9thiques et religieuses<\/a>.<\/li><\/ul>\n","protected":false},"excerpt":{"rendered":"<p>Pleins feux sur les bonnes choses qui se passent dans le monde <\/p>\n","protected":false},"author":54,"featured_media":53966,"comment_status":"open","ping_status":"open","sticky":false,"template":"","format":"standard","meta":{"give_campaign_id":0,"om_disable_all_campaigns":false,"_monsterinsights_skip_tracking":false,"_monsterinsights_sitenote_active":false,"_monsterinsights_sitenote_note":"","_monsterinsights_sitenote_category":0,"mc4wp_mailchimp_campaign":[],"jnews-multi-image_gallery":[],"jnews_single_post":{"subtitle":"Pleins feux sur les bonnes choses qui se passent dans le monde ","format":"standard","video":"","gallery":"","source_name":"","source_url":"","via_name":"","via_url":"","override":[{"template":"1","single_blog_custom":"","parallax":"1","fullscreen":"1","layout":"right-sidebar","sidebar":"default-sidebar","second_sidebar":"default-sidebar","sticky_sidebar":"1","share_position":"top","share_float_style":"share-monocrhome","show_share_counter":"1","show_view_counter":"1","show_featured":"1","show_post_meta":"1","show_post_author":"1","show_post_author_image":"1","show_post_date":"1","post_date_format":"default","post_date_format_custom":"Y\/m\/d","show_post_category":"1","post_reading_time_wpm":"300","zoom_button_out_step":"2","zoom_button_in_step":"3","show_post_tag":"1","show_prev_next_post":"1","show_popup_post":"1","number_popup_post":"1"}],"image_override":[{"single_post_thumbnail_size":"crop-500","single_post_gallery_size":"crop-500"}],"trending_post_position":"meta","trending_post_label":"Trending","sponsored_post_label":"Sponsored by","sponsored_post_name":"","sponsored_post_url":"","sponsored_post_logo":"","sponsored_post_desc":""},"jnews_primary_category":{"id":"798"},"jnews_social_meta":[],"jnews_override_counter":[],"footnotes":""},"categories":[798,809],"tags":[9102,9632,850],"class_list":["post-95094","post","type-post","status-publish","format-standard","has-post-thumbnail","hentry","category-famille","category-foreground-fr","tag-buone-notizie-fr","tag-france-fr","tag-liberte-religieuse"],"yoast_head":"<!-- This site is optimized with the Yoast SEO Premium plugin v25.9 (Yoast SEO v27.3) - https:\/\/yoast.com\/product\/yoast-seo-premium-wordpress\/ -->\n<title>Victoire contre la pornographie en France - &quot;iFamNews&quot;.<\/title>\n<meta name=\"description\" content=\"Pleins feux sur les bonnes choses qui se passent dans le monde\" \/>\n<meta name=\"robots\" content=\"index, follow, max-snippet:-1, max-image-preview:large, max-video-preview:-1\" \/>\n<link rel=\"canonical\" href=\"https:\/\/ifamnews.com\/fr\/victoire-anti-pornographie-en-france\" \/>\n<meta property=\"og:locale\" content=\"fr_FR\" \/>\n<meta property=\"og:type\" content=\"article\" \/>\n<meta property=\"og:title\" content=\"Victoire contre la pornographie en France\" \/>\n<meta property=\"og:description\" content=\"Pleins feux sur les bonnes choses qui se passent dans le monde\" \/>\n<meta property=\"og:url\" content=\"https:\/\/ifamnews.com\/fr\/victoire-anti-pornographie-en-france\" \/>\n<meta property=\"og:site_name\" content=\"IFN\" \/>\n<meta property=\"article:publisher\" content=\"https:\/\/www.facebook.com\/iFamNews\" \/>\n<meta property=\"article:author\" content=\"https:\/\/facebook.com\/lvolonte1\" \/>\n<meta property=\"article:published_time\" content=\"2021-09-17T07:41:12+00:00\" \/>\n<meta property=\"article:modified_time\" content=\"2021-09-17T07:44:13+00:00\" \/>\n<meta property=\"og:image\" content=\"https:\/\/ifamnews.com\/wp-content\/uploads\/2021\/02\/Censura_del_Porno_6859926679.jpg\" \/>\n\t<meta property=\"og:image:width\" content=\"1200\" \/>\n\t<meta property=\"og:image:height\" content=\"675\" \/>\n\t<meta property=\"og:image:type\" content=\"image\/jpeg\" \/>\n<meta name=\"author\" content=\"Luca Volont\u00e8\" \/>\n<meta name=\"twitter:card\" content=\"summary_large_image\" \/>\n<meta name=\"twitter:creator\" content=\"@https:\/\/twitter.com\/l_volonte\" \/>\n<meta name=\"twitter:site\" content=\"@iFamNewsEN\" \/>\n<meta name=\"twitter:label1\" content=\"\u00c9crit par\" \/>\n\t<meta name=\"twitter:data1\" content=\"Luca Volont\u00e8\" \/>\n\t<meta name=\"twitter:label2\" content=\"Dur\u00e9e de lecture estim\u00e9e\" \/>\n\t<meta name=\"twitter:data2\" content=\"2 minutes\" \/>\n<!-- \/ Yoast SEO Premium plugin. -->","yoast_head_json":{"title":"Victoire contre la pornographie en France - \"iFamNews\".","description":"Pleins feux sur les bonnes choses qui se passent dans le monde","robots":{"index":"index","follow":"follow","max-snippet":"max-snippet:-1","max-image-preview":"max-image-preview:large","max-video-preview":"max-video-preview:-1"},"canonical":"https:\/\/ifamnews.com\/fr\/victoire-anti-pornographie-en-france","og_locale":"fr_FR","og_type":"article","og_title":"Victoire contre la pornographie en France","og_description":"Pleins feux sur les bonnes choses qui se passent dans le monde","og_url":"https:\/\/ifamnews.com\/fr\/victoire-anti-pornographie-en-france","og_site_name":"IFN","article_publisher":"https:\/\/www.facebook.com\/iFamNews","article_author":"https:\/\/facebook.com\/lvolonte1","article_published_time":"2021-09-17T07:41:12+00:00","article_modified_time":"2021-09-17T07:44:13+00:00","og_image":[{"width":1200,"height":675,"url":"https:\/\/ifamnews.com\/wp-content\/uploads\/2021\/02\/Censura_del_Porno_6859926679.jpg","type":"image\/jpeg"}],"author":"Luca Volont\u00e8","twitter_card":"summary_large_image","twitter_creator":"@https:\/\/twitter.com\/l_volonte","twitter_site":"@iFamNewsEN","twitter_misc":{"\u00c9crit par":"Luca Volont\u00e8","Dur\u00e9e de lecture estim\u00e9e":"2 minutes"},"schema":{"@context":"https:\/\/schema.org","@graph":[{"@type":"NewsArticle","@id":"https:\/\/ifamnews.com\/fr\/victoire-anti-pornographie-en-france#article","isPartOf":{"@id":"https:\/\/ifamnews.com\/fr\/victoire-anti-pornographie-en-france"},"author":{"name":"Luca Volont\u00e8","@id":"https:\/\/ifamnews.com\/en\/#\/schema\/person\/bed5b7c6161f317421caa94dc3be6a53"},"headline":"Victoire contre la pornographie en France","datePublished":"2021-09-17T07:41:12+00:00","dateModified":"2021-09-17T07:44:13+00:00","mainEntityOfPage":{"@id":"https:\/\/ifamnews.com\/fr\/victoire-anti-pornographie-en-france"},"wordCount":412,"commentCount":0,"publisher":{"@id":"https:\/\/ifamnews.com\/en\/#organization"},"image":{"@id":"https:\/\/ifamnews.com\/fr\/victoire-anti-pornographie-en-france#primaryimage"},"thumbnailUrl":"https:\/\/ifamnews.com\/wp-content\/uploads\/2021\/02\/Censura_del_Porno_6859926679.jpg","keywords":["Buone notizie","France","libert\u00e9 religieuse"],"articleSection":["Famille","Foreground"],"inLanguage":"fr-FR","potentialAction":[{"@type":"CommentAction","name":"Comment","target":["https:\/\/ifamnews.com\/fr\/victoire-anti-pornographie-en-france#respond"]}]},{"@type":"WebPage","@id":"https:\/\/ifamnews.com\/fr\/victoire-anti-pornographie-en-france","url":"https:\/\/ifamnews.com\/fr\/victoire-anti-pornographie-en-france","name":"Victoire contre la pornographie en France - \"iFamNews\".","isPartOf":{"@id":"https:\/\/ifamnews.com\/en\/#website"},"primaryImageOfPage":{"@id":"https:\/\/ifamnews.com\/fr\/victoire-anti-pornographie-en-france#primaryimage"},"image":{"@id":"https:\/\/ifamnews.com\/fr\/victoire-anti-pornographie-en-france#primaryimage"},"thumbnailUrl":"https:\/\/ifamnews.com\/wp-content\/uploads\/2021\/02\/Censura_del_Porno_6859926679.jpg","datePublished":"2021-09-17T07:41:12+00:00","dateModified":"2021-09-17T07:44:13+00:00","description":"Pleins feux sur les bonnes choses qui se passent dans le monde","breadcrumb":{"@id":"https:\/\/ifamnews.com\/fr\/victoire-anti-pornographie-en-france#breadcrumb"},"inLanguage":"fr-FR","potentialAction":[{"@type":"ReadAction","target":["https:\/\/ifamnews.com\/fr\/victoire-anti-pornographie-en-france"]}]},{"@type":"ImageObject","inLanguage":"fr-FR","@id":"https:\/\/ifamnews.com\/fr\/victoire-anti-pornographie-en-france#primaryimage","url":"https:\/\/ifamnews.com\/wp-content\/uploads\/2021\/02\/Censura_del_Porno_6859926679.jpg","contentUrl":"https:\/\/ifamnews.com\/wp-content\/uploads\/2021\/02\/Censura_del_Porno_6859926679.jpg","width":1200,"height":675,"caption":"pornographie"},{"@type":"BreadcrumbList","@id":"https:\/\/ifamnews.com\/fr\/victoire-anti-pornographie-en-france#breadcrumb","itemListElement":[{"@type":"ListItem","position":1,"name":"Home","item":"https:\/\/ifamnews.com\/de"},{"@type":"ListItem","position":2,"name":"Famiglia","item":"https:\/\/ifamnews.com\/it\/categoria\/famiglia"},{"@type":"ListItem","position":3,"name":"Victoire contre la pornographie en France"}]},{"@type":"WebSite","@id":"https:\/\/ifamnews.com\/en\/#website","url":"https:\/\/ifamnews.com\/en\/","name":"IFN","description":"International Family News Network","publisher":{"@id":"https:\/\/ifamnews.com\/en\/#organization"},"potentialAction":[{"@type":"SearchAction","target":{"@type":"EntryPoint","urlTemplate":"https:\/\/ifamnews.com\/en\/?s={search_term_string}"},"query-input":{"@type":"PropertyValueSpecification","valueRequired":true,"valueName":"search_term_string"}}],"inLanguage":"fr-FR"},{"@type":"Organization","@id":"https:\/\/ifamnews.com\/en\/#organization","name":"iFamNews","url":"https:\/\/ifamnews.com\/en\/","logo":{"@type":"ImageObject","inLanguage":"fr-FR","@id":"https:\/\/ifamnews.com\/en\/#\/schema\/logo\/image\/","url":"https:\/\/ifamnews.com\/wp-content\/uploads\/2020\/01\/Share-logo.png","contentUrl":"https:\/\/ifamnews.com\/wp-content\/uploads\/2020\/01\/Share-logo.png","width":200,"height":200,"caption":"iFamNews"},"image":{"@id":"https:\/\/ifamnews.com\/en\/#\/schema\/logo\/image\/"},"sameAs":["https:\/\/www.facebook.com\/iFamNews","https:\/\/x.com\/iFamNewsEN"]},{"@type":"Person","@id":"https:\/\/ifamnews.com\/en\/#\/schema\/person\/bed5b7c6161f317421caa94dc3be6a53","name":"Luca Volont\u00e8","image":{"@type":"ImageObject","inLanguage":"fr-FR","@id":"https:\/\/secure.gravatar.com\/avatar\/354ed6bca06f9968278e6eb25fa8a123306c69f5c50f711836cf12e6c8ecbbf6?s=96&d=mm&r=g","url":"https:\/\/secure.gravatar.com\/avatar\/354ed6bca06f9968278e6eb25fa8a123306c69f5c50f711836cf12e6c8ecbbf6?s=96&d=mm&r=g","contentUrl":"https:\/\/secure.gravatar.com\/avatar\/354ed6bca06f9968278e6eb25fa8a123306c69f5c50f711836cf12e6c8ecbbf6?s=96&d=mm&r=g","caption":"Luca Volont\u00e8"},"description":"Luca Volont\u00e8 was an Italian parliamentarian from 1996 to 2013, and served as president of the PPE-CD at the Assembly of the Council of Europe. Publicly engaged for decades in the promotion of life, family and religious and educational freedom, Luca\u00a0 has served as a board member for various international organizations promoting Christian values and human rights, including his current role as a board member of the International Organization for the Family. He has authored books and essays for the Novae Terrae series by the publisher Rubbettino; he has been a correspondent for several Italian newspapers, and currently collaborates with La nuova Bussola Quotidiana, an online newspaper. He is a also a great bicycle enthusiast.","sameAs":["https:\/\/facebook.com\/lvolonte1","https:\/\/x.com\/https:\/\/twitter.com\/l_volonte"],"url":"https:\/\/ifamnews.com\/fr\/author\/lvolonte"}]}},"amp_enabled":true,"_links":{"self":[{"href":"https:\/\/ifamnews.com\/fr\/wp-json\/wp\/v2\/posts\/95094","targetHints":{"allow":["GET"]}}],"collection":[{"href":"https:\/\/ifamnews.com\/fr\/wp-json\/wp\/v2\/posts"}],"about":[{"href":"https:\/\/ifamnews.com\/fr\/wp-json\/wp\/v2\/types\/post"}],"author":[{"embeddable":true,"href":"https:\/\/ifamnews.com\/fr\/wp-json\/wp\/v2\/users\/54"}],"replies":[{"embeddable":true,"href":"https:\/\/ifamnews.com\/fr\/wp-json\/wp\/v2\/comments?post=95094"}],"version-history":[{"count":4,"href":"https:\/\/ifamnews.com\/fr\/wp-json\/wp\/v2\/posts\/95094\/revisions"}],"predecessor-version":[{"id":95107,"href":"https:\/\/ifamnews.com\/fr\/wp-json\/wp\/v2\/posts\/95094\/revisions\/95107"}],"wp:featuredmedia":[{"embeddable":true,"href":"https:\/\/ifamnews.com\/fr\/wp-json\/wp\/v2\/media\/53966"}],"wp:attachment":[{"href":"https:\/\/ifamnews.com\/fr\/wp-json\/wp\/v2\/media?parent=95094"}],"wp:term":[{"taxonomy":"category","embeddable":true,"href":"https:\/\/ifamnews.com\/fr\/wp-json\/wp\/v2\/categories?post=95094"},{"taxonomy":"post_tag","embeddable":true,"href":"https:\/\/ifamnews.com\/fr\/wp-json\/wp\/v2\/tags?post=95094"}],"curies":[{"name":"wp","href":"https:\/\/api.w.org\/{rel}","templated":true}]}}