{"id":9379,"date":"2020-02-19T14:23:22","date_gmt":"2020-02-19T19:23:22","guid":{"rendered":"https:\/\/ifamnews.com\/?p=9379"},"modified":"2020-02-19T14:23:29","modified_gmt":"2020-02-19T19:23:29","slug":"soros-cible-les-pro-vie","status":"publish","type":"post","link":"https:\/\/ifamnews.com\/fr\/soros-cible-les-pro-vie","title":{"rendered":"Soros cible les pro-vie"},"content":{"rendered":"\n<p><a href=\"https:\/\/heartbeatservices.org\/services-home\">Heartbeat International<\/a> est une organisation qui aide publiquement les femmes en d\u00e9tresse \u00e0 ne pas interrompre leur grossesse et permet aux enfants qu&rsquo;elles portent dans leur ventre de na\u00eetre. Elle leur fournit des informations sur les cons\u00e9quences de l&rsquo;avortement volontaire, ne cachant pas qu&rsquo;il s&rsquo;agit d&rsquo;un meurtre et non d&rsquo;un droit.<\/p>\n\n\n\n<p>Pour <a href=\"https:\/\/opendemocracy.net\/en\/\">OpenDemocracy<\/a>, la plateforme web d\u00e9tenue par la <a href=\"https:\/\/opensocietyfoundations.org\/\">Fondation Open Society<\/a> de <a href=\"https:\/\/mediabiasfactcheck.com\/opendemocracy\/\">George Soros<\/a>, cet engagement appara\u00eet au contraire comme une d\u00e9sinformation et l&rsquo;attaque car il pose soi-disant <a href=\"https:\/\/opendemocracy.net\/en\/5050\/trump-linked-religious-extremists-global-disinformation-pregnant-women\/\">\u00abde graves risques pour les femmes et la d\u00e9mocratie\u00bb<\/a>.<\/p>\n\n\n\n<p>Apr\u00e8s avoir l\u00e2ch\u00e9 dans le monde entier des journalistes faisant semblant d&rsquo;\u00eatre enceintes, mais en \u00e9vitant de fournir plus de d\u00e9tails sur les m\u00e9thodes de leur enqu\u00eate, OpenDemocracy rapporte certaines d\u00e9clarations attribu\u00e9es \u00e0 des b\u00e9n\u00e9voles de l&rsquo;association pro-vie, faisant valoir que les services offerts par le r\u00e9seau Heartbeat dans 60 pays du monde , \u00e0 travers 2.700 centres et le travail de plus de 81.000 op\u00e9rateurs, provoquent des alarmes et des craintes injustifi\u00e9es.<\/p>\n\n\n\n<p><br>Pour s&rsquo;assurer que l&rsquo;accusation de diffusion de fausses nouvelles n&rsquo;est pas en soi une <em>fausse nouvelle<\/em>, OpenDemocracy devrait fournir des preuves, fond\u00e9es sur les questions classiques du journalisme: qui, quoi, o\u00f9, pourquoi? On ne peut en trouver aucune trace dans l&rsquo;enqu\u00eate publi\u00e9e. Il est d\u00e8s lors impossible de v\u00e9rifier l&rsquo;exactitude des informations. Cependant, uniquement sur la base de ces informations lacunaires, certains membres du Parlement europ\u00e9en ont d\u00e9nonc\u00e9 une pr\u00e9tendue violation des droits de l&rsquo;homme \u2013 qui aurait \u00e9t\u00e9 commise en essayant de sauver des vies humaines.<\/p>\n\n\n\n<p>Dans un autre cas, concernant une enqu\u00eate r\u00e9alis\u00e9e avec des cam\u00e9ras cach\u00e9es en 2015, <a href=\"https:\/\/ncregister.com\/blog\/armstrong\/7-good-things-about-david-daleidens-recent-loss\">David Daleiden et Sandra Merritt ont \u00e9t\u00e9 condamn\u00e9s<\/a> apr\u00e8s avoir document\u00e9 la vente de morceaux de f\u0153tus humain par l&rsquo;organisation pro-avortement Planned Parenthood en Californie. Les accus\u00e9s ont certainement le droit de faire appel, mais on peut l\u00e9gitimement douter que, en sens contraire, les auteurs du reportage sur Heartbeat subiront les m\u00eames cons\u00e9quences judiciaires, m\u00eame s&rsquo;ils ont agi de mani\u00e8re totalement similaire, mentant sur leur propre identit\u00e9 et leurs propres objectifs. Peut-on en d\u00e9duire que la lutte contre l&rsquo;avortement et la contraception est devenue, sinon un v\u00e9ritable d\u00e9lit, du moins une circonstance aggravante devant les tribunaux et une cause d&rsquo;ostracisme politique dans les assembl\u00e9es l\u00e9gislatives? Jusqu&rsquo;\u00e0 pr\u00e9sent, la seule chose qui s&rsquo;est produite est un toll\u00e9 \u00e0 Bruxelles et \u00e0 Strasbourg de la part des d\u00e9put\u00e9s Vera Tax, Hilde Vautmans, Sylvie Guillaume, Gwendoline Delbos-Corfield et Fred Mati\u0107, contre les activit\u00e9s de Heartbeat.<\/p>\n\n\n\n<p><br>Il n&rsquo;y a pas encore de r\u00e9action de la part des autres d\u00e9put\u00e9s. Les politiciens pro-vie semblent avoir disparu de la sc\u00e8ne. L&rsquo;absence d&rsquo;une voix claire et sonore pour la d\u00e9fense de la vie au sein des institutions europ\u00e9ennes est, en effet, inqui\u00e9tante et favorise une atmosph\u00e8re de pers\u00e9cution contre ceux qui luttent pour d\u00e9fendre les droits des enfants \u00e0 na\u00eetre. Pendant ce temps, en Europe, entre 2010 et 2014, <a href=\"https:\/\/guttmacher.org\/fact-sheet\/induced-abortion-worldwide\">30% des grossesses<\/a> se sont termin\u00e9es par un avortement. En outre, plus g\u00e9n\u00e9ralement, l&rsquo;Organisation mondiale de la sant\u00e9 ne se soucie que de donner une chance de pratiquer un avortement \u00ab\u00a0sans risque\u00a0\u00bb, en tant que facteur de \u00ab\u00a0sant\u00e9 reproductive\u00a0\u00bb, et tient l&rsquo;objection de conscience des personnels de sant\u00e9 et les lois restreignant l&rsquo;avortement pour <a href=\"https:\/\/who.int\/health-topics\/abortion#tab=tab_1\">une atteinte \u00e0 la vie des femmes<\/a>. Nous sommes \u00e0 deux doigts d&rsquo;une accusation de meurtre contre ceux qui n&rsquo;encouragent pas un crime contre l&rsquo;humanit\u00e9!<\/p>\n","protected":false},"excerpt":{"rendered":"<p>La fondation de George Soros pr\u00e9tend avoir prouv\u00e9 qu&rsquo;une association pro-vie diffusait des fausses nouvelles\u2026 mais sans fournir les preuves!<\/p>\n","protected":false},"author":33,"featured_media":9224,"comment_status":"open","ping_status":"open","sticky":false,"template":"","format":"standard","meta":{"give_campaign_id":0,"om_disable_all_campaigns":false,"_monsterinsights_skip_tracking":false,"_monsterinsights_sitenote_active":false,"_monsterinsights_sitenote_note":"","_monsterinsights_sitenote_category":0,"mc4wp_mailchimp_campaign":[],"jnews-multi-image_gallery":[],"jnews_single_post":{"subtitle":"La fondation de George Soros pr\u00e9tend avoir prouv\u00e9 qu'une association pro-vie diffusait des fausses nouvelles\u2026 mais sans fournir les preuves!","format":"standard","video":"","gallery":"","source_name":"","source_url":"","via_name":"","via_url":"","override":[{"single_blog_custom":"","sidebar":"","second_sidebar":"","share_position":"","share_float_style":"","post_date_format":"","post_date_format_custom":"","post_reading_time_wpm":"","zoom_button_out_step":"1","zoom_button_in_step":"1","number_popup_post":"1"}],"image_override":[{"single_post_thumbnail_size":"","single_post_gallery_size":""}],"trending_post_position":"","trending_post_label":""},"jnews_primary_category":{"id":""},"jnews_social_meta":{"fb_title":"","fb_description":"","fb_image":"","twitter_title":"","twitter_description":"","twitter_image":""},"jnews_override_counter":{"view_counter_number":"0","share_counter_number":"0","like_counter_number":"0","dislike_counter_number":"0"},"footnotes":""},"categories":[819],"tags":[8843,886,1455],"class_list":["post-9379","post","type-post","status-publish","format-standard","has-post-thumbnail","hentry","category-vie","tag-abortion-fr-2","tag-avortement","tag-desinformation"],"yoast_head":"<!-- This site is optimized with the Yoast SEO Premium plugin v25.9 (Yoast SEO v27.3) - https:\/\/yoast.com\/product\/yoast-seo-premium-wordpress\/ -->\n<title>Soros cible les pro-vie - IFN<\/title>\n<meta name=\"robots\" content=\"index, follow, max-snippet:-1, max-image-preview:large, max-video-preview:-1\" \/>\n<link rel=\"canonical\" href=\"https:\/\/ifamnews.com\/fr\/soros-cible-les-pro-vie\" \/>\n<meta property=\"og:locale\" content=\"fr_FR\" \/>\n<meta property=\"og:type\" content=\"article\" \/>\n<meta property=\"og:title\" content=\"Soros cible les pro-vie\" \/>\n<meta property=\"og:description\" content=\"La fondation de George Soros pr\u00e9tend avoir prouv\u00e9 qu&#039;une association pro-vie diffusait des fausses nouvelles\u2026 mais sans fournir les preuves!\" \/>\n<meta property=\"og:url\" content=\"https:\/\/ifamnews.com\/fr\/soros-cible-les-pro-vie\" \/>\n<meta property=\"og:site_name\" content=\"IFN\" \/>\n<meta property=\"article:publisher\" content=\"https:\/\/www.facebook.com\/iFamNews\" \/>\n<meta property=\"article:published_time\" content=\"2020-02-19T19:23:22+00:00\" \/>\n<meta property=\"article:modified_time\" content=\"2020-02-19T19:23:29+00:00\" \/>\n<meta property=\"og:image\" content=\"https:\/\/ifamnews.com\/wp-content\/uploads\/2020\/02\/13307813654_457c37af38_k.jpg\" \/>\n\t<meta property=\"og:image:width\" content=\"2048\" \/>\n\t<meta property=\"og:image:height\" content=\"1363\" \/>\n\t<meta property=\"og:image:type\" content=\"image\/jpeg\" \/>\n<meta name=\"author\" content=\"Andrea Morigi\" \/>\n<meta name=\"twitter:card\" content=\"summary_large_image\" \/>\n<meta name=\"twitter:creator\" content=\"@iFamNewsEN\" \/>\n<meta name=\"twitter:site\" content=\"@iFamNewsEN\" \/>\n<meta name=\"twitter:label1\" content=\"\u00c9crit par\" \/>\n\t<meta name=\"twitter:data1\" content=\"Andrea Morigi\" \/>\n\t<meta name=\"twitter:label2\" content=\"Dur\u00e9e de lecture estim\u00e9e\" \/>\n\t<meta name=\"twitter:data2\" content=\"3 minutes\" \/>\n<!-- \/ Yoast SEO Premium plugin. -->","yoast_head_json":{"title":"Soros cible les pro-vie - IFN","robots":{"index":"index","follow":"follow","max-snippet":"max-snippet:-1","max-image-preview":"max-image-preview:large","max-video-preview":"max-video-preview:-1"},"canonical":"https:\/\/ifamnews.com\/fr\/soros-cible-les-pro-vie","og_locale":"fr_FR","og_type":"article","og_title":"Soros cible les pro-vie","og_description":"La fondation de George Soros pr\u00e9tend avoir prouv\u00e9 qu'une association pro-vie diffusait des fausses nouvelles\u2026 mais sans fournir les preuves!","og_url":"https:\/\/ifamnews.com\/fr\/soros-cible-les-pro-vie","og_site_name":"IFN","article_publisher":"https:\/\/www.facebook.com\/iFamNews","article_published_time":"2020-02-19T19:23:22+00:00","article_modified_time":"2020-02-19T19:23:29+00:00","og_image":[{"width":2048,"height":1363,"url":"https:\/\/ifamnews.com\/wp-content\/uploads\/2020\/02\/13307813654_457c37af38_k.jpg","type":"image\/jpeg"}],"author":"Andrea Morigi","twitter_card":"summary_large_image","twitter_creator":"@iFamNewsEN","twitter_site":"@iFamNewsEN","twitter_misc":{"\u00c9crit par":"Andrea Morigi","Dur\u00e9e de lecture estim\u00e9e":"3 minutes"},"schema":{"@context":"https:\/\/schema.org","@graph":[{"@type":"NewsArticle","@id":"https:\/\/ifamnews.com\/fr\/soros-cible-les-pro-vie#article","isPartOf":{"@id":"https:\/\/ifamnews.com\/fr\/soros-cible-les-pro-vie"},"author":{"name":"Andrea Morigi","@id":"https:\/\/ifamnews.com\/en\/#\/schema\/person\/46ff73641fbda427fd60b70ebaa40868"},"headline":"Soros cible les pro-vie","datePublished":"2020-02-19T19:23:22+00:00","dateModified":"2020-02-19T19:23:29+00:00","mainEntityOfPage":{"@id":"https:\/\/ifamnews.com\/fr\/soros-cible-les-pro-vie"},"wordCount":633,"commentCount":0,"publisher":{"@id":"https:\/\/ifamnews.com\/en\/#organization"},"image":{"@id":"https:\/\/ifamnews.com\/fr\/soros-cible-les-pro-vie#primaryimage"},"thumbnailUrl":"https:\/\/ifamnews.com\/wp-content\/uploads\/2020\/02\/13307813654_457c37af38_k.jpg","keywords":["Abortion","avortement","d\u00e9sinformation"],"articleSection":["Vie"],"inLanguage":"fr-FR","potentialAction":[{"@type":"CommentAction","name":"Comment","target":["https:\/\/ifamnews.com\/fr\/soros-cible-les-pro-vie#respond"]}]},{"@type":"WebPage","@id":"https:\/\/ifamnews.com\/fr\/soros-cible-les-pro-vie","url":"https:\/\/ifamnews.com\/fr\/soros-cible-les-pro-vie","name":"Soros cible les pro-vie - IFN","isPartOf":{"@id":"https:\/\/ifamnews.com\/en\/#website"},"primaryImageOfPage":{"@id":"https:\/\/ifamnews.com\/fr\/soros-cible-les-pro-vie#primaryimage"},"image":{"@id":"https:\/\/ifamnews.com\/fr\/soros-cible-les-pro-vie#primaryimage"},"thumbnailUrl":"https:\/\/ifamnews.com\/wp-content\/uploads\/2020\/02\/13307813654_457c37af38_k.jpg","datePublished":"2020-02-19T19:23:22+00:00","dateModified":"2020-02-19T19:23:29+00:00","breadcrumb":{"@id":"https:\/\/ifamnews.com\/fr\/soros-cible-les-pro-vie#breadcrumb"},"inLanguage":"fr-FR","potentialAction":[{"@type":"ReadAction","target":["https:\/\/ifamnews.com\/fr\/soros-cible-les-pro-vie"]}]},{"@type":"ImageObject","inLanguage":"fr-FR","@id":"https:\/\/ifamnews.com\/fr\/soros-cible-les-pro-vie#primaryimage","url":"https:\/\/ifamnews.com\/wp-content\/uploads\/2020\/02\/13307813654_457c37af38_k.jpg","contentUrl":"https:\/\/ifamnews.com\/wp-content\/uploads\/2020\/02\/13307813654_457c37af38_k.jpg","width":2048,"height":1363,"caption":"George Soros. Image from Flickr"},{"@type":"BreadcrumbList","@id":"https:\/\/ifamnews.com\/fr\/soros-cible-les-pro-vie#breadcrumb","itemListElement":[{"@type":"ListItem","position":1,"name":"Home","item":"https:\/\/ifamnews.com\/de"},{"@type":"ListItem","position":2,"name":"Vie","item":"https:\/\/ifamnews.com\/fr\/categorie\/vie"},{"@type":"ListItem","position":3,"name":"Soros cible les pro-vie"}]},{"@type":"WebSite","@id":"https:\/\/ifamnews.com\/en\/#website","url":"https:\/\/ifamnews.com\/en\/","name":"IFN","description":"International Family News Network","publisher":{"@id":"https:\/\/ifamnews.com\/en\/#organization"},"potentialAction":[{"@type":"SearchAction","target":{"@type":"EntryPoint","urlTemplate":"https:\/\/ifamnews.com\/en\/?s={search_term_string}"},"query-input":{"@type":"PropertyValueSpecification","valueRequired":true,"valueName":"search_term_string"}}],"inLanguage":"fr-FR"},{"@type":"Organization","@id":"https:\/\/ifamnews.com\/en\/#organization","name":"iFamNews","url":"https:\/\/ifamnews.com\/en\/","logo":{"@type":"ImageObject","inLanguage":"fr-FR","@id":"https:\/\/ifamnews.com\/en\/#\/schema\/logo\/image\/","url":"https:\/\/ifamnews.com\/wp-content\/uploads\/2020\/01\/Share-logo.png","contentUrl":"https:\/\/ifamnews.com\/wp-content\/uploads\/2020\/01\/Share-logo.png","width":200,"height":200,"caption":"iFamNews"},"image":{"@id":"https:\/\/ifamnews.com\/en\/#\/schema\/logo\/image\/"},"sameAs":["https:\/\/www.facebook.com\/iFamNews","https:\/\/x.com\/iFamNewsEN"]},{"@type":"Person","@id":"https:\/\/ifamnews.com\/en\/#\/schema\/person\/46ff73641fbda427fd60b70ebaa40868","name":"Andrea Morigi","image":{"@type":"ImageObject","inLanguage":"fr-FR","@id":"https:\/\/secure.gravatar.com\/avatar\/dcb1572bcb9a75ea3342f2e781e5db99f489d2313fe58d3f0119cf7d83a07b69?s=96&d=mm&r=g","url":"https:\/\/secure.gravatar.com\/avatar\/dcb1572bcb9a75ea3342f2e781e5db99f489d2313fe58d3f0119cf7d83a07b69?s=96&d=mm&r=g","contentUrl":"https:\/\/secure.gravatar.com\/avatar\/dcb1572bcb9a75ea3342f2e781e5db99f489d2313fe58d3f0119cf7d83a07b69?s=96&d=mm&r=g","caption":"Andrea Morigi"},"description":"Andrea Morigi, a professional journalist, has worked at Libero newspaper since its founding. A board member of the Lombard Journalists Association, in 2011 he published, with Hamza Massimiliano Boccolini, for Mursia, Media and the East, and in 2004 he published, for Piemme, Multinationals of Terror. He edited Religious Freedom in Islamic Majority Countries. Report 1998 and subsequent Reports on Religious Freedom in the World from 2000 to 2014, for Aid to the Church in Need. Since 1993 he has collaborated with the Catholic broadcaster Radio Maria.","url":"https:\/\/ifamnews.com\/fr\/author\/amorigiifamnews-com"}]}},"amp_enabled":true,"_links":{"self":[{"href":"https:\/\/ifamnews.com\/fr\/wp-json\/wp\/v2\/posts\/9379","targetHints":{"allow":["GET"]}}],"collection":[{"href":"https:\/\/ifamnews.com\/fr\/wp-json\/wp\/v2\/posts"}],"about":[{"href":"https:\/\/ifamnews.com\/fr\/wp-json\/wp\/v2\/types\/post"}],"author":[{"embeddable":true,"href":"https:\/\/ifamnews.com\/fr\/wp-json\/wp\/v2\/users\/33"}],"replies":[{"embeddable":true,"href":"https:\/\/ifamnews.com\/fr\/wp-json\/wp\/v2\/comments?post=9379"}],"version-history":[{"count":1,"href":"https:\/\/ifamnews.com\/fr\/wp-json\/wp\/v2\/posts\/9379\/revisions"}],"predecessor-version":[{"id":9381,"href":"https:\/\/ifamnews.com\/fr\/wp-json\/wp\/v2\/posts\/9379\/revisions\/9381"}],"wp:featuredmedia":[{"embeddable":true,"href":"https:\/\/ifamnews.com\/fr\/wp-json\/wp\/v2\/media\/9224"}],"wp:attachment":[{"href":"https:\/\/ifamnews.com\/fr\/wp-json\/wp\/v2\/media?parent=9379"}],"wp:term":[{"taxonomy":"category","embeddable":true,"href":"https:\/\/ifamnews.com\/fr\/wp-json\/wp\/v2\/categories?post=9379"},{"taxonomy":"post_tag","embeddable":true,"href":"https:\/\/ifamnews.com\/fr\/wp-json\/wp\/v2\/tags?post=9379"}],"curies":[{"name":"wp","href":"https:\/\/api.w.org\/{rel}","templated":true}]}}