{"id":92354,"date":"2021-09-03T00:59:57","date_gmt":"2021-09-03T04:59:57","guid":{"rendered":"https:\/\/ifamnews.com\/?p=92354"},"modified":"2021-09-03T01:01:21","modified_gmt":"2021-09-03T05:01:21","slug":"les-autorit-s-fran-aises-refusent-d-interdire-la-vente-d-enfants","status":"publish","type":"post","link":"https:\/\/ifamnews.com\/fr\/les-autorit-s-fran-aises-refusent-d-interdire-la-vente-d-enfants","title":{"rendered":"Les autorit\u00e9s fran\u00e7aises refusent d\u2019interdire la vente d\u2019enfants"},"content":{"rendered":"\n<p><a href=\"http:\/\/2zn7.mj.am\/nl2\/2zn7\/mql4w.html?m=AWEAAAb1bwYAAcqNNL4AAAAAAocAAOdJOlYAGbR9AAMWTABhL4trcHAEYZKfR3242rJOa_lfMQAC9LI&amp;b=a9f18609&amp;e=20982667&amp;x=qllG8hODuWmIwAXDX_7r0B8wGXSiEZydTiT0fH2PZtZNRU6ZUPGB2-V8bu_Sp_9L\">Communiqu\u00e9<\/a>&nbsp;des Juristes pour l\u2019enfance :<\/p>\n\n\n\n<p>Les 4 et 5 septembre prochain, la foire commerciale D\u00e9sir d\u2019enfant convie une nouvelle fois les entreprises \u00e9trang\u00e8res de la fertilit\u00e9 \u00e0 venir proposer aux fran\u00e7ais leurs prestations.<\/p>\n\n\n\n<p><strong>Il y a un an, le m\u00eame salon a d\u00e9j\u00e0 eu lieu \u00e0 Paris, malgr\u00e9 les demandes d\u2019interdiction.<\/strong><\/p>\n\n\n\n<p>Des associations, dont Juristes pour l\u2019Enfance, ont port\u00e9 plainte, avec constat d\u2019huissiers \u00e0 l\u2019appui contre cet \u00e9v\u00e9nement qui promouvait des pratiques ill\u00e9gales en France sans s\u2019en cacher.<\/p>\n\n\n\n<p>Le d\u00e9lit d\u2019entremise \u00e9tait manifeste mais la plainte n\u2019a toujours pas \u00e9t\u00e9 trait\u00e9e un an apr\u00e8s. Et les organisateurs profitent de la lenteur de la justice pour organiser ce prochain salon les 4 et 5 septembre prochains.<\/p>\n\n\n\n<p><strong>Ces derniers mois, ni le Garde des Sceaux, ni la Pr\u00e9fecture de Paris, ni la Pr\u00e9fecture de police de Paris, ni la Mairie de Paris n\u2019ont daign\u00e9 r\u00e9pondre aux courriers adress\u00e9s par Juristes pour l\u2019Enfance pour les alerter sur l\u2019organisation de cette foire pour la seconde ann\u00e9e cons\u00e9cutive, et leur demander de prendre des mesures en cons\u00e9quence.<\/strong><\/p>\n\n\n\n<p>Tout cela alors que, de fa\u00e7on ostentatoire, les organisateurs du salon ainsi que leurs partenaires commerciaux qui ont retenus leurs stands interviennent en toute impunit\u00e9 dans un m\u00e9pris total de la loi fran\u00e7aise.<\/p>\n\n\n\n<p>Les partenaires se targuent m\u00eame d\u2019avoir \u00ab la l\u00e9gislation la plus laxiste d\u2019Europe \u00bb, des notaires ou des avocats qui connaissent bien les lois internationales pour \u00e9viter les obstacles des lois des pays des patients !<\/p>\n","protected":false},"excerpt":{"rendered":"<p>Communiqu\u00e9&nbsp;des Juristes pour l\u2019enfance : Les 4 et 5 septembre prochain, la foire commerciale D\u00e9sir d\u2019enfant convie une nouvelle fois les entreprises \u00e9trang\u00e8res de la fertilit\u00e9 \u00e0 venir proposer aux fran\u00e7ais leurs prestations. Il y a un an, le m\u00eame salon a d\u00e9j\u00e0 eu lieu \u00e0 Paris, malgr\u00e9 les demandes d\u2019interdiction. Des associations, dont Juristes [&hellip;]<\/p>\n","protected":false},"author":876,"featured_media":92355,"comment_status":"open","ping_status":"open","sticky":false,"template":"","format":"standard","meta":{"give_campaign_id":0,"om_disable_all_campaigns":false,"_monsterinsights_skip_tracking":false,"_monsterinsights_sitenote_active":false,"_monsterinsights_sitenote_note":"","_monsterinsights_sitenote_category":0,"mc4wp_mailchimp_campaign":[],"jnews-multi-image_gallery":[],"jnews_single_post":{"subtitle":"","format":"standard","video":"","gallery":"","source_name":"","source_url":"","via_name":"","via_url":"","override":[{"single_blog_custom":"","sidebar":"","second_sidebar":"","share_position":"","share_float_style":"","post_date_format":"","post_date_format_custom":"","post_reading_time_wpm":"","zoom_button_out_step":"1","zoom_button_in_step":"1","number_popup_post":"1"}],"image_override":[{"single_post_thumbnail_size":"","single_post_gallery_size":""}],"trending_post_position":"","trending_post_label":"","sponsored_post_label":"","sponsored_post_name":"","sponsored_post_url":"","sponsored_post_logo":"","sponsored_post_desc":""},"jnews_primary_category":{"id":"819"},"jnews_social_meta":[],"jnews_override_counter":[],"footnotes":""},"categories":[809,819],"tags":[12303,12304,10014,9632,12305,11286],"class_list":["post-92354","post","type-post","status-publish","format-standard","has-post-thumbnail","hentry","category-foreground-fr","category-vie","tag-achat","tag-desir-denfant","tag-enfant","tag-france-fr","tag-juriste-pour-lenfant","tag-paris-2"],"yoast_head":"<!-- This site is optimized with the Yoast SEO Premium plugin v25.9 (Yoast SEO v27.3) - https:\/\/yoast.com\/product\/yoast-seo-premium-wordpress\/ -->\n<title>Les autorit\u00e9s fran\u00e7aises refusent d\u2019interdire la vente d\u2019enfants - IFN<\/title>\n<meta name=\"robots\" content=\"index, follow, max-snippet:-1, max-image-preview:large, max-video-preview:-1\" \/>\n<link rel=\"canonical\" href=\"https:\/\/ifamnews.com\/fr\/les-autorit-s-fran-aises-refusent-d-interdire-la-vente-d-enfants\" \/>\n<meta property=\"og:locale\" content=\"fr_FR\" \/>\n<meta property=\"og:type\" content=\"article\" \/>\n<meta property=\"og:title\" content=\"Les autorit\u00e9s fran\u00e7aises refusent d\u2019interdire la vente d\u2019enfants\" \/>\n<meta property=\"og:description\" content=\"Communiqu\u00e9&nbsp;des Juristes pour l\u2019enfance : Les 4 et 5 septembre prochain, la foire commerciale D\u00e9sir d\u2019enfant convie une nouvelle fois les entreprises \u00e9trang\u00e8res de la fertilit\u00e9 \u00e0 venir proposer aux fran\u00e7ais leurs prestations. Il y a un an, le m\u00eame salon a d\u00e9j\u00e0 eu lieu \u00e0 Paris, malgr\u00e9 les demandes d\u2019interdiction. Des associations, dont Juristes [&hellip;]\" \/>\n<meta property=\"og:url\" content=\"https:\/\/ifamnews.com\/fr\/les-autorit-s-fran-aises-refusent-d-interdire-la-vente-d-enfants\" \/>\n<meta property=\"og:site_name\" content=\"IFN\" \/>\n<meta property=\"article:publisher\" content=\"https:\/\/www.facebook.com\/iFamNews\" \/>\n<meta property=\"article:author\" content=\"https:\/\/www.facebook.com\/lesalonbeige.fr\/\" \/>\n<meta property=\"article:published_time\" content=\"2021-09-03T04:59:57+00:00\" \/>\n<meta property=\"article:modified_time\" content=\"2021-09-03T05:01:21+00:00\" \/>\n<meta property=\"og:image\" content=\"https:\/\/ifamnews.com\/wp-content\/uploads\/2021\/09\/GPA_4.png\" \/>\n\t<meta property=\"og:image:width\" content=\"318\" \/>\n\t<meta property=\"og:image:height\" content=\"203\" \/>\n\t<meta property=\"og:image:type\" content=\"image\/png\" \/>\n<meta name=\"author\" content=\"Le Salon Beige\" \/>\n<meta name=\"twitter:card\" content=\"summary_large_image\" \/>\n<meta name=\"twitter:creator\" content=\"@beige_salon\" \/>\n<meta name=\"twitter:site\" content=\"@iFamNewsEN\" \/>\n<meta name=\"twitter:label1\" content=\"\u00c9crit par\" \/>\n\t<meta name=\"twitter:data1\" content=\"Le Salon Beige\" \/>\n\t<meta name=\"twitter:label2\" content=\"Dur\u00e9e de lecture estim\u00e9e\" \/>\n\t<meta name=\"twitter:data2\" content=\"2 minutes\" \/>\n<!-- \/ Yoast SEO Premium plugin. -->","yoast_head_json":{"title":"Les autorit\u00e9s fran\u00e7aises refusent d\u2019interdire la vente d\u2019enfants - IFN","robots":{"index":"index","follow":"follow","max-snippet":"max-snippet:-1","max-image-preview":"max-image-preview:large","max-video-preview":"max-video-preview:-1"},"canonical":"https:\/\/ifamnews.com\/fr\/les-autorit-s-fran-aises-refusent-d-interdire-la-vente-d-enfants","og_locale":"fr_FR","og_type":"article","og_title":"Les autorit\u00e9s fran\u00e7aises refusent d\u2019interdire la vente d\u2019enfants","og_description":"Communiqu\u00e9&nbsp;des Juristes pour l\u2019enfance : Les 4 et 5 septembre prochain, la foire commerciale D\u00e9sir d\u2019enfant convie une nouvelle fois les entreprises \u00e9trang\u00e8res de la fertilit\u00e9 \u00e0 venir proposer aux fran\u00e7ais leurs prestations. Il y a un an, le m\u00eame salon a d\u00e9j\u00e0 eu lieu \u00e0 Paris, malgr\u00e9 les demandes d\u2019interdiction. Des associations, dont Juristes [&hellip;]","og_url":"https:\/\/ifamnews.com\/fr\/les-autorit-s-fran-aises-refusent-d-interdire-la-vente-d-enfants","og_site_name":"IFN","article_publisher":"https:\/\/www.facebook.com\/iFamNews","article_author":"https:\/\/www.facebook.com\/lesalonbeige.fr\/","article_published_time":"2021-09-03T04:59:57+00:00","article_modified_time":"2021-09-03T05:01:21+00:00","og_image":[{"width":318,"height":203,"url":"https:\/\/ifamnews.com\/wp-content\/uploads\/2021\/09\/GPA_4.png","type":"image\/png"}],"author":"Le Salon Beige","twitter_card":"summary_large_image","twitter_creator":"@beige_salon","twitter_site":"@iFamNewsEN","twitter_misc":{"\u00c9crit par":"Le Salon Beige","Dur\u00e9e de lecture estim\u00e9e":"2 minutes"},"schema":{"@context":"https:\/\/schema.org","@graph":[{"@type":"NewsArticle","@id":"https:\/\/ifamnews.com\/fr\/les-autorit-s-fran-aises-refusent-d-interdire-la-vente-d-enfants#article","isPartOf":{"@id":"https:\/\/ifamnews.com\/fr\/les-autorit-s-fran-aises-refusent-d-interdire-la-vente-d-enfants"},"author":{"name":"Le Salon Beige","@id":"https:\/\/ifamnews.com\/en\/#\/schema\/person\/b0bb806fa4615c38a85a386214afb41b"},"headline":"Les autorit\u00e9s fran\u00e7aises refusent d\u2019interdire la vente d\u2019enfants","datePublished":"2021-09-03T04:59:57+00:00","dateModified":"2021-09-03T05:01:21+00:00","mainEntityOfPage":{"@id":"https:\/\/ifamnews.com\/fr\/les-autorit-s-fran-aises-refusent-d-interdire-la-vente-d-enfants"},"wordCount":280,"commentCount":0,"publisher":{"@id":"https:\/\/ifamnews.com\/en\/#organization"},"image":{"@id":"https:\/\/ifamnews.com\/fr\/les-autorit-s-fran-aises-refusent-d-interdire-la-vente-d-enfants#primaryimage"},"thumbnailUrl":"https:\/\/ifamnews.com\/wp-content\/uploads\/2021\/09\/GPA_4.png","keywords":["achat","D\u00e9sir d&#039;enfant","enfant","France","juriste pour l&#039;enfant","Paris"],"articleSection":["Foreground","Vie"],"inLanguage":"fr-FR","potentialAction":[{"@type":"CommentAction","name":"Comment","target":["https:\/\/ifamnews.com\/fr\/les-autorit-s-fran-aises-refusent-d-interdire-la-vente-d-enfants#respond"]}]},{"@type":"WebPage","@id":"https:\/\/ifamnews.com\/fr\/les-autorit-s-fran-aises-refusent-d-interdire-la-vente-d-enfants","url":"https:\/\/ifamnews.com\/fr\/les-autorit-s-fran-aises-refusent-d-interdire-la-vente-d-enfants","name":"Les autorit\u00e9s fran\u00e7aises refusent d\u2019interdire la vente d\u2019enfants - IFN","isPartOf":{"@id":"https:\/\/ifamnews.com\/en\/#website"},"primaryImageOfPage":{"@id":"https:\/\/ifamnews.com\/fr\/les-autorit-s-fran-aises-refusent-d-interdire-la-vente-d-enfants#primaryimage"},"image":{"@id":"https:\/\/ifamnews.com\/fr\/les-autorit-s-fran-aises-refusent-d-interdire-la-vente-d-enfants#primaryimage"},"thumbnailUrl":"https:\/\/ifamnews.com\/wp-content\/uploads\/2021\/09\/GPA_4.png","datePublished":"2021-09-03T04:59:57+00:00","dateModified":"2021-09-03T05:01:21+00:00","breadcrumb":{"@id":"https:\/\/ifamnews.com\/fr\/les-autorit-s-fran-aises-refusent-d-interdire-la-vente-d-enfants#breadcrumb"},"inLanguage":"fr-FR","potentialAction":[{"@type":"ReadAction","target":["https:\/\/ifamnews.com\/fr\/les-autorit-s-fran-aises-refusent-d-interdire-la-vente-d-enfants"]}]},{"@type":"ImageObject","inLanguage":"fr-FR","@id":"https:\/\/ifamnews.com\/fr\/les-autorit-s-fran-aises-refusent-d-interdire-la-vente-d-enfants#primaryimage","url":"https:\/\/ifamnews.com\/wp-content\/uploads\/2021\/09\/GPA_4.png","contentUrl":"https:\/\/ifamnews.com\/wp-content\/uploads\/2021\/09\/GPA_4.png","width":318,"height":203},{"@type":"BreadcrumbList","@id":"https:\/\/ifamnews.com\/fr\/les-autorit-s-fran-aises-refusent-d-interdire-la-vente-d-enfants#breadcrumb","itemListElement":[{"@type":"ListItem","position":1,"name":"Home","item":"https:\/\/ifamnews.com\/de"},{"@type":"ListItem","position":2,"name":"Vie","item":"https:\/\/ifamnews.com\/fr\/categorie\/vie"},{"@type":"ListItem","position":3,"name":"Les autorit\u00e9s fran\u00e7aises refusent d\u2019interdire la vente d\u2019enfants"}]},{"@type":"WebSite","@id":"https:\/\/ifamnews.com\/en\/#website","url":"https:\/\/ifamnews.com\/en\/","name":"IFN","description":"International Family News Network","publisher":{"@id":"https:\/\/ifamnews.com\/en\/#organization"},"potentialAction":[{"@type":"SearchAction","target":{"@type":"EntryPoint","urlTemplate":"https:\/\/ifamnews.com\/en\/?s={search_term_string}"},"query-input":{"@type":"PropertyValueSpecification","valueRequired":true,"valueName":"search_term_string"}}],"inLanguage":"fr-FR"},{"@type":"Organization","@id":"https:\/\/ifamnews.com\/en\/#organization","name":"iFamNews","url":"https:\/\/ifamnews.com\/en\/","logo":{"@type":"ImageObject","inLanguage":"fr-FR","@id":"https:\/\/ifamnews.com\/en\/#\/schema\/logo\/image\/","url":"https:\/\/ifamnews.com\/wp-content\/uploads\/2020\/01\/Share-logo.png","contentUrl":"https:\/\/ifamnews.com\/wp-content\/uploads\/2020\/01\/Share-logo.png","width":200,"height":200,"caption":"iFamNews"},"image":{"@id":"https:\/\/ifamnews.com\/en\/#\/schema\/logo\/image\/"},"sameAs":["https:\/\/www.facebook.com\/iFamNews","https:\/\/x.com\/iFamNewsEN"]},{"@type":"Person","@id":"https:\/\/ifamnews.com\/en\/#\/schema\/person\/b0bb806fa4615c38a85a386214afb41b","name":"Le Salon Beige","image":{"@type":"ImageObject","inLanguage":"fr-FR","@id":"https:\/\/secure.gravatar.com\/avatar\/e32d30749e1a2566041d30e1b2e86fcb8ffabd3e85d27c942cd23abf5c9ee5c0?s=96&d=mm&r=g","url":"https:\/\/secure.gravatar.com\/avatar\/e32d30749e1a2566041d30e1b2e86fcb8ffabd3e85d27c942cd23abf5c9ee5c0?s=96&d=mm&r=g","contentUrl":"https:\/\/secure.gravatar.com\/avatar\/e32d30749e1a2566041d30e1b2e86fcb8ffabd3e85d27c942cd23abf5c9ee5c0?s=96&d=mm&r=g","caption":"Le Salon Beige"},"description":"We are a few lay Catholics, in the 30-50 age group. What unites us is our Catholic Faith and our desire, as we read the news, to reflect aloud on how to apply it in today's society. Faithful to the Pope, to the Magisterium of the Church, we want to work for the common good of society by informing our readers about current events, seen from the point of view of the social doctrine of the Church. The director of the publication is Guillaume de Thieulloy.","sameAs":["https:\/\/www.lesalonbeige.fr\/","https:\/\/www.facebook.com\/lesalonbeige.fr\/","https:\/\/x.com\/beige_salon","https:\/\/fr.wikipedia.org\/wiki\/Le_Salon_beige"],"url":"https:\/\/ifamnews.com\/fr\/author\/lesalonbeige"}]}},"amp_enabled":true,"_links":{"self":[{"href":"https:\/\/ifamnews.com\/fr\/wp-json\/wp\/v2\/posts\/92354","targetHints":{"allow":["GET"]}}],"collection":[{"href":"https:\/\/ifamnews.com\/fr\/wp-json\/wp\/v2\/posts"}],"about":[{"href":"https:\/\/ifamnews.com\/fr\/wp-json\/wp\/v2\/types\/post"}],"author":[{"embeddable":true,"href":"https:\/\/ifamnews.com\/fr\/wp-json\/wp\/v2\/users\/876"}],"replies":[{"embeddable":true,"href":"https:\/\/ifamnews.com\/fr\/wp-json\/wp\/v2\/comments?post=92354"}],"version-history":[{"count":1,"href":"https:\/\/ifamnews.com\/fr\/wp-json\/wp\/v2\/posts\/92354\/revisions"}],"predecessor-version":[{"id":92363,"href":"https:\/\/ifamnews.com\/fr\/wp-json\/wp\/v2\/posts\/92354\/revisions\/92363"}],"wp:featuredmedia":[{"embeddable":true,"href":"https:\/\/ifamnews.com\/fr\/wp-json\/wp\/v2\/media\/92355"}],"wp:attachment":[{"href":"https:\/\/ifamnews.com\/fr\/wp-json\/wp\/v2\/media?parent=92354"}],"wp:term":[{"taxonomy":"category","embeddable":true,"href":"https:\/\/ifamnews.com\/fr\/wp-json\/wp\/v2\/categories?post=92354"},{"taxonomy":"post_tag","embeddable":true,"href":"https:\/\/ifamnews.com\/fr\/wp-json\/wp\/v2\/tags?post=92354"}],"curies":[{"name":"wp","href":"https:\/\/api.w.org\/{rel}","templated":true}]}}