{"id":91669,"date":"2021-08-31T01:22:17","date_gmt":"2021-08-31T05:22:17","guid":{"rendered":"https:\/\/ifamnews.com\/?p=91669"},"modified":"2021-08-31T01:23:54","modified_gmt":"2021-08-31T05:23:54","slug":"l-afghanistan-en-fuite","status":"publish","type":"post","link":"https:\/\/ifamnews.com\/fr\/l-afghanistan-en-fuite","title":{"rendered":"Flux de r\u00e9fugi\u00e9s d&rsquo;Afghanistan"},"content":{"rendered":"\n<p>\u00ab\u00a0On ne peut pas jouer \u00e0 risquer la vie des gens\u00a0\u00bb : ce sont les mots amers d&rsquo;Emmanuele Di Leo, pr\u00e9sident de <a href=\"https:\/\/www.steadfast.ngo\/\" target=\"_blank\" rel=\"noopener\">Steadfast<\/a>, une organisation humanitaire italienne active notamment en Afrique avec de nombreux projets de soutien au d\u00e9veloppement et de d\u00e9fense des droits humains fondamentaux. Au t\u00e9l\u00e9phone pour une interview, Di Leo a partag\u00e9 avec \u00ab\u00a0iFamNews\u00a0\u00bb l&rsquo;exp\u00e9rience que lui et ses coll\u00e8gues de l&rsquo;organisation ont v\u00e9cue et vivent en ces jours dramatiques qui secouent \u00e0 nouveau l&rsquo;Afghanistan dans ses fondements.<\/p>\n\n\n\n<p>Nous savons tous ce qui se passe en Afghanistan. Le <a href=\"https:\/\/www.lucalovisolo.ch\/internazionale\/attualita\/afghanistan-invasione-sovietica-e-fatti-di-oggi.html\" target=\"_blank\" rel=\"noopener\">pays, meurtri<\/a> d&rsquo;abord par l&rsquo;invasion sovi\u00e9tique en 1979, puis par la domination des talibans depuis 1989, et avec le d\u00e9ploiement des troupes am\u00e9ricaines et europ\u00e9ennes de 2001 \u00e0 aujourd&rsquo;hui, avait connu une p\u00e9riode d&rsquo;ouverture apparente \u00e0 un mode de vie plus proche d&rsquo;au moins certains <em>standards<\/em> occidentaux. Avec leur retrait, qui doit s&rsquo;achever demain, 31 ao\u00fbt, l&rsquo;Afghanistan est \u00e0 nouveau plong\u00e9 dans le chaos. Les Talibans, qui ne se sont jamais vraiment rendus, ont pris le contr\u00f4le de Kaboul presque sans tirer un coup de feu et, du jour au lendemain, la population de tout le pays a \u00e9t\u00e9 plong\u00e9e dans la terreur.<\/p>\n\n\n\n<p>Les femmes, les gar\u00e7ons et les filles sont particuli\u00e8rement touch\u00e9s, ainsi que tous ceux qui ont travaill\u00e9 avec les Occidentaux \u00e0 divers titres au cours des 20 derni\u00e8res ann\u00e9es, quelles que soient les t\u00e2ches qu&rsquo;ils effectuaient pour eux : interpr\u00e8tes, bien s\u00fbr, mais aussi tout simplement nettoyage ou ouverture et fermeture des portes d&rsquo;une clinique m\u00e9dicale.<\/p>\n\n\n\n<p>Les Occidentaux pr\u00e9sents sur le territoire n&rsquo;\u00e9taient pas seulement les membres des forces arm\u00e9es, y compris italiennes d&rsquo;ailleurs, il y avait aussi les nombreux coop\u00e9rants des organisations humanitaires qui fournissaient quotidiennement des services sanitaires, d&rsquo;\u00e9ducation, de micro-cr\u00e9dit \u00e0 la population et surtout aux femmes.<\/p>\n\n\n\n<div class=\"wp-block-image\"><figure class=\"alignleft size-large is-resized\"><img decoding=\"async\" src=\"https:\/\/ifamnews.com\/wp-content\/uploads\/2021\/08\/872995e8-db60-4c48-9f5a-ba22bb8d32fe.jpg\" alt=\"\" class=\"wp-image-91424\" width=\"271\" height=\"319\"\/><figcaption>Emmanuele Di Leo, pr\u00e9sident de Steadfast<\/figcaption><\/figure><\/div>\n\n\n\n<p><strong>Pr\u00e9sident Di Leo<\/strong>, <strong>qu&rsquo;arrive-t-il maintenant \u00e0 ces personnes ?<\/strong><\/p>\n\n\n\n<p>Le retour de tous les Occidentaux doit \u00eatre conclu pour le 31 ao\u00fbt ; certains, peu nombreux, resteront certainement. Mais le travail infatigable de tant de personnes et d&rsquo;associations, qui, dans des situations de crise humanitaire grave, comme l&rsquo;a \u00e9t\u00e9 l&rsquo;Afghanistan dans le pass\u00e9, sont les premiers \u00e0 arriver et les derniers \u00e0 repartir, a \u00e9t\u00e9 r\u00e9duit en cendre par l&rsquo;\u00e9chec presque total de ce retour pr\u00e9cipit\u00e9 des troupes.<\/p>\n\n\n\n<p><strong>La population afghane se retrouve donc seule face aux forces talibanes, qui ont repris le pouvoir&#8230;<\/strong><\/p>\n\n\n\n<p>Exactement, et une v\u00e9ritable chasse \u00e0 l&rsquo;homme a \u00e9t\u00e9 lanc\u00e9e, notamment pour les femmes. L&rsquo;Italie a accueilli 4 900 personnes, dont 2 200 femmes et enfants : mais il n&rsquo;y a pratiquement pas de femmes de plus de 12 ans, \u00e0 l&rsquo;exception des personnes \u00e2g\u00e9es, parce que les talibans les ont tu\u00e9es ou r\u00e9duites en esclavage, maison par maison, par des raids massifs, peut-\u00eatre moins \u00e9vidents \u00e0 Kaboul, mais certainement avec une grande f\u00e9rocit\u00e9 dans le reste du pays.<\/p>\n\n\n\n<p><strong>Comment ces personnes sont-elles arriv\u00e9es en Italie ?<\/strong><\/p>\n\n\n\n<p>Par un couloir humanitaire. Les vols de Kaboul \u00e0 Rome, via le Kowe\u00eft et Islamabad, ont \u00e9t\u00e9 activ\u00e9s par l&rsquo;arm\u00e9e italienne et ont permis de les mettre en s\u00e9curit\u00e9. Il s&rsquo;agissait d&rsquo;un travail \u00e9norme et risqu\u00e9, dans lequel nos organisations militaires et humanitaires ont jou\u00e9 un r\u00f4le cl\u00e9, notamment parce que la situation est pass\u00e9e de s\u00e9rieuse \u00e0 urgente en 24 heures. Il est \u00e9galement amer de constater que les autorit\u00e9s occidentales n&rsquo;\u00e9taient pas pr\u00eates \u00e0 faire face \u00e0 cette urgence, qui n&rsquo;aurait pas d\u00fb les prendre au d\u00e9pourvu.<\/p>\n\n\n\n<p><strong>Comment cela a-t-il \u00e9t\u00e9 fait, alors ?<\/strong><\/p>\n\n\n\n<p>Je peux donner de nombreux exemples de bons exemples. Comme celle de Luca Lo Presti, pr\u00e9sident de la <a href=\"https:\/\/pangeaonlus.org\/\" target=\"_blank\" rel=\"noopener\">Fondazione Pangea Onlus<\/a>, qui travaille \u00e0 Kaboul depuis 2003 avec \u00e9norm\u00e9ment d&rsquo;engagement et d&rsquo;\u00e9nergie et qui, ces derniers jours, a sauv\u00e9 des centaines de vies, ou celle d&rsquo;autres ONG travaillant sur le terrain. En tant que Steadfast, apportant la solidarit\u00e9 \u00e0 ceux qui, comme nous, coop\u00e8rent dans des territoires difficiles, nous nous sommes tourn\u00e9s vers le Parlement Europ\u00e9en en demandant \u00e0 plusieurs d\u00e9put\u00e9s europ\u00e9ens d&rsquo;inciter le pr\u00e9sident David Sassoli \u00e0 ouvrir des couloirs humanitaires s\u00fbrs en coop\u00e9ration avec les organisations humanitaires en Afghanistan. L&rsquo;activation des corridors humanitaires s&rsquo;est av\u00e9r\u00e9e \u00eatre une op\u00e9ration naturellement complexe, notamment en raison du risque d&rsquo;infiltration d&rsquo;\u00e9ventuels terroristes. C&rsquo;est une chose tr\u00e8s importante qu&rsquo;il faut dire : les personnes qui ont \u00e9t\u00e9 secourues sont des personnes r\u00e9ellement en danger et des personnes \u00a0\u00bb s\u00fbres \u00ab\u00a0, qui ont travaill\u00e9 pendant vingt ans aux c\u00f4t\u00e9s des ambassades occidentales ou qui ont \u00e9t\u00e9 prises en charge par les diff\u00e9rentes ONG pr\u00e9sentes dans le pays. Et ce ne sont pas des migrants \u00e9conomiques, ce sont des r\u00e9fugi\u00e9s et en tant que tels, ils b\u00e9n\u00e9ficient et doivent b\u00e9n\u00e9ficier d&rsquo;une protection internationale.<\/p>\n\n\n\n<p><strong>Maintenant que ces personnes sont arriv\u00e9es en Italie, que se passe-t-il ?<\/strong><\/p>\n\n\n\n<p>Des points de collecte sont actuellement en place dans les bases militaires pour une p\u00e9riode de quarantaine en raison de la situation de pand\u00e9mie en cours. Entre-temps, le dispositif d&rsquo;accueil s&rsquo;efforce de mettre en place, en collaboration avec les municipalit\u00e9s de la p\u00e9ninsule, des centres o\u00f9 les r\u00e9fugi\u00e9s pourront \u00eatre accueillis, soign\u00e9s et progressivement int\u00e9gr\u00e9s dans la soci\u00e9t\u00e9 italienne. Heureusement, de nombreux maires et un grand nombre de simples citoyens se rendent disponibles pour l&rsquo;accueil. Il existe un sentiment de solidarit\u00e9 qui r\u00e9conforte m\u00eame dans la situation tragique du moment. Nous, en tant que Steadfast, nous sommes imm\u00e9diatement mis au travail et avons donn\u00e9 notre disponibilit\u00e9 \u00e0 diverses municipalit\u00e9s pour un projet d&rsquo;accueil.<\/p>\n\n\n\n<p><strong>L&rsquo;un des aspects les plus frappants de cet exode afghan est celui des enfants que, comme nous l&rsquo;avons vu dans les <em>m\u00e9dias<\/em>, les m\u00e8res ont mis dans les bras des soldats ou des quelques hommes qui ont r\u00e9ussi \u00e0 franchir la barri\u00e8re \u00e0 l&rsquo;entr\u00e9e de l&rsquo;a\u00e9roport de Kaboul, afin qu&rsquo;ils puissent les emmener, en lieu s\u00fbr&#8230;<\/strong><\/p>\n\n\n\n<p>Les sc\u00e8nes vues aux informations sont d\u00e9chirantes, et elles sont vraies. \u00c0 l&rsquo;heure actuelle, soyons honn\u00eates, il est n\u00e9cessaire de sauver leur vie. Ce n&rsquo;est qu&rsquo;ensuite que nous pourrons chercher un moyen de les r\u00e9unir, ce que nous esp\u00e9rons tous, bien s\u00fbr. C&rsquo;est une autre raison pour laquelle il est si important que l&rsquo;Occident, bien qu&rsquo;il se soit retir\u00e9, ne disparaisse pas, ne ferme pas les couloirs et n&rsquo;abandonne pas les Afghans dans l&rsquo;isolement dans lequel l&rsquo;Afghanistan s&rsquo;enferme de force. Il s&rsquo;agit d&rsquo;une urgence humanitaire, dans laquelle les droits de l&rsquo;homme fondamentaux sont ignor\u00e9s, viol\u00e9s et bafou\u00e9s.<\/p>\n\n\n\n<p><strong>Quelle est et quelle sera donc la t\u00e2che de l&rsquo;Europe ?<\/strong><\/p>\n\n\n\n<p>L&rsquo;Occident, dans son ensemble, a le devoir de promouvoir et de prot\u00e9ger les droits fondamentaux de l&rsquo;homme, qui, en tant que tels, devraient appartenir \u00e0 tous les \u00eatres humains, o\u00f9 qu&rsquo;ils soient n\u00e9s et quel que soit le pays auquel ils appartiennent. Il doit r\u00e9fl\u00e9chir \u00e0 ce qui n&rsquo;a pas fonctionn\u00e9 avec le syst\u00e8me dans lequel il op\u00e9rait, si apr\u00e8s vingt ans de sacrifice, l&rsquo;Afghanistan est de retour \u00e0 la case d\u00e9part, voire pire. Il est inutile de discuter et de d\u00e9battre de l&rsquo;opportunit\u00e9 d'\u00a0\u00bbexporter la d\u00e9mocratie\u00a0\u00bb, m\u00eame si l&rsquo;on a parfois l&rsquo;impression que les pays occidentaux ont tendance \u00e0 imposer plut\u00f4t qu&rsquo;\u00e0 coop\u00e9rer et \u00e0 collaborer. Seuls une v\u00e9ritable coop\u00e9ration et le plein respect des droits de l&rsquo;homme peuvent aider et favoriser le d\u00e9veloppement.<\/p>\n\n\n\n<p>En ce qui concerne l&rsquo;Europe en particulier, il est n\u00e9cessaire et indispensable qu&rsquo;elle se consid\u00e8re d&rsquo;abord comme une institution, comme une union d\u00e9sint\u00e9ress\u00e9e de pays, plut\u00f4t que comme une simple collection d&rsquo;int\u00e9r\u00eats \u00e9conomiques et financiers. Elle doit se penser comme une force unie, comme une union de nations dont les principaux objectifs sont de d\u00e9fendre les droits de l&rsquo;homme et de garantir l&rsquo;aide humanitaire, de surmonter l&rsquo;individualisme et l&rsquo;\u00e9go\u00efsme et de prendre parti.<\/p>\n\n\n\n<p>L&rsquo;appel que nous, Steadfast, voudrions lancer est exactement le suivant : l&rsquo;Italie, ainsi que le reste de l&rsquo;Europe, ne peut et ne doit pas abandonner l&rsquo;Afghanistan et son peuple \u00e0 leur sort, mais a le devoir moral de repenser sa coop\u00e9ration et son soutien humanitaire.<\/p>\n","protected":false},"excerpt":{"rendered":"<p>L&rsquo;urgence humanitaire vue par les acteurs de la coop\u00e9ration internationale<\/p>\n","protected":false},"author":14,"featured_media":91436,"comment_status":"open","ping_status":"open","sticky":false,"template":"","format":"standard","meta":{"give_campaign_id":0,"om_disable_all_campaigns":false,"_monsterinsights_skip_tracking":false,"_monsterinsights_sitenote_active":false,"_monsterinsights_sitenote_note":"","_monsterinsights_sitenote_category":0,"mc4wp_mailchimp_campaign":[],"jnews-multi-image_gallery":[],"jnews_single_post":{"subtitle":"L'urgence humanitaire vue par les acteurs de la coop\u00e9ration internationale","format":"standard","video":"","gallery":"","source_name":"","source_url":"","via_name":"","via_url":"","override":[{"single_blog_custom":"","sidebar":"","second_sidebar":"","share_position":"","share_float_style":"","post_date_format":"","post_date_format_custom":"","post_reading_time_wpm":"","zoom_button_out_step":"1","zoom_button_in_step":"1","number_popup_post":"1"}],"image_override":[{"single_post_thumbnail_size":"","single_post_gallery_size":""}],"trending_post_position":"","trending_post_label":"","sponsored_post_label":"","sponsored_post_name":"","sponsored_post_url":"","sponsored_post_logo":"","sponsored_post_desc":""},"jnews_primary_category":{"id":""},"jnews_social_meta":[],"jnews_override_counter":[],"footnotes":""},"categories":[762,809,800],"tags":[12222,4338,6739,8665,11866,8496,12224,12225],"class_list":["post-91669","post","type-post","status-publish","format-standard","has-post-thumbnail","hentry","category-culture-fr","category-foreground-fr","category-politique","tag-droits-de-lhomme-fr","tag-droits-de-lhomme","tag-europe-fr","tag-foreground-fr","tag-heure-dete","tag-highlight-fr","tag-humanitaire","tag-refugies"],"yoast_head":"<!-- This site is optimized with the Yoast SEO Premium plugin v25.9 (Yoast SEO v27.3) - https:\/\/yoast.com\/product\/yoast-seo-premium-wordpress\/ -->\n<title>Flux de r\u00e9fugi\u00e9s d&#039;Afghanistan - &quot;iFamNews<\/title>\n<meta name=\"description\" content=\"L&#039;urgence humanitaire dans le pays asiatique, vue par les acteurs de la coop\u00e9ration internationale\" \/>\n<meta name=\"robots\" content=\"index, follow, max-snippet:-1, max-image-preview:large, max-video-preview:-1\" \/>\n<link rel=\"canonical\" href=\"https:\/\/ifamnews.com\/fr\/l-afghanistan-en-fuite\" \/>\n<meta property=\"og:locale\" content=\"fr_FR\" \/>\n<meta property=\"og:type\" content=\"article\" \/>\n<meta property=\"og:title\" content=\"Flux de r\u00e9fugi\u00e9s d&#039;Afghanistan\" \/>\n<meta property=\"og:description\" content=\"L&#039;urgence humanitaire dans le pays asiatique, vue par les acteurs de la coop\u00e9ration internationale\" \/>\n<meta property=\"og:url\" content=\"https:\/\/ifamnews.com\/fr\/l-afghanistan-en-fuite\" \/>\n<meta property=\"og:site_name\" content=\"IFN\" \/>\n<meta property=\"article:publisher\" content=\"https:\/\/www.facebook.com\/iFamNews\" \/>\n<meta property=\"article:published_time\" content=\"2021-08-31T05:22:17+00:00\" \/>\n<meta property=\"article:modified_time\" content=\"2021-08-31T05:23:54+00:00\" \/>\n<meta property=\"og:image\" content=\"https:\/\/ifamnews.com\/wp-content\/uploads\/2021\/08\/afghanistan-83496_1280.jpg\" \/>\n\t<meta property=\"og:image:width\" content=\"1280\" \/>\n\t<meta property=\"og:image:height\" content=\"853\" \/>\n\t<meta property=\"og:image:type\" content=\"image\/jpeg\" \/>\n<meta name=\"author\" content=\"Barbara Santambrogio\" \/>\n<meta name=\"twitter:card\" content=\"summary_large_image\" \/>\n<meta name=\"twitter:creator\" content=\"@iFamNewsEN\" \/>\n<meta name=\"twitter:site\" content=\"@iFamNewsEN\" \/>\n<meta name=\"twitter:label1\" content=\"\u00c9crit par\" \/>\n\t<meta name=\"twitter:data1\" content=\"Barbara Santambrogio\n\" \/>\n\t<meta name=\"twitter:label2\" content=\"Dur\u00e9e de lecture estim\u00e9e\" \/>\n\t<meta name=\"twitter:data2\" content=\"6 minutes\" \/>\n<!-- \/ Yoast SEO Premium plugin. -->","yoast_head_json":{"title":"Flux de r\u00e9fugi\u00e9s d'Afghanistan - \"iFamNews","description":"L'urgence humanitaire dans le pays asiatique, vue par les acteurs de la coop\u00e9ration internationale","robots":{"index":"index","follow":"follow","max-snippet":"max-snippet:-1","max-image-preview":"max-image-preview:large","max-video-preview":"max-video-preview:-1"},"canonical":"https:\/\/ifamnews.com\/fr\/l-afghanistan-en-fuite","og_locale":"fr_FR","og_type":"article","og_title":"Flux de r\u00e9fugi\u00e9s d'Afghanistan","og_description":"L'urgence humanitaire dans le pays asiatique, vue par les acteurs de la coop\u00e9ration internationale","og_url":"https:\/\/ifamnews.com\/fr\/l-afghanistan-en-fuite","og_site_name":"IFN","article_publisher":"https:\/\/www.facebook.com\/iFamNews","article_published_time":"2021-08-31T05:22:17+00:00","article_modified_time":"2021-08-31T05:23:54+00:00","og_image":[{"width":1280,"height":853,"url":"https:\/\/ifamnews.com\/wp-content\/uploads\/2021\/08\/afghanistan-83496_1280.jpg","type":"image\/jpeg"}],"author":"Barbara Santambrogio","twitter_card":"summary_large_image","twitter_creator":"@iFamNewsEN","twitter_site":"@iFamNewsEN","twitter_misc":{"\u00c9crit par":"Barbara Santambrogio\n","Dur\u00e9e de lecture estim\u00e9e":"6 minutes"},"schema":{"@context":"https:\/\/schema.org","@graph":[{"@type":"NewsArticle","@id":"https:\/\/ifamnews.com\/fr\/l-afghanistan-en-fuite#article","isPartOf":{"@id":"https:\/\/ifamnews.com\/fr\/l-afghanistan-en-fuite"},"author":{"name":"Barbara Santambrogio","@id":"https:\/\/ifamnews.com\/en\/#\/schema\/person\/17118599da2799311b3611609a244572"},"headline":"Flux de r\u00e9fugi\u00e9s d&rsquo;Afghanistan","datePublished":"2021-08-31T05:22:17+00:00","dateModified":"2021-08-31T05:23:54+00:00","mainEntityOfPage":{"@id":"https:\/\/ifamnews.com\/fr\/l-afghanistan-en-fuite"},"wordCount":1482,"commentCount":0,"publisher":{"@id":"https:\/\/ifamnews.com\/en\/#organization"},"image":{"@id":"https:\/\/ifamnews.com\/fr\/l-afghanistan-en-fuite#primaryimage"},"thumbnailUrl":"https:\/\/ifamnews.com\/wp-content\/uploads\/2021\/08\/afghanistan-83496_1280.jpg","keywords":["Droits de l'homme","droits de l&#039;homme","Europe","Foreground","Heure d'\u00e9t\u00e9","Highlight","humanitaire","r\u00e9fugi\u00e9s"],"articleSection":["Culture","Foreground","Politique"],"inLanguage":"fr-FR","potentialAction":[{"@type":"CommentAction","name":"Comment","target":["https:\/\/ifamnews.com\/fr\/l-afghanistan-en-fuite#respond"]}]},{"@type":"WebPage","@id":"https:\/\/ifamnews.com\/fr\/l-afghanistan-en-fuite","url":"https:\/\/ifamnews.com\/fr\/l-afghanistan-en-fuite","name":"Flux de r\u00e9fugi\u00e9s d'Afghanistan - \"iFamNews","isPartOf":{"@id":"https:\/\/ifamnews.com\/en\/#website"},"primaryImageOfPage":{"@id":"https:\/\/ifamnews.com\/fr\/l-afghanistan-en-fuite#primaryimage"},"image":{"@id":"https:\/\/ifamnews.com\/fr\/l-afghanistan-en-fuite#primaryimage"},"thumbnailUrl":"https:\/\/ifamnews.com\/wp-content\/uploads\/2021\/08\/afghanistan-83496_1280.jpg","datePublished":"2021-08-31T05:22:17+00:00","dateModified":"2021-08-31T05:23:54+00:00","description":"L'urgence humanitaire dans le pays asiatique, vue par les acteurs de la coop\u00e9ration internationale","breadcrumb":{"@id":"https:\/\/ifamnews.com\/fr\/l-afghanistan-en-fuite#breadcrumb"},"inLanguage":"fr-FR","potentialAction":[{"@type":"ReadAction","target":["https:\/\/ifamnews.com\/fr\/l-afghanistan-en-fuite"]}]},{"@type":"ImageObject","inLanguage":"fr-FR","@id":"https:\/\/ifamnews.com\/fr\/l-afghanistan-en-fuite#primaryimage","url":"https:\/\/ifamnews.com\/wp-content\/uploads\/2021\/08\/afghanistan-83496_1280.jpg","contentUrl":"https:\/\/ifamnews.com\/wp-content\/uploads\/2021\/08\/afghanistan-83496_1280.jpg","width":1280,"height":853,"caption":"Image par David Mark de Pixabay"},{"@type":"BreadcrumbList","@id":"https:\/\/ifamnews.com\/fr\/l-afghanistan-en-fuite#breadcrumb","itemListElement":[{"@type":"ListItem","position":1,"name":"Home","item":"https:\/\/ifamnews.com\/de"},{"@type":"ListItem","position":2,"name":"Cultura","item":"https:\/\/ifamnews.com\/it\/categoria\/cultura"},{"@type":"ListItem","position":3,"name":"Flux de r\u00e9fugi\u00e9s d&#8217;Afghanistan"}]},{"@type":"WebSite","@id":"https:\/\/ifamnews.com\/en\/#website","url":"https:\/\/ifamnews.com\/en\/","name":"IFN","description":"International Family News Network","publisher":{"@id":"https:\/\/ifamnews.com\/en\/#organization"},"potentialAction":[{"@type":"SearchAction","target":{"@type":"EntryPoint","urlTemplate":"https:\/\/ifamnews.com\/en\/?s={search_term_string}"},"query-input":{"@type":"PropertyValueSpecification","valueRequired":true,"valueName":"search_term_string"}}],"inLanguage":"fr-FR"},{"@type":"Organization","@id":"https:\/\/ifamnews.com\/en\/#organization","name":"iFamNews","url":"https:\/\/ifamnews.com\/en\/","logo":{"@type":"ImageObject","inLanguage":"fr-FR","@id":"https:\/\/ifamnews.com\/en\/#\/schema\/logo\/image\/","url":"https:\/\/ifamnews.com\/wp-content\/uploads\/2020\/01\/Share-logo.png","contentUrl":"https:\/\/ifamnews.com\/wp-content\/uploads\/2020\/01\/Share-logo.png","width":200,"height":200,"caption":"iFamNews"},"image":{"@id":"https:\/\/ifamnews.com\/en\/#\/schema\/logo\/image\/"},"sameAs":["https:\/\/www.facebook.com\/iFamNews","https:\/\/x.com\/iFamNewsEN"]},{"@type":"Person","@id":"https:\/\/ifamnews.com\/en\/#\/schema\/person\/17118599da2799311b3611609a244572","name":"Barbara Santambrogio","image":{"@type":"ImageObject","inLanguage":"fr-FR","@id":"https:\/\/secure.gravatar.com\/avatar\/e82fde821e1707b5acb9fe7ab0a5d6e32d42db6117e73021c2fc05cc90dad32f?s=96&d=mm&r=g","url":"https:\/\/secure.gravatar.com\/avatar\/e82fde821e1707b5acb9fe7ab0a5d6e32d42db6117e73021c2fc05cc90dad32f?s=96&d=mm&r=g","contentUrl":"https:\/\/secure.gravatar.com\/avatar\/e82fde821e1707b5acb9fe7ab0a5d6e32d42db6117e73021c2fc05cc90dad32f?s=96&d=mm&r=g","caption":"Barbara Santambrogio"},"description":"After an original and varied working path, in the field of advertising and publishing, but also in the world of wine, she finally came to deal with what she is most passionate about. Today she writes (for the web, but not only), deals with translations and teaches in elementary school. Biological and adoptive mother, she loves reading and running.","url":"https:\/\/ifamnews.com\/fr\/author\/bsantambrogio"}]}},"amp_enabled":true,"_links":{"self":[{"href":"https:\/\/ifamnews.com\/fr\/wp-json\/wp\/v2\/posts\/91669","targetHints":{"allow":["GET"]}}],"collection":[{"href":"https:\/\/ifamnews.com\/fr\/wp-json\/wp\/v2\/posts"}],"about":[{"href":"https:\/\/ifamnews.com\/fr\/wp-json\/wp\/v2\/types\/post"}],"author":[{"embeddable":true,"href":"https:\/\/ifamnews.com\/fr\/wp-json\/wp\/v2\/users\/14"}],"replies":[{"embeddable":true,"href":"https:\/\/ifamnews.com\/fr\/wp-json\/wp\/v2\/comments?post=91669"}],"version-history":[{"count":4,"href":"https:\/\/ifamnews.com\/fr\/wp-json\/wp\/v2\/posts\/91669\/revisions"}],"predecessor-version":[{"id":91674,"href":"https:\/\/ifamnews.com\/fr\/wp-json\/wp\/v2\/posts\/91669\/revisions\/91674"}],"wp:featuredmedia":[{"embeddable":true,"href":"https:\/\/ifamnews.com\/fr\/wp-json\/wp\/v2\/media\/91436"}],"wp:attachment":[{"href":"https:\/\/ifamnews.com\/fr\/wp-json\/wp\/v2\/media?parent=91669"}],"wp:term":[{"taxonomy":"category","embeddable":true,"href":"https:\/\/ifamnews.com\/fr\/wp-json\/wp\/v2\/categories?post=91669"},{"taxonomy":"post_tag","embeddable":true,"href":"https:\/\/ifamnews.com\/fr\/wp-json\/wp\/v2\/tags?post=91669"}],"curies":[{"name":"wp","href":"https:\/\/api.w.org\/{rel}","templated":true}]}}