{"id":90772,"date":"2021-08-25T02:19:15","date_gmt":"2021-08-25T06:19:15","guid":{"rendered":"https:\/\/ifamnews.com\/?p=90772"},"modified":"2021-08-25T02:19:17","modified_gmt":"2021-08-25T06:19:17","slug":"l-administration-biden-publie-une-note-controvers-e-sur-les-questions-lgbt-dans-les-coles","status":"publish","type":"post","link":"https:\/\/ifamnews.com\/fr\/l-administration-biden-publie-une-note-controvers-e-sur-les-questions-lgbt-dans-les-coles","title":{"rendered":"L&rsquo;administration Biden publie une note controvers\u00e9e sur les questions LGBT dans les \u00e9coles"},"content":{"rendered":"\n<p>Joe Biden, qui a promis d'\u00a0\u00bbunir les gens\u00a0\u00bb et de \u00ab\u00a0rassembler le pays\u00a0\u00bb, est de nouveau \u00e0 l&rsquo;\u0153uvre, cette fois dans notre syst\u00e8me d&rsquo;\u00e9ducation publique. Dans le cadre de ses efforts continus pour promouvoir le programme LGBT radical, l&rsquo;administration Biden vient de publier un document de deux pages intitul\u00e9 \u00ab\u00a0Confrontation du harc\u00e8lement anti-LGBTQI+ dans les \u00e9coles\u00a0\u00bb. Au lieu d&rsquo;aider \u00e0 r\u00e9duire la fracture dans notre pays, cette ressource diabolise les conservateurs et ceux qui souhaitent d\u00e9fendre nos filles, et appelle \u00e0 punir les enfants de 11 ans qui n&rsquo;adh\u00e8rent pas \u00e0 l&rsquo;agenda marxiste LGBT.<\/p>\n\n\n\n<p>La note commence par un mensonge flagrant. Dans son paragraphe d&rsquo;introduction, elle d\u00e9clare : \u00ab\u00a0Il est important de savoir que la discrimination \u00e0 l&rsquo;encontre des \u00e9tudiants fond\u00e9e sur leur orientation sexuelle et leur identit\u00e9 de genre est une forme de discrimination sexuelle interdite par la loi f\u00e9d\u00e9rale.\u00a0\u00bb Alors que les officiels LGBT radicaux de Biden veulent que ce soit vrai&#8230;Il<em> n&rsquo;y a pas de loi f\u00e9d\u00e9rale ou de d\u00e9cision de la Cour Supr\u00eame qui stipule que c<\/em> &lsquo;est le cas (bien que l&rsquo;administration Biden soutienne fortement la mal nomm\u00e9e \u00ab\u00a0loi sur l&rsquo;\u00e9galit\u00e9\u00a0\u00bb f\u00e9d\u00e9rale qui interdirait explicitement une telle discrimination et promouvrait le programme radical des LGBT). Ainsi, il est ironique qu&rsquo;une note cr\u00e9\u00e9e<em> <\/em>par les bureaux des droits civils des d\u00e9partements de la justice et de l&rsquo;\u00e9ducation des \u00c9tats-Unis, qui sont <em>charg\u00e9s de conna\u00eetre la loi<\/em>, se trompent \u00e0 ce point.<\/p>\n\n\n\n<p>Le document donne ensuite des exemples de situations dans lesquelles les minist\u00e8res de la justice et de l&rsquo;\u00e9ducation \u00ab\u00a0peuvent enqu\u00eater\u00a0\u00bb. Un incident que les services jugent digne d&rsquo;\u00eatre \u00e9tudi\u00e9 est le suivant :<\/p>\n\n\n\n<blockquote class=\"wp-block-quote is-layout-flow wp-block-quote-is-layout-flow\"><p>\u00ab\u00a0Alors qu&rsquo;elle se dirige vers les toilettes des filles, une lyc\u00e9enne transgenre [c&rsquo;est-\u00e0-dire un homme biologique] est arr\u00eat\u00e9e par le principal qui lui interdit l&rsquo;entr\u00e9e. Le principal dit \u00e0 l&rsquo;\u00e9l\u00e8ve d&rsquo;utiliser les toilettes des gar\u00e7ons ou le bureau de l&rsquo;infirmi\u00e8re parce que son dossier scolaire l&rsquo;identifie comme un &lsquo;homme&rsquo;. Plus tard, l&rsquo;\u00e9l\u00e8ve rejoint ses amies pour essayer de faire partie de l&rsquo;\u00e9quipe de pom-pom girls et l&rsquo;entra\u00eeneur la renvoie des essais uniquement parce qu&rsquo;elle est transsexuelle. Lorsque l&rsquo;\u00e9l\u00e8ve se plaint, le principal lui r\u00e9pond que c&rsquo;est la politique du district\u00a0\u00bb.<\/p><\/blockquote>\n\n\n\n<p>Ainsi, la politique cr\u00e9\u00e9e par un conseil scolaire de district \u00e9lu, qui a \u00e9t\u00e9 con\u00e7ue pour respecter la vie priv\u00e9e des femmes dans ces lieux les plus intimes et pour s&rsquo;assurer que les hommes biologiques ne se mesurent qu&rsquo;\u00e0 d&rsquo;autres hommes biologiques &#8211; et <em>qui est l\u00e9gale selon la loi actuelle &#8211; est<\/em> pr\u00e9sum\u00e9e \u00eatre un comportement illicite. L&rsquo;administration Biden veut nous faire croire que les \u00e9ducateurs et les parents devraient avoir honte d&rsquo;essayer de <em>prot\u00e9ger<\/em> leurs filles.<\/p>\n\n\n\n<p>Dans un autre exemple, un gar\u00e7on transgenre (c&rsquo;est-\u00e0-dire une femme biologique) \u00e0 l&rsquo;\u00e9cole interm\u00e9diaire \u00ab\u00a0se pr\u00e9sente sous le nom de Brayden et dit \u00e0 ses camarades de classe qu&rsquo;il utilise les pronoms il\/elle\u00a0\u00bb. Cet enfant, <em>qui n&rsquo;a tr\u00e8s probablement que 11 ans<\/em>, est d\u00e9j\u00e0 \u00ab\u00a0affirm\u00e9\u00a0\u00bb par la note dans son identit\u00e9 transgenre. Parmi les activit\u00e9s que la note consid\u00e8re comme m\u00e9ritant une enqu\u00eate, il y a le fait que des camarades de classe \u00ab\u00a0appellent [l&rsquo;\u00e9tudiant] par son ancien nom\u00a0\u00bb. Ainsi, des coll\u00e9giens de 11 ans, qui ont tr\u00e8s probablement connu l&rsquo;\u00e9tudiante biologique en question comme \u00e9tant une fille pendant plusieurs ann\u00e9es et qui peuvent faire la diff\u00e9rence de mani\u00e8re inn\u00e9e entre les gar\u00e7ons et les filles, adoptent un comportement illicite lorsqu&rsquo;ils utilisent l&rsquo;ancien nom de l&rsquo;\u00e9tudiante. Selon l&rsquo;administration Biden, ces \u00e9l\u00e8ves de coll\u00e8ge doivent \u00eatre contraints par le gouvernement \u00e0 soutenir le programme LGBT ou \u00e0 en subir les cons\u00e9quences. S&rsquo;il y a jamais eu un cas de tyrannie, c&rsquo;est bien celui-l\u00e0.<\/p>\n\n\n\n<p>Ironiquement, la note contient une citation de Kristen Clarke, Procureur G\u00e9n\u00e9ral Adjoint pour les Droits Civils au Minist\u00e8re Am\u00e9ricain de la Justice, selon laquelle \u00ab\u00a0tous les \u00e9tudiants doivent pouvoir apprendre dans un environnement s\u00fbr, exempt de discrimination et de harc\u00e8lement.\u00a0\u00bb C&rsquo;est la m\u00eame Kristen Clarke qui a <a href=\"https:\/\/www.thecrimson.com\/article\/1994\/11\/4\/clarke-should-retract-statements-pbtbwo-years\/\" target=\"_blank\" rel=\"noreferrer noopener\">\u00e9crit<\/a> que les Noirs sont sup\u00e9rieurs aux Blancs et qui a soutenu le controvers\u00e9 professeur Leonard Jeffries de la City University of New York (CUNY) qui s&rsquo;est adress\u00e9 \u00e0 l&rsquo;association des \u00e9tudiants noirs de son universit\u00e9. <em>Comme l&rsquo;<\/em><a href=\"https:\/\/nypost.com\/2021\/01\/26\/this-biden-pick-for-a-top-civil-rights-job-has-an-ugly-history-of-hate\/\" target=\"_blank\" rel=\"noreferrer noopener\"> a rapport\u00e9 le<\/a> <em>New York Post<\/em> en janvier de cette ann\u00e9e :<\/p>\n\n\n\n<blockquote class=\"wp-block-quote is-layout-flow wp-block-quote-is-layout-flow\"><p>\u00ab\u00a0Alors qu&rsquo;elle \u00e9tait \u00e9tudiante \u00e0 Harvard, Clarke a soutenu dans le journal \u00e9tudiant que les Noirs avaient de plus grandes \u00ab\u00a0capacit\u00e9s mentales, physiques et spirituelles\u00a0\u00bb que les Blancs en raison de la quantit\u00e9 de m\u00e9lanine pr\u00e9sente dans leur peau, une th\u00e9orie raciste d\u00e9fendue par des racistes comme Louis Farrakhan et la Nation of Islam. En tant que pr\u00e9sidente de l&rsquo;association des \u00e9tudiants noirs de Harvard, elle a invit\u00e9 l&rsquo;auteur Tony Martin \u00e0 s&rsquo;exprimer sur le campus, malgr\u00e9 son antis\u00e9mitisme forcen\u00e9 et sa n\u00e9gation de l&rsquo;Holocauste. Elle l&rsquo;a ensuite d\u00e9fendu en tant qu'\u00a0\u00bbintellectuel noir qui fonde ses informations\u00a0\u00bb &#8211; c&rsquo;est-\u00e0-dire ses insultes antis\u00e9mites &#8211; \u00ab\u00a0sur des faits indiscutables.\u00a0\u00bb<\/p><\/blockquote>\n\n\n\n<p>Ainsi, une raciste connue de l&rsquo;administration Biden promeut une politique pr\u00e9tendument con\u00e7ue pour \u00e9liminer la discrimination. Sur quelle plan\u00e8te sommes-nous ?<\/p>\n\n\n\n<p>Dans son dernier effort pour promouvoir le programme LGBT radical, l&rsquo;administration Biden a publi\u00e9 une note scolaire avec une citation d&rsquo;une raciste connue qui non seulement ne respecte pas la loi, mais fait honte aux \u00e9ducateurs et aux parents qui veulent prot\u00e9ger leurs filles, et oblige les coll\u00e9giens \u00e0 suivre la ligne LGBT radicale. Il est grand temps que les citoyens concern\u00e9s s&rsquo;\u00e9l\u00e8vent contre ce d\u00e9passement despotique de l&rsquo;administration Biden et d\u00e9fendent nos enfants contre le programme extr\u00e9miste des LGBT.<\/p>\n","protected":false},"excerpt":{"rendered":"<p>Les bureaux des droits civils dans les d\u00e9partements de la justice et de l&rsquo;\u00e9ducation, charg\u00e9s de conna\u00eetre la loi, se trompent lourdement sur la loi. Et cela ne va pas sans causer d&rsquo;immenses dommages \u00e0 nos enfants.<\/p>\n","protected":false},"author":651,"featured_media":90622,"comment_status":"open","ping_status":"open","sticky":false,"template":"","format":"standard","meta":{"give_campaign_id":0,"om_disable_all_campaigns":false,"_monsterinsights_skip_tracking":false,"_monsterinsights_sitenote_active":false,"_monsterinsights_sitenote_note":"","_monsterinsights_sitenote_category":0,"mc4wp_mailchimp_campaign":[],"jnews-multi-image_gallery":[],"jnews_single_post":{"subtitle":"Les bureaux des droits civils dans les d\u00e9partements de la justice et de l'\u00e9ducation, charg\u00e9s de conna\u00eetre la loi, se trompent lourdement sur la loi. Et cela ne va pas sans causer d'immenses dommages \u00e0 nos enfants.","format":"standard","video":"","gallery":"","source_name":"","source_url":"","via_name":"","via_url":"","override":[{"single_blog_custom":"","sidebar":"","second_sidebar":"","share_position":"","share_float_style":"","post_date_format":"","post_date_format_custom":"","post_reading_time_wpm":"","zoom_button_out_step":"1","zoom_button_in_step":"1","number_popup_post":"1"}],"image_override":[{"single_post_thumbnail_size":"","single_post_gallery_size":""}],"trending_post_position":"","trending_post_label":"","sponsored_post_label":"","sponsored_post_name":"","sponsored_post_url":"","sponsored_post_logo":"","sponsored_post_desc":""},"jnews_primary_category":{"id":"762"},"jnews_social_meta":[],"jnews_override_counter":[],"footnotes":""},"categories":[762,809],"tags":[8118,12115,12116,9044],"class_list":["post-90772","post","type-post","status-publish","format-standard","has-post-thumbnail","hentry","category-culture-fr","category-foreground-fr","tag-biden-administration-fr","tag-enseignement-dans-les-ecoles-publiques","tag-kristen-clarke-fr","tag-lgbt-fr-2"],"yoast_head":"<!-- This site is optimized with the Yoast SEO Premium plugin v25.9 (Yoast SEO v27.3) - https:\/\/yoast.com\/product\/yoast-seo-premium-wordpress\/ -->\n<title>L&#039;administration Biden publie une note controvers\u00e9e sur les questions LGBT dans les \u00e9coles - IFN<\/title>\n<meta name=\"description\" content=\"Les bureaux des droits civils dans les d\u00e9partements de la justice et de l&#039;\u00e9ducation, charg\u00e9s de conna\u00eetre la loi, se trompent lourdement sur la loi. Et cela ne va pas sans causer d&#039;immenses dommages \u00e0 nos enfants.\" \/>\n<meta name=\"robots\" content=\"index, follow, max-snippet:-1, max-image-preview:large, max-video-preview:-1\" \/>\n<link rel=\"canonical\" href=\"https:\/\/ifamnews.com\/fr\/l-administration-biden-publie-une-note-controvers-e-sur-les-questions-lgbt-dans-les-coles\" \/>\n<meta property=\"og:locale\" content=\"fr_FR\" \/>\n<meta property=\"og:type\" content=\"article\" \/>\n<meta property=\"og:title\" content=\"L&#039;administration Biden publie une note controvers\u00e9e sur les questions LGBT dans les \u00e9coles\" \/>\n<meta property=\"og:description\" content=\"Les bureaux des droits civils dans les d\u00e9partements de la justice et de l&#039;\u00e9ducation, charg\u00e9s de conna\u00eetre la loi, se trompent lourdement sur la loi. Et cela ne va pas sans causer d&#039;immenses dommages \u00e0 nos enfants.\" \/>\n<meta property=\"og:url\" content=\"https:\/\/ifamnews.com\/fr\/l-administration-biden-publie-une-note-controvers-e-sur-les-questions-lgbt-dans-les-coles\" \/>\n<meta property=\"og:site_name\" content=\"IFN\" \/>\n<meta property=\"article:publisher\" content=\"https:\/\/www.facebook.com\/iFamNews\" \/>\n<meta property=\"article:published_time\" content=\"2021-08-25T06:19:15+00:00\" \/>\n<meta property=\"article:modified_time\" content=\"2021-08-25T06:19:17+00:00\" \/>\n<meta property=\"og:image\" content=\"https:\/\/ifamnews.com\/wp-content\/uploads\/2021\/08\/pride-compressor.jpg\" \/>\n\t<meta property=\"og:image:width\" content=\"750\" \/>\n\t<meta property=\"og:image:height\" content=\"422\" \/>\n\t<meta property=\"og:image:type\" content=\"image\/jpeg\" \/>\n<meta name=\"author\" content=\"Cato\" \/>\n<meta name=\"twitter:card\" content=\"summary_large_image\" \/>\n<meta name=\"twitter:creator\" content=\"@iFamNewsEN\" \/>\n<meta name=\"twitter:site\" content=\"@iFamNewsEN\" \/>\n<meta name=\"twitter:label1\" content=\"\u00c9crit par\" \/>\n\t<meta name=\"twitter:data1\" content=\"Cato\" \/>\n\t<meta name=\"twitter:label2\" content=\"Dur\u00e9e de lecture estim\u00e9e\" \/>\n\t<meta name=\"twitter:data2\" content=\"4 minutes\" \/>\n<!-- \/ Yoast SEO Premium plugin. -->","yoast_head_json":{"title":"L'administration Biden publie une note controvers\u00e9e sur les questions LGBT dans les \u00e9coles - IFN","description":"Les bureaux des droits civils dans les d\u00e9partements de la justice et de l'\u00e9ducation, charg\u00e9s de conna\u00eetre la loi, se trompent lourdement sur la loi. Et cela ne va pas sans causer d'immenses dommages \u00e0 nos enfants.","robots":{"index":"index","follow":"follow","max-snippet":"max-snippet:-1","max-image-preview":"max-image-preview:large","max-video-preview":"max-video-preview:-1"},"canonical":"https:\/\/ifamnews.com\/fr\/l-administration-biden-publie-une-note-controvers-e-sur-les-questions-lgbt-dans-les-coles","og_locale":"fr_FR","og_type":"article","og_title":"L'administration Biden publie une note controvers\u00e9e sur les questions LGBT dans les \u00e9coles","og_description":"Les bureaux des droits civils dans les d\u00e9partements de la justice et de l'\u00e9ducation, charg\u00e9s de conna\u00eetre la loi, se trompent lourdement sur la loi. Et cela ne va pas sans causer d'immenses dommages \u00e0 nos enfants.","og_url":"https:\/\/ifamnews.com\/fr\/l-administration-biden-publie-une-note-controvers-e-sur-les-questions-lgbt-dans-les-coles","og_site_name":"IFN","article_publisher":"https:\/\/www.facebook.com\/iFamNews","article_published_time":"2021-08-25T06:19:15+00:00","article_modified_time":"2021-08-25T06:19:17+00:00","og_image":[{"width":750,"height":422,"url":"https:\/\/ifamnews.com\/wp-content\/uploads\/2021\/08\/pride-compressor.jpg","type":"image\/jpeg"}],"author":"Cato","twitter_card":"summary_large_image","twitter_creator":"@iFamNewsEN","twitter_site":"@iFamNewsEN","twitter_misc":{"\u00c9crit par":"Cato","Dur\u00e9e de lecture estim\u00e9e":"4 minutes"},"schema":{"@context":"https:\/\/schema.org","@graph":[{"@type":"NewsArticle","@id":"https:\/\/ifamnews.com\/fr\/l-administration-biden-publie-une-note-controvers-e-sur-les-questions-lgbt-dans-les-coles#article","isPartOf":{"@id":"https:\/\/ifamnews.com\/fr\/l-administration-biden-publie-une-note-controvers-e-sur-les-questions-lgbt-dans-les-coles"},"author":{"name":"Cato","@id":"https:\/\/ifamnews.com\/en\/#\/schema\/person\/d0e56511b7b7caedd2922a59482440ba"},"headline":"L&rsquo;administration Biden publie une note controvers\u00e9e sur les questions LGBT dans les \u00e9coles","datePublished":"2021-08-25T06:19:15+00:00","dateModified":"2021-08-25T06:19:17+00:00","mainEntityOfPage":{"@id":"https:\/\/ifamnews.com\/fr\/l-administration-biden-publie-une-note-controvers-e-sur-les-questions-lgbt-dans-les-coles"},"wordCount":1050,"commentCount":0,"publisher":{"@id":"https:\/\/ifamnews.com\/en\/#organization"},"image":{"@id":"https:\/\/ifamnews.com\/fr\/l-administration-biden-publie-une-note-controvers-e-sur-les-questions-lgbt-dans-les-coles#primaryimage"},"thumbnailUrl":"https:\/\/ifamnews.com\/wp-content\/uploads\/2021\/08\/pride-compressor.jpg","keywords":["Biden administration","Enseignement dans les \u00e9coles publiques","Kristen Clarke","LGBT+"],"articleSection":["Culture","Foreground"],"inLanguage":"fr-FR","potentialAction":[{"@type":"CommentAction","name":"Comment","target":["https:\/\/ifamnews.com\/fr\/l-administration-biden-publie-une-note-controvers-e-sur-les-questions-lgbt-dans-les-coles#respond"]}]},{"@type":"WebPage","@id":"https:\/\/ifamnews.com\/fr\/l-administration-biden-publie-une-note-controvers-e-sur-les-questions-lgbt-dans-les-coles","url":"https:\/\/ifamnews.com\/fr\/l-administration-biden-publie-une-note-controvers-e-sur-les-questions-lgbt-dans-les-coles","name":"L'administration Biden publie une note controvers\u00e9e sur les questions LGBT dans les \u00e9coles - IFN","isPartOf":{"@id":"https:\/\/ifamnews.com\/en\/#website"},"primaryImageOfPage":{"@id":"https:\/\/ifamnews.com\/fr\/l-administration-biden-publie-une-note-controvers-e-sur-les-questions-lgbt-dans-les-coles#primaryimage"},"image":{"@id":"https:\/\/ifamnews.com\/fr\/l-administration-biden-publie-une-note-controvers-e-sur-les-questions-lgbt-dans-les-coles#primaryimage"},"thumbnailUrl":"https:\/\/ifamnews.com\/wp-content\/uploads\/2021\/08\/pride-compressor.jpg","datePublished":"2021-08-25T06:19:15+00:00","dateModified":"2021-08-25T06:19:17+00:00","description":"Les bureaux des droits civils dans les d\u00e9partements de la justice et de l'\u00e9ducation, charg\u00e9s de conna\u00eetre la loi, se trompent lourdement sur la loi. Et cela ne va pas sans causer d'immenses dommages \u00e0 nos enfants.","breadcrumb":{"@id":"https:\/\/ifamnews.com\/fr\/l-administration-biden-publie-une-note-controvers-e-sur-les-questions-lgbt-dans-les-coles#breadcrumb"},"inLanguage":"fr-FR","potentialAction":[{"@type":"ReadAction","target":["https:\/\/ifamnews.com\/fr\/l-administration-biden-publie-une-note-controvers-e-sur-les-questions-lgbt-dans-les-coles"]}]},{"@type":"ImageObject","inLanguage":"fr-FR","@id":"https:\/\/ifamnews.com\/fr\/l-administration-biden-publie-une-note-controvers-e-sur-les-questions-lgbt-dans-les-coles#primaryimage","url":"https:\/\/ifamnews.com\/wp-content\/uploads\/2021\/08\/pride-compressor.jpg","contentUrl":"https:\/\/ifamnews.com\/wp-content\/uploads\/2021\/08\/pride-compressor.jpg","width":750,"height":422},{"@type":"BreadcrumbList","@id":"https:\/\/ifamnews.com\/fr\/l-administration-biden-publie-une-note-controvers-e-sur-les-questions-lgbt-dans-les-coles#breadcrumb","itemListElement":[{"@type":"ListItem","position":1,"name":"Home","item":"https:\/\/ifamnews.com\/de"},{"@type":"ListItem","position":2,"name":"Breaking News","item":"https:\/\/ifamnews.com\/en\/category\/breaking-news"},{"@type":"ListItem","position":3,"name":"L&#8217;administration Biden publie une note controvers\u00e9e sur les questions LGBT dans les \u00e9coles"}]},{"@type":"WebSite","@id":"https:\/\/ifamnews.com\/en\/#website","url":"https:\/\/ifamnews.com\/en\/","name":"IFN","description":"International Family News Network","publisher":{"@id":"https:\/\/ifamnews.com\/en\/#organization"},"potentialAction":[{"@type":"SearchAction","target":{"@type":"EntryPoint","urlTemplate":"https:\/\/ifamnews.com\/en\/?s={search_term_string}"},"query-input":{"@type":"PropertyValueSpecification","valueRequired":true,"valueName":"search_term_string"}}],"inLanguage":"fr-FR"},{"@type":"Organization","@id":"https:\/\/ifamnews.com\/en\/#organization","name":"iFamNews","url":"https:\/\/ifamnews.com\/en\/","logo":{"@type":"ImageObject","inLanguage":"fr-FR","@id":"https:\/\/ifamnews.com\/en\/#\/schema\/logo\/image\/","url":"https:\/\/ifamnews.com\/wp-content\/uploads\/2020\/01\/Share-logo.png","contentUrl":"https:\/\/ifamnews.com\/wp-content\/uploads\/2020\/01\/Share-logo.png","width":200,"height":200,"caption":"iFamNews"},"image":{"@id":"https:\/\/ifamnews.com\/en\/#\/schema\/logo\/image\/"},"sameAs":["https:\/\/www.facebook.com\/iFamNews","https:\/\/x.com\/iFamNewsEN"]},{"@type":"Person","@id":"https:\/\/ifamnews.com\/en\/#\/schema\/person\/d0e56511b7b7caedd2922a59482440ba","name":"Cato","image":{"@type":"ImageObject","inLanguage":"fr-FR","@id":"https:\/\/secure.gravatar.com\/avatar\/69b258be912b2a9b1ef3917af1a950d6279239e325672d64c73a2c0dfe012d11?s=96&d=mm&r=g","url":"https:\/\/secure.gravatar.com\/avatar\/69b258be912b2a9b1ef3917af1a950d6279239e325672d64c73a2c0dfe012d11?s=96&d=mm&r=g","contentUrl":"https:\/\/secure.gravatar.com\/avatar\/69b258be912b2a9b1ef3917af1a950d6279239e325672d64c73a2c0dfe012d11?s=96&d=mm&r=g","caption":"Cato"},"description":"Cato is a staunch defender of Western Civilization and the Judeo-Christian worldview. He will end all of his articles: \"And the radical LGBT agenda must be defeated\" as this is the pre-eminent battle of our day.","url":"https:\/\/ifamnews.com\/fr\/author\/rsiedlecki"}]}},"amp_enabled":true,"_links":{"self":[{"href":"https:\/\/ifamnews.com\/fr\/wp-json\/wp\/v2\/posts\/90772","targetHints":{"allow":["GET"]}}],"collection":[{"href":"https:\/\/ifamnews.com\/fr\/wp-json\/wp\/v2\/posts"}],"about":[{"href":"https:\/\/ifamnews.com\/fr\/wp-json\/wp\/v2\/types\/post"}],"author":[{"embeddable":true,"href":"https:\/\/ifamnews.com\/fr\/wp-json\/wp\/v2\/users\/651"}],"replies":[{"embeddable":true,"href":"https:\/\/ifamnews.com\/fr\/wp-json\/wp\/v2\/comments?post=90772"}],"version-history":[{"count":3,"href":"https:\/\/ifamnews.com\/fr\/wp-json\/wp\/v2\/posts\/90772\/revisions"}],"predecessor-version":[{"id":90776,"href":"https:\/\/ifamnews.com\/fr\/wp-json\/wp\/v2\/posts\/90772\/revisions\/90776"}],"wp:featuredmedia":[{"embeddable":true,"href":"https:\/\/ifamnews.com\/fr\/wp-json\/wp\/v2\/media\/90622"}],"wp:attachment":[{"href":"https:\/\/ifamnews.com\/fr\/wp-json\/wp\/v2\/media?parent=90772"}],"wp:term":[{"taxonomy":"category","embeddable":true,"href":"https:\/\/ifamnews.com\/fr\/wp-json\/wp\/v2\/categories?post=90772"},{"taxonomy":"post_tag","embeddable":true,"href":"https:\/\/ifamnews.com\/fr\/wp-json\/wp\/v2\/tags?post=90772"}],"curies":[{"name":"wp","href":"https:\/\/api.w.org\/{rel}","templated":true}]}}