{"id":87121,"date":"2021-07-31T12:24:00","date_gmt":"2021-07-31T16:24:00","guid":{"rendered":"https:\/\/ifamnews.com\/?p=87121"},"modified":"2021-08-30T02:08:48","modified_gmt":"2021-08-30T06:08:48","slug":"pouce-en-l-air-un-coup-de-projecteur-sur-les-bonnes-choses-qui-se-passent-dans-le-monde","status":"publish","type":"post","link":"https:\/\/ifamnews.com\/fr\/pouce-en-l-air-un-coup-de-projecteur-sur-les-bonnes-choses-qui-se-passent-dans-le-monde","title":{"rendered":"Pouce en l&rsquo;air &#8211; un coup de projecteur sur les bonnes choses qui se passent dans le monde"},"content":{"rendered":"<p class=\"last-updated\">Last updated on ao\u00fbt 30th, 2021 at 02:08 am<\/p>\n<h3 class=\"wp-block-heading\" id=\"h-la-vie\"><strong>La vie<\/strong><\/h3>\n\n\n\n<ul class=\"wp-block-list\"><li>Europe. Le <a href=\"https:\/\/01e7c503-fb51-4f98-b8e5-d2d9bbf4f67f.filesusr.com\/ugd\/ca1501_de425c813b8645f5b2fafe386f0ace6d.pdf\" target=\"_blank\" rel=\"noopener\">Forum des organisations non gouvernementales d&rsquo;inspiration catholique a critiqu\u00e9<\/a> le Parlement europ\u00e9en pour avoir approuv\u00e9 le \u00ab\u00a0rapport Mati\u0107\u00a0\u00bb, qui impose l&rsquo;avortement comme un droit humain.<br><\/li><li>\u00c9tats-Unis d&rsquo;Am\u00e9rique. Les organisations <em>pro-vie<\/em> d\u00e9noncent les dangers inh\u00e9rents au projet de <a href=\"https:\/\/www.catholicnewsagency.com\/news\/248343\/pro-life-groups-warn-draft-spending-bill-would-fund-abortion-on-demand\" target=\"_blank\" rel=\"noopener\">budget f\u00e9d\u00e9ral qui financerait l&rsquo;avortement libre<\/a> dans tous les \u00c9tats de l&rsquo;Union.<br> <\/li><li>La Conf\u00e9rence des \u00e9v\u00eaques catholiques demande au Congr\u00e8s F\u00e9d\u00e9ral et \u00e0 la Maison Blanche de <a href=\"https:\/\/www.usccb.org\/news\/2021\/bishop-chairmen-respond-extreme-abortion-push-appropriations-bill\" target=\"_blank\" rel=\"noopener\">r\u00e9ins\u00e9rer dans le budget de l&rsquo;\u00c9tat<\/a> des mesures en faveur de la vie, que la proposition Biden a supprim\u00e9es.<\/li><\/ul>\n\n\n\n<h3 class=\"wp-block-heading\" id=\"h-famille\"><strong>Famille<\/strong><\/h3>\n\n\n\n<ul class=\"wp-block-list\"><li>\u00c9tats-Unis d&rsquo;Am\u00e9rique. Le <em>F\u00e9d\u00e9raliste<\/em> a publi\u00e9 des <a href=\"https:\/\/thefederalist.com\/2021\/07\/12\/yes-a-family-competes-with-womens-careers-but-family-matters-more\/\" target=\"_blank\" rel=\"noopener\">exemples montrant que la vie familiale et la carri\u00e8re des femmes<\/a> ne sont pas du tout incompatibles.<\/li><\/ul>\n\n\n\n<ul class=\"wp-block-list\"><li>Pour <a href=\"https:\/\/www.theatlantic.com\/family\/archive\/2021\/07\/improve-us-birth-rate-give-parents-money-and-time\/619367\/\" target=\"_blank\" rel=\"noopener\"><em>The Atlantic<\/em><\/a>, il est possible de renouer avec la croissance du taux de natalit\u00e9 en soutenant financi\u00e8rement les parents et en leur donnant plus de flexibilit\u00e9 dans leurs horaires de travail.<\/li><\/ul>\n\n\n\n<ul class=\"wp-block-list\"><li>Italie. L&rsquo;association Familles Nombreuses propose des <a href=\"https:\/\/www.famiglienumerose.org\/15-proposte-per-fermare-l-inverno\/\" target=\"_blank\" rel=\"noopener\">mesures tr\u00e8s concr\u00e8tes<\/a> pour enrayer la catastrophe d\u00e9mographique qui frappe le pays.<br><\/li><li>Colombie. La Cour Constitutionnelle a accept\u00e9 d&rsquo;examiner le cas de la <em>star des<\/em> <em>m\u00e9dias sociaux<\/em> <a href=\"https:\/\/www.christianpost.com\/news\/colombian-court-to-hear-free-speech-case-of-social-media-star-on-traditional-marriage.html?clickType=link-most-popular\" target=\"_blank\" rel=\"noopener\">Erika \u00ab\u00a0Kika\u00a0\u00bb Nieto, qui, sur ordre du tribunal, doit supprimer une vid\u00e9o dans laquelle elle d\u00e9fend la beaut\u00e9 du mariage<\/a>.<\/li><\/ul>\n\n\n\n<h3 class=\"wp-block-heading\" id=\"h-lgbt-et-th-orie-du-genre\"><strong>LGBT+ et th\u00e9orie du genre <\/strong><\/h3>\n\n\n\n<ul class=\"wp-block-list\"><li>Espagne. <a href=\"https:\/\/angelusnews.com\/news\/life-family\/spanish-bishops-criticize-government-initiatives-on-euthanasia-gender\/\" target=\"_blank\" rel=\"noopener\">L&rsquo;\u00e9piscopat catholique a contest\u00e9 la nouvelle loi en faveur de l&rsquo; id\u00e9ologie <em>transgenre<\/em><\/a> propos\u00e9e par le gouvernement.<br><br><\/li><li>R\u00e9publique Tch\u00e8que. Le <em>Premier Ministre<\/em> Andrej Babis <a href=\"https:\/\/www.euractiv.com\/section\/politics\/short_news\/babis-backs-orbans-anti-lgbt-law\/\" target=\"_blank\" rel=\"noopener\">soutient la Hongrie dans ses efforts pour limiter l&rsquo;agression des mineurs, notamment par le biais de <em>l&rsquo;id\u00e9ologie du genre<\/em><\/a>.<br><br><\/li><li>\u00c9cosse. Un nouvel <a href=\"https:\/\/www.thetimes.co.uk\/article\/feminists-legal-appeal-against-trans-women-being-called-women-7vvpnjnrc\" target=\"_blank\" rel=\"noopener\">appel pressant \u00e0 la politique des f\u00e9ministes<\/a> pour emp\u00eacher les hommes transgenres de se faire appeler officiellement \u00ab\u00a0femmes\u00a0\u00bb.<\/li><\/ul>\n\n\n\n<h3 class=\"wp-block-heading\" id=\"h-libert-d-enseignement\"><strong>Libert\u00e9 d&rsquo;enseignement<\/strong><\/h3>\n\n\n\n<ul class=\"wp-block-list\"><li>Hongrie. La Ministre de la Justice Judit Varga a r\u00e9it\u00e9r\u00e9 l&rsquo;<a href=\"https:\/\/hungarytoday.hu\/hungary-lgbtq-judit-varga-european-union\/\" target=\"_blank\" rel=\"noopener\">opposition de l&rsquo;ex\u00e9cutif \u00e0 l&rsquo;affirmation europ\u00e9enne de vouloir endoctriner les enfants<\/a> en autorisant les organisations LGBT+ dans les \u00e9coles.<br><br><\/li><li>Royaume-Uni. L&rsquo;organisation d&rsquo;id\u00e9ologie pro-transsexuelle Mermaids a \u00e9t\u00e9 <a href=\"https:\/\/www.dailymail.co.uk\/news\/article-9768875\/Trans-charity-Mermaids-fined-25k-CEO-published-emails-parents-discussing-children.html\" target=\"_blank\" rel=\"noopener\">condamn\u00e9e \u00e0 payer 25 000 \u00a3<\/a> pour avoir viol\u00e9 la <em>vie priv\u00e9e<\/em> de certains parents qui s&rsquo;opposaient aux programmes scolaires LGBT+.<\/li><\/ul>\n\n\n\n<h3 class=\"wp-block-heading\" id=\"h-libert-religieuse\"><strong>Libert\u00e9 religieuse<\/strong><\/h3>\n\n\n\n<ul class=\"wp-block-list\"><li>Colombie. Le footballeur Juan Guillermo Cuadrado, qui joue pour la Juventus en Italie et est membre de l&rsquo;\u00e9quipe nationale colombienne, <a href=\"https:\/\/evangelicalfocus.com\/life-tech\/12420\/cuadrado-gods-grace-gave-me-the-strength-to-counter-the-difficult-moments\" target=\"_blank\" rel=\"noopener\">t\u00e9moigne de l&rsquo;importance de la foi religieuse dans sa vie<\/a> et sa profession.<br><br><\/li><li>Italie. L&rsquo;entra\u00eeneur de l&rsquo;\u00e9quipe nationale italienne de football, <a href=\"https:\/\/evangelicalfocus.com\/life-tech\/12420\/cuadrado-gods-grace-gave-me-the-strength-to-counter-the-difficult-moments\" target=\"_blank\" rel=\"noopener\">Roberto Mancini, parle de sa grande foi mariale<\/a> et de l&rsquo;aide que lui apporte la pri\u00e8re quotidienne.<br><br><\/li><li>\u00c9tats-Unis d&rsquo;Am\u00e9rique. Les <a href=\"https:\/\/www.christianpost.com\/news\/21-state-attorneys-general-push-back-on-bidens-lgbt-guidance-warn-religious-protections-in-peril.html\" target=\"_blank\" rel=\"noopener\">ministres de la justice de 21 \u00c9tats d\u00e9noncent devant la Cour Supr\u00eame F\u00e9d\u00e9rale<\/a> les mesures d&rsquo;id\u00e9ologie pro-LGBT+ qui ont \u00e9t\u00e9 adopt\u00e9es ces derniers mois.<\/li><\/ul>\n","protected":false},"excerpt":{"rendered":"<p>Les footballeurs professionnels Cuadrado et Mancini proclament l&rsquo;importance de la foi, le ministre hongrois de la justice affirme son opposition \u00e0 la tentative de l&rsquo;UE d&rsquo;introduire l&rsquo;id\u00e9ologie LGBT dans les \u00e9coles, et les procureurs g\u00e9n\u00e9raux de 21 \u00c9tats am\u00e9ricains s&rsquo;opposent \u00e0 la directive LGBT de Biden.<\/p>\n","protected":false},"author":54,"featured_media":67455,"comment_status":"open","ping_status":"open","sticky":false,"template":"","format":"standard","meta":{"give_campaign_id":0,"om_disable_all_campaigns":false,"_monsterinsights_skip_tracking":false,"_monsterinsights_sitenote_active":false,"_monsterinsights_sitenote_note":"","_monsterinsights_sitenote_category":0,"mc4wp_mailchimp_campaign":[],"jnews-multi-image_gallery":[],"jnews_single_post":{"subtitle":"Les footballeurs professionnels Cuadrado et Mancini proclament l'importance de la foi, le ministre hongrois de la justice affirme son opposition \u00e0 la tentative de l'UE d'introduire l'id\u00e9ologie LGBT dans les \u00e9coles, et les procureurs g\u00e9n\u00e9raux de 21 \u00c9tats am\u00e9ricains s'opposent \u00e0 la directive LGBT de Biden.","format":"standard","video":"","gallery":"","source_name":"","source_url":"","via_name":"","via_url":"","override":[{"single_blog_custom":"","sidebar":"","second_sidebar":"","share_position":"","share_float_style":"","post_date_format":"","post_date_format_custom":"","post_reading_time_wpm":"","zoom_button_out_step":"1","zoom_button_in_step":"1","number_popup_post":"1"}],"image_override":[{"single_post_thumbnail_size":"","single_post_gallery_size":""}],"trending_post_position":"","trending_post_label":"","sponsored_post_label":"","sponsored_post_name":"","sponsored_post_url":"","sponsored_post_logo":"","sponsored_post_desc":""},"jnews_primary_category":{"id":""},"jnews_social_meta":[],"jnews_override_counter":[],"footnotes":""},"categories":[798,809],"tags":[886,11734,8907,10882,10650,9044,6841,7939],"class_list":["post-87121","post","type-post","status-publish","format-standard","has-post-thumbnail","hentry","category-famille","category-foreground-fr","tag-avortement","tag-colombie","tag-democrate","tag-football-fr","tag-hongrie-fr","tag-lgbt-fr-2","tag-mariage-fr","tag-theorie-du-genre"],"yoast_head":"<!-- This site is optimized with the Yoast SEO Premium plugin v25.9 (Yoast SEO v27.3) - https:\/\/yoast.com\/product\/yoast-seo-premium-wordpress\/ -->\n<title>Pouce en l&#039;air - un coup de projecteur sur les bonnes choses qui se passent dans le monde - &quot;iFamNews&quot;<\/title>\n<meta name=\"description\" content=\"Les footballeurs professionnels Cuadrado et Mancini proclament l&#039;importance de la foi, le ministre hongrois de la justice affirme son opposition \u00e0 la tentative de l&#039;UE d&#039;introduire l&#039;id\u00e9ologie LGBT dans les \u00e9coles, et les procureurs g\u00e9n\u00e9raux de 21 \u00c9tats am\u00e9ricains s&#039;opposent \u00e0 la directive LGBT de Biden.\" \/>\n<meta name=\"robots\" content=\"index, follow, max-snippet:-1, max-image-preview:large, max-video-preview:-1\" \/>\n<link rel=\"canonical\" href=\"https:\/\/ifamnews.com\/fr\/pouce-en-l-air-un-coup-de-projecteur-sur-les-bonnes-choses-qui-se-passent-dans-le-monde\" \/>\n<meta property=\"og:locale\" content=\"fr_FR\" \/>\n<meta property=\"og:type\" content=\"article\" \/>\n<meta property=\"og:title\" content=\"Pouce en l&#039;air - un coup de projecteur sur les bonnes choses qui se passent dans le monde\" \/>\n<meta property=\"og:description\" content=\"Les footballeurs professionnels Cuadrado et Mancini proclament l&#039;importance de la foi, le ministre hongrois de la justice affirme son opposition \u00e0 la tentative de l&#039;UE d&#039;introduire l&#039;id\u00e9ologie LGBT dans les \u00e9coles, et les procureurs g\u00e9n\u00e9raux de 21 \u00c9tats am\u00e9ricains s&#039;opposent \u00e0 la directive LGBT de Biden.\" \/>\n<meta property=\"og:url\" content=\"https:\/\/ifamnews.com\/fr\/pouce-en-l-air-un-coup-de-projecteur-sur-les-bonnes-choses-qui-se-passent-dans-le-monde\" \/>\n<meta property=\"og:site_name\" content=\"IFN\" \/>\n<meta property=\"article:publisher\" content=\"https:\/\/www.facebook.com\/iFamNews\" \/>\n<meta property=\"article:author\" content=\"https:\/\/facebook.com\/lvolonte1\" \/>\n<meta property=\"article:published_time\" content=\"2021-07-31T16:24:00+00:00\" \/>\n<meta property=\"article:modified_time\" content=\"2021-08-30T06:08:48+00:00\" \/>\n<meta property=\"og:image\" content=\"https:\/\/ifamnews.com\/wp-content\/uploads\/2021\/04\/fingers-1867478_1280.jpg\" \/>\n\t<meta property=\"og:image:width\" content=\"1280\" \/>\n\t<meta property=\"og:image:height\" content=\"853\" \/>\n\t<meta property=\"og:image:type\" content=\"image\/jpeg\" \/>\n<meta name=\"author\" content=\"Luca Volont\u00e8\" \/>\n<meta name=\"twitter:card\" content=\"summary_large_image\" \/>\n<meta name=\"twitter:creator\" content=\"@https:\/\/twitter.com\/l_volonte\" \/>\n<meta name=\"twitter:site\" content=\"@iFamNewsEN\" \/>\n<meta name=\"twitter:label1\" content=\"\u00c9crit par\" \/>\n\t<meta name=\"twitter:data1\" content=\"Luca Volont\u00e8\" \/>\n\t<meta name=\"twitter:label2\" content=\"Dur\u00e9e de lecture estim\u00e9e\" \/>\n\t<meta name=\"twitter:data2\" content=\"2 minutes\" \/>\n<!-- \/ Yoast SEO Premium plugin. -->","yoast_head_json":{"title":"Pouce en l'air - un coup de projecteur sur les bonnes choses qui se passent dans le monde - \"iFamNews\"","description":"Les footballeurs professionnels Cuadrado et Mancini proclament l'importance de la foi, le ministre hongrois de la justice affirme son opposition \u00e0 la tentative de l'UE d'introduire l'id\u00e9ologie LGBT dans les \u00e9coles, et les procureurs g\u00e9n\u00e9raux de 21 \u00c9tats am\u00e9ricains s'opposent \u00e0 la directive LGBT de Biden.","robots":{"index":"index","follow":"follow","max-snippet":"max-snippet:-1","max-image-preview":"max-image-preview:large","max-video-preview":"max-video-preview:-1"},"canonical":"https:\/\/ifamnews.com\/fr\/pouce-en-l-air-un-coup-de-projecteur-sur-les-bonnes-choses-qui-se-passent-dans-le-monde","og_locale":"fr_FR","og_type":"article","og_title":"Pouce en l'air - un coup de projecteur sur les bonnes choses qui se passent dans le monde","og_description":"Les footballeurs professionnels Cuadrado et Mancini proclament l'importance de la foi, le ministre hongrois de la justice affirme son opposition \u00e0 la tentative de l'UE d'introduire l'id\u00e9ologie LGBT dans les \u00e9coles, et les procureurs g\u00e9n\u00e9raux de 21 \u00c9tats am\u00e9ricains s'opposent \u00e0 la directive LGBT de Biden.","og_url":"https:\/\/ifamnews.com\/fr\/pouce-en-l-air-un-coup-de-projecteur-sur-les-bonnes-choses-qui-se-passent-dans-le-monde","og_site_name":"IFN","article_publisher":"https:\/\/www.facebook.com\/iFamNews","article_author":"https:\/\/facebook.com\/lvolonte1","article_published_time":"2021-07-31T16:24:00+00:00","article_modified_time":"2021-08-30T06:08:48+00:00","og_image":[{"width":1280,"height":853,"url":"https:\/\/ifamnews.com\/wp-content\/uploads\/2021\/04\/fingers-1867478_1280.jpg","type":"image\/jpeg"}],"author":"Luca Volont\u00e8","twitter_card":"summary_large_image","twitter_creator":"@https:\/\/twitter.com\/l_volonte","twitter_site":"@iFamNewsEN","twitter_misc":{"\u00c9crit par":"Luca Volont\u00e8","Dur\u00e9e de lecture estim\u00e9e":"2 minutes"},"schema":{"@context":"https:\/\/schema.org","@graph":[{"@type":"NewsArticle","@id":"https:\/\/ifamnews.com\/fr\/pouce-en-l-air-un-coup-de-projecteur-sur-les-bonnes-choses-qui-se-passent-dans-le-monde#article","isPartOf":{"@id":"https:\/\/ifamnews.com\/fr\/pouce-en-l-air-un-coup-de-projecteur-sur-les-bonnes-choses-qui-se-passent-dans-le-monde"},"author":{"name":"Luca Volont\u00e8","@id":"https:\/\/ifamnews.com\/en\/#\/schema\/person\/bed5b7c6161f317421caa94dc3be6a53"},"headline":"Pouce en l&rsquo;air &#8211; un coup de projecteur sur les bonnes choses qui se passent dans le monde","datePublished":"2021-07-31T16:24:00+00:00","dateModified":"2021-08-30T06:08:48+00:00","mainEntityOfPage":{"@id":"https:\/\/ifamnews.com\/fr\/pouce-en-l-air-un-coup-de-projecteur-sur-les-bonnes-choses-qui-se-passent-dans-le-monde"},"wordCount":500,"commentCount":0,"publisher":{"@id":"https:\/\/ifamnews.com\/en\/#organization"},"image":{"@id":"https:\/\/ifamnews.com\/fr\/pouce-en-l-air-un-coup-de-projecteur-sur-les-bonnes-choses-qui-se-passent-dans-le-monde#primaryimage"},"thumbnailUrl":"https:\/\/ifamnews.com\/wp-content\/uploads\/2021\/04\/fingers-1867478_1280.jpg","keywords":["avortement","Colombie","D\u00e9mocrate","football","Hongrie","LGBT+","Mariage","Th\u00e9orie du Genre"],"articleSection":["Famille","Foreground"],"inLanguage":"fr-FR","potentialAction":[{"@type":"CommentAction","name":"Comment","target":["https:\/\/ifamnews.com\/fr\/pouce-en-l-air-un-coup-de-projecteur-sur-les-bonnes-choses-qui-se-passent-dans-le-monde#respond"]}]},{"@type":"WebPage","@id":"https:\/\/ifamnews.com\/fr\/pouce-en-l-air-un-coup-de-projecteur-sur-les-bonnes-choses-qui-se-passent-dans-le-monde","url":"https:\/\/ifamnews.com\/fr\/pouce-en-l-air-un-coup-de-projecteur-sur-les-bonnes-choses-qui-se-passent-dans-le-monde","name":"Pouce en l'air - un coup de projecteur sur les bonnes choses qui se passent dans le monde - \"iFamNews\"","isPartOf":{"@id":"https:\/\/ifamnews.com\/en\/#website"},"primaryImageOfPage":{"@id":"https:\/\/ifamnews.com\/fr\/pouce-en-l-air-un-coup-de-projecteur-sur-les-bonnes-choses-qui-se-passent-dans-le-monde#primaryimage"},"image":{"@id":"https:\/\/ifamnews.com\/fr\/pouce-en-l-air-un-coup-de-projecteur-sur-les-bonnes-choses-qui-se-passent-dans-le-monde#primaryimage"},"thumbnailUrl":"https:\/\/ifamnews.com\/wp-content\/uploads\/2021\/04\/fingers-1867478_1280.jpg","datePublished":"2021-07-31T16:24:00+00:00","dateModified":"2021-08-30T06:08:48+00:00","description":"Les footballeurs professionnels Cuadrado et Mancini proclament l'importance de la foi, le ministre hongrois de la justice affirme son opposition \u00e0 la tentative de l'UE d'introduire l'id\u00e9ologie LGBT dans les \u00e9coles, et les procureurs g\u00e9n\u00e9raux de 21 \u00c9tats am\u00e9ricains s'opposent \u00e0 la directive LGBT de Biden.","breadcrumb":{"@id":"https:\/\/ifamnews.com\/fr\/pouce-en-l-air-un-coup-de-projecteur-sur-les-bonnes-choses-qui-se-passent-dans-le-monde#breadcrumb"},"inLanguage":"fr-FR","potentialAction":[{"@type":"ReadAction","target":["https:\/\/ifamnews.com\/fr\/pouce-en-l-air-un-coup-de-projecteur-sur-les-bonnes-choses-qui-se-passent-dans-le-monde"]}]},{"@type":"ImageObject","inLanguage":"fr-FR","@id":"https:\/\/ifamnews.com\/fr\/pouce-en-l-air-un-coup-de-projecteur-sur-les-bonnes-choses-qui-se-passent-dans-le-monde#primaryimage","url":"https:\/\/ifamnews.com\/wp-content\/uploads\/2021\/04\/fingers-1867478_1280.jpg","contentUrl":"https:\/\/ifamnews.com\/wp-content\/uploads\/2021\/04\/fingers-1867478_1280.jpg","width":1280,"height":853},{"@type":"BreadcrumbList","@id":"https:\/\/ifamnews.com\/fr\/pouce-en-l-air-un-coup-de-projecteur-sur-les-bonnes-choses-qui-se-passent-dans-le-monde#breadcrumb","itemListElement":[{"@type":"ListItem","position":1,"name":"Home","item":"https:\/\/ifamnews.com\/de"},{"@type":"ListItem","position":2,"name":"Famiglia","item":"https:\/\/ifamnews.com\/it\/categoria\/famiglia"},{"@type":"ListItem","position":3,"name":"Pouce en l&#8217;air &#8211; un coup de projecteur sur les bonnes choses qui se passent dans le monde"}]},{"@type":"WebSite","@id":"https:\/\/ifamnews.com\/en\/#website","url":"https:\/\/ifamnews.com\/en\/","name":"IFN","description":"International Family News Network","publisher":{"@id":"https:\/\/ifamnews.com\/en\/#organization"},"potentialAction":[{"@type":"SearchAction","target":{"@type":"EntryPoint","urlTemplate":"https:\/\/ifamnews.com\/en\/?s={search_term_string}"},"query-input":{"@type":"PropertyValueSpecification","valueRequired":true,"valueName":"search_term_string"}}],"inLanguage":"fr-FR"},{"@type":"Organization","@id":"https:\/\/ifamnews.com\/en\/#organization","name":"iFamNews","url":"https:\/\/ifamnews.com\/en\/","logo":{"@type":"ImageObject","inLanguage":"fr-FR","@id":"https:\/\/ifamnews.com\/en\/#\/schema\/logo\/image\/","url":"https:\/\/ifamnews.com\/wp-content\/uploads\/2020\/01\/Share-logo.png","contentUrl":"https:\/\/ifamnews.com\/wp-content\/uploads\/2020\/01\/Share-logo.png","width":200,"height":200,"caption":"iFamNews"},"image":{"@id":"https:\/\/ifamnews.com\/en\/#\/schema\/logo\/image\/"},"sameAs":["https:\/\/www.facebook.com\/iFamNews","https:\/\/x.com\/iFamNewsEN"]},{"@type":"Person","@id":"https:\/\/ifamnews.com\/en\/#\/schema\/person\/bed5b7c6161f317421caa94dc3be6a53","name":"Luca Volont\u00e8","image":{"@type":"ImageObject","inLanguage":"fr-FR","@id":"https:\/\/secure.gravatar.com\/avatar\/354ed6bca06f9968278e6eb25fa8a123306c69f5c50f711836cf12e6c8ecbbf6?s=96&d=mm&r=g","url":"https:\/\/secure.gravatar.com\/avatar\/354ed6bca06f9968278e6eb25fa8a123306c69f5c50f711836cf12e6c8ecbbf6?s=96&d=mm&r=g","contentUrl":"https:\/\/secure.gravatar.com\/avatar\/354ed6bca06f9968278e6eb25fa8a123306c69f5c50f711836cf12e6c8ecbbf6?s=96&d=mm&r=g","caption":"Luca Volont\u00e8"},"description":"Luca Volont\u00e8 was an Italian parliamentarian from 1996 to 2013, and served as president of the PPE-CD at the Assembly of the Council of Europe. Publicly engaged for decades in the promotion of life, family and religious and educational freedom, Luca\u00a0 has served as a board member for various international organizations promoting Christian values and human rights, including his current role as a board member of the International Organization for the Family. He has authored books and essays for the Novae Terrae series by the publisher Rubbettino; he has been a correspondent for several Italian newspapers, and currently collaborates with La nuova Bussola Quotidiana, an online newspaper. He is a also a great bicycle enthusiast.","sameAs":["https:\/\/facebook.com\/lvolonte1","https:\/\/x.com\/https:\/\/twitter.com\/l_volonte"],"url":"https:\/\/ifamnews.com\/fr\/author\/lvolonte"}]}},"amp_enabled":true,"_links":{"self":[{"href":"https:\/\/ifamnews.com\/fr\/wp-json\/wp\/v2\/posts\/87121","targetHints":{"allow":["GET"]}}],"collection":[{"href":"https:\/\/ifamnews.com\/fr\/wp-json\/wp\/v2\/posts"}],"about":[{"href":"https:\/\/ifamnews.com\/fr\/wp-json\/wp\/v2\/types\/post"}],"author":[{"embeddable":true,"href":"https:\/\/ifamnews.com\/fr\/wp-json\/wp\/v2\/users\/54"}],"replies":[{"embeddable":true,"href":"https:\/\/ifamnews.com\/fr\/wp-json\/wp\/v2\/comments?post=87121"}],"version-history":[{"count":4,"href":"https:\/\/ifamnews.com\/fr\/wp-json\/wp\/v2\/posts\/87121\/revisions"}],"predecessor-version":[{"id":110553,"href":"https:\/\/ifamnews.com\/fr\/wp-json\/wp\/v2\/posts\/87121\/revisions\/110553"}],"wp:featuredmedia":[{"embeddable":true,"href":"https:\/\/ifamnews.com\/fr\/wp-json\/wp\/v2\/media\/67455"}],"wp:attachment":[{"href":"https:\/\/ifamnews.com\/fr\/wp-json\/wp\/v2\/media?parent=87121"}],"wp:term":[{"taxonomy":"category","embeddable":true,"href":"https:\/\/ifamnews.com\/fr\/wp-json\/wp\/v2\/categories?post=87121"},{"taxonomy":"post_tag","embeddable":true,"href":"https:\/\/ifamnews.com\/fr\/wp-json\/wp\/v2\/tags?post=87121"}],"curies":[{"name":"wp","href":"https:\/\/api.w.org\/{rel}","templated":true}]}}