{"id":86840,"date":"2021-07-29T13:33:09","date_gmt":"2021-07-29T17:33:09","guid":{"rendered":"https:\/\/ifamnews.com\/?p=86840"},"modified":"2021-07-29T13:33:38","modified_gmt":"2021-07-29T17:33:38","slug":"un-communiste-conservateur-gouverne-au-p-rou","status":"publish","type":"post","link":"https:\/\/ifamnews.com\/fr\/un-communiste-conservateur-gouverne-au-p-rou","title":{"rendered":"Un communiste conservateur gouverne au P\u00e9rou"},"content":{"rendered":"\n<p>Pedro Castillo Terrones, 51 ans, syndicaliste et instituteur, repr\u00e9sentant du parti Peru Libre, d&rsquo;inspiration marxiste-l\u00e9niniste, <a href=\"https:\/\/www.ansa.it\/sito\/notizie\/mondo\/americalatina\/2021\/07\/20\/peru-castillo-presidente-eletto-faremo-paese-inclusivo_df9ced8f-2642-4b97-b6f5-8ee0cdd329ac.html\" target=\"_blank\" rel=\"noopener\">est le nouveau pr\u00e9sident du P\u00e9rou. Entr\u00e9e en fonction aujourd&rsquo;hui<\/a>, son \u00e9lection a \u00e9t\u00e9 valid\u00e9e et rendue officielle le 19 juillet par le <a href=\"https:\/\/portal.jne.gob.pe\/portal\" target=\"_blank\" rel=\"noopener\">Jurado Nacional de Elecciones (JNE)<\/a>, le tribunal \u00e9lectoral de Lima.<\/p>\n\n\n\n<p>Cette validation \u00e9tait n\u00e9cessaire en raison des accusations d&rsquo;irr\u00e9gularit\u00e9s port\u00e9es par l&rsquo;autre <a href=\"https:\/\/www.ilpost.it\/2021\/06\/05\/peru-ballottaggio-elezioni-presidenziali\/\" target=\"_blank\" rel=\"noopener\">candidate qui s&rsquo;est pr\u00e9sent\u00e9e au scrutin avec Castillo le 6<\/a> juin, Keiko Fujimori, du parti Force Populaire et d\u00e9crite comme une \u00ab\u00a0populiste de droite\u00a0\u00bb. Fujimori a d\u00e9pos\u00e9 un recours, dont la r\u00e9solution a pris plusieurs semaines et qui s&rsquo;est sold\u00e9 par la victoire du candidat.<\/p>\n\n\n\n<h3 class=\"wp-block-heading\" id=\"h-pr-d-cesseurs\"><strong>Pr\u00e9d\u00e9cesseurs<\/strong><\/h3>\n\n\n\n<p id=\"h-castillo-raccoglie-un-eredit-complessa-e-un-paese-in-difficolt-specialmente-per-la-sfiducia-che-la-societ-peruviana-nutre-nei-confronti-della-classe-politica-n-del-resto-tale-sfiducia-stupisce-se-si-guarda-alla-storia-recente-nel-2017-ollanta-humala-presidente-dal-2011-al-2016-fu-accusato-di-corruzione-e-arrestato-nel-contesto-dello-scandalo-odebrecht-per-riciclaggio-di-tangenti-nel-2019-alan-garc-a-presidente-dal-2006-al-2011-ugualmente-coinvolto-in-quell-affaire-che-ha-visto-cadere-molte-teste-in-numerosi-paesi-iberoamericani-si-suicid-nel-momento-in-cui-la-polizia-si-present-a-casa-per-arrestarlo-nel-novembre-2020-fu-votato-l-impeachment-di-nuovo-con-l-accusa-di-corruzione-al-presidente-mart-n-vizcarra-subentrato-in-carica-nel-2018-a-pedro-pablo-kuczynski-dimessosi-improvvisamente-per-la-medesima-accusa\">Castillo s&rsquo;attaque \u00e0 un h\u00e9ritage complexe et \u00e0 un pays en difficult\u00e9, notamment en raison de la m\u00e9fiance de la soci\u00e9t\u00e9 p\u00e9ruvienne envers la classe politique. Cette m\u00e9fiance n&rsquo;est pas non plus surprenante, si l&rsquo;on se r\u00e9f\u00e8re \u00e0 l&rsquo;histoire r\u00e9cente. En 2017, Ollanta Humala, pr\u00e9sident de 2011 \u00e0 2016, a \u00e9t\u00e9 accus\u00e9 de corruption et arr\u00eat\u00e9 dans le cadre du <a href=\"https:\/\/www.washingtonpost.com\/gdpr-consent\/?next_url=https%3a%2f%2fwww.washingtonpost.com%2fworld%2fthe_americas%2fthe-corruption-scandal-started-in-brazil-now-its-wreaking-havoc-in-peru%2f2018%2f01%2f23%2f0f9bc4ca-fad2-11e7-9b5d-bbf0da31214d_story.html%3futm_term%3d.1f50d0153e93&amp;utm_term=.1f50d0153e93\" target=\"_blank\" rel=\"noopener\">scandale Odebrecht<\/a> pour avoir blanchi des pots-de-vin. En 2019, Alan Garc\u00eda, pr\u00e9sident de 2006 \u00e0 2011, \u00e9galement impliqu\u00e9 dans l&rsquo;<em>affaire<\/em> qui a vu tomber de nombreuses t\u00eates dans plusieurs pays ib\u00e9ro-am\u00e9ricains, s&rsquo;est suicid\u00e9 lorsque la police s&rsquo;est pr\u00e9sent\u00e9e \u00e0 son domicile pour l&rsquo;arr\u00eater. En novembre 2020, le pr\u00e9sident Mart\u00edn Vizcarra, qui a succ\u00e9d\u00e9 en 2018 \u00e0 Pedro Pablo Kuczynski, qui a brusquement d\u00e9missionn\u00e9 pour la m\u00eame raison, a \u00e9t\u00e9<em>mis en accusation<\/em>, toujours pour corruption.<\/p>\n\n\n\n<p id=\"h-non-sorprende-perci-che-il-marxista-castillo-nello-sforzo-di-chiamare-all-unit-i-peruviani-in-un-messaggio-via-twitter-abbia-affermato-che-giunto-il-momento-di-invitare-tutti-i-settori-della-societ-a-costruire-insieme-in-questo-bicentenario-un-per-inclusivo-un-per-giusto-un-per-libero-senza-discriminazioni-e-rispettoso-dei-diritti-e-di-tutti\"> Il n&rsquo;est donc pas surprenant que le marxiste Castillo, dans un effort d&rsquo;appeler les P\u00e9ruviens \u00e0 l&rsquo;unit\u00e9, dans un message <a href=\"https:\/\/twitter.com\/PedroCastilloTe\/status\/1417282970445099008\" target=\"_blank\" rel=\"noopener\">via Twitter<\/a>, a d\u00e9clar\u00e9 que \u00ab\u00a0[&#8230;] le moment est venu d&rsquo;inviter tous les secteurs de la soci\u00e9t\u00e9 \u00e0 construire ensemble, en ce Bicentenaire, un P\u00e9rou juste, un P\u00e9rou libre. Sans discrimination et dans le respect des droits et de tous\u00a0\u00bb.<\/p>\n\n\n\n<p>Mais pour une fois, et c&rsquo;est surprenant, le mot \u00ab\u00a0droits\u00a0\u00bb ne semble pas cacher le pi\u00e8ge habituel qui consiste \u00e0 vouloir faire passer pour un droit de l&rsquo;homme toute vell\u00e9it\u00e9 soudainement exprim\u00e9e par le groupe autoproclam\u00e9 discrimin\u00e9 pour lui servir sur un plateau d&rsquo;argent l&rsquo;avortement, le <em>sexe<\/em> et m\u00eame l&rsquo;euthanasie.<\/p>\n\n\n\n<h3 class=\"wp-block-heading\" id=\"h-contre-les-lgbt-et-le-genre-dans-les-coles\"><strong>Contre les LGBT+ et le <em>genre<\/em> dans les \u00e9coles<\/strong><\/h3>\n\n\n\n<p>En fait, pendant la campagne \u00e9lectorale, M. Castillo s&rsquo;est publiquement prononc\u00e9 contre les unions entre personnes de m\u00eame sexe, qui avaient \u00e9t\u00e9 l&rsquo;un des points forts de l&rsquo;ancien pr\u00e9sident Kuczynski. Il s&rsquo;est aussi prononc\u00e9 contre les adoptions par des couples homosexuels et contre l&rsquo;inclusion des questions relatives aux LGBT+ et \u00e0 l'\u00a0\u00bbidentit\u00e9 de genre\u00a0\u00bb dans les \u00e9coles. Autant d&rsquo;\u00e9l\u00e9ments consid\u00e9r\u00e9s comme des menaces \u00e9videntes pour la protection de la famille dans son sens naturel. <\/p>\n\n\n\n<p> \u00ab\u00a0La famille doit \u00eatre d\u00e9fendue dans l&rsquo;\u00e9cole\u00a0\u00bb, <a href=\"https:\/\/gestion.pe\/peru\/politica\/pedro-castillo-esta-en-contra-del-enfoque-de-genero-en-el-curriculo-escolar-noticia\/\" target=\"_blank\" rel=\"noopener\">a d\u00e9clar\u00e9<\/a> M. Castillo. \u00ab\u00a0Penser \u00e0 autre chose, c&rsquo;est d\u00e9truire la famille. En tant qu&rsquo;enseignants, nous respectons et mettons en avant les valeurs familiales. Nous devons retourner \u00e0 l&rsquo;\u00e9cole et reprendre ces le\u00e7ons qui nous ont \u00e9t\u00e9 enlev\u00e9es pour r\u00e9pandre des id\u00e9aux diff\u00e9rents. Laissez revenir l&rsquo;\u00e9ducation civique, la recherche, l&rsquo;\u00e9conomie politique, la philosophie. Les jeunes seront notre priorit\u00e9, et ils auront toute la force et le soutien d&rsquo;un gouvernement d\u00e9mocratique\u00a0\u00bb.<\/p>\n\n\n\n<p>M. Castillo s&rsquo;est \u00e9galement d\u00e9clar\u00e9 oppos\u00e9 \u00e0 l&rsquo;euthanasie et \u00e0 la l\u00e9galisation des drogues, et surtout il s&rsquo;est d\u00e9clar\u00e9 <a href=\"https:\/\/www.nacion.com\/el-mundo\/politica\/aborto-y-matrimonio-igualitario-seguiran-ilegales\/LCPCDSTU6RGYHM6QZ7LFJVMMXQ\/story\/\" target=\"_blank\" rel=\"noopener\">oppos\u00e9 \u00e0 la d\u00e9p\u00e9nalisation de l&rsquo;avortement<\/a>.<\/p>\n\n\n\n<h3 class=\"wp-block-heading\" id=\"h-contre-l-avortement\"><strong>Contre l&rsquo;avortement<\/strong><\/h3>\n\n\n\n<p>Actuellement, l&rsquo;avortement n&rsquo;est pas l\u00e9gal au P\u00e9rou, \u00e0 moins qu&rsquo;il n&rsquo;y ait un danger pour la vie ou une menace s\u00e9rieuse pour la sant\u00e9 de la femme enceinte, et il est passible de peines allant jusqu&rsquo;\u00e0 deux ans d&#8217;emprisonnement s&rsquo;il est pratiqu\u00e9. En r\u00e9alit\u00e9, comme <a href=\"https:\/\/ifamnews.com\/it\/el-salvador-speculare-sulla-tragedia\" target=\"_blank\" rel=\"noopener\">ailleurs dans la r\u00e9gion ib\u00e9ro-am\u00e9ricaine<\/a>, des peines de prison similaires ne sont pas impos\u00e9es, \u00e9tant plut\u00f4t remplac\u00e9es dans la pratique par d&rsquo;autres modalit\u00e9s indiqu\u00e9es par les tribunaux. Cependant, le nouveau pr\u00e9sident p\u00e9ruvien n&rsquo;a pas l&rsquo;intention de poursuivre un programme politique visant \u00e0 changer cette situation, malgr\u00e9 l&rsquo;opposition des mouvements pro-avortement, qui souhaiteraient voir la d\u00e9p\u00e9nalisation de l&rsquo;avortement.<\/p>\n\n\n\n<p>Oui, M. Castillo est une nouveaut\u00e9, car il concilie une approche de politique \u00e9conomique d&rsquo;extr\u00eame gauche, qui refl\u00e8te pleinement l&rsquo;id\u00e9ologie du parti auquel il appartient, et des id\u00e9aux conservateurs en mati\u00e8re de politiques sociales et de droits de l&rsquo;homme. Il n&rsquo;est pas encore facile de dire <a href=\"https:\/\/www.tempi.it\/castillo-che-ha-vinto-le-elezioni-in-peru\/\" target=\"_blank\" rel=\"noopener\">dans quelle mesure le fait que le pr\u00e9sident soit catholique<\/a> et que son \u00e9pouse appartienne \u00e0 l&rsquo;\u00c9glise \u00e9vang\u00e9lique p\u00e9ruvienne influence cette position.<\/p>\n\n\n\n<p>Mais le point important est ailleurs. Comme cela s&rsquo;est d\u00e9j\u00e0 produit en Italie, la <a href=\"https:\/\/ifamnews.com\/it\/e-poi-dice-che-uno-si-butta-a-sinistra\" target=\"_blank\" rel=\"noopener\">mesure semble \u00eatre pleine&#8230;. m\u00eame \u00e0 gauche<\/a>, et la division entre une \u00ab\u00a0vieille garde\u00a0\u00bb <em>dure<\/em> et une \u00ab\u00a0nouvelle g\u00e9n\u00e9ration\u00a0\u00bb plus lib\u00e9rale cr\u00e9e de nombreux probl\u00e8mes. Bien s\u00fbr, il ne s&rsquo;agit nullement d&rsquo;un discours g\u00e9n\u00e9rationnel banal, mais plut\u00f4t d&rsquo;un discours d&rsquo;\u00e9tapes successives dans un processus id\u00e9ologique de d\u00e9sint\u00e9gration qui trouve parfois sa voie bloqu\u00e9e par quelque retardataire.<\/p>\n","protected":false},"excerpt":{"rendered":"<p>Pro-vie et contre la th\u00e9orie du genre, le pr\u00e9sident Castillo met en \u00e9vidence la division entre la \u00ab\u00a0vieille garde\u00a0\u00bb dure et la \u00ab\u00a0nouvelle g\u00e9n\u00e9ration\u00a0\u00bb plus lib\u00e9rale.<\/p>\n","protected":false},"author":14,"featured_media":86371,"comment_status":"open","ping_status":"open","sticky":false,"template":"","format":"standard","meta":{"give_campaign_id":0,"om_disable_all_campaigns":false,"_monsterinsights_skip_tracking":false,"_monsterinsights_sitenote_active":false,"_monsterinsights_sitenote_note":"","_monsterinsights_sitenote_category":0,"mc4wp_mailchimp_campaign":[],"jnews-multi-image_gallery":[],"jnews_single_post":{"subtitle":"Pro-vie et contre la th\u00e9orie du genre, le pr\u00e9sident Castillo met en \u00e9vidence la division entre la \"vieille garde\" dure et la \"nouvelle g\u00e9n\u00e9ration\" plus lib\u00e9rale.","format":"standard","video":"","gallery":"","source_name":"","source_url":"","via_name":"","via_url":"","override":[{"single_blog_custom":"","sidebar":"","second_sidebar":"","share_position":"","share_float_style":"","post_date_format":"","post_date_format_custom":"","post_reading_time_wpm":"","zoom_button_out_step":"1","zoom_button_in_step":"1","number_popup_post":"1"}],"image_override":[{"single_post_thumbnail_size":"","single_post_gallery_size":""}],"trending_post_position":"","trending_post_label":"","sponsored_post_label":"","sponsored_post_name":"","sponsored_post_url":"","sponsored_post_logo":"","sponsored_post_desc":""},"jnews_primary_category":{"id":"819"},"jnews_social_meta":[],"jnews_override_counter":[],"footnotes":""},"categories":[809,819],"tags":[8843,886,11717,8665,11718,8497,11716,7939],"class_list":["post-86840","post","type-post","status-publish","format-standard","has-post-thumbnail","hentry","category-foreground-fr","category-vie","tag-abortion-fr-2","tag-avortement","tag-communiste","tag-foreground-fr","tag-generation","tag-genre","tag-perou","tag-theorie-du-genre"],"yoast_head":"<!-- This site is optimized with the Yoast SEO Premium plugin v25.9 (Yoast SEO v27.3) - https:\/\/yoast.com\/product\/yoast-seo-premium-wordpress\/ -->\n<title>Un communiste conservateur gouverne au P\u00e9rou - &quot;iFamNews<\/title>\n<meta name=\"description\" content=\"Pro-vie et contre la th\u00e9orie du genre, le pr\u00e9sident Castillo met en \u00e9vidence la division entre la &quot;vieille garde&quot; dure et la &quot;nouvelle g\u00e9n\u00e9ration&quot; plus lib\u00e9rale.\" \/>\n<meta name=\"robots\" content=\"index, follow, max-snippet:-1, max-image-preview:large, max-video-preview:-1\" \/>\n<link rel=\"canonical\" href=\"https:\/\/ifamnews.com\/fr\/un-communiste-conservateur-gouverne-au-p-rou\" \/>\n<meta property=\"og:locale\" content=\"fr_FR\" \/>\n<meta property=\"og:type\" content=\"article\" \/>\n<meta property=\"og:title\" content=\"Un communiste conservateur gouverne au P\u00e9rou\" \/>\n<meta property=\"og:description\" content=\"Pro-vie et contre la th\u00e9orie du genre, le pr\u00e9sident Castillo met en \u00e9vidence la division entre la &quot;vieille garde&quot; dure et la &quot;nouvelle g\u00e9n\u00e9ration&quot; plus lib\u00e9rale.\" \/>\n<meta property=\"og:url\" content=\"https:\/\/ifamnews.com\/fr\/un-communiste-conservateur-gouverne-au-p-rou\" \/>\n<meta property=\"og:site_name\" content=\"IFN\" \/>\n<meta property=\"article:publisher\" content=\"https:\/\/www.facebook.com\/iFamNews\" \/>\n<meta property=\"article:published_time\" content=\"2021-07-29T17:33:09+00:00\" \/>\n<meta property=\"article:modified_time\" content=\"2021-07-29T17:33:38+00:00\" \/>\n<meta property=\"og:image\" content=\"https:\/\/ifamnews.com\/wp-content\/uploads\/2021\/07\/Pedro-Castillo-1.png\" \/>\n\t<meta property=\"og:image:width\" content=\"1191\" \/>\n\t<meta property=\"og:image:height\" content=\"657\" \/>\n\t<meta property=\"og:image:type\" content=\"image\/png\" \/>\n<meta name=\"author\" content=\"Barbara Santambrogio\" \/>\n<meta name=\"twitter:card\" content=\"summary_large_image\" \/>\n<meta name=\"twitter:creator\" content=\"@iFamNewsEN\" \/>\n<meta name=\"twitter:site\" content=\"@iFamNewsEN\" \/>\n<meta name=\"twitter:label1\" content=\"\u00c9crit par\" \/>\n\t<meta name=\"twitter:data1\" content=\"Barbara Santambrogio\n\" \/>\n\t<meta name=\"twitter:label2\" content=\"Dur\u00e9e de lecture estim\u00e9e\" \/>\n\t<meta name=\"twitter:data2\" content=\"4 minutes\" \/>\n<!-- \/ Yoast SEO Premium plugin. -->","yoast_head_json":{"title":"Un communiste conservateur gouverne au P\u00e9rou - \"iFamNews","description":"Pro-vie et contre la th\u00e9orie du genre, le pr\u00e9sident Castillo met en \u00e9vidence la division entre la \"vieille garde\" dure et la \"nouvelle g\u00e9n\u00e9ration\" plus lib\u00e9rale.","robots":{"index":"index","follow":"follow","max-snippet":"max-snippet:-1","max-image-preview":"max-image-preview:large","max-video-preview":"max-video-preview:-1"},"canonical":"https:\/\/ifamnews.com\/fr\/un-communiste-conservateur-gouverne-au-p-rou","og_locale":"fr_FR","og_type":"article","og_title":"Un communiste conservateur gouverne au P\u00e9rou","og_description":"Pro-vie et contre la th\u00e9orie du genre, le pr\u00e9sident Castillo met en \u00e9vidence la division entre la \"vieille garde\" dure et la \"nouvelle g\u00e9n\u00e9ration\" plus lib\u00e9rale.","og_url":"https:\/\/ifamnews.com\/fr\/un-communiste-conservateur-gouverne-au-p-rou","og_site_name":"IFN","article_publisher":"https:\/\/www.facebook.com\/iFamNews","article_published_time":"2021-07-29T17:33:09+00:00","article_modified_time":"2021-07-29T17:33:38+00:00","og_image":[{"width":1191,"height":657,"url":"https:\/\/ifamnews.com\/wp-content\/uploads\/2021\/07\/Pedro-Castillo-1.png","type":"image\/png"}],"author":"Barbara Santambrogio","twitter_card":"summary_large_image","twitter_creator":"@iFamNewsEN","twitter_site":"@iFamNewsEN","twitter_misc":{"\u00c9crit par":"Barbara Santambrogio\n","Dur\u00e9e de lecture estim\u00e9e":"4 minutes"},"schema":{"@context":"https:\/\/schema.org","@graph":[{"@type":"NewsArticle","@id":"https:\/\/ifamnews.com\/fr\/un-communiste-conservateur-gouverne-au-p-rou#article","isPartOf":{"@id":"https:\/\/ifamnews.com\/fr\/un-communiste-conservateur-gouverne-au-p-rou"},"author":{"name":"Barbara Santambrogio","@id":"https:\/\/ifamnews.com\/en\/#\/schema\/person\/17118599da2799311b3611609a244572"},"headline":"Un communiste conservateur gouverne au P\u00e9rou","datePublished":"2021-07-29T17:33:09+00:00","dateModified":"2021-07-29T17:33:38+00:00","mainEntityOfPage":{"@id":"https:\/\/ifamnews.com\/fr\/un-communiste-conservateur-gouverne-au-p-rou"},"wordCount":923,"commentCount":0,"publisher":{"@id":"https:\/\/ifamnews.com\/en\/#organization"},"image":{"@id":"https:\/\/ifamnews.com\/fr\/un-communiste-conservateur-gouverne-au-p-rou#primaryimage"},"thumbnailUrl":"https:\/\/ifamnews.com\/wp-content\/uploads\/2021\/07\/Pedro-Castillo-1.png","keywords":["Abortion","avortement","communiste","Foreground","g\u00e9n\u00e9ration","Genre","P\u00e9rou","Th\u00e9orie du Genre"],"articleSection":["Foreground","Vie"],"inLanguage":"fr-FR","potentialAction":[{"@type":"CommentAction","name":"Comment","target":["https:\/\/ifamnews.com\/fr\/un-communiste-conservateur-gouverne-au-p-rou#respond"]}]},{"@type":"WebPage","@id":"https:\/\/ifamnews.com\/fr\/un-communiste-conservateur-gouverne-au-p-rou","url":"https:\/\/ifamnews.com\/fr\/un-communiste-conservateur-gouverne-au-p-rou","name":"Un communiste conservateur gouverne au P\u00e9rou - \"iFamNews","isPartOf":{"@id":"https:\/\/ifamnews.com\/en\/#website"},"primaryImageOfPage":{"@id":"https:\/\/ifamnews.com\/fr\/un-communiste-conservateur-gouverne-au-p-rou#primaryimage"},"image":{"@id":"https:\/\/ifamnews.com\/fr\/un-communiste-conservateur-gouverne-au-p-rou#primaryimage"},"thumbnailUrl":"https:\/\/ifamnews.com\/wp-content\/uploads\/2021\/07\/Pedro-Castillo-1.png","datePublished":"2021-07-29T17:33:09+00:00","dateModified":"2021-07-29T17:33:38+00:00","description":"Pro-vie et contre la th\u00e9orie du genre, le pr\u00e9sident Castillo met en \u00e9vidence la division entre la \"vieille garde\" dure et la \"nouvelle g\u00e9n\u00e9ration\" plus lib\u00e9rale.","breadcrumb":{"@id":"https:\/\/ifamnews.com\/fr\/un-communiste-conservateur-gouverne-au-p-rou#breadcrumb"},"inLanguage":"fr-FR","potentialAction":[{"@type":"ReadAction","target":["https:\/\/ifamnews.com\/fr\/un-communiste-conservateur-gouverne-au-p-rou"]}]},{"@type":"ImageObject","inLanguage":"fr-FR","@id":"https:\/\/ifamnews.com\/fr\/un-communiste-conservateur-gouverne-au-p-rou#primaryimage","url":"https:\/\/ifamnews.com\/wp-content\/uploads\/2021\/07\/Pedro-Castillo-1.png","contentUrl":"https:\/\/ifamnews.com\/wp-content\/uploads\/2021\/07\/Pedro-Castillo-1.png","width":1191,"height":657,"caption":"Image provenant de Ecointernazionale.com"},{"@type":"BreadcrumbList","@id":"https:\/\/ifamnews.com\/fr\/un-communiste-conservateur-gouverne-au-p-rou#breadcrumb","itemListElement":[{"@type":"ListItem","position":1,"name":"Home","item":"https:\/\/ifamnews.com\/de"},{"@type":"ListItem","position":2,"name":"Life","item":"https:\/\/ifamnews.com\/en\/category\/life"},{"@type":"ListItem","position":3,"name":"Un communiste conservateur gouverne au P\u00e9rou"}]},{"@type":"WebSite","@id":"https:\/\/ifamnews.com\/en\/#website","url":"https:\/\/ifamnews.com\/en\/","name":"IFN","description":"International Family News Network","publisher":{"@id":"https:\/\/ifamnews.com\/en\/#organization"},"potentialAction":[{"@type":"SearchAction","target":{"@type":"EntryPoint","urlTemplate":"https:\/\/ifamnews.com\/en\/?s={search_term_string}"},"query-input":{"@type":"PropertyValueSpecification","valueRequired":true,"valueName":"search_term_string"}}],"inLanguage":"fr-FR"},{"@type":"Organization","@id":"https:\/\/ifamnews.com\/en\/#organization","name":"iFamNews","url":"https:\/\/ifamnews.com\/en\/","logo":{"@type":"ImageObject","inLanguage":"fr-FR","@id":"https:\/\/ifamnews.com\/en\/#\/schema\/logo\/image\/","url":"https:\/\/ifamnews.com\/wp-content\/uploads\/2020\/01\/Share-logo.png","contentUrl":"https:\/\/ifamnews.com\/wp-content\/uploads\/2020\/01\/Share-logo.png","width":200,"height":200,"caption":"iFamNews"},"image":{"@id":"https:\/\/ifamnews.com\/en\/#\/schema\/logo\/image\/"},"sameAs":["https:\/\/www.facebook.com\/iFamNews","https:\/\/x.com\/iFamNewsEN"]},{"@type":"Person","@id":"https:\/\/ifamnews.com\/en\/#\/schema\/person\/17118599da2799311b3611609a244572","name":"Barbara Santambrogio","image":{"@type":"ImageObject","inLanguage":"fr-FR","@id":"https:\/\/secure.gravatar.com\/avatar\/e82fde821e1707b5acb9fe7ab0a5d6e32d42db6117e73021c2fc05cc90dad32f?s=96&d=mm&r=g","url":"https:\/\/secure.gravatar.com\/avatar\/e82fde821e1707b5acb9fe7ab0a5d6e32d42db6117e73021c2fc05cc90dad32f?s=96&d=mm&r=g","contentUrl":"https:\/\/secure.gravatar.com\/avatar\/e82fde821e1707b5acb9fe7ab0a5d6e32d42db6117e73021c2fc05cc90dad32f?s=96&d=mm&r=g","caption":"Barbara Santambrogio"},"description":"After an original and varied working path, in the field of advertising and publishing, but also in the world of wine, she finally came to deal with what she is most passionate about. Today she writes (for the web, but not only), deals with translations and teaches in elementary school. Biological and adoptive mother, she loves reading and running.","url":"https:\/\/ifamnews.com\/fr\/author\/bsantambrogio"}]}},"amp_enabled":true,"_links":{"self":[{"href":"https:\/\/ifamnews.com\/fr\/wp-json\/wp\/v2\/posts\/86840","targetHints":{"allow":["GET"]}}],"collection":[{"href":"https:\/\/ifamnews.com\/fr\/wp-json\/wp\/v2\/posts"}],"about":[{"href":"https:\/\/ifamnews.com\/fr\/wp-json\/wp\/v2\/types\/post"}],"author":[{"embeddable":true,"href":"https:\/\/ifamnews.com\/fr\/wp-json\/wp\/v2\/users\/14"}],"replies":[{"embeddable":true,"href":"https:\/\/ifamnews.com\/fr\/wp-json\/wp\/v2\/comments?post=86840"}],"version-history":[{"count":4,"href":"https:\/\/ifamnews.com\/fr\/wp-json\/wp\/v2\/posts\/86840\/revisions"}],"predecessor-version":[{"id":86863,"href":"https:\/\/ifamnews.com\/fr\/wp-json\/wp\/v2\/posts\/86840\/revisions\/86863"}],"wp:featuredmedia":[{"embeddable":true,"href":"https:\/\/ifamnews.com\/fr\/wp-json\/wp\/v2\/media\/86371"}],"wp:attachment":[{"href":"https:\/\/ifamnews.com\/fr\/wp-json\/wp\/v2\/media?parent=86840"}],"wp:term":[{"taxonomy":"category","embeddable":true,"href":"https:\/\/ifamnews.com\/fr\/wp-json\/wp\/v2\/categories?post=86840"},{"taxonomy":"post_tag","embeddable":true,"href":"https:\/\/ifamnews.com\/fr\/wp-json\/wp\/v2\/tags?post=86840"}],"curies":[{"name":"wp","href":"https:\/\/api.w.org\/{rel}","templated":true}]}}