{"id":81489,"date":"2021-07-02T05:16:10","date_gmt":"2021-07-02T09:16:10","guid":{"rendered":"https:\/\/ifamnews.com\/?p=81489"},"modified":"2021-07-02T05:16:12","modified_gmt":"2021-07-02T09:16:12","slug":"lumi-re-sur-l-affaire-de-l-identit-de-genre-","status":"publish","type":"post","link":"https:\/\/ifamnews.com\/fr\/lumi-re-sur-l-affaire-de-l-identit-de-genre-","title":{"rendered":"Lumi\u00e8re sur l&rsquo;affaire de \u00ab\u00a0l&rsquo;identit\u00e9 de genre\u00a0\u00bb."},"content":{"rendered":"\n<h3 class=\"wp-block-heading\" id=\"h-lgbt-et-sexualit\"><strong>LGBT+ et sexualit\u00e9<\/strong><\/h3>\n\n\n\n<ul class=\"wp-block-list\"><li>\u00c9tats-Unis d&rsquo;Am\u00e9rique<strong>. <\/strong>Il y a d\u00e9j\u00e0 <a href=\"https:\/\/www.dailysignal.com\/2021\/06\/18\/14-states-side-with-christian-wedding-photographer-against-nys-public-accommodations-law\/\" target=\"_blank\" rel=\"noopener\">15 \u00c9tats de l&rsquo;Union qui soutiendront Emilee Carpenter, une photographe chr\u00e9tienne<\/a> de New York qui refuse de pr\u00eater son professionnalisme pour les c\u00e9r\u00e9monies de \u00ab\u00a0mariage\u00a0\u00bb LGBT+.<br><br><\/li><li>Le Centre pour la bio\u00e9thique et la culture, qui d\u00e9fend la culture de la vie, promeut <a href=\"https:\/\/thepostmillennial.com\/trans-mission-exposes-the-fallacy-of-the-gender-transition-narrative\" target=\"_blank\" rel=\"noopener\">\u00a0\u00bb Trans Mission \u00ab\u00a0,<\/a> une nouvelle initiative remplie de contributions film\u00e9es, d&rsquo;interviews et de recherches qui mettent en lumi\u00e8re l&rsquo;industrie et la les <em>entreprises<\/em> qui fleurissent autour du concept flou d'\u00a0\u00bbidentit\u00e9 de genre\u00a0\u00bb et de \u00ab\u00a0transition\u00a0\u00bb pour les mineurs.<br><br><\/li><li>Royaume-Uni. Un <a href=\"https:\/\/thecritic.co.uk\/the-new-network-for-gender-critical-academics\/\" target=\"_blank\" rel=\"noopener\">r\u00e9seau international de chercheurs et d&rsquo;universitaires <\/a> est en train d&rsquo;\u00eatre mis en place pour \u00e9tudier dans quelle mesure et \u00e0 quel moment la diff\u00e9rence entre les sexes affecte positivement ou n\u00e9gativement l&#8217;emploi, le syst\u00e8me judiciaire et le sport.<br><br><\/li><li>\u00c9cosse. <a href=\"https:\/\/www.christian.org.uk\/news\/law-student-cleared-after-uni-witch-hunt-for-stating-biological-fact\/\" target=\"_blank\" rel=\"noopener\">Lisa Keogh, une \u00e9tudiante en droit qui a fait l&rsquo;objet d&rsquo;une enqu\u00eate et a \u00e9t\u00e9 sanctionn\u00e9e par l&rsquo;universit\u00e9 Abertay de Dundee<\/a> pour avoir d\u00e9clar\u00e9 que les femmes ont des vagins et que les hommes sont physiquement plus forts, a \u00e9t\u00e9 acquitt\u00e9e des accusations de mauvaise conduite.<br><br><\/li><li>Cuba. L&rsquo;\u00e9piscopat catholique <a href=\"https:\/\/cruxnow.com\/church-in-the-americas\/2021\/06\/cuban-bishops-hit-back-against-resolution-to-endorse-gender-ideology\/\" target=\"_blank\" rel=\"noopener\">d\u00e9nonce publiquement<\/a> la d\u00e9cision du minist\u00e8re comp\u00e9tent de promouvoir l&rsquo;id\u00e9ologie du <em>genre<\/em> dans les \u00e9coles.<\/li><\/ul>\n\n\n\n<h3 class=\"wp-block-heading\" id=\"h-famille\"><strong>Famille<\/strong><\/h3>\n\n\n\n<ul class=\"wp-block-list\"><li>\u00c9tats-Unis d&rsquo;Am\u00e9rique. Selon une \u00e9tude men\u00e9e par le <a href=\"https:\/\/www.christianpost.com\/news\/christians-happier-in-marriage-men-more-satisfied-study.html\" target=\"_blank\" rel=\"noopener\">Barna Group, les chr\u00e9tiens sont plus heureux dans leur mariage<\/a> que les non-chr\u00e9tiens, les hommes sont plus satisfaits de leur union que les femmes, et les couples de la \u00ab\u00a0g\u00e9n\u00e9ration X\u00a0\u00bb r\u00e9v\u00e8lent plut\u00f4t des difficult\u00e9s.<br><br><\/li><li>Moins de pauvret\u00e9, moins de prison et plus de lyc\u00e9es et d&rsquo;universit\u00e9s : telle est, en r\u00e9sum\u00e9, la conclusion d&rsquo;une <a href=\"https:\/\/ifstudies.org\/blog\/less-poverty-less-prison-more-college-what-two-parents-mean-for-black-and-white-children\" target=\"_blank\" rel=\"noopener\">\u00e9tude de l&rsquo;Institute for Family Studies de New York<\/a> sur les effets positifs et n\u00e9gatifs produits sur les enfants par la stabilit\u00e9 familiale des couples blancs et noirs. Les enfants blancs et noirs ont beaucoup plus de chances d&rsquo;\u00e9viter la pauvret\u00e9 et la prison, et d&rsquo;obtenir un dipl\u00f4me <em>universitaire<\/em>, s&rsquo;ils grandissent dans une famille stable avec leurs deux parents.<br><br><\/li><li>La <a href=\"https:\/\/www.breitbart.com\/politics\/2021\/06\/22\/nj-school-board-reverses-woke-decision-holidays-back-calendar\/\" target=\"_blank\" rel=\"noopener\">r\u00e9volte des parents contre les enseignants et les \u00e9coles s&rsquo;\u00e9tend<\/a>. L&rsquo;\u00e9pisode le plus r\u00e9cent de ce bras de fer se d\u00e9roule dans la ville de Randolph, dans le New Jersey. La semaine derni\u00e8re, une \u00e9cole avait d\u00e9cid\u00e9 de supprimer les f\u00eates de No\u00ebl, Thanksgiving, Columbus Day, etc. du calendrier, mais a \u00e9t\u00e9 contrainte de faire marche arri\u00e8re.<\/li><\/ul>\n\n\n\n<h3 class=\"wp-block-heading\" id=\"h-la-vie\"><strong>La vie<\/strong><\/h3>\n\n\n\n<ul class=\"wp-block-list\"><li>Royaume-Uni. <a href=\"https:\/\/www.liveaction.org\/news\/jewish-parents-fight-uk-toddler-life-support\/\" target=\"_blank\" rel=\"noopener\">Alta Fixsler<\/a>, qui a deux ans, est maintenue m\u00e9dicalement en vie depuis sa naissance car elle souffre d&rsquo;une grave maladie. Les sp\u00e9cialistes du Manchester University NHS Foundation Trust, qui g\u00e8re l&rsquo;h\u00f4pital o\u00f9 Alta est h\u00e9berg\u00e9e, demandent que son mat\u00e9riel de r\u00e9animation soit retir\u00e9 car elle n&rsquo;a \u00ab\u00a0aucune chance de se r\u00e9tablir\u00a0\u00bb. Le 28 mai, la Haute Cour de Londres a donn\u00e9 raison aux m\u00e9decins. Ayant fait appel devant la Cour d&rsquo;appel, le p\u00e8re et la m\u00e8re attendent maintenant le jugement. Ils demandent de pouvoir continuer \u00e0 traiter l&rsquo;enfant ou, au moins, d&rsquo;\u00eatre autoris\u00e9s \u00e0 l&#8217;emmener se faire soigner en Isra\u00ebl, le pays d&rsquo;origine des parents.<br><\/li><li>\u00c9cosse. Le projet de loi sur le suicide assist\u00e9 se heurte \u00e0 une forte opposition de la part de nombreux <a href=\"https:\/\/righttolife.org.uk\/news\/assisted-suicide-bill-launched-in-scotland-faces-strong-opposition-from-msp-with-disabilities\" target=\"_blank\" rel=\"noopener\">d\u00e9put\u00e9s handicap\u00e9s<\/a> et de plusieurs partis politiques. La confiance dans la capacit\u00e9 de l&rsquo;opposition \u00e0 r\u00e9ussir grandit.<\/li><\/ul>\n","protected":false},"excerpt":{"rendered":"<p>Pleins feux sur les bonnes choses qui se passent dans le monde<\/p>\n","protected":false},"author":54,"featured_media":24094,"comment_status":"open","ping_status":"open","sticky":false,"template":"","format":"standard","meta":{"give_campaign_id":0,"om_disable_all_campaigns":false,"_monsterinsights_skip_tracking":false,"_monsterinsights_sitenote_active":false,"_monsterinsights_sitenote_note":"","_monsterinsights_sitenote_category":0,"mc4wp_mailchimp_campaign":[],"jnews-multi-image_gallery":[],"jnews_single_post":{"subtitle":"Pleins feux sur les bonnes choses qui se passent dans le monde","format":"standard","video":"","gallery":"","source_name":"","source_url":"","via_name":"","via_url":"","override":[{"single_blog_custom":"","sidebar":"","second_sidebar":"","share_position":"","share_float_style":"","post_date_format":"","post_date_format_custom":"","post_reading_time_wpm":"","zoom_button_out_step":"1","zoom_button_in_step":"1","number_popup_post":"1"}],"image_override":[{"single_post_thumbnail_size":"","single_post_gallery_size":""}],"trending_post_position":"","trending_post_label":"","sponsored_post_label":"","sponsored_post_name":"","sponsored_post_url":"","sponsored_post_logo":"","sponsored_post_desc":""},"jnews_primary_category":{"id":"813"},"jnews_social_meta":[],"jnews_override_counter":[],"footnotes":""},"categories":[809,813],"tags":[9103,1456,9751,11379,9483],"class_list":["post-81489","post","type-post","status-publish","format-standard","has-post-thumbnail","hentry","category-foreground-fr","category-breaking-news-fr","tag-bonnes-nouvelles","tag-famille","tag-identite-de-genre","tag-royaume-uni-2","tag-sexualite"],"yoast_head":"<!-- This site is optimized with the Yoast SEO Premium plugin v25.9 (Yoast SEO v27.3) - https:\/\/yoast.com\/product\/yoast-seo-premium-wordpress\/ -->\n<title>Lumi\u00e8re sur l&#039;affaire de &quot;l&#039;identit\u00e9 de genre&quot;. - &quot;iFamNews<\/title>\n<meta name=\"description\" content=\"Pleins feux sur les bonnes choses qui se passent dans le monde\" \/>\n<meta name=\"robots\" content=\"index, follow, max-snippet:-1, max-image-preview:large, max-video-preview:-1\" \/>\n<link rel=\"canonical\" href=\"https:\/\/ifamnews.com\/fr\/lumi-re-sur-l-affaire-de-l-identit-de-genre-\" \/>\n<meta property=\"og:locale\" content=\"fr_FR\" \/>\n<meta property=\"og:type\" content=\"article\" \/>\n<meta property=\"og:title\" content=\"Lumi\u00e8re sur l&#039;affaire de &quot;l&#039;identit\u00e9 de genre&quot;.\" \/>\n<meta property=\"og:description\" content=\"Pleins feux sur les bonnes choses qui se passent dans le monde\" \/>\n<meta property=\"og:url\" content=\"https:\/\/ifamnews.com\/fr\/lumi-re-sur-l-affaire-de-l-identit-de-genre-\" \/>\n<meta property=\"og:site_name\" content=\"IFN\" \/>\n<meta property=\"article:publisher\" content=\"https:\/\/www.facebook.com\/iFamNews\" \/>\n<meta property=\"article:author\" content=\"https:\/\/facebook.com\/lvolonte1\" \/>\n<meta property=\"article:published_time\" content=\"2021-07-02T09:16:10+00:00\" \/>\n<meta property=\"article:modified_time\" content=\"2021-07-02T09:16:12+00:00\" \/>\n<meta property=\"og:image\" content=\"https:\/\/ifamnews.com\/wp-content\/uploads\/2020\/08\/Sweden.jpg\" \/>\n\t<meta property=\"og:image:width\" content=\"1200\" \/>\n\t<meta property=\"og:image:height\" content=\"675\" \/>\n\t<meta property=\"og:image:type\" content=\"image\/jpeg\" \/>\n<meta name=\"author\" content=\"Luca Volont\u00e8\" \/>\n<meta name=\"twitter:card\" content=\"summary_large_image\" \/>\n<meta name=\"twitter:creator\" content=\"@https:\/\/twitter.com\/l_volonte\" \/>\n<meta name=\"twitter:site\" content=\"@iFamNewsEN\" \/>\n<meta name=\"twitter:label1\" content=\"\u00c9crit par\" \/>\n\t<meta name=\"twitter:data1\" content=\"Luca Volont\u00e8\" \/>\n\t<meta name=\"twitter:label2\" content=\"Dur\u00e9e de lecture estim\u00e9e\" \/>\n\t<meta name=\"twitter:data2\" content=\"3 minutes\" \/>\n<!-- \/ Yoast SEO Premium plugin. -->","yoast_head_json":{"title":"Lumi\u00e8re sur l'affaire de \"l'identit\u00e9 de genre\". - \"iFamNews","description":"Pleins feux sur les bonnes choses qui se passent dans le monde","robots":{"index":"index","follow":"follow","max-snippet":"max-snippet:-1","max-image-preview":"max-image-preview:large","max-video-preview":"max-video-preview:-1"},"canonical":"https:\/\/ifamnews.com\/fr\/lumi-re-sur-l-affaire-de-l-identit-de-genre-","og_locale":"fr_FR","og_type":"article","og_title":"Lumi\u00e8re sur l'affaire de \"l'identit\u00e9 de genre\".","og_description":"Pleins feux sur les bonnes choses qui se passent dans le monde","og_url":"https:\/\/ifamnews.com\/fr\/lumi-re-sur-l-affaire-de-l-identit-de-genre-","og_site_name":"IFN","article_publisher":"https:\/\/www.facebook.com\/iFamNews","article_author":"https:\/\/facebook.com\/lvolonte1","article_published_time":"2021-07-02T09:16:10+00:00","article_modified_time":"2021-07-02T09:16:12+00:00","og_image":[{"width":1200,"height":675,"url":"https:\/\/ifamnews.com\/wp-content\/uploads\/2020\/08\/Sweden.jpg","type":"image\/jpeg"}],"author":"Luca Volont\u00e8","twitter_card":"summary_large_image","twitter_creator":"@https:\/\/twitter.com\/l_volonte","twitter_site":"@iFamNewsEN","twitter_misc":{"\u00c9crit par":"Luca Volont\u00e8","Dur\u00e9e de lecture estim\u00e9e":"3 minutes"},"schema":{"@context":"https:\/\/schema.org","@graph":[{"@type":"NewsArticle","@id":"https:\/\/ifamnews.com\/fr\/lumi-re-sur-l-affaire-de-l-identit-de-genre-#article","isPartOf":{"@id":"https:\/\/ifamnews.com\/fr\/lumi-re-sur-l-affaire-de-l-identit-de-genre-"},"author":{"name":"Luca Volont\u00e8","@id":"https:\/\/ifamnews.com\/en\/#\/schema\/person\/bed5b7c6161f317421caa94dc3be6a53"},"headline":"Lumi\u00e8re sur l&rsquo;affaire de \u00ab\u00a0l&rsquo;identit\u00e9 de genre\u00a0\u00bb.","datePublished":"2021-07-02T09:16:10+00:00","dateModified":"2021-07-02T09:16:12+00:00","mainEntityOfPage":{"@id":"https:\/\/ifamnews.com\/fr\/lumi-re-sur-l-affaire-de-l-identit-de-genre-"},"wordCount":616,"commentCount":0,"publisher":{"@id":"https:\/\/ifamnews.com\/en\/#organization"},"image":{"@id":"https:\/\/ifamnews.com\/fr\/lumi-re-sur-l-affaire-de-l-identit-de-genre-#primaryimage"},"thumbnailUrl":"https:\/\/ifamnews.com\/wp-content\/uploads\/2020\/08\/Sweden.jpg","keywords":["Bonnes nouvelles","famille","identit\u00e9 de genre","Royaume-Uni","sexualit\u00e9"],"articleSection":["Foreground","Nouvelles r\u00e9centes"],"inLanguage":"fr-FR","potentialAction":[{"@type":"CommentAction","name":"Comment","target":["https:\/\/ifamnews.com\/fr\/lumi-re-sur-l-affaire-de-l-identit-de-genre-#respond"]}]},{"@type":"WebPage","@id":"https:\/\/ifamnews.com\/fr\/lumi-re-sur-l-affaire-de-l-identit-de-genre-","url":"https:\/\/ifamnews.com\/fr\/lumi-re-sur-l-affaire-de-l-identit-de-genre-","name":"Lumi\u00e8re sur l'affaire de \"l'identit\u00e9 de genre\". - \"iFamNews","isPartOf":{"@id":"https:\/\/ifamnews.com\/en\/#website"},"primaryImageOfPage":{"@id":"https:\/\/ifamnews.com\/fr\/lumi-re-sur-l-affaire-de-l-identit-de-genre-#primaryimage"},"image":{"@id":"https:\/\/ifamnews.com\/fr\/lumi-re-sur-l-affaire-de-l-identit-de-genre-#primaryimage"},"thumbnailUrl":"https:\/\/ifamnews.com\/wp-content\/uploads\/2020\/08\/Sweden.jpg","datePublished":"2021-07-02T09:16:10+00:00","dateModified":"2021-07-02T09:16:12+00:00","description":"Pleins feux sur les bonnes choses qui se passent dans le monde","breadcrumb":{"@id":"https:\/\/ifamnews.com\/fr\/lumi-re-sur-l-affaire-de-l-identit-de-genre-#breadcrumb"},"inLanguage":"fr-FR","potentialAction":[{"@type":"ReadAction","target":["https:\/\/ifamnews.com\/fr\/lumi-re-sur-l-affaire-de-l-identit-de-genre-"]}]},{"@type":"ImageObject","inLanguage":"fr-FR","@id":"https:\/\/ifamnews.com\/fr\/lumi-re-sur-l-affaire-de-l-identit-de-genre-#primaryimage","url":"https:\/\/ifamnews.com\/wp-content\/uploads\/2020\/08\/Sweden.jpg","contentUrl":"https:\/\/ifamnews.com\/wp-content\/uploads\/2020\/08\/Sweden.jpg","width":1200,"height":675,"caption":"Image de Google Images"},{"@type":"BreadcrumbList","@id":"https:\/\/ifamnews.com\/fr\/lumi-re-sur-l-affaire-de-l-identit-de-genre-#breadcrumb","itemListElement":[{"@type":"ListItem","position":1,"name":"Home","item":"https:\/\/ifamnews.com\/de"},{"@type":"ListItem","position":2,"name":"Famiglia","item":"https:\/\/ifamnews.com\/it\/categoria\/famiglia"},{"@type":"ListItem","position":3,"name":"Lumi\u00e8re sur l&#8217;affaire de &#8220;l&#8217;identit\u00e9 de genre&#8221;."}]},{"@type":"WebSite","@id":"https:\/\/ifamnews.com\/en\/#website","url":"https:\/\/ifamnews.com\/en\/","name":"IFN","description":"International Family News Network","publisher":{"@id":"https:\/\/ifamnews.com\/en\/#organization"},"potentialAction":[{"@type":"SearchAction","target":{"@type":"EntryPoint","urlTemplate":"https:\/\/ifamnews.com\/en\/?s={search_term_string}"},"query-input":{"@type":"PropertyValueSpecification","valueRequired":true,"valueName":"search_term_string"}}],"inLanguage":"fr-FR"},{"@type":"Organization","@id":"https:\/\/ifamnews.com\/en\/#organization","name":"iFamNews","url":"https:\/\/ifamnews.com\/en\/","logo":{"@type":"ImageObject","inLanguage":"fr-FR","@id":"https:\/\/ifamnews.com\/en\/#\/schema\/logo\/image\/","url":"https:\/\/ifamnews.com\/wp-content\/uploads\/2020\/01\/Share-logo.png","contentUrl":"https:\/\/ifamnews.com\/wp-content\/uploads\/2020\/01\/Share-logo.png","width":200,"height":200,"caption":"iFamNews"},"image":{"@id":"https:\/\/ifamnews.com\/en\/#\/schema\/logo\/image\/"},"sameAs":["https:\/\/www.facebook.com\/iFamNews","https:\/\/x.com\/iFamNewsEN"]},{"@type":"Person","@id":"https:\/\/ifamnews.com\/en\/#\/schema\/person\/bed5b7c6161f317421caa94dc3be6a53","name":"Luca Volont\u00e8","image":{"@type":"ImageObject","inLanguage":"fr-FR","@id":"https:\/\/secure.gravatar.com\/avatar\/354ed6bca06f9968278e6eb25fa8a123306c69f5c50f711836cf12e6c8ecbbf6?s=96&d=mm&r=g","url":"https:\/\/secure.gravatar.com\/avatar\/354ed6bca06f9968278e6eb25fa8a123306c69f5c50f711836cf12e6c8ecbbf6?s=96&d=mm&r=g","contentUrl":"https:\/\/secure.gravatar.com\/avatar\/354ed6bca06f9968278e6eb25fa8a123306c69f5c50f711836cf12e6c8ecbbf6?s=96&d=mm&r=g","caption":"Luca Volont\u00e8"},"description":"Luca Volont\u00e8 was an Italian parliamentarian from 1996 to 2013, and served as president of the PPE-CD at the Assembly of the Council of Europe. Publicly engaged for decades in the promotion of life, family and religious and educational freedom, Luca\u00a0 has served as a board member for various international organizations promoting Christian values and human rights, including his current role as a board member of the International Organization for the Family. He has authored books and essays for the Novae Terrae series by the publisher Rubbettino; he has been a correspondent for several Italian newspapers, and currently collaborates with La nuova Bussola Quotidiana, an online newspaper. He is a also a great bicycle enthusiast.","sameAs":["https:\/\/facebook.com\/lvolonte1","https:\/\/x.com\/https:\/\/twitter.com\/l_volonte"],"url":"https:\/\/ifamnews.com\/fr\/author\/lvolonte"}]}},"amp_enabled":true,"_links":{"self":[{"href":"https:\/\/ifamnews.com\/fr\/wp-json\/wp\/v2\/posts\/81489","targetHints":{"allow":["GET"]}}],"collection":[{"href":"https:\/\/ifamnews.com\/fr\/wp-json\/wp\/v2\/posts"}],"about":[{"href":"https:\/\/ifamnews.com\/fr\/wp-json\/wp\/v2\/types\/post"}],"author":[{"embeddable":true,"href":"https:\/\/ifamnews.com\/fr\/wp-json\/wp\/v2\/users\/54"}],"replies":[{"embeddable":true,"href":"https:\/\/ifamnews.com\/fr\/wp-json\/wp\/v2\/comments?post=81489"}],"version-history":[{"count":3,"href":"https:\/\/ifamnews.com\/fr\/wp-json\/wp\/v2\/posts\/81489\/revisions"}],"predecessor-version":[{"id":81493,"href":"https:\/\/ifamnews.com\/fr\/wp-json\/wp\/v2\/posts\/81489\/revisions\/81493"}],"wp:featuredmedia":[{"embeddable":true,"href":"https:\/\/ifamnews.com\/fr\/wp-json\/wp\/v2\/media\/24094"}],"wp:attachment":[{"href":"https:\/\/ifamnews.com\/fr\/wp-json\/wp\/v2\/media?parent=81489"}],"wp:term":[{"taxonomy":"category","embeddable":true,"href":"https:\/\/ifamnews.com\/fr\/wp-json\/wp\/v2\/categories?post=81489"},{"taxonomy":"post_tag","embeddable":true,"href":"https:\/\/ifamnews.com\/fr\/wp-json\/wp\/v2\/tags?post=81489"}],"curies":[{"name":"wp","href":"https:\/\/api.w.org\/{rel}","templated":true}]}}