{"id":78396,"date":"2021-06-17T02:36:24","date_gmt":"2021-06-17T06:36:24","guid":{"rendered":"https:\/\/ifamnews.com\/?p=78396"},"modified":"2021-06-17T02:38:29","modified_gmt":"2021-06-17T06:38:29","slug":"la-majorit-des-allemands-contre-le-langage-des-genres","status":"publish","type":"post","link":"https:\/\/ifamnews.com\/fr\/la-majorit-des-allemands-contre-le-langage-des-genres","title":{"rendered":"La majorit\u00e9 des Allemands contre le langage des genres"},"content":{"rendered":"\n<p>Une grande partie des Allemands rejettent la gend\u00e9risation de la langue allemande. C&rsquo;est le r\u00e9sultat d&rsquo;une enqu\u00eate r\u00e9cemment publi\u00e9e par Infratest pour le <em>Welt am Sonntag<\/em>.<\/p>\n\n\n\n<p>La langue de genre utilise des mots fictifs tels que Studierende pour d\u00e9signer des personnes qui \u00e9tudient au lieu de Studenten &#8211; \u00e9tudiants, ou encore l&rsquo;ajout d&rsquo;une lettre majuscule I (Binnen-I) qui est ajout\u00e9 aux mots pour d\u00e9signer un autre genre. Au lieu du mot allemand Pilot (qui signifie pilote), l&rsquo;utilisation de la forme Pilot-Innen est requise, et le discours n\u00e9cessite une courte pause entre la prononciation des mots Pilot et -Innen.<\/p>\n\n\n\n<p>Selon les r\u00e9sultats de l&rsquo;enqu\u00eate d&rsquo;Infratest, 65 % des personnes interrog\u00e9es rejettent l&rsquo;utilisation du langage sexiste. L&rsquo;ann\u00e9e pr\u00e9c\u00e9dente, le taux de rejet avait \u00e9t\u00e9 de 56 %.<\/p>\n\n\n\n<p>Selon l&rsquo;enqu\u00eate, 48 % des partisans des Verts rejettent le gendering, 57 % des partisans du SPD, 68 % des partisans de la CDU\/CSU, 72 % des partisans du Parti de gauche, 77 % des partisans du FDP et 83 % des partisans de l&rsquo;AfD.<\/p>\n\n\n\n<p>Lors du d\u00e9bat sur l&rsquo;utilisation du langage sexu\u00e9, le Vice-Pr\u00e9sident du Bundestag, Wolfgang Kubicki (FDP), avait d\u00e9clar\u00e9 au Welt am Sonntag que la langue \u00e9volue au fil du temps dans le cadre de processus socioculturels, mais pas par une coercition morale \u00e9litiste. \u00ab\u00a0Je ne crois donc pas que le langage genr\u00e9 va s&rsquo;imposer. Chaque personne doit s&rsquo;exprimer comme elle l&rsquo;entend, qu&rsquo;elle veuille ou non utiliser le langage genr\u00e9. \u00a0\u00bb La langue \u00ab\u00a0ne doit pas \u00eatre transform\u00e9e fr\u00e9n\u00e9tiquement en un outil de combat politique\u00a0\u00bb.<\/p>\n\n\n\n<p>M. Kubicki n&rsquo;est pas le seul homme politique allemand \u00e0 avoir r\u00e9cemment critiqu\u00e9 le langage du genre. Le d\u00e9put\u00e9 CDU Christoph Ploss, qui est \u00e9galement co-initiateur de la p\u00e9tition RCDS, avait \u00e9galement d\u00e9clar\u00e9 dans un article pour <em>Die Welt<\/em>, que l&rsquo;\u00c9tat ne devrait pas r\u00e9\u00e9duquer ses citoyens via le langage du genre. Et certains m\u00e9dias publics ont \u00e9galement l&rsquo;impression d&rsquo;\u00eatre la cible d&rsquo;une d\u00e9cision prise par l&rsquo;\u00e9tat : un b\u00e9n\u00e9vole de la radio et de la t\u00e9l\u00e9vision Bavaroise Bayrischer Rundfunk avait <a href=\"https:\/\/ifamnews.com\/de\/-verr-ckter-sternchen-zeitgeist-br-volont-rin-kn-pft-sich-gendersprache-vor\">qualifi\u00e9<\/a> le langage du genre de \u00ab\u00a0contorsion linguistique insens\u00e9e\u00a0\u00bb d&rsquo;une \u00ab\u00a0bulle acad\u00e9mique de bien-\u00eatre\u00a0\u00bb. La r\u00e9sistance s&rsquo;accro\u00eet \u00e9galement dans d&rsquo;autres pays europ\u00e9ens : Le ministre fran\u00e7ais de l&rsquo;\u00e9ducation, par exemple, a r\u00e9cemment <a href=\"https:\/\/ifamnews.com\/de\/frankreich-verbietet-gendersprache-an-seinen-schulen\">interdit le<\/a> langage du genre dans les \u00e9coles fran\u00e7aises et dans son minist\u00e8re.<\/p>\n\n\n\n<p><strong><em>Vous \u00eates int\u00e9ress\u00e9 par le mouvement pro-vie et pro-famille ? Restez toujours \u00e0 jour &#8211; inscrivez-vous \u00e0 notre newsletter ! <\/em><\/strong><a href=\"https:\/\/ifamnews.com\/fr\/souscrire\"><strong><em>Inscrivez-vous ici.<\/em><\/strong><\/a><strong><em> Des nouvelles quotidiennes de France et du monde entier !<\/em><\/strong><\/p>\n","protected":false},"excerpt":{"rendered":"<p>Un sondage r\u00e9cent montre que 65 % de la population allemande est contre le langage des genres. Le Vice-Pr\u00e9sident du Bundestag du FDP, M. Kubicki, est \u00e9galement oppos\u00e9 \u00e0 l&rsquo;utilisation obligatoire de cette langue.<\/p>\n","protected":false},"author":589,"featured_media":74486,"comment_status":"open","ping_status":"open","sticky":false,"template":"","format":"standard","meta":{"give_campaign_id":0,"om_disable_all_campaigns":false,"_monsterinsights_skip_tracking":false,"_monsterinsights_sitenote_active":false,"_monsterinsights_sitenote_note":"","_monsterinsights_sitenote_category":0,"mc4wp_mailchimp_campaign":[],"jnews-multi-image_gallery":[],"jnews_single_post":{"subtitle":"Un sondage r\u00e9cent montre que 65 % de la population allemande est contre le langage des genres. Le Vice-Pr\u00e9sident du Bundestag du FDP, M. Kubicki, est \u00e9galement oppos\u00e9 \u00e0 l'utilisation obligatoire de cette langue.","format":"standard","video":"","gallery":"","source_name":"","source_url":"","via_name":"","via_url":"","override":[{"single_blog_custom":"","sidebar":"","second_sidebar":"","share_position":"","share_float_style":"","post_date_format":"","post_date_format_custom":"","post_reading_time_wpm":"","zoom_button_out_step":"1","zoom_button_in_step":"1","number_popup_post":"1"}],"image_override":[{"single_post_thumbnail_size":"","single_post_gallery_size":""}],"trending_post_position":"","trending_post_label":"","sponsored_post_label":"","sponsored_post_name":"","sponsored_post_url":"","sponsored_post_logo":"","sponsored_post_desc":""},"jnews_primary_category":{"id":"762"},"jnews_social_meta":[],"jnews_override_counter":[],"footnotes":""},"categories":[762,809,813],"tags":[11077,8761,11076,11078,11079],"class_list":["post-78396","post","type-post","status-publish","format-standard","has-post-thumbnail","hentry","category-culture-fr","category-foreground-fr","category-breaking-news-fr","tag-enquete","tag-gender-ideology-fr","tag-ideologie-du-genre-fr","tag-langue-de-genre","tag-wolfgang-kubicki-fr"],"yoast_head":"<!-- This site is optimized with the Yoast SEO Premium plugin v25.9 (Yoast SEO v27.3) - https:\/\/yoast.com\/product\/yoast-seo-premium-wordpress\/ -->\n<title>La majorit\u00e9 des Allemands contre le langage des genres - IFN<\/title>\n<meta name=\"description\" content=\"Un sondage r\u00e9cent montre que 65 % de la population allemande est contre le langage des genres. Le Vice-Pr\u00e9sident du Bundestag du FDP, M. Kubicki, est \u00e9galement oppos\u00e9 \u00e0 l&#039;utilisation obligatoire de cette langue.\" \/>\n<meta name=\"robots\" content=\"index, follow, max-snippet:-1, max-image-preview:large, max-video-preview:-1\" \/>\n<link rel=\"canonical\" href=\"https:\/\/ifamnews.com\/fr\/la-majorit-des-allemands-contre-le-langage-des-genres\" \/>\n<meta property=\"og:locale\" content=\"fr_FR\" \/>\n<meta property=\"og:type\" content=\"article\" \/>\n<meta property=\"og:title\" content=\"La majorit\u00e9 des Allemands contre le langage des genres\" \/>\n<meta property=\"og:description\" content=\"Un sondage r\u00e9cent montre que 65 % de la population allemande est contre le langage des genres. Le Vice-Pr\u00e9sident du Bundestag du FDP, M. Kubicki, est \u00e9galement oppos\u00e9 \u00e0 l&#039;utilisation obligatoire de cette langue.\" \/>\n<meta property=\"og:url\" content=\"https:\/\/ifamnews.com\/fr\/la-majorit-des-allemands-contre-le-langage-des-genres\" \/>\n<meta property=\"og:site_name\" content=\"IFN\" \/>\n<meta property=\"article:publisher\" content=\"https:\/\/www.facebook.com\/iFamNews\" \/>\n<meta property=\"article:published_time\" content=\"2021-06-17T06:36:24+00:00\" \/>\n<meta property=\"article:modified_time\" content=\"2021-06-17T06:38:29+00:00\" \/>\n<meta property=\"og:image\" content=\"https:\/\/ifamnews.com\/wp-content\/uploads\/2021\/05\/Wolfgang_Kubicki1.jpg\" \/>\n\t<meta property=\"og:image:width\" content=\"1200\" \/>\n\t<meta property=\"og:image:height\" content=\"675\" \/>\n\t<meta property=\"og:image:type\" content=\"image\/jpeg\" \/>\n<meta name=\"author\" content=\"Johann R. Porter\" \/>\n<meta name=\"twitter:card\" content=\"summary_large_image\" \/>\n<meta name=\"twitter:creator\" content=\"@iFamNewsEN\" \/>\n<meta name=\"twitter:site\" content=\"@iFamNewsEN\" \/>\n<meta name=\"twitter:label1\" content=\"\u00c9crit par\" \/>\n\t<meta name=\"twitter:data1\" content=\"Johann R. Porter\" \/>\n\t<meta name=\"twitter:label2\" content=\"Dur\u00e9e de lecture estim\u00e9e\" \/>\n\t<meta name=\"twitter:data2\" content=\"2 minutes\" \/>\n<!-- \/ Yoast SEO Premium plugin. -->","yoast_head_json":{"title":"La majorit\u00e9 des Allemands contre le langage des genres - IFN","description":"Un sondage r\u00e9cent montre que 65 % de la population allemande est contre le langage des genres. Le Vice-Pr\u00e9sident du Bundestag du FDP, M. Kubicki, est \u00e9galement oppos\u00e9 \u00e0 l'utilisation obligatoire de cette langue.","robots":{"index":"index","follow":"follow","max-snippet":"max-snippet:-1","max-image-preview":"max-image-preview:large","max-video-preview":"max-video-preview:-1"},"canonical":"https:\/\/ifamnews.com\/fr\/la-majorit-des-allemands-contre-le-langage-des-genres","og_locale":"fr_FR","og_type":"article","og_title":"La majorit\u00e9 des Allemands contre le langage des genres","og_description":"Un sondage r\u00e9cent montre que 65 % de la population allemande est contre le langage des genres. Le Vice-Pr\u00e9sident du Bundestag du FDP, M. Kubicki, est \u00e9galement oppos\u00e9 \u00e0 l'utilisation obligatoire de cette langue.","og_url":"https:\/\/ifamnews.com\/fr\/la-majorit-des-allemands-contre-le-langage-des-genres","og_site_name":"IFN","article_publisher":"https:\/\/www.facebook.com\/iFamNews","article_published_time":"2021-06-17T06:36:24+00:00","article_modified_time":"2021-06-17T06:38:29+00:00","og_image":[{"width":1200,"height":675,"url":"https:\/\/ifamnews.com\/wp-content\/uploads\/2021\/05\/Wolfgang_Kubicki1.jpg","type":"image\/jpeg"}],"author":"Johann R. Porter","twitter_card":"summary_large_image","twitter_creator":"@iFamNewsEN","twitter_site":"@iFamNewsEN","twitter_misc":{"\u00c9crit par":"Johann R. Porter","Dur\u00e9e de lecture estim\u00e9e":"2 minutes"},"schema":{"@context":"https:\/\/schema.org","@graph":[{"@type":"NewsArticle","@id":"https:\/\/ifamnews.com\/fr\/la-majorit-des-allemands-contre-le-langage-des-genres#article","isPartOf":{"@id":"https:\/\/ifamnews.com\/fr\/la-majorit-des-allemands-contre-le-langage-des-genres"},"author":{"name":"Johann R. Porter","@id":"https:\/\/ifamnews.com\/en\/#\/schema\/person\/97c5fc10500c93e36c296295ba21a537"},"headline":"La majorit\u00e9 des Allemands contre le langage des genres","datePublished":"2021-06-17T06:36:24+00:00","dateModified":"2021-06-17T06:38:29+00:00","mainEntityOfPage":{"@id":"https:\/\/ifamnews.com\/fr\/la-majorit-des-allemands-contre-le-langage-des-genres"},"wordCount":465,"commentCount":0,"publisher":{"@id":"https:\/\/ifamnews.com\/en\/#organization"},"image":{"@id":"https:\/\/ifamnews.com\/fr\/la-majorit-des-allemands-contre-le-langage-des-genres#primaryimage"},"thumbnailUrl":"https:\/\/ifamnews.com\/wp-content\/uploads\/2021\/05\/Wolfgang_Kubicki1.jpg","keywords":["enqu\u00eate","gender ideology","Id\u00e9ologie du genre","langue de genre","Wolfgang Kubicki"],"articleSection":["Culture","Foreground","Nouvelles r\u00e9centes"],"inLanguage":"fr-FR","potentialAction":[{"@type":"CommentAction","name":"Comment","target":["https:\/\/ifamnews.com\/fr\/la-majorit-des-allemands-contre-le-langage-des-genres#respond"]}]},{"@type":"WebPage","@id":"https:\/\/ifamnews.com\/fr\/la-majorit-des-allemands-contre-le-langage-des-genres","url":"https:\/\/ifamnews.com\/fr\/la-majorit-des-allemands-contre-le-langage-des-genres","name":"La majorit\u00e9 des Allemands contre le langage des genres - IFN","isPartOf":{"@id":"https:\/\/ifamnews.com\/en\/#website"},"primaryImageOfPage":{"@id":"https:\/\/ifamnews.com\/fr\/la-majorit-des-allemands-contre-le-langage-des-genres#primaryimage"},"image":{"@id":"https:\/\/ifamnews.com\/fr\/la-majorit-des-allemands-contre-le-langage-des-genres#primaryimage"},"thumbnailUrl":"https:\/\/ifamnews.com\/wp-content\/uploads\/2021\/05\/Wolfgang_Kubicki1.jpg","datePublished":"2021-06-17T06:36:24+00:00","dateModified":"2021-06-17T06:38:29+00:00","description":"Un sondage r\u00e9cent montre que 65 % de la population allemande est contre le langage des genres. Le Vice-Pr\u00e9sident du Bundestag du FDP, M. Kubicki, est \u00e9galement oppos\u00e9 \u00e0 l'utilisation obligatoire de cette langue.","breadcrumb":{"@id":"https:\/\/ifamnews.com\/fr\/la-majorit-des-allemands-contre-le-langage-des-genres#breadcrumb"},"inLanguage":"fr-FR","potentialAction":[{"@type":"ReadAction","target":["https:\/\/ifamnews.com\/fr\/la-majorit-des-allemands-contre-le-langage-des-genres"]}]},{"@type":"ImageObject","inLanguage":"fr-FR","@id":"https:\/\/ifamnews.com\/fr\/la-majorit-des-allemands-contre-le-langage-des-genres#primaryimage","url":"https:\/\/ifamnews.com\/wp-content\/uploads\/2021\/05\/Wolfgang_Kubicki1.jpg","contentUrl":"https:\/\/ifamnews.com\/wp-content\/uploads\/2021\/05\/Wolfgang_Kubicki1.jpg","width":1200,"height":675,"caption":"Rejette la langue obligatoire du genre : Wolfgang Kubicki, vice-pr\u00e9sident du FDP au Bundestag. Image copyright : \u039b\u03bf\u1fe6\u03ba\u03b1\u03c2."},{"@type":"BreadcrumbList","@id":"https:\/\/ifamnews.com\/fr\/la-majorit-des-allemands-contre-le-langage-des-genres#breadcrumb","itemListElement":[{"@type":"ListItem","position":1,"name":"Home","item":"https:\/\/ifamnews.com\/de"},{"@type":"ListItem","position":2,"name":"Culture","item":"https:\/\/ifamnews.com\/en\/category\/culture"},{"@type":"ListItem","position":3,"name":"La majorit\u00e9 des Allemands contre le langage des genres"}]},{"@type":"WebSite","@id":"https:\/\/ifamnews.com\/en\/#website","url":"https:\/\/ifamnews.com\/en\/","name":"IFN","description":"International Family News Network","publisher":{"@id":"https:\/\/ifamnews.com\/en\/#organization"},"potentialAction":[{"@type":"SearchAction","target":{"@type":"EntryPoint","urlTemplate":"https:\/\/ifamnews.com\/en\/?s={search_term_string}"},"query-input":{"@type":"PropertyValueSpecification","valueRequired":true,"valueName":"search_term_string"}}],"inLanguage":"fr-FR"},{"@type":"Organization","@id":"https:\/\/ifamnews.com\/en\/#organization","name":"iFamNews","url":"https:\/\/ifamnews.com\/en\/","logo":{"@type":"ImageObject","inLanguage":"fr-FR","@id":"https:\/\/ifamnews.com\/en\/#\/schema\/logo\/image\/","url":"https:\/\/ifamnews.com\/wp-content\/uploads\/2020\/01\/Share-logo.png","contentUrl":"https:\/\/ifamnews.com\/wp-content\/uploads\/2020\/01\/Share-logo.png","width":200,"height":200,"caption":"iFamNews"},"image":{"@id":"https:\/\/ifamnews.com\/en\/#\/schema\/logo\/image\/"},"sameAs":["https:\/\/www.facebook.com\/iFamNews","https:\/\/x.com\/iFamNewsEN"]},{"@type":"Person","@id":"https:\/\/ifamnews.com\/en\/#\/schema\/person\/97c5fc10500c93e36c296295ba21a537","name":"Johann R. Porter","image":{"@type":"ImageObject","inLanguage":"fr-FR","@id":"https:\/\/secure.gravatar.com\/avatar\/b295da437fcd0635c3fe53d90b9545df9d7b3b7681f3a87122ec5cef8870a293?s=96&d=mm&r=g","url":"https:\/\/secure.gravatar.com\/avatar\/b295da437fcd0635c3fe53d90b9545df9d7b3b7681f3a87122ec5cef8870a293?s=96&d=mm&r=g","contentUrl":"https:\/\/secure.gravatar.com\/avatar\/b295da437fcd0635c3fe53d90b9545df9d7b3b7681f3a87122ec5cef8870a293?s=96&d=mm&r=g","caption":"Johann R. Porter"},"description":"A German-speaking social scientist and worker in the pro-life movement. [This author writes under a pseudonym.]","url":"https:\/\/ifamnews.com\/fr\/author\/jporter"}]}},"amp_enabled":true,"_links":{"self":[{"href":"https:\/\/ifamnews.com\/fr\/wp-json\/wp\/v2\/posts\/78396","targetHints":{"allow":["GET"]}}],"collection":[{"href":"https:\/\/ifamnews.com\/fr\/wp-json\/wp\/v2\/posts"}],"about":[{"href":"https:\/\/ifamnews.com\/fr\/wp-json\/wp\/v2\/types\/post"}],"author":[{"embeddable":true,"href":"https:\/\/ifamnews.com\/fr\/wp-json\/wp\/v2\/users\/589"}],"replies":[{"embeddable":true,"href":"https:\/\/ifamnews.com\/fr\/wp-json\/wp\/v2\/comments?post=78396"}],"version-history":[{"count":4,"href":"https:\/\/ifamnews.com\/fr\/wp-json\/wp\/v2\/posts\/78396\/revisions"}],"predecessor-version":[{"id":78410,"href":"https:\/\/ifamnews.com\/fr\/wp-json\/wp\/v2\/posts\/78396\/revisions\/78410"}],"wp:featuredmedia":[{"embeddable":true,"href":"https:\/\/ifamnews.com\/fr\/wp-json\/wp\/v2\/media\/74486"}],"wp:attachment":[{"href":"https:\/\/ifamnews.com\/fr\/wp-json\/wp\/v2\/media?parent=78396"}],"wp:term":[{"taxonomy":"category","embeddable":true,"href":"https:\/\/ifamnews.com\/fr\/wp-json\/wp\/v2\/categories?post=78396"},{"taxonomy":"post_tag","embeddable":true,"href":"https:\/\/ifamnews.com\/fr\/wp-json\/wp\/v2\/tags?post=78396"}],"curies":[{"name":"wp","href":"https:\/\/api.w.org\/{rel}","templated":true}]}}