{"id":76638,"date":"2021-06-08T03:17:25","date_gmt":"2021-06-08T07:17:25","guid":{"rendered":"https:\/\/ifamnews.com\/?p=76638"},"modified":"2021-06-08T03:17:26","modified_gmt":"2021-06-08T07:17:26","slug":"certains-clubs-individus-et-supporters-ne-se-plient-pas-aux-exigences-de-l-id-ologie-de-gauche-avant-l-euro-2020-","status":"publish","type":"post","link":"https:\/\/ifamnews.com\/fr\/certains-clubs-individus-et-supporters-ne-se-plient-pas-aux-exigences-de-l-id-ologie-de-gauche-avant-l-euro-2020-","title":{"rendered":"Certains clubs, individus et supporters ne se plient pas aux exigences de \u00ab\u00a0l&rsquo;id\u00e9ologie de gauche\u00a0\u00bb avant l&rsquo;Euro 2020."},"content":{"rendered":"\n<p>L&rsquo;Angleterre dit qu&rsquo;elle va s&rsquo;agenouiller.<\/p>\n\n\n\n<p>Et si l&rsquo;on se fie \u00e0 ce qui s&rsquo;est pass\u00e9 dimanche, la Croatie sera certainement &#8211; d&rsquo;un seul homme &#8211; debout.<\/p>\n\n\n\n<figure class=\"wp-block-embed is-type-rich is-provider-twitter wp-block-embed-twitter\"><div class=\"wp-block-embed__wrapper\">\nhttps:\/\/twitter.com\/Based_Croatia\/status\/1401837164971843584\n<\/div><\/figure>\n\n\n\n<p>Cela devrait constituer un moment d&rsquo;avant-match int\u00e9ressant lorsque les deux pays s&rsquo;affronteront dimanche prochain lors du plus grand tournoi international de football depuis la Coupe du Monde 2018.<\/p>\n\n\n\n<p>Mais il ne s&rsquo;agit pas seulement de l&rsquo;histoire de deux \u00e9quipes de football, \u00e0 l&rsquo;approche de l&rsquo;Euro 2020 (le tournoi de l&rsquo;ann\u00e9e derni\u00e8re a \u00e9t\u00e9 report\u00e9 \u00e0 cause de la COVID-19) qui d\u00e9bute ce vendredi. Malheureusement, la question de s&rsquo;agenouiller ou de ne pas s&rsquo;agenouiller est en train de voler une partie de l&rsquo;attention avant le tournoi, en raison des id\u00e9ologues marxistes qui continuent de pousser le r\u00e9cit \u00ab\u00a0Black Lives Matter\u00a0\u00bb dans toutes les facettes de la vie.<\/p>\n\n\n\n<p><a href=\"https:\/\/www.skysports.com\/football\/news\/12016\/12325525\/gareth-southgate-says-england-squad-are-totally-united-in-continuing-to-take-a-knee-at-euro-2020\" target=\"_blank\" rel=\"noreferrer noopener\">Mercredi<\/a> dernier, lors d&rsquo;un match de pr\u00e9paration \u00e0 l&rsquo;Euro 2020 contre l&rsquo;Autriche au Riverside Stadium de Middlesborough, un important contingent de fans de football s&rsquo;est mis \u00e0 huer les joueurs qui s&rsquo;agenouillaient avant le match. Alors que le manager de l&rsquo;Angleterre, Gareth Southgate, a d\u00e9clar\u00e9 que ses joueurs en avaient \u00ab\u00a0marre\u00a0\u00bb de devoir g\u00e9rer les retomb\u00e9es de leur d\u00e9cision de s&rsquo;agenouiller, il a \u00e9galement affirm\u00e9 que l&rsquo;\u00e9quipe \u00e9tait tout \u00e0 fait d&rsquo;accord pour le faire pendant le tournoi \u00e0 venir. <\/p>\n\n\n\n<p>Sans surprise, les commentaires de Southgate n&rsquo;ont eu que peu d&rsquo;effet sur les supporters, qui ont \u00e9t\u00e9 nombreux \u00e0 huer le geste lors du match amical (terme de football pour \u00ab\u00a0exhibition\u00a0\u00bb) de dimanche contre la Roumanie.<\/p>\n\n\n\n<figure class=\"wp-block-embed is-type-rich is-provider-twitter wp-block-embed-twitter\"><div class=\"wp-block-embed__wrapper\">\nhttps:\/\/twitter.com\/CarrieBrownTV\/status\/1401570999938785281\n<\/div><\/figure>\n\n\n\n<p>A cela s&rsquo;ajoutent quelques applaudissements pour deux joueurs roumains qui ont \u00e9galement choisi de rester debout, dont Nicolae Stanciu.<\/p>\n\n\n\n<p>Stanciu a \u00e9t\u00e9 un fervent partisan du refus de l&rsquo;agenda marxiste. Lorsqu&rsquo;on lui a demand\u00e9 pourquoi il avait choisi de ne pas le faire, le milieu de terrain central roumain a r\u00e9pondu qu&rsquo;il l&rsquo;avait fait \u00ab\u00a0par solidarit\u00e9 avec (Ondrej) Kudela, mon coll\u00e8gue au Slavia\u00a0\u00bb. Il a \u00e9t\u00e9 suspendu pour 10 matchs sans aucune preuve. Je ne crois pas que s&rsquo;agenouiller soit la solution\u00a0\u00bb.<\/p>\n\n\n\n<p>Stanciu et Kudela jouent tous deux pour le club du Slavia Prague. Kudela a re\u00e7u une <a href=\"https:\/\/www.firstpost.com\/sports\/europa-league-slavia-pragues-ondrej-kudela-banned-for-10-games-for-racial-abuse-9529021.html\" target=\"_blank\" rel=\"noreferrer noopener\">suspension de 10 matchs<\/a> pendant la Ligue Europa en avril pour racisme pr\u00e9sum\u00e9 envers un joueur noir de l&rsquo;\u00e9quipe \u00e9cossaise des Rangers. Kudela a <a href=\"https:\/\/www.101greatgoals.com\/news\/why-stanciu-refused-to-kneel-ahead-of-englands-clash-with-romania\/\" target=\"_blank\" rel=\"noreferrer noopener\">d\u00e9menti avec v\u00e9h\u00e9mence<\/a> l'\u00a0\u00bbaccusation d\u00e9go\u00fbtante\u00a0\u00bb de propos racistes.<\/p>\n\n\n\n<p>Cette situation est en suspens depuis un certain temps, mais on ignore quelles mesures &#8211; le cas \u00e9ch\u00e9ant &#8211; seront prises par les autorit\u00e9s ou le gouvernement britannique pour \u00e9touffer tout bruit qui va \u00e0 l&rsquo;encontre du mouvement BLM. Un porte-parole de Boris Johnson a d\u00e9clar\u00e9 que le Premier Ministre soutient l&rsquo;\u00e9quipe d&rsquo;Angleterre et qu&rsquo;il \u00ab\u00a0respecte pleinement\u00a0\u00bb leur droit de \u00ab\u00a0faire conna\u00eetre leurs sentiments&#8230;\u00a0\u00bb. Je voudrais que tous les supporters de l&rsquo;\u00e9quipe d&rsquo;Angleterre soient respectueux lors de n&rsquo;importe quel match de football et (qu&rsquo;ils respectent) le droit de ceux qui veulent protester pacifiquement de cette mani\u00e8re.\u00a0\u00bb<\/p>\n\n\n\n<p>Le 13 mars, Wilfried Zaha &#8211; attaquant vedette de Crystal Palace en Premiere League (le plus haut championnat anglais) &#8211; est devenu<a href=\"https:\/\/panafricanfootball.com\/2021\/03\/14\/zaha-becomes-first-psl-player-not-to-take-the-knee\/\" target=\"_blank\" rel=\"noreferrer noopener\"> le premier joueur de Premier League \u00e0 ne pas poser le genou<\/a>. L&rsquo;Ivoirien de 27 ans (Zaha avait repr\u00e9sent\u00e9 l&rsquo;Angleterre au niveau international de 2011 \u00e0 2013) a expliqu\u00e9 : \u00ab\u00a0En tant que soci\u00e9t\u00e9, je pense que nous devrions encourager une meilleure \u00e9ducation dans les \u00e9coles, et les entreprises de m\u00e9dias sociaux devraient prendre des mesures plus fermes contre les personnes qui abusent des autres en ligne &#8211; pas seulement les footballeurs\u00a0\u00bb.<\/p>\n\n\n\n<p>Lors d&rsquo;une apparition sur le podcast \u00ab\u00a0On the Judy\u00a0\u00bb en f\u00e9vrier, Zaha a condamn\u00e9 de mani\u00e8re tr\u00e8s imag\u00e9e le mouvement \u00ab\u00a0Black Lives Matter\u00a0\u00bb. <\/p>\n\n\n\n<figure class=\"wp-block-embed is-type-video is-provider-youtube wp-block-embed-youtube wp-embed-aspect-16-9 wp-has-aspect-ratio\"><div class=\"wp-block-embed__wrapper\">\n<div class=\"jeg_video_container jeg_video_content\"><iframe loading=\"lazy\" title=\"#OnTheJudy - &#039;Why must I kneel to show you that black people matter!&#039; - Wilfried Zaha S1 E6\" width=\"500\" height=\"281\" src=\"https:\/\/www.youtube.com\/embed\/mzYz5yzXCIo?start=3043&#038;feature=oembed\" frameborder=\"0\" allow=\"accelerometer; autoplay; clipboard-write; encrypted-media; gyroscope; picture-in-picture; web-share\" referrerpolicy=\"strict-origin-when-cross-origin\" allowfullscreen><\/iframe><\/div>\n<\/div><\/figure>\n\n\n\n<p><\/p>\n\n\n\n<p><\/p>\n","protected":false},"excerpt":{"rendered":"<p>Le plus grand tournoi de football du monde commence le 11 juin. Mais cela ne commencera pas sans controverse en dehors du terrain. Alors que l&rsquo;\u00e9quipe h\u00f4te, l&rsquo;Angleterre, dit qu&rsquo;elle s&rsquo;agenouillera pour faire un signe de vertu aux id\u00e9ologues de BLM, d&rsquo;autres agissent et disent le contraire.<\/p>\n","protected":false},"author":595,"featured_media":76553,"comment_status":"open","ping_status":"open","sticky":false,"template":"","format":"standard","meta":{"give_campaign_id":0,"om_disable_all_campaigns":false,"_monsterinsights_skip_tracking":false,"_monsterinsights_sitenote_active":false,"_monsterinsights_sitenote_note":"","_monsterinsights_sitenote_category":0,"mc4wp_mailchimp_campaign":[],"jnews-multi-image_gallery":[],"jnews_single_post":{"subtitle":"Le plus grand tournoi de football du monde commence le 11 juin. Mais cela ne commencera pas sans controverse en dehors du terrain. Alors que l'\u00e9quipe h\u00f4te, l'Angleterre, dit qu'elle s'agenouillera pour faire un signe de vertu aux id\u00e9ologues de BLM, d'autres agissent et disent le contraire.","format":"standard","video":"","gallery":"","source_name":"","source_url":"","via_name":"","via_url":"","override":[{"single_blog_custom":"","sidebar":"","second_sidebar":"","share_position":"","share_float_style":"","post_date_format":"","post_date_format_custom":"","post_reading_time_wpm":"","zoom_button_out_step":"1","zoom_button_in_step":"1","number_popup_post":"1"}],"image_override":[{"single_post_thumbnail_size":"","single_post_gallery_size":""}],"trending_post_position":"","trending_post_label":"","sponsored_post_label":"","sponsored_post_name":"","sponsored_post_url":"","sponsored_post_logo":"","sponsored_post_desc":""},"jnews_primary_category":{"id":"797"},"jnews_social_meta":[],"jnews_override_counter":[],"footnotes":""},"categories":[797,809,813],"tags":[10883,10884,10885,10881,10882,9547,10888,10886,10887],"class_list":["post-76638","post","type-post","status-publish","format-standard","has-post-thumbnail","hentry","category-divertissement","category-foreground-fr","category-breaking-news-fr","tag-agenouillement","tag-angleterre","tag-croatie","tag-euro-2020-fr","tag-football-fr","tag-marxism-fr","tag-marxisme","tag-nicolae-stanciu-fr","tag-wilfried-zaha-fr"],"yoast_head":"<!-- This site is optimized with the Yoast SEO Premium plugin v25.9 (Yoast SEO v27.3) - https:\/\/yoast.com\/product\/yoast-seo-premium-wordpress\/ -->\n<title>Certains clubs, individus et supporters ne se plient pas aux exigences de &quot;l&#039;id\u00e9ologie de gauche&quot; avant l&#039;Euro 2020. - IFN<\/title>\n<meta name=\"description\" content=\"Le plus grand tournoi de football du monde commence le 11 juin. Mais cela ne commencera pas sans controverse en dehors du terrain. Alors que l&#039;\u00e9quipe h\u00f4te, l&#039;Angleterre, dit qu&#039;elle s&#039;agenouillera pour faire un signe de vertu aux id\u00e9ologues de BLM, d&#039;autres agissent et disent le contraire.\" \/>\n<meta name=\"robots\" content=\"index, follow, max-snippet:-1, max-image-preview:large, max-video-preview:-1\" \/>\n<link rel=\"canonical\" href=\"https:\/\/ifamnews.com\/fr\/certains-clubs-individus-et-supporters-ne-se-plient-pas-aux-exigences-de-l-id-ologie-de-gauche-avant-l-euro-2020-\" \/>\n<meta property=\"og:locale\" content=\"fr_FR\" \/>\n<meta property=\"og:type\" content=\"article\" \/>\n<meta property=\"og:title\" content=\"Certains clubs, individus et supporters ne se plient pas aux exigences de &quot;l&#039;id\u00e9ologie de gauche&quot; avant l&#039;Euro 2020.\" \/>\n<meta property=\"og:description\" content=\"Le plus grand tournoi de football du monde commence le 11 juin. Mais cela ne commencera pas sans controverse en dehors du terrain. Alors que l&#039;\u00e9quipe h\u00f4te, l&#039;Angleterre, dit qu&#039;elle s&#039;agenouillera pour faire un signe de vertu aux id\u00e9ologues de BLM, d&#039;autres agissent et disent le contraire.\" \/>\n<meta property=\"og:url\" content=\"https:\/\/ifamnews.com\/fr\/certains-clubs-individus-et-supporters-ne-se-plient-pas-aux-exigences-de-l-id-ologie-de-gauche-avant-l-euro-2020-\" \/>\n<meta property=\"og:site_name\" content=\"IFN\" \/>\n<meta property=\"article:publisher\" content=\"https:\/\/www.facebook.com\/iFamNews\" \/>\n<meta property=\"article:published_time\" content=\"2021-06-08T07:17:25+00:00\" \/>\n<meta property=\"article:modified_time\" content=\"2021-06-08T07:17:26+00:00\" \/>\n<meta property=\"og:image\" content=\"https:\/\/ifamnews.com\/wp-content\/uploads\/2021\/06\/protest-5305400_1280.jpg\" \/>\n\t<meta property=\"og:image:width\" content=\"1280\" \/>\n\t<meta property=\"og:image:height\" content=\"914\" \/>\n\t<meta property=\"og:image:type\" content=\"image\/jpeg\" \/>\n<meta name=\"author\" content=\"Damian Goddard\" \/>\n<meta name=\"twitter:card\" content=\"summary_large_image\" \/>\n<meta name=\"twitter:creator\" content=\"@iFamNewsEN\" \/>\n<meta name=\"twitter:site\" content=\"@iFamNewsEN\" \/>\n<meta name=\"twitter:label1\" content=\"\u00c9crit par\" \/>\n\t<meta name=\"twitter:data1\" content=\"Damian Goddard\" \/>\n\t<meta name=\"twitter:label2\" content=\"Dur\u00e9e de lecture estim\u00e9e\" \/>\n\t<meta name=\"twitter:data2\" content=\"3 minutes\" \/>\n<!-- \/ Yoast SEO Premium plugin. -->","yoast_head_json":{"title":"Certains clubs, individus et supporters ne se plient pas aux exigences de \"l'id\u00e9ologie de gauche\" avant l'Euro 2020. - IFN","description":"Le plus grand tournoi de football du monde commence le 11 juin. Mais cela ne commencera pas sans controverse en dehors du terrain. Alors que l'\u00e9quipe h\u00f4te, l'Angleterre, dit qu'elle s'agenouillera pour faire un signe de vertu aux id\u00e9ologues de BLM, d'autres agissent et disent le contraire.","robots":{"index":"index","follow":"follow","max-snippet":"max-snippet:-1","max-image-preview":"max-image-preview:large","max-video-preview":"max-video-preview:-1"},"canonical":"https:\/\/ifamnews.com\/fr\/certains-clubs-individus-et-supporters-ne-se-plient-pas-aux-exigences-de-l-id-ologie-de-gauche-avant-l-euro-2020-","og_locale":"fr_FR","og_type":"article","og_title":"Certains clubs, individus et supporters ne se plient pas aux exigences de \"l'id\u00e9ologie de gauche\" avant l'Euro 2020.","og_description":"Le plus grand tournoi de football du monde commence le 11 juin. Mais cela ne commencera pas sans controverse en dehors du terrain. Alors que l'\u00e9quipe h\u00f4te, l'Angleterre, dit qu'elle s'agenouillera pour faire un signe de vertu aux id\u00e9ologues de BLM, d'autres agissent et disent le contraire.","og_url":"https:\/\/ifamnews.com\/fr\/certains-clubs-individus-et-supporters-ne-se-plient-pas-aux-exigences-de-l-id-ologie-de-gauche-avant-l-euro-2020-","og_site_name":"IFN","article_publisher":"https:\/\/www.facebook.com\/iFamNews","article_published_time":"2021-06-08T07:17:25+00:00","article_modified_time":"2021-06-08T07:17:26+00:00","og_image":[{"width":1280,"height":914,"url":"https:\/\/ifamnews.com\/wp-content\/uploads\/2021\/06\/protest-5305400_1280.jpg","type":"image\/jpeg"}],"author":"Damian Goddard","twitter_card":"summary_large_image","twitter_creator":"@iFamNewsEN","twitter_site":"@iFamNewsEN","twitter_misc":{"\u00c9crit par":"Damian Goddard","Dur\u00e9e de lecture estim\u00e9e":"3 minutes"},"schema":{"@context":"https:\/\/schema.org","@graph":[{"@type":"NewsArticle","@id":"https:\/\/ifamnews.com\/fr\/certains-clubs-individus-et-supporters-ne-se-plient-pas-aux-exigences-de-l-id-ologie-de-gauche-avant-l-euro-2020-#article","isPartOf":{"@id":"https:\/\/ifamnews.com\/fr\/certains-clubs-individus-et-supporters-ne-se-plient-pas-aux-exigences-de-l-id-ologie-de-gauche-avant-l-euro-2020-"},"author":{"name":"Damian Goddard","@id":"https:\/\/ifamnews.com\/en\/#\/schema\/person\/6d0f801dfdd942a95916e3671c906b70"},"headline":"Certains clubs, individus et supporters ne se plient pas aux exigences de \u00ab\u00a0l&rsquo;id\u00e9ologie de gauche\u00a0\u00bb avant l&rsquo;Euro 2020.","datePublished":"2021-06-08T07:17:25+00:00","dateModified":"2021-06-08T07:17:26+00:00","mainEntityOfPage":{"@id":"https:\/\/ifamnews.com\/fr\/certains-clubs-individus-et-supporters-ne-se-plient-pas-aux-exigences-de-l-id-ologie-de-gauche-avant-l-euro-2020-"},"wordCount":685,"commentCount":0,"publisher":{"@id":"https:\/\/ifamnews.com\/en\/#organization"},"image":{"@id":"https:\/\/ifamnews.com\/fr\/certains-clubs-individus-et-supporters-ne-se-plient-pas-aux-exigences-de-l-id-ologie-de-gauche-avant-l-euro-2020-#primaryimage"},"thumbnailUrl":"https:\/\/ifamnews.com\/wp-content\/uploads\/2021\/06\/protest-5305400_1280.jpg","keywords":["agenouillement","Angleterre","Croatie","Euro 2020","football","Marxism","marxisme","Nicolae Stanciu","Wilfried Zaha"],"articleSection":["Divertissement","Foreground","Nouvelles r\u00e9centes"],"inLanguage":"fr-FR","potentialAction":[{"@type":"CommentAction","name":"Comment","target":["https:\/\/ifamnews.com\/fr\/certains-clubs-individus-et-supporters-ne-se-plient-pas-aux-exigences-de-l-id-ologie-de-gauche-avant-l-euro-2020-#respond"]}]},{"@type":"WebPage","@id":"https:\/\/ifamnews.com\/fr\/certains-clubs-individus-et-supporters-ne-se-plient-pas-aux-exigences-de-l-id-ologie-de-gauche-avant-l-euro-2020-","url":"https:\/\/ifamnews.com\/fr\/certains-clubs-individus-et-supporters-ne-se-plient-pas-aux-exigences-de-l-id-ologie-de-gauche-avant-l-euro-2020-","name":"Certains clubs, individus et supporters ne se plient pas aux exigences de \"l'id\u00e9ologie de gauche\" avant l'Euro 2020. - IFN","isPartOf":{"@id":"https:\/\/ifamnews.com\/en\/#website"},"primaryImageOfPage":{"@id":"https:\/\/ifamnews.com\/fr\/certains-clubs-individus-et-supporters-ne-se-plient-pas-aux-exigences-de-l-id-ologie-de-gauche-avant-l-euro-2020-#primaryimage"},"image":{"@id":"https:\/\/ifamnews.com\/fr\/certains-clubs-individus-et-supporters-ne-se-plient-pas-aux-exigences-de-l-id-ologie-de-gauche-avant-l-euro-2020-#primaryimage"},"thumbnailUrl":"https:\/\/ifamnews.com\/wp-content\/uploads\/2021\/06\/protest-5305400_1280.jpg","datePublished":"2021-06-08T07:17:25+00:00","dateModified":"2021-06-08T07:17:26+00:00","description":"Le plus grand tournoi de football du monde commence le 11 juin. Mais cela ne commencera pas sans controverse en dehors du terrain. Alors que l'\u00e9quipe h\u00f4te, l'Angleterre, dit qu'elle s'agenouillera pour faire un signe de vertu aux id\u00e9ologues de BLM, d'autres agissent et disent le contraire.","breadcrumb":{"@id":"https:\/\/ifamnews.com\/fr\/certains-clubs-individus-et-supporters-ne-se-plient-pas-aux-exigences-de-l-id-ologie-de-gauche-avant-l-euro-2020-#breadcrumb"},"inLanguage":"fr-FR","potentialAction":[{"@type":"ReadAction","target":["https:\/\/ifamnews.com\/fr\/certains-clubs-individus-et-supporters-ne-se-plient-pas-aux-exigences-de-l-id-ologie-de-gauche-avant-l-euro-2020-"]}]},{"@type":"ImageObject","inLanguage":"fr-FR","@id":"https:\/\/ifamnews.com\/fr\/certains-clubs-individus-et-supporters-ne-se-plient-pas-aux-exigences-de-l-id-ologie-de-gauche-avant-l-euro-2020-#primaryimage","url":"https:\/\/ifamnews.com\/wp-content\/uploads\/2021\/06\/protest-5305400_1280.jpg","contentUrl":"https:\/\/ifamnews.com\/wp-content\/uploads\/2021\/06\/protest-5305400_1280.jpg","width":1280,"height":914},{"@type":"BreadcrumbList","@id":"https:\/\/ifamnews.com\/fr\/certains-clubs-individus-et-supporters-ne-se-plient-pas-aux-exigences-de-l-id-ologie-de-gauche-avant-l-euro-2020-#breadcrumb","itemListElement":[{"@type":"ListItem","position":1,"name":"Home","item":"https:\/\/ifamnews.com\/de"},{"@type":"ListItem","position":2,"name":"\u0413\u043b\u0430\u0432\u043d\u0430 \u0432\u0435\u0441\u0442","item":"https:\/\/ifamnews.com\/sr\/kategorija\/glavna-vest"},{"@type":"ListItem","position":3,"name":"Certains clubs, individus et supporters ne se plient pas aux exigences de &#8220;l&#8217;id\u00e9ologie de gauche&#8221; avant l&#8217;Euro 2020."}]},{"@type":"WebSite","@id":"https:\/\/ifamnews.com\/en\/#website","url":"https:\/\/ifamnews.com\/en\/","name":"IFN","description":"International Family News Network","publisher":{"@id":"https:\/\/ifamnews.com\/en\/#organization"},"potentialAction":[{"@type":"SearchAction","target":{"@type":"EntryPoint","urlTemplate":"https:\/\/ifamnews.com\/en\/?s={search_term_string}"},"query-input":{"@type":"PropertyValueSpecification","valueRequired":true,"valueName":"search_term_string"}}],"inLanguage":"fr-FR"},{"@type":"Organization","@id":"https:\/\/ifamnews.com\/en\/#organization","name":"iFamNews","url":"https:\/\/ifamnews.com\/en\/","logo":{"@type":"ImageObject","inLanguage":"fr-FR","@id":"https:\/\/ifamnews.com\/en\/#\/schema\/logo\/image\/","url":"https:\/\/ifamnews.com\/wp-content\/uploads\/2020\/01\/Share-logo.png","contentUrl":"https:\/\/ifamnews.com\/wp-content\/uploads\/2020\/01\/Share-logo.png","width":200,"height":200,"caption":"iFamNews"},"image":{"@id":"https:\/\/ifamnews.com\/en\/#\/schema\/logo\/image\/"},"sameAs":["https:\/\/www.facebook.com\/iFamNews","https:\/\/x.com\/iFamNewsEN"]},{"@type":"Person","@id":"https:\/\/ifamnews.com\/en\/#\/schema\/person\/6d0f801dfdd942a95916e3671c906b70","name":"Damian Goddard","image":{"@type":"ImageObject","inLanguage":"fr-FR","@id":"https:\/\/secure.gravatar.com\/avatar\/027a86dd10a90ba99904514279b628a246ec46b6073860f473da680bca6ca9bb?s=96&d=mm&r=g","url":"https:\/\/secure.gravatar.com\/avatar\/027a86dd10a90ba99904514279b628a246ec46b6073860f473da680bca6ca9bb?s=96&d=mm&r=g","contentUrl":"https:\/\/secure.gravatar.com\/avatar\/027a86dd10a90ba99904514279b628a246ec46b6073860f473da680bca6ca9bb?s=96&d=mm&r=g","caption":"Damian Goddard"},"description":"Damian Goddard is a veteran television, radio, and internet broadcaster who garnered international headlines in May 2011 after taking to Twitter in defence of \"the traditional and TRUE meaning of marriage\". \u00a0Not twenty four hours after delivering the tweet, he was fired from his job as anchor for Rogers Sportsnet; one of Canada's two network sports broadcasters. \u00a0Damian's extensive broadcast experience also includes work as a news anchor at Sun News Network, a talkshow host at NewsTalk 1010 CFRB in Toronto, and ample experience in the sports realm working for the CBC, Maple Leaf Sports &amp; Entertainment (lead host at Raptors NBA TV and LeafsTV), and The Fan 590 in Toronto. \u00a0A history major with a Bachelor of Arts from the University of Western Ontario and a devout Roman Catholic, Damian is passionate about world and cultural affairs, the history and future of the Catholic Church, and the Toronto Maple Leafs.","url":"https:\/\/ifamnews.com\/fr\/author\/dgoddard"}]}},"amp_enabled":true,"_links":{"self":[{"href":"https:\/\/ifamnews.com\/fr\/wp-json\/wp\/v2\/posts\/76638","targetHints":{"allow":["GET"]}}],"collection":[{"href":"https:\/\/ifamnews.com\/fr\/wp-json\/wp\/v2\/posts"}],"about":[{"href":"https:\/\/ifamnews.com\/fr\/wp-json\/wp\/v2\/types\/post"}],"author":[{"embeddable":true,"href":"https:\/\/ifamnews.com\/fr\/wp-json\/wp\/v2\/users\/595"}],"replies":[{"embeddable":true,"href":"https:\/\/ifamnews.com\/fr\/wp-json\/wp\/v2\/comments?post=76638"}],"version-history":[{"count":5,"href":"https:\/\/ifamnews.com\/fr\/wp-json\/wp\/v2\/posts\/76638\/revisions"}],"predecessor-version":[{"id":76645,"href":"https:\/\/ifamnews.com\/fr\/wp-json\/wp\/v2\/posts\/76638\/revisions\/76645"}],"wp:featuredmedia":[{"embeddable":true,"href":"https:\/\/ifamnews.com\/fr\/wp-json\/wp\/v2\/media\/76553"}],"wp:attachment":[{"href":"https:\/\/ifamnews.com\/fr\/wp-json\/wp\/v2\/media?parent=76638"}],"wp:term":[{"taxonomy":"category","embeddable":true,"href":"https:\/\/ifamnews.com\/fr\/wp-json\/wp\/v2\/categories?post=76638"},{"taxonomy":"post_tag","embeddable":true,"href":"https:\/\/ifamnews.com\/fr\/wp-json\/wp\/v2\/tags?post=76638"}],"curies":[{"name":"wp","href":"https:\/\/api.w.org\/{rel}","templated":true}]}}