{"id":74358,"date":"2021-05-27T01:56:55","date_gmt":"2021-05-27T05:56:55","guid":{"rendered":"https:\/\/ifamnews.com\/?p=74358"},"modified":"2021-05-27T01:56:57","modified_gmt":"2021-05-27T05:56:57","slug":"face-l-hiver-d-mographique-imminent-une-conf-rence-pro-famille-in-dite-budapest","status":"publish","type":"post","link":"https:\/\/ifamnews.com\/fr\/face-l-hiver-d-mographique-imminent-une-conf-rence-pro-famille-in-dite-budapest","title":{"rendered":"Face \u00e0 l&rsquo;hiver d\u00e9mographique imminent, une conf\u00e9rence pro-famille in\u00e9dite \u00e0 Budapest"},"content":{"rendered":"\n<p>Du 27 au 29 mai, l&rsquo;Alliance pour les sciences de la famille, bas\u00e9e en Hongrie, la Soci\u00e9t\u00e9 Europ\u00e9enne des Sciences de la Famille et la Soci\u00e9t\u00e9 des Professeurs Batthy\u00e1ny organisent une conf\u00e9rence internationale hybride num\u00e9rique\/en personne \u00e0 Budapest sur le th\u00e8me \u00ab\u00a0<a href=\"https:\/\/csaladtudomany.hu\/\">La d\u00e9mographie et la culture des relations entre couples.<\/a>\u201d La devise de la conf\u00e9rence est \u00ab\u00a0<strong><em>La crise d\u00e9mographique ne peut \u00eatre r\u00e9solue qu&rsquo;en surmontant la crise de la vie familiale.\u00a0\u00bb<\/em><\/strong><\/p>\n\n\n\n<p>Cette conf\u00e9rence est d&rsquo;autant plus opportune qu&rsquo;une r\u00e9cente \u00e9tude publi\u00e9e en 2020 dans la revue britannique Lancet pr\u00e9voit un hiver d\u00e9mographique d\u00e9sastreux pour une grande partie du monde. Selon le rapport \u00ab\u00a0Fertilit\u00e9, mortalit\u00e9, migration et sc\u00e9narios d\u00e9mographiques pour 195 pays et territoires de 2017 \u00e0 2100\u00a0\u00bb des chercheurs de l&rsquo;universit\u00e9 de Washington, la population europ\u00e9enne est sur le point de tomber tr\u00e8s bas. Les pertes de population attendues en Europe d&rsquo;ici \u00e0 2100, en particulier en Europe centrale et orientale, atteindront des chiffres jamais vus depuis la peste bubonique des ann\u00e9es 1300. En effet, pendant cette p\u00e9riode, il est pr\u00e9vu que l&rsquo;Europe dans son ensemble perde 26 % de sa population (soit environ 200 millions de personnes). Mais l&rsquo;Europe ne sera pas la seule \u00e0 \u00eatre touch\u00e9e. L&rsquo;Asie sera \u00e9galement particuli\u00e8rement touch\u00e9e, puisqu&rsquo;elle devrait perdre 22 % de sa population (1 milliard de personnes) d&rsquo;ici 2100, tout comme les Cara\u00efbes, qui devraient perdre 31 % de leur population (14 millions de personnes) d&rsquo;ici l\u00e0. De nombreux pays dans le monde devraient perdre 40 % ou plus de leur population, notamment les \u00c9mirats arabes unis (-65 %), la Bulgarie (-63 %), l&rsquo;Ukraine (-61 %), la Pologne (-60 %), Cuba (-60 %), le Japon (-53 %), l&rsquo;Espagne (-51 %), l&rsquo;Italie (-50 %) et la Chine (-49 %). Si des mesures d\u00e9cisives ne sont pas prises rapidement, une grande partie du monde sera confront\u00e9e \u00e0 un hiver d\u00e9mographique d&rsquo;une ampleur sans pr\u00e9c\u00e9dent.<\/p>\n\n\n\n<p>La conf\u00e9rence s&rsquo;attaquera \u00e0 la crise d\u00e9mographique en s&rsquo;attaquant \u00e0 l&rsquo;une de ses causes profondes : la d\u00e9sint\u00e9gration du mariage et de la famille. Comme l&rsquo;indique le document annon\u00e7ant la conf\u00e9rence : \u00ab\u00a0Il est inqui\u00e9tant de constater que les pays touch\u00e9s par les crises d\u00e9mographiques ne tentent pas de freiner la libre sexualit\u00e9. Si l&rsquo;on ne trouve pas les moyens d&rsquo;en sortir et de r\u00e9tablir la loyaut\u00e9 et la fid\u00e9lit\u00e9 mutuelles, il n&rsquo;y a pas de solution \u00e0 la crise d\u00e9mographique. Les couples fermes dans leur engagement, dans le mariage, ont le foyer qui accueille les enfants.\u00a0\u00bb En effet, le mariage et la famille ont fait l&rsquo;objet d&rsquo;attaques incessantes au cours des 60 derni\u00e8res ann\u00e9es. Comme l&rsquo;\u00e9crivent les auteurs : \u00ab\u00a0Depuis des d\u00e9cennies, le mod\u00e8le familial traditionnel fait l&rsquo;objet d&rsquo;attaques intenses dans la soci\u00e9t\u00e9 de consommation. On peut dire qu&rsquo;il y a une guerre culturelle contre les institutions du mariage et de la famille.\u00a0\u00bb L&rsquo;article propose ensuite une strat\u00e9gie en trois volets pour restaurer le mariage et la famille et, esp\u00e9rons-le, pr\u00e9venir la catastrophe d\u00e9mographique imminente : 1) trouver des moyens de surmonter \u00ab\u00a0les obstacles au d\u00e9veloppement et au maintien de bons mariages et de bonnes familles\u00a0\u00bb ; 2) construire la soci\u00e9t\u00e9 \u00ab\u00a0par un partenariat avec les sciences sociales pour renforcer la culture\u00a0\u00bb ; et 3) fournir \u00ab\u00a0un soutien financier et des avantages mat\u00e9riels aux jeunes conjoints et parents\u00a0\u00bb.<\/p>\n\n\n\n<p>Des experts internationaux et hongrois prendront la parole lors de la conf\u00e9rence. <strong>Brian Brown, de l&rsquo;Organisation Internationale de la Famille, donnera une conf\u00e9rence sur \u00ab\u00a0Le pouvoir de la politique familiale : Le\u00e7ons hongroises pour l&rsquo;Occident\u00a0\u00bb. <\/strong>Au cours de la derni\u00e8re d\u00e9cennie, la Hongrie a mis en place des politiques novatrices en faveur de la famille et du mariage qui ont donn\u00e9 des r\u00e9sultats ph\u00e9nom\u00e9naux. En effet, gr\u00e2ce \u00e0 ces politiques, la Hongrie a vu son taux de mariage augmenter de 86%, son taux de divorce diminuer de 25%, son taux d&rsquo;avortement diminuer de 41% et son taux de fertilit\u00e9 augmenter de 28%. Parmi les autres intervenants am\u00e9ricains, citons le Dr Patrick Fagan de l&rsquo;Institut de Recherche sur le Mariage et la Religion, Wendy Wixom de United Families International et Sharon Slater de Family Watch International. Parmi les intervenants hongrois figurent la ministre hongroise de la famille, Katalin Novak, le secr\u00e9taire d&rsquo;\u00c9tat adjoint \u00e0 la politique familiale, Attila Beneda, et l&rsquo;ancien ministre des ressources humaines, Zoltan Balog. Vous pouvez vous inscrire \u00e0 la conf\u00e9rence \u00e0 l&rsquo;adresse suivante <a href=\"https:\/\/csaladtudomany.hu\/\">: https:\/\/csaladtudomany.hu\/<\/a>.<\/p>\n\n\n\n<p>Avec l&rsquo;hiver d\u00e9mographique qui se profile \u00e0 l&rsquo;horizon dans de nombreuses r\u00e9gions du monde, des mesures d\u00e9cisives doivent \u00eatre prises avant qu&rsquo;il ne soit trop tard. La prochaine conf\u00e9rence internationale sur \u00ab\u00a0la d\u00e9mographie et la culture des relations entre les couples\u00a0\u00bb constitue un effort important pour affronter ce probl\u00e8me et apporter des solutions possibles. Mais quoi que l&rsquo;on tente finalement de faire pour \u00e9viter la crise, la restauration de la famille et du mariage dans nos soci\u00e9t\u00e9s jouera un r\u00f4le cl\u00e9.<\/p>\n","protected":false},"excerpt":{"rendered":"<p>La conf\u00e9rence internationale, qui se tiendra en ligne et en personne, portera sur \u00ab\u00a0La d\u00e9mographie et la culture de la relation entre les couples\u00a0\u00bb.<\/p>\n","protected":false},"author":651,"featured_media":74300,"comment_status":"open","ping_status":"open","sticky":false,"template":"","format":"standard","meta":{"give_campaign_id":0,"om_disable_all_campaigns":false,"_monsterinsights_skip_tracking":false,"_monsterinsights_sitenote_active":false,"_monsterinsights_sitenote_note":"","_monsterinsights_sitenote_category":0,"mc4wp_mailchimp_campaign":[],"jnews-multi-image_gallery":[],"jnews_single_post":{"subtitle":"La conf\u00e9rence internationale, qui se tiendra en ligne et en personne, portera sur \"La d\u00e9mographie et la culture de la relation entre les couples\".","format":"standard","video":"","gallery":"","source_name":"","source_url":"","via_name":"","via_url":"","override":[{"single_blog_custom":"","sidebar":"","second_sidebar":"","share_position":"","share_float_style":"","post_date_format":"","post_date_format_custom":"","post_reading_time_wpm":"","zoom_button_out_step":"1","zoom_button_in_step":"1","number_popup_post":"1"}],"image_override":[{"single_post_thumbnail_size":"","single_post_gallery_size":""}],"trending_post_position":"","trending_post_label":"","sponsored_post_label":"","sponsored_post_name":"","sponsored_post_url":"","sponsored_post_logo":"","sponsored_post_desc":""},"jnews_primary_category":{"id":"798"},"jnews_social_meta":[],"jnews_override_counter":[],"footnotes":""},"categories":[798,809],"tags":[7503,10652,10650,9032],"class_list":["post-74358","post","type-post","status-publish","format-standard","has-post-thumbnail","hentry","category-famille","category-foreground-fr","tag-brian-brown-fr","tag-demographie-3","tag-hongrie-fr","tag-oif-2"],"yoast_head":"<!-- This site is optimized with the Yoast SEO Premium plugin v25.9 (Yoast SEO v27.3) - https:\/\/yoast.com\/product\/yoast-seo-premium-wordpress\/ -->\n<title>Face \u00e0 l&#039;hiver d\u00e9mographique imminent, une conf\u00e9rence pro-famille in\u00e9dite \u00e0 Budapest - IFN<\/title>\n<meta name=\"description\" content=\"La conf\u00e9rence internationale, qui se tiendra en ligne et en personne, portera sur &quot;La d\u00e9mographie et la culture de la relation entre les couples&quot;.\" \/>\n<meta name=\"robots\" content=\"index, follow, max-snippet:-1, max-image-preview:large, max-video-preview:-1\" \/>\n<link rel=\"canonical\" href=\"https:\/\/ifamnews.com\/fr\/face-l-hiver-d-mographique-imminent-une-conf-rence-pro-famille-in-dite-budapest\" \/>\n<meta property=\"og:locale\" content=\"fr_FR\" \/>\n<meta property=\"og:type\" content=\"article\" \/>\n<meta property=\"og:title\" content=\"Face \u00e0 l&#039;hiver d\u00e9mographique imminent, une conf\u00e9rence pro-famille in\u00e9dite \u00e0 Budapest\" \/>\n<meta property=\"og:description\" content=\"La conf\u00e9rence internationale, qui se tiendra en ligne et en personne, portera sur &quot;La d\u00e9mographie et la culture de la relation entre les couples&quot;.\" \/>\n<meta property=\"og:url\" content=\"https:\/\/ifamnews.com\/fr\/face-l-hiver-d-mographique-imminent-une-conf-rence-pro-famille-in-dite-budapest\" \/>\n<meta property=\"og:site_name\" content=\"IFN\" \/>\n<meta property=\"article:publisher\" content=\"https:\/\/www.facebook.com\/iFamNews\" \/>\n<meta property=\"article:published_time\" content=\"2021-05-27T05:56:55+00:00\" \/>\n<meta property=\"article:modified_time\" content=\"2021-05-27T05:56:57+00:00\" \/>\n<meta property=\"og:image\" content=\"https:\/\/ifamnews.com\/wp-content\/uploads\/2021\/05\/DSC05430-EFFECTS-1.jpg\" \/>\n\t<meta property=\"og:image:width\" content=\"1200\" \/>\n\t<meta property=\"og:image:height\" content=\"675\" \/>\n\t<meta property=\"og:image:type\" content=\"image\/jpeg\" \/>\n<meta name=\"author\" content=\"Cato\" \/>\n<meta name=\"twitter:card\" content=\"summary_large_image\" \/>\n<meta name=\"twitter:creator\" content=\"@iFamNewsEN\" \/>\n<meta name=\"twitter:site\" content=\"@iFamNewsEN\" \/>\n<meta name=\"twitter:label1\" content=\"\u00c9crit par\" \/>\n\t<meta name=\"twitter:data1\" content=\"Cato\" \/>\n\t<meta name=\"twitter:label2\" content=\"Dur\u00e9e de lecture estim\u00e9e\" \/>\n\t<meta name=\"twitter:data2\" content=\"4 minutes\" \/>\n<!-- \/ Yoast SEO Premium plugin. -->","yoast_head_json":{"title":"Face \u00e0 l'hiver d\u00e9mographique imminent, une conf\u00e9rence pro-famille in\u00e9dite \u00e0 Budapest - IFN","description":"La conf\u00e9rence internationale, qui se tiendra en ligne et en personne, portera sur \"La d\u00e9mographie et la culture de la relation entre les couples\".","robots":{"index":"index","follow":"follow","max-snippet":"max-snippet:-1","max-image-preview":"max-image-preview:large","max-video-preview":"max-video-preview:-1"},"canonical":"https:\/\/ifamnews.com\/fr\/face-l-hiver-d-mographique-imminent-une-conf-rence-pro-famille-in-dite-budapest","og_locale":"fr_FR","og_type":"article","og_title":"Face \u00e0 l'hiver d\u00e9mographique imminent, une conf\u00e9rence pro-famille in\u00e9dite \u00e0 Budapest","og_description":"La conf\u00e9rence internationale, qui se tiendra en ligne et en personne, portera sur \"La d\u00e9mographie et la culture de la relation entre les couples\".","og_url":"https:\/\/ifamnews.com\/fr\/face-l-hiver-d-mographique-imminent-une-conf-rence-pro-famille-in-dite-budapest","og_site_name":"IFN","article_publisher":"https:\/\/www.facebook.com\/iFamNews","article_published_time":"2021-05-27T05:56:55+00:00","article_modified_time":"2021-05-27T05:56:57+00:00","og_image":[{"width":1200,"height":675,"url":"https:\/\/ifamnews.com\/wp-content\/uploads\/2021\/05\/DSC05430-EFFECTS-1.jpg","type":"image\/jpeg"}],"author":"Cato","twitter_card":"summary_large_image","twitter_creator":"@iFamNewsEN","twitter_site":"@iFamNewsEN","twitter_misc":{"\u00c9crit par":"Cato","Dur\u00e9e de lecture estim\u00e9e":"4 minutes"},"schema":{"@context":"https:\/\/schema.org","@graph":[{"@type":"NewsArticle","@id":"https:\/\/ifamnews.com\/fr\/face-l-hiver-d-mographique-imminent-une-conf-rence-pro-famille-in-dite-budapest#article","isPartOf":{"@id":"https:\/\/ifamnews.com\/fr\/face-l-hiver-d-mographique-imminent-une-conf-rence-pro-famille-in-dite-budapest"},"author":{"name":"Cato","@id":"https:\/\/ifamnews.com\/en\/#\/schema\/person\/d0e56511b7b7caedd2922a59482440ba"},"headline":"Face \u00e0 l&rsquo;hiver d\u00e9mographique imminent, une conf\u00e9rence pro-famille in\u00e9dite \u00e0 Budapest","datePublished":"2021-05-27T05:56:55+00:00","dateModified":"2021-05-27T05:56:57+00:00","mainEntityOfPage":{"@id":"https:\/\/ifamnews.com\/fr\/face-l-hiver-d-mographique-imminent-une-conf-rence-pro-famille-in-dite-budapest"},"wordCount":876,"commentCount":0,"publisher":{"@id":"https:\/\/ifamnews.com\/en\/#organization"},"image":{"@id":"https:\/\/ifamnews.com\/fr\/face-l-hiver-d-mographique-imminent-une-conf-rence-pro-famille-in-dite-budapest#primaryimage"},"thumbnailUrl":"https:\/\/ifamnews.com\/wp-content\/uploads\/2021\/05\/DSC05430-EFFECTS-1.jpg","keywords":["Brian Brown","d\u00e9mographie","Hongrie","OIF"],"articleSection":["Famille","Foreground"],"inLanguage":"fr-FR","potentialAction":[{"@type":"CommentAction","name":"Comment","target":["https:\/\/ifamnews.com\/fr\/face-l-hiver-d-mographique-imminent-une-conf-rence-pro-famille-in-dite-budapest#respond"]}]},{"@type":"WebPage","@id":"https:\/\/ifamnews.com\/fr\/face-l-hiver-d-mographique-imminent-une-conf-rence-pro-famille-in-dite-budapest","url":"https:\/\/ifamnews.com\/fr\/face-l-hiver-d-mographique-imminent-une-conf-rence-pro-famille-in-dite-budapest","name":"Face \u00e0 l'hiver d\u00e9mographique imminent, une conf\u00e9rence pro-famille in\u00e9dite \u00e0 Budapest - IFN","isPartOf":{"@id":"https:\/\/ifamnews.com\/en\/#website"},"primaryImageOfPage":{"@id":"https:\/\/ifamnews.com\/fr\/face-l-hiver-d-mographique-imminent-une-conf-rence-pro-famille-in-dite-budapest#primaryimage"},"image":{"@id":"https:\/\/ifamnews.com\/fr\/face-l-hiver-d-mographique-imminent-une-conf-rence-pro-famille-in-dite-budapest#primaryimage"},"thumbnailUrl":"https:\/\/ifamnews.com\/wp-content\/uploads\/2021\/05\/DSC05430-EFFECTS-1.jpg","datePublished":"2021-05-27T05:56:55+00:00","dateModified":"2021-05-27T05:56:57+00:00","description":"La conf\u00e9rence internationale, qui se tiendra en ligne et en personne, portera sur \"La d\u00e9mographie et la culture de la relation entre les couples\".","breadcrumb":{"@id":"https:\/\/ifamnews.com\/fr\/face-l-hiver-d-mographique-imminent-une-conf-rence-pro-famille-in-dite-budapest#breadcrumb"},"inLanguage":"fr-FR","potentialAction":[{"@type":"ReadAction","target":["https:\/\/ifamnews.com\/fr\/face-l-hiver-d-mographique-imminent-une-conf-rence-pro-famille-in-dite-budapest"]}]},{"@type":"ImageObject","inLanguage":"fr-FR","@id":"https:\/\/ifamnews.com\/fr\/face-l-hiver-d-mographique-imminent-une-conf-rence-pro-famille-in-dite-budapest#primaryimage","url":"https:\/\/ifamnews.com\/wp-content\/uploads\/2021\/05\/DSC05430-EFFECTS-1.jpg","contentUrl":"https:\/\/ifamnews.com\/wp-content\/uploads\/2021\/05\/DSC05430-EFFECTS-1.jpg","width":1200,"height":675},{"@type":"BreadcrumbList","@id":"https:\/\/ifamnews.com\/fr\/face-l-hiver-d-mographique-imminent-une-conf-rence-pro-famille-in-dite-budapest#breadcrumb","itemListElement":[{"@type":"ListItem","position":1,"name":"Home","item":"https:\/\/ifamnews.com\/de"},{"@type":"ListItem","position":2,"name":"Breaking News","item":"https:\/\/ifamnews.com\/en\/category\/breaking-news"},{"@type":"ListItem","position":3,"name":"Face \u00e0 l&#8217;hiver d\u00e9mographique imminent, une conf\u00e9rence pro-famille in\u00e9dite \u00e0 Budapest"}]},{"@type":"WebSite","@id":"https:\/\/ifamnews.com\/en\/#website","url":"https:\/\/ifamnews.com\/en\/","name":"IFN","description":"International Family News Network","publisher":{"@id":"https:\/\/ifamnews.com\/en\/#organization"},"potentialAction":[{"@type":"SearchAction","target":{"@type":"EntryPoint","urlTemplate":"https:\/\/ifamnews.com\/en\/?s={search_term_string}"},"query-input":{"@type":"PropertyValueSpecification","valueRequired":true,"valueName":"search_term_string"}}],"inLanguage":"fr-FR"},{"@type":"Organization","@id":"https:\/\/ifamnews.com\/en\/#organization","name":"iFamNews","url":"https:\/\/ifamnews.com\/en\/","logo":{"@type":"ImageObject","inLanguage":"fr-FR","@id":"https:\/\/ifamnews.com\/en\/#\/schema\/logo\/image\/","url":"https:\/\/ifamnews.com\/wp-content\/uploads\/2020\/01\/Share-logo.png","contentUrl":"https:\/\/ifamnews.com\/wp-content\/uploads\/2020\/01\/Share-logo.png","width":200,"height":200,"caption":"iFamNews"},"image":{"@id":"https:\/\/ifamnews.com\/en\/#\/schema\/logo\/image\/"},"sameAs":["https:\/\/www.facebook.com\/iFamNews","https:\/\/x.com\/iFamNewsEN"]},{"@type":"Person","@id":"https:\/\/ifamnews.com\/en\/#\/schema\/person\/d0e56511b7b7caedd2922a59482440ba","name":"Cato","image":{"@type":"ImageObject","inLanguage":"fr-FR","@id":"https:\/\/secure.gravatar.com\/avatar\/69b258be912b2a9b1ef3917af1a950d6279239e325672d64c73a2c0dfe012d11?s=96&d=mm&r=g","url":"https:\/\/secure.gravatar.com\/avatar\/69b258be912b2a9b1ef3917af1a950d6279239e325672d64c73a2c0dfe012d11?s=96&d=mm&r=g","contentUrl":"https:\/\/secure.gravatar.com\/avatar\/69b258be912b2a9b1ef3917af1a950d6279239e325672d64c73a2c0dfe012d11?s=96&d=mm&r=g","caption":"Cato"},"description":"Cato is a staunch defender of Western Civilization and the Judeo-Christian worldview. He will end all of his articles: \"And the radical LGBT agenda must be defeated\" as this is the pre-eminent battle of our day.","url":"https:\/\/ifamnews.com\/fr\/author\/rsiedlecki"}]}},"amp_enabled":true,"_links":{"self":[{"href":"https:\/\/ifamnews.com\/fr\/wp-json\/wp\/v2\/posts\/74358","targetHints":{"allow":["GET"]}}],"collection":[{"href":"https:\/\/ifamnews.com\/fr\/wp-json\/wp\/v2\/posts"}],"about":[{"href":"https:\/\/ifamnews.com\/fr\/wp-json\/wp\/v2\/types\/post"}],"author":[{"embeddable":true,"href":"https:\/\/ifamnews.com\/fr\/wp-json\/wp\/v2\/users\/651"}],"replies":[{"embeddable":true,"href":"https:\/\/ifamnews.com\/fr\/wp-json\/wp\/v2\/comments?post=74358"}],"version-history":[{"count":3,"href":"https:\/\/ifamnews.com\/fr\/wp-json\/wp\/v2\/posts\/74358\/revisions"}],"predecessor-version":[{"id":74361,"href":"https:\/\/ifamnews.com\/fr\/wp-json\/wp\/v2\/posts\/74358\/revisions\/74361"}],"wp:featuredmedia":[{"embeddable":true,"href":"https:\/\/ifamnews.com\/fr\/wp-json\/wp\/v2\/media\/74300"}],"wp:attachment":[{"href":"https:\/\/ifamnews.com\/fr\/wp-json\/wp\/v2\/media?parent=74358"}],"wp:term":[{"taxonomy":"category","embeddable":true,"href":"https:\/\/ifamnews.com\/fr\/wp-json\/wp\/v2\/categories?post=74358"},{"taxonomy":"post_tag","embeddable":true,"href":"https:\/\/ifamnews.com\/fr\/wp-json\/wp\/v2\/tags?post=74358"}],"curies":[{"name":"wp","href":"https:\/\/api.w.org\/{rel}","templated":true}]}}