{"id":64910,"date":"2021-04-08T02:03:32","date_gmt":"2021-04-08T06:03:32","guid":{"rendered":"https:\/\/ifamnews.com\/?p=64910"},"modified":"2021-04-08T02:03:33","modified_gmt":"2021-04-08T06:03:33","slug":"france-euthanasie-et-contre-civilisation","status":"publish","type":"post","link":"https:\/\/ifamnews.com\/fr\/france-euthanasie-et-contre-civilisation","title":{"rendered":"France, euthanasie et contre-civilisation"},"content":{"rendered":"\n<p>La France, qui se d\u00e9bat entre <a href=\"https:\/\/france24.com\/en\/20200120-france-s-controversial-bioethics-bill-reaches-senate-amid-continuing-outcry\" target=\"_blank\" rel=\"noreferrer noopener\">un projet de loi sur la bio\u00e9thique<\/a> litt\u00e9ralement aberrant et une dangereuse tentative de reformulation de la la\u00efcit\u00e9 \u00e0 travers la loi sur le pr\u00e9tendu \u00ab\u00a0s\u00e9paratisme\u00a0\u00bb, a rendez-vous avec la mort programm\u00e9e.<\/p>\n\n\n\n<p>En m\u00eame temps que la loi sur le \u00ab\u00a0s\u00e9paratisme\u00a0\u00bb qui arrive au S\u00e9nat le 8 avril, on trouve une proposition visant \u00e0 l\u00e9galiser l&rsquo;un des nombreux oxymores de notre \u00e9poque, le \u00ab\u00a0suicide assist\u00e9\u00a0\u00bb. En effet, si le suicide est l&rsquo;acte de se donner la mort par soi-m\u00eame, celui qui a besoin d&rsquo;une aide ext\u00e9rieure pour se suicider cesse de le faire par lui-m\u00eame. Quel est donc le nom de ce geste, si le terme \u00ab\u00a0suicide assist\u00e9\u00a0\u00bb ne recouvre rien d&rsquo;autre que la honte ?<\/p>\n\n\n\n<p>La proposition de demain en est une nouvelle : la quatri\u00e8me \u00e0 \u00eatre pr\u00e9sent\u00e9e au Parlement fran\u00e7ais. Ce projet est port\u00e9 par Olivier Falorni, d\u00e9put\u00e9 du \u00ab\u00a0Parti Radical de Gauche\u00a0\u00bb.<\/p>\n\n\n\n<p>Dans l&rsquo;\u00e9dition du 5 avril du quotidien fran\u00e7ais <em>Le Figaro<\/em>, l&rsquo;\u00e9crivain Michel Houellebecq <a href=\"https:\/\/lefigaro.fr\/vox\/societe\/michel-houellebecq-une-civilisation-qui-legalise-l-euthanasie-perd-tout-droit-au-respect-20210405\" target=\"_blank\" rel=\"noreferrer noopener\">\u00e9crit<\/a> qu'\u00a0\u00bbune civilisation qui l\u00e9galise l&rsquo;euthanasie perd le droit \u00e0 tout respect\u00a0\u00bb. Houellebecq poursuit en proposant que lorsque les partisans de l&rsquo;euthanasie parlent de \u00a0\u00bb compassion \u00ab\u00a0, \u00a0\u00bb le mensonge est palpable \u00a0\u00bb et que l&rsquo;explication des raisons avanc\u00e9es pour la proposition de l\u00e9galisation est \u00a0\u00bb comique \u00ab\u00a0.<\/p>\n\n\n\n<p>Franchement, je me soucie peu de l&rsquo;opinion de Houellebecq comme je me soucie peu de celle des autres, \u00e0 commencer par la mienne. En fait, les routes inutiles sont pav\u00e9es avec les opinions. Ce ne sont pas les opinions qui font la diff\u00e9rence, mais la r\u00e9alit\u00e9 nue et brute des choses. Tuer des innocents et les colporter sous le couvert de la charit\u00e9 pour un usage personnel est odieusement hypocrite. Autant l\u00e9galiser imm\u00e9diatement le meurtre dans toutes ses dimensions : apr\u00e8s tout, on peut toujours trouver une opinion et l&rsquo;habiller comme ont veut.<\/p>\n\n\n\n<p>Si, par contre, la vie associative des hommes a toujours stigmatis\u00e9 la suppression volontaire d&rsquo;un innocent au m\u00eame titre que d&rsquo;autres crimes, c&rsquo;est parce que ce ne sont pas les opinions qui comptent, mais les choses s\u00e9rieuses. Toute association humaine \u00e0 travers l&rsquo;histoire de l&rsquo;homme est bas\u00e9e sur des faits \u00e9vidents tels que le fait que tuer un innocent est un mal. Ces interdits sont la cl\u00f4ture \u00e9rig\u00e9e autour du village pour \u00e9loigner le monstre ; si la cl\u00f4ture est abattue, la b\u00eate fait inexorablement des ravages jusqu&rsquo;\u00e0 ce qu&rsquo;il n&rsquo;y ait plus personne dans le village. C&rsquo;est pourquoi, lorsque Houellebecq affirme qu&rsquo;une civilisation qui l\u00e9galise l&rsquo;euthanasie perd le droit \u00e0 tout respect, il n&rsquo;exprime pas seulement \u00a0\u00bb une opinion \u00ab\u00a0, une voix parmi un brouhaha de commentateurs. Il r\u00e9p\u00e8te une observation v\u00e9ridique contre laquelle aucune opinion ne tient.<\/p>\n\n\n\n<p>Une civilisation qui l\u00e9galise la suppression d&rsquo;une personne innocente est comme une civilisation qui l\u00e9galise le meurtre : elle abat la barri\u00e8re et laisse entrer la b\u00eate ; ipso facto, elle perd le droit au respect. Et donc, ne respectant pas la dignit\u00e9 des villageois d\u00e9fendus par la cl\u00f4ture, elle n&rsquo;est pas digne d&rsquo;\u00eatre consid\u00e9r\u00e9e \u00e0 l&rsquo;\u00e9chelle humaine.<\/p>\n\n\n\n<p>Il n&rsquo;est pas n\u00e9cessaire d&rsquo;\u00eatre un fan du controvers\u00e9 et antipathique Houellebecq pour comprendre que si la France approuve un jour le \u00ab\u00a0suicide assist\u00e9\u00a0\u00bb, elle cessera de m\u00e9riter le respect. Exactement comme les Pays-Bas, la Belgique et le Luxembourg ne le m\u00e9ritent pas non plus pour avoir reconnu le \u00ab\u00a0suicide assist\u00e9\u00a0\u00bb. Non pas parce que Houellebecq le dit, m\u00eame si les \u00e9vidences deviennent plus criardes quand des gens criards les r\u00e9p\u00e8tent, mais parce que c&rsquo;est un fait incontestable.<\/p>\n","protected":false},"excerpt":{"rendered":"<p>L&rsquo;auteur fran\u00e7ais Michel Houellebecq affirme qu'\u00a0\u00bbune civilisation qui l\u00e9galise l&rsquo;euthanasie perd le droit \u00e0 tout respect\u00a0\u00bb.<\/p>\n","protected":false},"author":7,"featured_media":64865,"comment_status":"open","ping_status":"open","sticky":false,"template":"","format":"standard","meta":{"give_campaign_id":0,"om_disable_all_campaigns":false,"_monsterinsights_skip_tracking":false,"_monsterinsights_sitenote_active":false,"_monsterinsights_sitenote_note":"","_monsterinsights_sitenote_category":0,"mc4wp_mailchimp_campaign":[],"jnews-multi-image_gallery":[],"jnews_single_post":{"subtitle":"L'auteur fran\u00e7ais Michel Houellebecq affirme qu'\"une civilisation qui l\u00e9galise l'euthanasie perd le droit \u00e0 tout respect\".","format":"standard","video":"","gallery":"","source_name":"","source_url":"","via_name":"","via_url":"","override":[{"single_blog_custom":"","sidebar":"","second_sidebar":"","share_position":"","share_float_style":"","post_date_format":"","post_date_format_custom":"","post_reading_time_wpm":"","zoom_button_out_step":"1","zoom_button_in_step":"1","number_popup_post":"1"}],"image_override":[{"single_post_thumbnail_size":"","single_post_gallery_size":""}],"trending_post_position":"","trending_post_label":"","sponsored_post_label":"","sponsored_post_name":"","sponsored_post_url":"","sponsored_post_logo":"","sponsored_post_desc":""},"jnews_primary_category":{"id":"762"},"jnews_social_meta":{"fb_title":"","fb_description":"","fb_image":"","twitter_title":"","twitter_description":"","twitter_image":""},"jnews_override_counter":{"view_counter_number":"0","share_counter_number":"0","like_counter_number":"0","dislike_counter_number":"0"},"footnotes":""},"categories":[762,809],"tags":[9381,886,9634,9492,9631,2893,9632,9633,9630,6841,9636,9635],"class_list":["post-64910","post","type-post","status-publish","format-standard","has-post-thumbnail","hentry","category-culture-fr","category-foreground-fr","tag-abortion-fr-3","tag-avortement","tag-bioethics-bill-fr","tag-culture-de-mort","tag-euthanasia-fr-3","tag-euthanasie-3","tag-france-fr","tag-houellebecq-fr","tag-human-rights-fr","tag-mariage-fr","tag-respect","tag-suicide"],"yoast_head":"<!-- This site is optimized with the Yoast SEO Premium plugin v25.9 (Yoast SEO v27.3) - https:\/\/yoast.com\/product\/yoast-seo-premium-wordpress\/ -->\n<title>France, euthanasie et contre-civilisation - IFN<\/title>\n<meta name=\"robots\" content=\"index, follow, max-snippet:-1, max-image-preview:large, max-video-preview:-1\" \/>\n<link rel=\"canonical\" href=\"https:\/\/ifamnews.com\/fr\/france-euthanasie-et-contre-civilisation\" \/>\n<meta property=\"og:locale\" content=\"fr_FR\" \/>\n<meta property=\"og:type\" content=\"article\" \/>\n<meta property=\"og:title\" content=\"France, euthanasie et contre-civilisation\" \/>\n<meta property=\"og:description\" content=\"L&#039;auteur fran\u00e7ais Michel Houellebecq affirme qu&#039;&quot;une civilisation qui l\u00e9galise l&#039;euthanasie perd le droit \u00e0 tout respect&quot;.\" \/>\n<meta property=\"og:url\" content=\"https:\/\/ifamnews.com\/fr\/france-euthanasie-et-contre-civilisation\" \/>\n<meta property=\"og:site_name\" content=\"IFN\" \/>\n<meta property=\"article:publisher\" content=\"https:\/\/www.facebook.com\/iFamNews\" \/>\n<meta property=\"article:author\" content=\"https:\/\/facebook.com\/MarcoRespinti\" \/>\n<meta property=\"article:published_time\" content=\"2021-04-08T06:03:32+00:00\" \/>\n<meta property=\"article:modified_time\" content=\"2021-04-08T06:03:33+00:00\" \/>\n<meta property=\"og:image\" content=\"https:\/\/ifamnews.com\/wp-content\/uploads\/2021\/04\/Michel-Houellebecq-1.jpg\" \/>\n\t<meta property=\"og:image:width\" content=\"1200\" \/>\n\t<meta property=\"og:image:height\" content=\"675\" \/>\n\t<meta property=\"og:image:type\" content=\"image\/jpeg\" \/>\n<meta name=\"author\" content=\"Marco Respinti\" \/>\n<meta name=\"twitter:card\" content=\"summary_large_image\" \/>\n<meta name=\"twitter:creator\" content=\"@https:\/\/twitter.com\/MarcoRespinti\" \/>\n<meta name=\"twitter:site\" content=\"@iFamNewsEN\" \/>\n<meta name=\"twitter:label1\" content=\"\u00c9crit par\" \/>\n\t<meta name=\"twitter:data1\" content=\"Marco Respinti\" \/>\n\t<meta name=\"twitter:label2\" content=\"Dur\u00e9e de lecture estim\u00e9e\" \/>\n\t<meta name=\"twitter:data2\" content=\"3 minutes\" \/>\n<!-- \/ Yoast SEO Premium plugin. -->","yoast_head_json":{"title":"France, euthanasie et contre-civilisation - IFN","robots":{"index":"index","follow":"follow","max-snippet":"max-snippet:-1","max-image-preview":"max-image-preview:large","max-video-preview":"max-video-preview:-1"},"canonical":"https:\/\/ifamnews.com\/fr\/france-euthanasie-et-contre-civilisation","og_locale":"fr_FR","og_type":"article","og_title":"France, euthanasie et contre-civilisation","og_description":"L'auteur fran\u00e7ais Michel Houellebecq affirme qu'\"une civilisation qui l\u00e9galise l'euthanasie perd le droit \u00e0 tout respect\".","og_url":"https:\/\/ifamnews.com\/fr\/france-euthanasie-et-contre-civilisation","og_site_name":"IFN","article_publisher":"https:\/\/www.facebook.com\/iFamNews","article_author":"https:\/\/facebook.com\/MarcoRespinti","article_published_time":"2021-04-08T06:03:32+00:00","article_modified_time":"2021-04-08T06:03:33+00:00","og_image":[{"width":1200,"height":675,"url":"https:\/\/ifamnews.com\/wp-content\/uploads\/2021\/04\/Michel-Houellebecq-1.jpg","type":"image\/jpeg"}],"author":"Marco Respinti","twitter_card":"summary_large_image","twitter_creator":"@https:\/\/twitter.com\/MarcoRespinti","twitter_site":"@iFamNewsEN","twitter_misc":{"\u00c9crit par":"Marco Respinti","Dur\u00e9e de lecture estim\u00e9e":"3 minutes"},"schema":{"@context":"https:\/\/schema.org","@graph":[{"@type":"NewsArticle","@id":"https:\/\/ifamnews.com\/fr\/france-euthanasie-et-contre-civilisation#article","isPartOf":{"@id":"https:\/\/ifamnews.com\/fr\/france-euthanasie-et-contre-civilisation"},"author":{"name":"Marco Respinti","@id":"https:\/\/ifamnews.com\/en\/#\/schema\/person\/f0579ab02623e80d44006c1a5d949ea9"},"headline":"France, euthanasie et contre-civilisation","datePublished":"2021-04-08T06:03:32+00:00","dateModified":"2021-04-08T06:03:33+00:00","mainEntityOfPage":{"@id":"https:\/\/ifamnews.com\/fr\/france-euthanasie-et-contre-civilisation"},"wordCount":645,"commentCount":0,"publisher":{"@id":"https:\/\/ifamnews.com\/en\/#organization"},"image":{"@id":"https:\/\/ifamnews.com\/fr\/france-euthanasie-et-contre-civilisation#primaryimage"},"thumbnailUrl":"https:\/\/ifamnews.com\/wp-content\/uploads\/2021\/04\/Michel-Houellebecq-1.jpg","keywords":["Abortion","avortement","Bioethics Bill","culture de mort","Euthanasia","euthanasie","France","Houellebecq","Human Rights","Mariage","respect","suicide"],"articleSection":["Culture","Foreground"],"inLanguage":"fr-FR","potentialAction":[{"@type":"CommentAction","name":"Comment","target":["https:\/\/ifamnews.com\/fr\/france-euthanasie-et-contre-civilisation#respond"]}]},{"@type":"WebPage","@id":"https:\/\/ifamnews.com\/fr\/france-euthanasie-et-contre-civilisation","url":"https:\/\/ifamnews.com\/fr\/france-euthanasie-et-contre-civilisation","name":"France, euthanasie et contre-civilisation - IFN","isPartOf":{"@id":"https:\/\/ifamnews.com\/en\/#website"},"primaryImageOfPage":{"@id":"https:\/\/ifamnews.com\/fr\/france-euthanasie-et-contre-civilisation#primaryimage"},"image":{"@id":"https:\/\/ifamnews.com\/fr\/france-euthanasie-et-contre-civilisation#primaryimage"},"thumbnailUrl":"https:\/\/ifamnews.com\/wp-content\/uploads\/2021\/04\/Michel-Houellebecq-1.jpg","datePublished":"2021-04-08T06:03:32+00:00","dateModified":"2021-04-08T06:03:33+00:00","breadcrumb":{"@id":"https:\/\/ifamnews.com\/fr\/france-euthanasie-et-contre-civilisation#breadcrumb"},"inLanguage":"fr-FR","potentialAction":[{"@type":"ReadAction","target":["https:\/\/ifamnews.com\/fr\/france-euthanasie-et-contre-civilisation"]}]},{"@type":"ImageObject","inLanguage":"fr-FR","@id":"https:\/\/ifamnews.com\/fr\/france-euthanasie-et-contre-civilisation#primaryimage","url":"https:\/\/ifamnews.com\/wp-content\/uploads\/2021\/04\/Michel-Houellebecq-1.jpg","contentUrl":"https:\/\/ifamnews.com\/wp-content\/uploads\/2021\/04\/Michel-Houellebecq-1.jpg","width":1200,"height":675},{"@type":"BreadcrumbList","@id":"https:\/\/ifamnews.com\/fr\/france-euthanasie-et-contre-civilisation#breadcrumb","itemListElement":[{"@type":"ListItem","position":1,"name":"Home","item":"https:\/\/ifamnews.com\/de"},{"@type":"ListItem","position":2,"name":"\u0413\u043b\u0430\u0432\u043d\u0430 \u0432\u0435\u0441\u0442","item":"https:\/\/ifamnews.com\/sr\/kategorija\/glavna-vest"},{"@type":"ListItem","position":3,"name":"France, euthanasie et contre-civilisation"}]},{"@type":"WebSite","@id":"https:\/\/ifamnews.com\/en\/#website","url":"https:\/\/ifamnews.com\/en\/","name":"IFN","description":"International Family News Network","publisher":{"@id":"https:\/\/ifamnews.com\/en\/#organization"},"potentialAction":[{"@type":"SearchAction","target":{"@type":"EntryPoint","urlTemplate":"https:\/\/ifamnews.com\/en\/?s={search_term_string}"},"query-input":{"@type":"PropertyValueSpecification","valueRequired":true,"valueName":"search_term_string"}}],"inLanguage":"fr-FR"},{"@type":"Organization","@id":"https:\/\/ifamnews.com\/en\/#organization","name":"iFamNews","url":"https:\/\/ifamnews.com\/en\/","logo":{"@type":"ImageObject","inLanguage":"fr-FR","@id":"https:\/\/ifamnews.com\/en\/#\/schema\/logo\/image\/","url":"https:\/\/ifamnews.com\/wp-content\/uploads\/2020\/01\/Share-logo.png","contentUrl":"https:\/\/ifamnews.com\/wp-content\/uploads\/2020\/01\/Share-logo.png","width":200,"height":200,"caption":"iFamNews"},"image":{"@id":"https:\/\/ifamnews.com\/en\/#\/schema\/logo\/image\/"},"sameAs":["https:\/\/www.facebook.com\/iFamNews","https:\/\/x.com\/iFamNewsEN"]},{"@type":"Person","@id":"https:\/\/ifamnews.com\/en\/#\/schema\/person\/f0579ab02623e80d44006c1a5d949ea9","name":"Marco Respinti","image":{"@type":"ImageObject","inLanguage":"fr-FR","@id":"https:\/\/secure.gravatar.com\/avatar\/4ab04a5127131015e13010f222e38621144dc33a5df5d977b35ceeab15ee958f?s=96&d=mm&r=g","url":"https:\/\/secure.gravatar.com\/avatar\/4ab04a5127131015e13010f222e38621144dc33a5df5d977b35ceeab15ee958f?s=96&d=mm&r=g","contentUrl":"https:\/\/secure.gravatar.com\/avatar\/4ab04a5127131015e13010f222e38621144dc33a5df5d977b35ceeab15ee958f?s=96&d=mm&r=g","caption":"Marco Respinti"},"description":"Marco Respinti was the Editor-in-Chief of International Family News until the end of 2022. He is an Italian professional journalist, member of the International Federation of Journalists (IFJ), essayist, translator, and lecturer. He has contributed and contributes to several journals and magazines both in print and online, both in Italy and abroad. Author of books, he has translated and\/or edited works by, among others, Edmund Burke, Charles Dickens, T.S. Eliot, Russell Kirk, J.R.R. Tolkien, R\u00e9gine Pernoud and Gustave Thibon. A Senior fellow at the\u00a0Russell Kirk Center for Cultural Renewal (Mecosta, Michigan) he is also a founding member as well as Board member of the Center for European Renewal (The Hague, The Netherlands). A member of the Editorial Board of The European Conservative magazine, as well as a member of the Advisory Council of the European Federation for Freedom of Belief, he serves as Director-in-Charge of the academic publication The Journal of CESNUR and the online Bitter Winter: A Magazine on Religious Liberty and Human Rights.","sameAs":["https:\/\/facebook.com\/MarcoRespinti","https:\/\/it.linkedin.com\/in\/marcorespinti","https:\/\/pinterest.it\/MarcoRespinti\/_created\/","https:\/\/x.com\/https:\/\/twitter.com\/MarcoRespinti","https:\/\/youtube.com\/channel\/UC1FbsvyQNTQ-snpsmRC12Og?view_as=subscriber"],"url":"https:\/\/ifamnews.com\/fr\/author\/mrespinti"}]}},"amp_enabled":true,"_links":{"self":[{"href":"https:\/\/ifamnews.com\/fr\/wp-json\/wp\/v2\/posts\/64910","targetHints":{"allow":["GET"]}}],"collection":[{"href":"https:\/\/ifamnews.com\/fr\/wp-json\/wp\/v2\/posts"}],"about":[{"href":"https:\/\/ifamnews.com\/fr\/wp-json\/wp\/v2\/types\/post"}],"author":[{"embeddable":true,"href":"https:\/\/ifamnews.com\/fr\/wp-json\/wp\/v2\/users\/7"}],"replies":[{"embeddable":true,"href":"https:\/\/ifamnews.com\/fr\/wp-json\/wp\/v2\/comments?post=64910"}],"version-history":[{"count":4,"href":"https:\/\/ifamnews.com\/fr\/wp-json\/wp\/v2\/posts\/64910\/revisions"}],"predecessor-version":[{"id":64930,"href":"https:\/\/ifamnews.com\/fr\/wp-json\/wp\/v2\/posts\/64910\/revisions\/64930"}],"wp:featuredmedia":[{"embeddable":true,"href":"https:\/\/ifamnews.com\/fr\/wp-json\/wp\/v2\/media\/64865"}],"wp:attachment":[{"href":"https:\/\/ifamnews.com\/fr\/wp-json\/wp\/v2\/media?parent=64910"}],"wp:term":[{"taxonomy":"category","embeddable":true,"href":"https:\/\/ifamnews.com\/fr\/wp-json\/wp\/v2\/categories?post=64910"},{"taxonomy":"post_tag","embeddable":true,"href":"https:\/\/ifamnews.com\/fr\/wp-json\/wp\/v2\/tags?post=64910"}],"curies":[{"name":"wp","href":"https:\/\/api.w.org\/{rel}","templated":true}]}}