{"id":56838,"date":"2021-02-28T10:02:48","date_gmt":"2021-02-28T15:02:48","guid":{"rendered":"https:\/\/ifamnews.com\/?p=56838"},"modified":"2021-02-28T10:02:50","modified_gmt":"2021-02-28T15:02:50","slug":"arr-tez-l-allaitement-c-est-trop-direct-","status":"publish","type":"post","link":"https:\/\/ifamnews.com\/fr\/arr-tez-l-allaitement-c-est-trop-direct-","title":{"rendered":"Arr\u00eatez, \u00ab\u00a0l&rsquo;allaitement\u00a0\u00bb, c&rsquo;est trop direct."},"content":{"rendered":"\n<p>C&rsquo;est \u00ab\u00a0quelque chose de beau, la destruction des mots\u00a0\u00bb. [&#8230;] Ne voyez-vous pas que le but de la novlangue est de restreindre le plus possible le champ d&rsquo;action de la pens\u00e9e ? En fin de compte, nous rendrons la psycho-r\u00e9alit\u00e9 litt\u00e9ralement impossible, car il n&rsquo;y aura pas de mots pour l&rsquo;exprimer. [&#8230;] La pens\u00e9e n&rsquo;existera plus, du moins pas telle que nous la comprenons maintenant. L&rsquo;orthodoxie signifie ne pas penser, ne pas avoir besoin de penser. Les paroles proph\u00e9tiques de George Orwell (1903-1950) dans son livre <em>1984<\/em>, publi\u00e9 en 1949, correspondent de plus \u00e0 ce que nous vivons.<\/p>\n\n\n\n<p>L&rsquo;op\u00e9ration a commenc\u00e9 il y a plusieurs d\u00e9cennies, de mani\u00e8re apparemment pacifique et positive : l&rsquo;\u00e9boueur est devenu un \u00ab\u00a0op\u00e9rateur \u00e9cologique\u00a0\u00bb &#8211; comme si la dignit\u00e9 du travail quotidien \u00e9tait amplifi\u00e9e par une description plus pris\u00e9e &#8211; et les handicap\u00e9s \u00ab\u00a0diff\u00e9remment capables\u00a0\u00bb. Et d\u00e9j\u00e0 ici, quelque chose a d\u00fb mal tourner, car, malgr\u00e9 l&rsquo;op\u00e9ration linguistique, en r\u00e9alit\u00e9 pour une malformation individuelle humaine (m\u00eame l\u00e9g\u00e8re) &#8211; loin d&rsquo;avoir gagn\u00e9 en dignit\u00e9 et en consid\u00e9ration &#8211; le foetus est avort\u00e9 jusqu&rsquo;au deuxi\u00e8me trimestre de la grossesse. <a href=\"https:\/\/ifamnews.com\/it\/hanno-ragione-gli-abortisti\" target=\"_blank\" rel=\"noopener\">Ailleurs<\/a>. Il s&rsquo;agirait en fait de \u00ab\u00a0<a href=\"https:\/\/ifamnews.com\/it\/abolire-la-frase-vite-non-degne-di-essere-vissute\" target=\"_blank\" rel=\"noopener\">vies qui ne valent pas la peine d&rsquo;\u00eatre v\u00e9cues<\/a>\u00a0\u00bb et, au cas o\u00f9 une \u00ab\u00a0capacit\u00e9 diff\u00e9rente\u00a0\u00bb se pr\u00e9senterait \u00e0 un moment donn\u00e9 apr\u00e8s la naissance, il y aurait, dans certaines circonstances, des conditions qui rendraient obligatoire l&rsquo;<a href=\"https:\/\/ifamnews.com\/fr\/difendere-tinslee-dall-infanticidio\" target=\"_blank\" rel=\"noopener\">interruption de cette vie<\/a>. \u00c9videmment dans le <a href=\"https:\/\/ifamnews.com\/it\/un-maiale-vale-piu-anche-di-un-neonato\" target=\"_blank\" rel=\"noopener\">\u00ab\u00a0meilleur int\u00e9r\u00eat<\/a>\u00a0\u00bb &#8211; une nouvelle avanc\u00e9e dans l&rsquo;artifice linguistique &#8211; de l&rsquo;individu.<\/p>\n\n\n\n<h3 class=\"wp-block-heading\" id=\"h-la-novlangue-l-universit\"><strong>La novlangue \u00e0 l&rsquo;universit\u00e9<\/strong><\/h3>\n\n\n\n<p>L&rsquo;\u00e9volution de la langue ne s&rsquo;arr\u00eate cependant pas et certains chercheurs de l&rsquo;Universit\u00e9 Nationale Australienne (ANU) de Canberra ont donc publi\u00e9 l&rsquo;ann\u00e9e derni\u00e8re un <a href=\"https:\/\/genderinstitute.anu.edu.au\/sites\/default\/files\/docs\/2021_docs\/Gender_inclusive_handbook.pdf\" target=\"_blank\" rel=\"noopener\">manuel sur <em>l&rsquo;int\u00e9gration du genre<\/em><\/a>, ou plut\u00f4t un guide pour \u00ab\u00a0les \u00e9tudiantes f\u00e9minines et de minorit\u00e9s du genre\u00a0\u00bb : \u00e9lever les femmes et les \u00e9tudiantes f\u00e9minines ou issus des minorit\u00e9s\u00a0\u00bb. L&rsquo;utilisation du <a href=\"https:\/\/ifamnews.com\/it\/il-concetto-di-genere-come-costrutto-sociale\" target=\"_blank\" rel=\"noopener\">concept de \u00ab\u00a0genre\u00a0\u00bb en tant que construction sociale<\/a> et l&rsquo;assimilation de la condition f\u00e9minine \u00e0 celle de \u00ab\u00a0minorit\u00e9s de genre\u00a0\u00bb laissent d\u00e9j\u00e0 <a href=\"https:\/\/ifamnews.com\/it\/identita-di-genere-il-magheggio-con-cui-scompare-la-realta-dei-corpi\" target=\"_blank\" rel=\"noopener\">perplexe<\/a>, comme si les \u00ab\u00a0minorit\u00e9s de genre\u00a0\u00bb existaient en plus des <em>genres<\/em> masculin et f\u00e9minin, mais les conseils pour l&rsquo;utilisation de la novlangue <em>incluant les parents<\/em> sont particuli\u00e8rement frappants. Dans le but &#8211; noble &#8211; d&rsquo;all\u00e9ger le sort de ceux qui, \u00e0 l&rsquo;\u00e9cole, s&rsquo;occupent d\u00e9j\u00e0 d&rsquo;un enfant &#8211; ou plus -, l&rsquo;universit\u00e9 australienne d\u00e9clare qu&rsquo;elle \u00ab\u00a0c\u00e9l\u00e8bre la diversit\u00e9 parmi les \u00e9tudiants\u00a0\u00bb.<\/p>\n\n\n\n<h3 class=\"wp-block-heading\" id=\"h-l-h-t-rosexualit-est-traumatisante\"><strong>L&rsquo;h\u00e9t\u00e9rosexualit\u00e9 est traumatisante<\/strong><\/h3>\n\n\n\n<p>Selon une \u00e9tude r\u00e9alis\u00e9e en 2019 par la chercheuse Lauren Dinour, <em><a href=\"https:\/\/pubmed.ncbi.nlm.nih.gov\/31364867\/\" target=\"_blank\" rel=\"noopener\">S&rsquo;exprimer sur la terminologie du petit-d\u00e9jeuner<\/a><\/em> un \u00ab\u00a0langage h\u00e9t\u00e9rosexuel et ax\u00e9 sur la femme en mati\u00e8re de lactation\u00a0\u00bb pourrait \u00ab\u00a0cr\u00e9er une confusion entre les sexes, isoler et nuire aux parents transmasculins et aux familles non h\u00e9t\u00e9ronormatives\u00a0\u00bb (\u00ab\u00a0implique l&rsquo;utilisation du mauvais <em>sexe<\/em> en r\u00e9f\u00e9rence \u00e0 certaines personnes, ainsi que de blesser les parents transsexuels et les familles non h\u00e9t\u00e9ronormatives\u00a0\u00bb). Donc, puisqu&rsquo;il n&rsquo;y a rien de plus h\u00e9t\u00e9rosexuel que de parler d&rsquo;<a href=\"https:\/\/ifamnews.com\/it\/allattamento-l-ultima-follia-trans\" target=\"_blank\" rel=\"noopener\">\u00ab\u00a0allaitement maternel\u00a0\u00bb<\/a>, au lieu d'\u00a0\u00bballaitement au sein\u00a0\u00bb, mieux vaut dire \u00ab\u00a0allaitement \u00e0 la poitrine\u00a0\u00bb,<\/p>\n\n\n\n<p>Le doute demeure que les n\u00e9o-linguistes sont tomb\u00e9s sur une subtile contradiction, \u00e0 savoir qu&rsquo;ils tiennent pour acquis que seules les femmes ont des seins. Peut-\u00eatre qu&rsquo;une \u00ab\u00a0femme transgenre homme\u00a0\u00bb qui a conserv\u00e9 ses glandes mammaires se sentirait plus \u00ab\u00a0accueillie\u00a0\u00bb en entendant parler de \u00ab\u00a0poitrines\u00a0\u00bb au lieu de \u00ab\u00a0seins\u00a0\u00bb ? Et ne serait-il pas \u00e9galement discriminatoire pour un \u00ab\u00a0transgenre homme-femme\u00a0\u00bb qui a plut\u00f4t eu recours \u00e0 la chirurgie esth\u00e9tique pour obtenir une \u00ab\u00a0poitrine\u00a0\u00bb semblable \u00e0 celle que dame nature donne aux individus poss\u00e9dant le chromosome XX ?<\/p>\n\n\n\n<h3 class=\"wp-block-heading\" id=\"h-plus-rien-ne-tourne-rond\"><strong>Plus rien ne tourne rond<\/strong><\/h3>\n\n\n\n<p>Il serait \u00e9galement tr\u00e8s erron\u00e9 de parler de \u00ab\u00a0lait maternel\u00a0\u00bb alors qu&rsquo;il existe des expressions plus englobantes : \u00ab\u00a0lait humain\u00a0\u00bb ou \u00ab\u00a0lait des parents\u00a0\u00bb. Aussi parce que des termes discriminatoires tels que \u00ab\u00a0m\u00e8re\u00a0\u00bb et \u00ab\u00a0p\u00e8re\u00a0\u00bb devraient \u00eatre supprim\u00e9s au profit de \u00ab\u00a0parent non gestationnel \u00ab\u00a0, c&rsquo;est-\u00e0-dire \u00ab\u00a0parent qui ne donnent pas naissance\u00a0\u00bb ou \u00ab\u00a0parent qui ne g\u00e9n\u00e8re pas\u00a0\u00bb.<\/p>\n\n\n\n<p>De toute \u00e9vidence, il y a encore une raison, s\u00fbrement d&rsquo;ordre pratique, pour laquelle il faut faire la distinction entre un \u00ab\u00a0parent qui g\u00e9n\u00e8re\u00a0\u00bb et un \u00ab\u00a0g\u00e9niteur\u00a0\u00bb qui ne l&rsquo;est pas, mais il ne fait plus partie du vocabulaire poli et civilis\u00e9 de tenir pour acquis que c&rsquo;est la m\u00e8re qui m\u00e8ne la gestation d&rsquo;un enfant et lui donne naissance. <\/p>\n\n\n\n<h3 class=\"wp-block-heading\" id=\"h-le-lait-maternel-est-galement-interdit-dans-les-h-pitaux-britanniques\"><strong>Le \u00ab\u00a0lait maternel\u00a0\u00bb est \u00e9galement interdit dans les h\u00f4pitaux britanniques<\/strong><\/h3>\n\n\n\n<p>La <em>brochure<\/em> de l&rsquo;universit\u00e9 australienne, en revanche, n&rsquo;est qu&rsquo;un exemple de la tentative de r\u00e9volution linguistique en cours aujourd&rsquo;hui. Dans les deux \u00e9tablissements g\u00e9r\u00e9s par le NHS Trust des h\u00f4pitaux universitaires de Brighton et du Sussex, les <a href=\"https:\/\/nypost.com\/2021\/02\/10\/uk-nurses-asked-to-stop-using-the-term-breast-milk\/\" target=\"_blank\" rel=\"noopener\">sages-femmes ne sont plus autoris\u00e9es \u00e0 utiliser<\/a> les termes \u00ab\u00a0allaitement maternel\u00a0\u00bb et \u00ab\u00a0lait maternel\u00a0\u00bb. Les \u00ab\u00a0maternit\u00e9s\u00a0\u00bb sont devenues des \u00ab\u00a0services p\u00e9rinataux\u00a0\u00bb et les praticiens, ayant r\u00e9ussi \u00e0 supprimer les termes \u00ab\u00a0m\u00e8res\u00a0\u00bb et \u00ab\u00a0femmes\u00a0\u00bb, sont \u00ab\u00a0fiers de s&rsquo;occuper des personnes <em>trans<\/em> et non-binaires\u00a0\u00bb. En fait, selon <a href=\"https:\/\/dailymail.co.uk\/news\/article-9241217\/Hospital-tells-midwives-use-terms-like-birthing-parents-human-milk.html\" target=\"_blank\" rel=\"noopener\">les agents de sant\u00e9 de ces h\u00f4pitaux<\/a>, le r\u00e9cit classique de la grossesse, de la naissance et de l&rsquo;\u00e9ducation du nouveau-n\u00e9 apporterait \u00ab\u00a0l&rsquo;essentialisme biologique {<em>sic<\/em>} et la transphobie\u00a0\u00bb,<\/p>\n\n\n\n<h3 class=\"wp-block-heading\" id=\"h-nominalisme-et-nihilisme-la-n-gation-de-la-douleur\"><strong>Nominalisme et nihilisme : la n\u00e9gation de la douleur<\/strong><\/h3>\n\n\n\n<p>L&rsquo;<em>universit\u00e9<\/em> \u00e9tait autrefois le lieu o\u00f9 les gens apprenaient que la v\u00e9rit\u00e9 est \u00ab\u00a0<em>adaeguatio rei et intellectus\u00a0\u00bb<\/em>: une correspondance entre la r\u00e9alit\u00e9 et la raison. Le nominalisme gnos\u00e9ologique &#8211; un pr\u00e9suppos\u00e9 d\u00e9sormais implicite dans toute recherche \u00ab\u00a0scientifique\u00a0\u00bb &#8211; a cependant \u00e9limin\u00e9 la relation entre le mot &#8211; la pens\u00e9e &#8211; et les donn\u00e9es concr\u00e8tes. Dans l&rsquo;avilissement des corps, qui sont fa\u00e7onn\u00e9s selon le caprice d&rsquo;esprits de plus en plus <a href=\"https:\/\/ifamnews.com\/it\/doppia-mastectomia-a-15-anni-a-16-raccoglie-fondi-per-ricostruirsi-il-seno\" target=\"_blank\" rel=\"noopener\">immatures<\/a> pour avoir atteint une compr\u00e9hension de soi ad\u00e9quate, l&rsquo;illusion mensong\u00e8re est que le fait de modifier le r\u00e9cit peut adoucir les faits. Un homme, ou une femme, qui est par condition &#8211; ou conditionnement &#8211; mal \u00e0 l&rsquo;aise par rapport \u00e0 son corps est maintenant amen\u00e9 \u00e0 penser que la \u00ab\u00a0c\u00e9l\u00e9bration\u00a0\u00bb &#8211; autre terme significatif utilis\u00e9 &#8211; de sa \u00ab\u00a0diversit\u00e9\u00a0\u00bb co\u00efncide avec la suppression de toute description significative des faits.<\/p>\n\n\n\n<h3 class=\"wp-block-heading\" id=\"h-les-noms-de-la-neige\"><strong>Les noms de la neige<\/strong><\/h3>\n\n\n\n<p>Une l\u00e9gende urbaine veut que les Esquimaux aient une centaine de mots diff\u00e9rents pour d\u00e9signer la neige, et m\u00eame si <a href=\"https:\/\/ilpost.it\/2015\/02\/01\/quante-parole-hanno-gli-eschimesi-neve\/\" target=\"_blank\" rel=\"noopener\">plusieurs \u00e9tudes<\/a> voudraient r\u00e9futer cette affirmation, le sens profond demeure : l&rsquo;homme, plus il traite d&rsquo;une certaine r\u00e9alit\u00e9, plus il l&rsquo;observe, la conna\u00eet, l&rsquo;indique. Et plus les connaissances augmentent, plus la langue devient sp\u00e9cifique et circonstancielle : la r\u00e9alit\u00e9 est indiqu\u00e9e avec une pr\u00e9cision toujours plus grande.<\/p>\n\n\n\n<p>En revanche, l\u00e0 o\u00f9 la langue est syst\u00e9matiquement amincie et appauvrie, il est \u00e9vident que l&rsquo;intention ultime est de cacher quelque chose, quelque chose d&rsquo;inconfortable, d&rsquo;inobservable. Note de l&rsquo;indicible. Et cela a g\u00e9n\u00e9ralement \u00e0 voir avec la douleur.<\/p>\n","protected":false},"excerpt":{"rendered":"<p>Le renseignement en danger de mort en Australie et en Grande-Bretagne<\/p>\n","protected":false},"author":11,"featured_media":54757,"comment_status":"open","ping_status":"open","sticky":false,"template":"","format":"standard","meta":{"give_campaign_id":0,"om_disable_all_campaigns":false,"_monsterinsights_skip_tracking":false,"_monsterinsights_sitenote_active":false,"_monsterinsights_sitenote_note":"","_monsterinsights_sitenote_category":0,"mc4wp_mailchimp_campaign":[],"jnews-multi-image_gallery":[],"jnews_single_post":{"subtitle":"Le renseignement en danger de mort en Australie et en Grande-Bretagne","format":"standard","video":"","gallery":"","source_name":"","source_url":"","via_name":"","via_url":"","override":[{"single_blog_custom":"","sidebar":"","second_sidebar":"","share_position":"","share_float_style":"","post_date_format":"","post_date_format_custom":"","post_reading_time_wpm":"","zoom_button_out_step":"1","zoom_button_in_step":"1","number_popup_post":"1"}],"image_override":[{"single_post_thumbnail_size":"","single_post_gallery_size":""}],"trending_post_position":"","trending_post_label":"","sponsored_post_label":"","sponsored_post_name":"","sponsored_post_url":"","sponsored_post_logo":"","sponsored_post_desc":""},"jnews_primary_category":{"id":"798"},"jnews_social_meta":{"fb_title":"","fb_description":"","fb_image":"","twitter_title":"","twitter_description":"","twitter_image":""},"jnews_override_counter":{"view_counter_number":"0","share_counter_number":"0","like_counter_number":"0","dislike_counter_number":"0"},"footnotes":""},"categories":[798,809],"tags":[8756,8754,8755],"class_list":["post-56838","post","type-post","status-publish","format-standard","has-post-thumbnail","hentry","category-famille","category-foreground-fr","tag-lait-maternelle","tag-nihilisme","tag-nominalisme"],"yoast_head":"<!-- This site is optimized with the Yoast SEO Premium plugin v25.9 (Yoast SEO v27.3) - https:\/\/yoast.com\/product\/yoast-seo-premium-wordpress\/ -->\n<title>Arr\u00eatez, &quot;l&#039;allaitement&quot;, c&#039;est trop direct. - IFN<\/title>\n<meta name=\"description\" content=\"Le renseignement en danger de mort en Australie et en Grande-Bretagne, o\u00f9 la novlangue impose la suppression de l&#039;expression &quot;allaitement&quot;.\" \/>\n<meta name=\"robots\" content=\"index, follow, max-snippet:-1, max-image-preview:large, max-video-preview:-1\" \/>\n<link rel=\"canonical\" href=\"https:\/\/ifamnews.com\/fr\/arr-tez-l-allaitement-c-est-trop-direct-\" \/>\n<meta property=\"og:locale\" content=\"fr_FR\" \/>\n<meta property=\"og:type\" content=\"article\" \/>\n<meta property=\"og:title\" content=\"Arr\u00eatez, &quot;l&#039;allaitement&quot;, c&#039;est trop direct.\" \/>\n<meta property=\"og:description\" content=\"Le renseignement en danger de mort en Australie et en Grande-Bretagne, o\u00f9 la novlangue impose la suppression de l&#039;expression &quot;allaitement&quot;.\" \/>\n<meta property=\"og:url\" content=\"https:\/\/ifamnews.com\/fr\/arr-tez-l-allaitement-c-est-trop-direct-\" \/>\n<meta property=\"og:site_name\" content=\"IFN\" \/>\n<meta property=\"article:publisher\" content=\"https:\/\/www.facebook.com\/iFamNews\" \/>\n<meta property=\"article:published_time\" content=\"2021-02-28T15:02:48+00:00\" \/>\n<meta property=\"article:modified_time\" content=\"2021-02-28T15:02:50+00:00\" \/>\n<meta property=\"og:image\" content=\"https:\/\/ifamnews.com\/wp-content\/uploads\/2021\/02\/breastfeeding-2730855_1280.png\" \/>\n\t<meta property=\"og:image:width\" content=\"1003\" \/>\n\t<meta property=\"og:image:height\" content=\"1280\" \/>\n\t<meta property=\"og:image:type\" content=\"image\/png\" \/>\n<meta name=\"author\" content=\"Cristina Tamburini\" \/>\n<meta name=\"twitter:card\" content=\"summary_large_image\" \/>\n<meta name=\"twitter:creator\" content=\"@iFamNewsEN\" \/>\n<meta name=\"twitter:site\" content=\"@iFamNewsEN\" \/>\n<meta name=\"twitter:label1\" content=\"\u00c9crit par\" \/>\n\t<meta name=\"twitter:data1\" content=\"Cristina Tamburini\" \/>\n\t<meta name=\"twitter:label2\" content=\"Dur\u00e9e de lecture estim\u00e9e\" \/>\n\t<meta name=\"twitter:data2\" content=\"6 minutes\" \/>\n<!-- \/ Yoast SEO Premium plugin. -->","yoast_head_json":{"title":"Arr\u00eatez, \"l'allaitement\", c'est trop direct. - IFN","description":"Le renseignement en danger de mort en Australie et en Grande-Bretagne, o\u00f9 la novlangue impose la suppression de l'expression \"allaitement\".","robots":{"index":"index","follow":"follow","max-snippet":"max-snippet:-1","max-image-preview":"max-image-preview:large","max-video-preview":"max-video-preview:-1"},"canonical":"https:\/\/ifamnews.com\/fr\/arr-tez-l-allaitement-c-est-trop-direct-","og_locale":"fr_FR","og_type":"article","og_title":"Arr\u00eatez, \"l'allaitement\", c'est trop direct.","og_description":"Le renseignement en danger de mort en Australie et en Grande-Bretagne, o\u00f9 la novlangue impose la suppression de l'expression \"allaitement\".","og_url":"https:\/\/ifamnews.com\/fr\/arr-tez-l-allaitement-c-est-trop-direct-","og_site_name":"IFN","article_publisher":"https:\/\/www.facebook.com\/iFamNews","article_published_time":"2021-02-28T15:02:48+00:00","article_modified_time":"2021-02-28T15:02:50+00:00","og_image":[{"width":1003,"height":1280,"url":"https:\/\/ifamnews.com\/wp-content\/uploads\/2021\/02\/breastfeeding-2730855_1280.png","type":"image\/png"}],"author":"Cristina Tamburini","twitter_card":"summary_large_image","twitter_creator":"@iFamNewsEN","twitter_site":"@iFamNewsEN","twitter_misc":{"\u00c9crit par":"Cristina Tamburini","Dur\u00e9e de lecture estim\u00e9e":"6 minutes"},"schema":{"@context":"https:\/\/schema.org","@graph":[{"@type":"NewsArticle","@id":"https:\/\/ifamnews.com\/fr\/arr-tez-l-allaitement-c-est-trop-direct-#article","isPartOf":{"@id":"https:\/\/ifamnews.com\/fr\/arr-tez-l-allaitement-c-est-trop-direct-"},"author":{"name":"Cristina Tamburini","@id":"https:\/\/ifamnews.com\/en\/#\/schema\/person\/43e7f156898341a8d33d23cccefde53a"},"headline":"Arr\u00eatez, \u00ab\u00a0l&rsquo;allaitement\u00a0\u00bb, c&rsquo;est trop direct.","datePublished":"2021-02-28T15:02:48+00:00","dateModified":"2021-02-28T15:02:50+00:00","mainEntityOfPage":{"@id":"https:\/\/ifamnews.com\/fr\/arr-tez-l-allaitement-c-est-trop-direct-"},"wordCount":1243,"commentCount":0,"publisher":{"@id":"https:\/\/ifamnews.com\/en\/#organization"},"image":{"@id":"https:\/\/ifamnews.com\/fr\/arr-tez-l-allaitement-c-est-trop-direct-#primaryimage"},"thumbnailUrl":"https:\/\/ifamnews.com\/wp-content\/uploads\/2021\/02\/breastfeeding-2730855_1280.png","keywords":["lait maternelle","nihilisme","nominalisme"],"articleSection":["Famille","Foreground"],"inLanguage":"fr-FR","potentialAction":[{"@type":"CommentAction","name":"Comment","target":["https:\/\/ifamnews.com\/fr\/arr-tez-l-allaitement-c-est-trop-direct-#respond"]}]},{"@type":"WebPage","@id":"https:\/\/ifamnews.com\/fr\/arr-tez-l-allaitement-c-est-trop-direct-","url":"https:\/\/ifamnews.com\/fr\/arr-tez-l-allaitement-c-est-trop-direct-","name":"Arr\u00eatez, \"l'allaitement\", c'est trop direct. - IFN","isPartOf":{"@id":"https:\/\/ifamnews.com\/en\/#website"},"primaryImageOfPage":{"@id":"https:\/\/ifamnews.com\/fr\/arr-tez-l-allaitement-c-est-trop-direct-#primaryimage"},"image":{"@id":"https:\/\/ifamnews.com\/fr\/arr-tez-l-allaitement-c-est-trop-direct-#primaryimage"},"thumbnailUrl":"https:\/\/ifamnews.com\/wp-content\/uploads\/2021\/02\/breastfeeding-2730855_1280.png","datePublished":"2021-02-28T15:02:48+00:00","dateModified":"2021-02-28T15:02:50+00:00","description":"Le renseignement en danger de mort en Australie et en Grande-Bretagne, o\u00f9 la novlangue impose la suppression de l'expression \"allaitement\".","breadcrumb":{"@id":"https:\/\/ifamnews.com\/fr\/arr-tez-l-allaitement-c-est-trop-direct-#breadcrumb"},"inLanguage":"fr-FR","potentialAction":[{"@type":"ReadAction","target":["https:\/\/ifamnews.com\/fr\/arr-tez-l-allaitement-c-est-trop-direct-"]}]},{"@type":"ImageObject","inLanguage":"fr-FR","@id":"https:\/\/ifamnews.com\/fr\/arr-tez-l-allaitement-c-est-trop-direct-#primaryimage","url":"https:\/\/ifamnews.com\/wp-content\/uploads\/2021\/02\/breastfeeding-2730855_1280.png","contentUrl":"https:\/\/ifamnews.com\/wp-content\/uploads\/2021\/02\/breastfeeding-2730855_1280.png","width":1003,"height":1280,"caption":"Image de mcmurryjulie de Pixabay"},{"@type":"BreadcrumbList","@id":"https:\/\/ifamnews.com\/fr\/arr-tez-l-allaitement-c-est-trop-direct-#breadcrumb","itemListElement":[{"@type":"ListItem","position":1,"name":"Home","item":"https:\/\/ifamnews.com\/de"},{"@type":"ListItem","position":2,"name":"Famiglia","item":"https:\/\/ifamnews.com\/it\/categoria\/famiglia"},{"@type":"ListItem","position":3,"name":"Arr\u00eatez, &#8220;l&#8217;allaitement&#8221;, c&#8217;est trop direct."}]},{"@type":"WebSite","@id":"https:\/\/ifamnews.com\/en\/#website","url":"https:\/\/ifamnews.com\/en\/","name":"IFN","description":"International Family News Network","publisher":{"@id":"https:\/\/ifamnews.com\/en\/#organization"},"potentialAction":[{"@type":"SearchAction","target":{"@type":"EntryPoint","urlTemplate":"https:\/\/ifamnews.com\/en\/?s={search_term_string}"},"query-input":{"@type":"PropertyValueSpecification","valueRequired":true,"valueName":"search_term_string"}}],"inLanguage":"fr-FR"},{"@type":"Organization","@id":"https:\/\/ifamnews.com\/en\/#organization","name":"iFamNews","url":"https:\/\/ifamnews.com\/en\/","logo":{"@type":"ImageObject","inLanguage":"fr-FR","@id":"https:\/\/ifamnews.com\/en\/#\/schema\/logo\/image\/","url":"https:\/\/ifamnews.com\/wp-content\/uploads\/2020\/01\/Share-logo.png","contentUrl":"https:\/\/ifamnews.com\/wp-content\/uploads\/2020\/01\/Share-logo.png","width":200,"height":200,"caption":"iFamNews"},"image":{"@id":"https:\/\/ifamnews.com\/en\/#\/schema\/logo\/image\/"},"sameAs":["https:\/\/www.facebook.com\/iFamNews","https:\/\/x.com\/iFamNewsEN"]},{"@type":"Person","@id":"https:\/\/ifamnews.com\/en\/#\/schema\/person\/43e7f156898341a8d33d23cccefde53a","name":"Cristina Tamburini","image":{"@type":"ImageObject","inLanguage":"fr-FR","@id":"https:\/\/secure.gravatar.com\/avatar\/4165d8e302e80b4826915d6dc5ff4095e2cdb523a870c0cb303347ba24f5e3c2?s=96&d=mm&r=g","url":"https:\/\/secure.gravatar.com\/avatar\/4165d8e302e80b4826915d6dc5ff4095e2cdb523a870c0cb303347ba24f5e3c2?s=96&d=mm&r=g","contentUrl":"https:\/\/secure.gravatar.com\/avatar\/4165d8e302e80b4826915d6dc5ff4095e2cdb523a870c0cb303347ba24f5e3c2?s=96&d=mm&r=g","caption":"Cristina Tamburini"},"description":"Cristina Tamburini, graduated in Philosophy with a thesis in Philosophical Anthropology on contemporary utilitarianism, wife and mother of seven children, has never abandoned the study and the passion for philosophical anthropology, ethics and bioethics. She has translated into Italian several texts, including Action and Conduct: Thomas Aquinas and the Theory of Action by Stephen L. Brock and Intention by G. Elizabeth M. Anscombe, extending her interests to theology (especially to eschatology and the Social Doctrine of the Church). He edited the blog Yes, they are all mine! to tell and explore the maternage and everyday life in a large family.","sameAs":["https:\/\/sonotuttimiei.blogspot.com\/","https:\/\/instagram.com\/cristambu\/"],"url":"https:\/\/ifamnews.com\/fr\/author\/ctamburini"}]}},"amp_enabled":true,"_links":{"self":[{"href":"https:\/\/ifamnews.com\/fr\/wp-json\/wp\/v2\/posts\/56838","targetHints":{"allow":["GET"]}}],"collection":[{"href":"https:\/\/ifamnews.com\/fr\/wp-json\/wp\/v2\/posts"}],"about":[{"href":"https:\/\/ifamnews.com\/fr\/wp-json\/wp\/v2\/types\/post"}],"author":[{"embeddable":true,"href":"https:\/\/ifamnews.com\/fr\/wp-json\/wp\/v2\/users\/11"}],"replies":[{"embeddable":true,"href":"https:\/\/ifamnews.com\/fr\/wp-json\/wp\/v2\/comments?post=56838"}],"version-history":[{"count":3,"href":"https:\/\/ifamnews.com\/fr\/wp-json\/wp\/v2\/posts\/56838\/revisions"}],"predecessor-version":[{"id":56907,"href":"https:\/\/ifamnews.com\/fr\/wp-json\/wp\/v2\/posts\/56838\/revisions\/56907"}],"wp:featuredmedia":[{"embeddable":true,"href":"https:\/\/ifamnews.com\/fr\/wp-json\/wp\/v2\/media\/54757"}],"wp:attachment":[{"href":"https:\/\/ifamnews.com\/fr\/wp-json\/wp\/v2\/media?parent=56838"}],"wp:term":[{"taxonomy":"category","embeddable":true,"href":"https:\/\/ifamnews.com\/fr\/wp-json\/wp\/v2\/categories?post=56838"},{"taxonomy":"post_tag","embeddable":true,"href":"https:\/\/ifamnews.com\/fr\/wp-json\/wp\/v2\/tags?post=56838"}],"curies":[{"name":"wp","href":"https:\/\/api.w.org\/{rel}","templated":true}]}}