{"id":4453,"date":"2020-01-21T17:00:03","date_gmt":"2020-01-21T17:00:03","guid":{"rendered":"\/?p=4453"},"modified":"2020-01-24T17:50:40","modified_gmt":"2020-01-24T22:50:40","slug":"un-film-antichretien-controverse-retire-de-netflix-par-ordonnance-du-tribunal","status":"publish","type":"post","link":"https:\/\/ifamnews.com\/fr\/un-film-antichretien-controverse-retire-de-netflix-par-ordonnance-du-tribunal","title":{"rendered":"Un film antichr\u00e9tien controvers\u00e9 retir\u00e9 de Netflix par ordonnance du tribunal"},"content":{"rendered":"<p class=\"last-updated\">Last updated on janvier 24th, 2020 at 05:50 pm<\/p>\n<p>RIO DE JANEIRO, Br\u00e9sil &#8211; Le 8 janvier,\nun tribunal br\u00e9silien a ordonn\u00e9 qu&rsquo;un film controvers\u00e9 d\u00e9crivant J\u00e9sus comme un\nhomosexuel soit retir\u00e9 de la plateforme de streaming Netflix, en r\u00e9ponse \u00e0 un\nproc\u00e8s intent\u00e9 par une organisation catholique br\u00e9silienne.<\/p>\n\n\n\n<p>Le film d\u00e9peint J\u00e9sus rentrant chez lui\n\u00e0 l&rsquo;\u00e2ge de 30 ans en tant qu&rsquo;homosexuel qui fume \u00e9galement de la marijuana.<\/p>\n\n\n\n<p>Dans sa plainte, qui avait \u00e9t\u00e9 rejet\u00e9e auparavant\npar une juridiction inf\u00e9rieure, l&rsquo;organisation \u2013 le Centre Don Bosco pour la\nfoi et la culture \u2013 a fait valoir que le film \u00ab\u00a0nuisait \u00e0 l&rsquo;honneur de\nmillions de catholiques\u00a0\u00bb.<\/p>\n\n\n\n<p>Le juge Benedicto Abicair a ordonn\u00e9 \u00e0\nNetflix de retirer le film, affirmant que le \u00ab&nbsp;droit \u00e0 la libert\u00e9\nd&rsquo;expression [\u2026] [n&rsquo;\u00e9tait] pas absolu&nbsp;\u00bb et que son retrait serait \u00ab&nbsp;b\u00e9n\u00e9fique\nnon seulement pour la communaut\u00e9 chr\u00e9tienne, mais pour la soci\u00e9t\u00e9 br\u00e9silienne,\nqui est principalement chr\u00e9tienne&nbsp;\u00bb.<\/p>\n\n\n\n<p>Netflix et le studio qui a produit la\npi\u00e8ce, \u00ab&nbsp;Porta dos Fundos&nbsp;\u00bb, ont exprim\u00e9 leur d\u00e9ception face \u00e0 la\nd\u00e9cision et ont indiqu\u00e9 qu\u2019ils allaient en appeler \u00e0 la Cour supr\u00eame du Br\u00e9sil.<\/p>\n\n\n\n<p>La d\u00e9cision est intervenue alors que ce\nfilm faisait l\u2019objet d\u2019une large critique g\u00e9n\u00e9ralis\u00e9es du film, avec plus de\ndeux millions de personnes signant une p\u00e9tition exhortant Netflix \u00e0 le retirer.\nLe d\u00e9put\u00e9 br\u00e9silien Eduardo Bolsonaro, fils du pr\u00e9sident du pays, Jair\nBolsonaro, a \u00e9galement exprim\u00e9 son opposition au film.<\/p>\n\n\n\n<p>Tweetant au sujet de l\u2019hostilit\u00e9 au film\nen Pologne \u2013 qui est, comme le Br\u00e9sil, un pays avec une population catholique\ntr\u00e8s importante \u2013, Bolsonaro a d\u00e9clar\u00e9 que les cin\u00e9astes \u00abne [repr\u00e9sentaient]\npas la soci\u00e9t\u00e9 br\u00e9silienne\u00bb et a qualifi\u00e9 le film de \u00abpoubelle\u00bb.<\/p>\n\n\n\n<figure class=\"wp-block-embed-twitter wp-block-embed is-type-rich is-provider-twitter\"><div class=\"wp-block-embed__wrapper\">\n<blockquote class=\"twitter-tweet\" data-width=\"500\" data-dnt=\"true\"><p lang=\"en\" dir=\"ltr\">We are sorry that this garbage got this far in Poland.  They do not represent Brazilian society and the repudiation of this film is coming from various parts. <a href=\"https:\/\/t.co\/ZlcqzsNORy\">https:\/\/t.co\/ZlcqzsNORy<\/a><\/p>&mdash; Eduardo Bolsonaro\ud83c\udde7\ud83c\uddf7 (@BolsonaroSP) <a href=\"https:\/\/twitter.com\/BolsonaroSP\/status\/1205990472855932928?ref_src=twsrc%5Etfw\">December 14, 2019<\/a><\/blockquote><script async src=\"https:\/\/platform.twitter.com\/widgets.js\" charset=\"utf-8\"><\/script>\n<\/div><\/figure>\n\n\n\n<p>D&rsquo;autres sont all\u00e9s sur Twitter pour\npublier des captures d&rsquo;\u00e9cran de l&rsquo;annulation de leurs comptes, ajoutant un\neffort de boycott \u00e0 la p\u00e9tition et au toll\u00e9 g\u00e9n\u00e9ral.\n\nOn ne sait pas actuellement\nsi la Haute Cour du Br\u00e9sil va recevoir la demande d\u2019appel de la d\u00e9cision.\n\n\n\n<\/p>\n\n\n<p><!--EndFragment--><\/p>","protected":false},"excerpt":{"rendered":"<p>Dans sa d\u00e9cision, le juge a soutenu que \u00able droit \u00e0 la libert\u00e9 d&rsquo;expression [\u2026] [n&rsquo;\u00e9tait] pas absolu\u00bb.<\/p>\n","protected":false},"author":6,"featured_media":4310,"comment_status":"open","ping_status":"open","sticky":false,"template":"","format":"standard","meta":{"give_campaign_id":0,"om_disable_all_campaigns":false,"_monsterinsights_skip_tracking":false,"_monsterinsights_sitenote_active":false,"_monsterinsights_sitenote_note":"","_monsterinsights_sitenote_category":0,"mc4wp_mailchimp_campaign":[],"jnews-multi-image_gallery":[],"jnews_single_post":{"subtitle":"Dans sa d\u00e9cision, le juge a soutenu que \u00able droit \u00e0 la libert\u00e9 d'expression [\u2026] [n'\u00e9tait] pas absolu\u00bb.","format":"standard","video":"","gallery":"","source_name":"","source_url":"","via_name":"","via_url":"","override":[{"single_blog_custom":"","sidebar":"","second_sidebar":"","share_position":"","share_float_style":"","post_date_format":"","post_date_format_custom":"","post_reading_time_wpm":"","zoom_button_out_step":"1","zoom_button_in_step":"1","number_popup_post":"1"}],"image_override":[{"single_post_thumbnail_size":"","single_post_gallery_size":""}],"trending_post_position":"","trending_post_label":""},"jnews_primary_category":{"id":"797"},"jnews_social_meta":{"fb_title":"","fb_description":"","fb_image":"","twitter_title":"","twitter_description":"","twitter_image":""},"jnews_override_counter":{"view_counter_number":"0","share_counter_number":"0","like_counter_number":"0","dislike_counter_number":"0"},"footnotes":""},"categories":[797],"tags":[],"class_list":["post-4453","post","type-post","status-publish","format-standard","has-post-thumbnail","hentry","category-divertissement"],"yoast_head":"<!-- This site is optimized with the Yoast SEO Premium plugin v25.9 (Yoast SEO v27.3) - https:\/\/yoast.com\/product\/yoast-seo-premium-wordpress\/ -->\n<title>Un film antichr\u00e9tien controvers\u00e9 retir\u00e9 de Netflix par ordonnance du tribunal - IFN<\/title>\n<meta name=\"robots\" content=\"index, follow, max-snippet:-1, max-image-preview:large, max-video-preview:-1\" \/>\n<link rel=\"canonical\" href=\"https:\/\/ifamnews.com\/fr\/un-film-antichretien-controverse-retire-de-netflix-par-ordonnance-du-tribunal\" \/>\n<meta property=\"og:locale\" content=\"fr_FR\" \/>\n<meta property=\"og:type\" content=\"article\" \/>\n<meta property=\"og:title\" content=\"Un film antichr\u00e9tien controvers\u00e9 retir\u00e9 de Netflix par ordonnance du tribunal\" \/>\n<meta property=\"og:description\" content=\"Dans sa d\u00e9cision, le juge a soutenu que \u00able droit \u00e0 la libert\u00e9 d&#039;expression [\u2026] [n&#039;\u00e9tait] pas absolu\u00bb.\" \/>\n<meta property=\"og:url\" content=\"https:\/\/ifamnews.com\/fr\/un-film-antichretien-controverse-retire-de-netflix-par-ordonnance-du-tribunal\" \/>\n<meta property=\"og:site_name\" content=\"IFN\" \/>\n<meta property=\"article:publisher\" content=\"https:\/\/www.facebook.com\/iFamNews\" \/>\n<meta property=\"article:author\" content=\"https:\/\/fb.com\/JoeyG2001\" \/>\n<meta property=\"article:published_time\" content=\"2020-01-21T17:00:03+00:00\" \/>\n<meta property=\"article:modified_time\" content=\"2020-01-24T22:50:40+00:00\" \/>\n<meta property=\"og:image\" content=\"https:\/\/ifamnews.com\/wp-content\/uploads\/2020\/01\/brazilmovie.jpg\" \/>\n\t<meta property=\"og:image:width\" content=\"1280\" \/>\n\t<meta property=\"og:image:height\" content=\"720\" \/>\n\t<meta property=\"og:image:type\" content=\"image\/jpeg\" \/>\n<meta name=\"author\" content=\"Joseph Grabowski\" \/>\n<meta name=\"twitter:card\" content=\"summary_large_image\" \/>\n<meta name=\"twitter:creator\" content=\"@https:\/\/twitter.com\/ArthurInglewood\" \/>\n<meta name=\"twitter:site\" content=\"@iFamNewsEN\" \/>\n<meta name=\"twitter:label1\" content=\"\u00c9crit par\" \/>\n\t<meta name=\"twitter:data1\" content=\"Joseph Grabowski\" \/>\n\t<meta name=\"twitter:label2\" content=\"Dur\u00e9e de lecture estim\u00e9e\" \/>\n\t<meta name=\"twitter:data2\" content=\"2 minutes\" \/>\n<!-- \/ Yoast SEO Premium plugin. -->","yoast_head_json":{"title":"Un film antichr\u00e9tien controvers\u00e9 retir\u00e9 de Netflix par ordonnance du tribunal - IFN","robots":{"index":"index","follow":"follow","max-snippet":"max-snippet:-1","max-image-preview":"max-image-preview:large","max-video-preview":"max-video-preview:-1"},"canonical":"https:\/\/ifamnews.com\/fr\/un-film-antichretien-controverse-retire-de-netflix-par-ordonnance-du-tribunal","og_locale":"fr_FR","og_type":"article","og_title":"Un film antichr\u00e9tien controvers\u00e9 retir\u00e9 de Netflix par ordonnance du tribunal","og_description":"Dans sa d\u00e9cision, le juge a soutenu que \u00able droit \u00e0 la libert\u00e9 d'expression [\u2026] [n'\u00e9tait] pas absolu\u00bb.","og_url":"https:\/\/ifamnews.com\/fr\/un-film-antichretien-controverse-retire-de-netflix-par-ordonnance-du-tribunal","og_site_name":"IFN","article_publisher":"https:\/\/www.facebook.com\/iFamNews","article_author":"https:\/\/fb.com\/JoeyG2001","article_published_time":"2020-01-21T17:00:03+00:00","article_modified_time":"2020-01-24T22:50:40+00:00","og_image":[{"width":1280,"height":720,"url":"https:\/\/ifamnews.com\/wp-content\/uploads\/2020\/01\/brazilmovie.jpg","type":"image\/jpeg"}],"author":"Joseph Grabowski","twitter_card":"summary_large_image","twitter_creator":"@https:\/\/twitter.com\/ArthurInglewood","twitter_site":"@iFamNewsEN","twitter_misc":{"\u00c9crit par":"Joseph Grabowski","Dur\u00e9e de lecture estim\u00e9e":"2 minutes"},"schema":{"@context":"https:\/\/schema.org","@graph":[{"@type":"NewsArticle","@id":"https:\/\/ifamnews.com\/fr\/un-film-antichretien-controverse-retire-de-netflix-par-ordonnance-du-tribunal#article","isPartOf":{"@id":"https:\/\/ifamnews.com\/fr\/un-film-antichretien-controverse-retire-de-netflix-par-ordonnance-du-tribunal"},"author":{"name":"Joseph Grabowski","@id":"https:\/\/ifamnews.com\/en\/#\/schema\/person\/30305f5661b96ab7ae4c4cabd3631ed4"},"headline":"Un film antichr\u00e9tien controvers\u00e9 retir\u00e9 de Netflix par ordonnance du tribunal","datePublished":"2020-01-21T17:00:03+00:00","dateModified":"2020-01-24T22:50:40+00:00","mainEntityOfPage":{"@id":"https:\/\/ifamnews.com\/fr\/un-film-antichretien-controverse-retire-de-netflix-par-ordonnance-du-tribunal"},"wordCount":381,"commentCount":0,"publisher":{"@id":"https:\/\/ifamnews.com\/en\/#organization"},"image":{"@id":"https:\/\/ifamnews.com\/fr\/un-film-antichretien-controverse-retire-de-netflix-par-ordonnance-du-tribunal#primaryimage"},"thumbnailUrl":"https:\/\/ifamnews.com\/wp-content\/uploads\/2020\/01\/brazilmovie.jpg","articleSection":["Divertissement"],"inLanguage":"fr-FR","potentialAction":[{"@type":"CommentAction","name":"Comment","target":["https:\/\/ifamnews.com\/fr\/un-film-antichretien-controverse-retire-de-netflix-par-ordonnance-du-tribunal#respond"]}]},{"@type":"WebPage","@id":"https:\/\/ifamnews.com\/fr\/un-film-antichretien-controverse-retire-de-netflix-par-ordonnance-du-tribunal","url":"https:\/\/ifamnews.com\/fr\/un-film-antichretien-controverse-retire-de-netflix-par-ordonnance-du-tribunal","name":"Un film antichr\u00e9tien controvers\u00e9 retir\u00e9 de Netflix par ordonnance du tribunal - IFN","isPartOf":{"@id":"https:\/\/ifamnews.com\/en\/#website"},"primaryImageOfPage":{"@id":"https:\/\/ifamnews.com\/fr\/un-film-antichretien-controverse-retire-de-netflix-par-ordonnance-du-tribunal#primaryimage"},"image":{"@id":"https:\/\/ifamnews.com\/fr\/un-film-antichretien-controverse-retire-de-netflix-par-ordonnance-du-tribunal#primaryimage"},"thumbnailUrl":"https:\/\/ifamnews.com\/wp-content\/uploads\/2020\/01\/brazilmovie.jpg","datePublished":"2020-01-21T17:00:03+00:00","dateModified":"2020-01-24T22:50:40+00:00","breadcrumb":{"@id":"https:\/\/ifamnews.com\/fr\/un-film-antichretien-controverse-retire-de-netflix-par-ordonnance-du-tribunal#breadcrumb"},"inLanguage":"fr-FR","potentialAction":[{"@type":"ReadAction","target":["https:\/\/ifamnews.com\/fr\/un-film-antichretien-controverse-retire-de-netflix-par-ordonnance-du-tribunal"]}]},{"@type":"ImageObject","inLanguage":"fr-FR","@id":"https:\/\/ifamnews.com\/fr\/un-film-antichretien-controverse-retire-de-netflix-par-ordonnance-du-tribunal#primaryimage","url":"https:\/\/ifamnews.com\/wp-content\/uploads\/2020\/01\/brazilmovie.jpg","contentUrl":"https:\/\/ifamnews.com\/wp-content\/uploads\/2020\/01\/brazilmovie.jpg","width":1280,"height":720,"caption":"Source: Netflix.com"},{"@type":"BreadcrumbList","@id":"https:\/\/ifamnews.com\/fr\/un-film-antichretien-controverse-retire-de-netflix-par-ordonnance-du-tribunal#breadcrumb","itemListElement":[{"@type":"ListItem","position":1,"name":"Home","item":"https:\/\/ifamnews.com\/de"},{"@type":"ListItem","position":2,"name":"Divertissement","item":"https:\/\/ifamnews.com\/fr\/categorie\/divertissement"},{"@type":"ListItem","position":3,"name":"Un film antichr\u00e9tien controvers\u00e9 retir\u00e9 de Netflix par ordonnance du tribunal"}]},{"@type":"WebSite","@id":"https:\/\/ifamnews.com\/en\/#website","url":"https:\/\/ifamnews.com\/en\/","name":"IFN","description":"International Family News Network","publisher":{"@id":"https:\/\/ifamnews.com\/en\/#organization"},"potentialAction":[{"@type":"SearchAction","target":{"@type":"EntryPoint","urlTemplate":"https:\/\/ifamnews.com\/en\/?s={search_term_string}"},"query-input":{"@type":"PropertyValueSpecification","valueRequired":true,"valueName":"search_term_string"}}],"inLanguage":"fr-FR"},{"@type":"Organization","@id":"https:\/\/ifamnews.com\/en\/#organization","name":"iFamNews","url":"https:\/\/ifamnews.com\/en\/","logo":{"@type":"ImageObject","inLanguage":"fr-FR","@id":"https:\/\/ifamnews.com\/en\/#\/schema\/logo\/image\/","url":"https:\/\/ifamnews.com\/wp-content\/uploads\/2020\/01\/Share-logo.png","contentUrl":"https:\/\/ifamnews.com\/wp-content\/uploads\/2020\/01\/Share-logo.png","width":200,"height":200,"caption":"iFamNews"},"image":{"@id":"https:\/\/ifamnews.com\/en\/#\/schema\/logo\/image\/"},"sameAs":["https:\/\/www.facebook.com\/iFamNews","https:\/\/x.com\/iFamNewsEN"]},{"@type":"Person","@id":"https:\/\/ifamnews.com\/en\/#\/schema\/person\/30305f5661b96ab7ae4c4cabd3631ed4","name":"Joseph Grabowski","image":{"@type":"ImageObject","inLanguage":"fr-FR","@id":"https:\/\/secure.gravatar.com\/avatar\/da56cd73ef38f2251d2a2f26456356b62cf59dd9ce3c93148cd2267f6819255e?s=96&d=mm&r=g","url":"https:\/\/secure.gravatar.com\/avatar\/da56cd73ef38f2251d2a2f26456356b62cf59dd9ce3c93148cd2267f6819255e?s=96&d=mm&r=g","contentUrl":"https:\/\/secure.gravatar.com\/avatar\/da56cd73ef38f2251d2a2f26456356b62cf59dd9ce3c93148cd2267f6819255e?s=96&d=mm&r=g","caption":"Joseph Grabowski"},"description":"Joseph Grabowski was the Executive Director of the International Organization for the Family until August 2022. He also served as Director of Communications for the National Organization for Marriage. Joseph has a B.A. in Philosophy from Saint Charles Borromeo Seminary, Overbrook and M.A. in English from Marquette University.\u00a0 Joe has appeared as an expert on traditional marriage and family in local and nationwide media, including\u00a0The New York Times,\u00a0The Washington Post,\u00a0The Boston Globe,\u00a0Breitbart, and elsewhere. Joe\u2019s writings on traditional marriage and family, as well as on Catholic Social Teaching and the writings of G. K. Chesterton and Hilaire Belloc, have appeared in\u00a0The Stream,\u00a0Gilbert\u00a0Magazine,\u00a0Ethika Politika, and\u00a0The Distributist Review, and he has spoken at several national conferences on the place of G.K. Chesterton in 20th Century literature and thought.","sameAs":["https:\/\/joegrabowski.com","https:\/\/fb.com\/JoeyG2001","https:\/\/linkedin.com\/in\/josephlgrabowski\/","https:\/\/x.com\/https:\/\/twitter.com\/ArthurInglewood"],"url":"https:\/\/ifamnews.com\/fr\/author\/jgrabowski"}]}},"amp_enabled":true,"_links":{"self":[{"href":"https:\/\/ifamnews.com\/fr\/wp-json\/wp\/v2\/posts\/4453","targetHints":{"allow":["GET"]}}],"collection":[{"href":"https:\/\/ifamnews.com\/fr\/wp-json\/wp\/v2\/posts"}],"about":[{"href":"https:\/\/ifamnews.com\/fr\/wp-json\/wp\/v2\/types\/post"}],"author":[{"embeddable":true,"href":"https:\/\/ifamnews.com\/fr\/wp-json\/wp\/v2\/users\/6"}],"replies":[{"embeddable":true,"href":"https:\/\/ifamnews.com\/fr\/wp-json\/wp\/v2\/comments?post=4453"}],"version-history":[{"count":3,"href":"https:\/\/ifamnews.com\/fr\/wp-json\/wp\/v2\/posts\/4453\/revisions"}],"predecessor-version":[{"id":4759,"href":"https:\/\/ifamnews.com\/fr\/wp-json\/wp\/v2\/posts\/4453\/revisions\/4759"}],"wp:featuredmedia":[{"embeddable":true,"href":"https:\/\/ifamnews.com\/fr\/wp-json\/wp\/v2\/media\/4310"}],"wp:attachment":[{"href":"https:\/\/ifamnews.com\/fr\/wp-json\/wp\/v2\/media?parent=4453"}],"wp:term":[{"taxonomy":"category","embeddable":true,"href":"https:\/\/ifamnews.com\/fr\/wp-json\/wp\/v2\/categories?post=4453"},{"taxonomy":"post_tag","embeddable":true,"href":"https:\/\/ifamnews.com\/fr\/wp-json\/wp\/v2\/tags?post=4453"}],"curies":[{"name":"wp","href":"https:\/\/api.w.org\/{rel}","templated":true}]}}