{"id":38722,"date":"2020-12-02T08:44:57","date_gmt":"2020-12-02T13:44:57","guid":{"rendered":"https:\/\/ifamnews.com\/?p=38722"},"modified":"2021-01-21T10:23:49","modified_gmt":"2021-01-21T15:23:49","slug":"la-hongrie-d-fend-l-vidence-naturelle-bruxelles-l-id-ologie-lgbt","status":"publish","type":"post","link":"https:\/\/ifamnews.com\/fr\/la-hongrie-d-fend-l-vidence-naturelle-bruxelles-l-id-ologie-lgbt","title":{"rendered":"La Hongrie d\u00e9fend l&rsquo;\u00e9vidence naturelle, Bruxelles l&rsquo;id\u00e9ologie LGBT"},"content":{"rendered":"<p class=\"last-updated\">Last updated on janvier 21st, 2021 at 10:23 am<\/p>\n<p>Nationalistes \u00e9go\u00efstes, ennemis de la solidarit\u00e9, perturbateurs de l&rsquo;unit\u00e9 europ\u00e9enne : ces derniers jours, la gauche a rempli son carquois de fl\u00e9chettes empoisonn\u00e9es \u00e0 lancer sur la Pologne et la Hongrie. La raison : ces pays du groupe de Visegr\u00e1d ont oppos\u00e9 leur veto \u00e0 la ratification de l&rsquo;accord sur le fonds de relance. Et donc ils pointent le doigt vers les deux Premiers ministres, le Hongrois Viktor Orb\u00e1n<em> <\/em>et le Polonais Mateusz Morawiecki, tous deux d\u00e9crits comme des ennemis voraces de l&rsquo;UE. Mais comment les choses se passent-elles vraiment ?<\/p>\n\n\n\n<h3 class=\"wp-block-heading\"><strong>Le \u00ab\u00a0non\u00a0\u00bb polono-hongrois<\/strong><\/h3>\n\n\n\n<p>La Pologne et la Hongrie ont d\u00e9cid\u00e9 de jouer une partition d\u00e9cal\u00e9e au niveau europ\u00e9en car elles sont oppos\u00e9es aux conditions li\u00e9es au respect de l&rsquo;Etat de droit pour le versement des fonds en question. Si Orb\u00e1n <a href=\"https:\/\/informazione.it\/a\/BF51E2AD-A9C6-4B0D-9510-16B15CCCA955\/Accordo-tra-Parlamento-e-Consiglio-per-vincolare-i-fondi-Ue-allo-stato-di-diritto\" target=\"_blank\" rel=\"noopener noreferrer\">d\u00e9crit<\/a> ce m\u00e9canisme comme un \u00ab\u00a0chantage id\u00e9ologique\u00a0\u00bb similaire \u00e0 ceux pratiqu\u00e9s par l&rsquo;Union sovi\u00e9tique, Zbigniew Ziobro, ministre polonais de la justice, <a href=\"https:\/\/avvenire.it\/mondo\/pagine\/ungheria-e-polonia-mossa-anti-ue\" target=\"_blank\" rel=\"noopener noreferrer\">parle<\/a> d&rsquo;un \u00ab\u00a0plan de limitation de la souverainet\u00e9 polonaise\u00a0\u00bb.<\/p>\n\n\n\n<h3 class=\"wp-block-heading\"><strong>Identit\u00e9 de genre<\/strong><\/h3>\n\n\n\n<p>Et lorsque des pays comme la Pologne et la Hongrie parlent de souverainet\u00e9, la r\u00e9f\u00e9rence est in\u00e9vitablement aussi \u00e0 des questions \u00e9thiques. Le 16 janvier, le Parlement europ\u00e9en a approuv\u00e9 <a rel=\"noopener noreferrer\" href=\"https:\/\/europarl.europa.eu\/doceo\/document\/TA-9-2020-01-16_IT.html#sdocta4\" target=\"_blank\">une r\u00e9solution<\/a> sur l&rsquo;\u00e9tat de droit des deux Etats membres, qui stigmatise la \u00ab\u00a0grave violation\u00a0\u00bb de Varsovie et Budapest \u00ab\u00a0des valeurs sur lesquelles l&rsquo;Union est fond\u00e9e\u00a0\u00bb. En particulier, <a rel=\"noopener noreferrer\" href=\"https:\/\/centrostudilivatino.it\/consiglio-ue-di-oggi-chi-ricatta-chi-sul-recovery-fund\/\" target=\"_blank\">comme le souligne le Centro Studi Rosario Livatino<\/a>, la r\u00e9solution contient <a rel=\"noopener noreferrer\" href=\"https:\/\/eur-lex.europa.eu\/legal-content\/IT\/TXT\/HTML\/?uri=CELEX:52018IP0340&amp;from=EN\" target=\"_blank\">une annexe<\/a> relative \u00e0 Loi fondamentale hongroise. qui exprime \u00ab\u00a0sa pr\u00e9occupation de ce que l&rsquo;interdiction constitutionnelle de la discrimination n&rsquo;inclue pas explicitement l&rsquo;orientation et l&rsquo;identit\u00e9 sexuelles parmi les motifs de discrimination et que sa d\u00e9finition restrictive de la famille puisse donner lieu \u00e0 une discrimination parce qu&rsquo;elle ne couvre pas certains types de famille, y compris les couples de m\u00eame sexe\u00a0\u00bb. C&rsquo;est donc Bruxelles qui demande \u00e0 Budapest des politiques pro-LGBT comme condition n\u00e9cessaire au statut de membre de l&rsquo;Union.<\/p>\n\n\n\n<h3 class=\"wp-block-heading\"><strong>Le texte<\/strong><\/h3>\n\n\n\n<p>Mais la Hongrie n&rsquo;a pas l&rsquo;intention de se plier \u00e0 ce diktat. En fait, elle la rejette formellement. Le 10 novembre, le gouvernement <a href=\"https:\/\/parlament.hu\/irom41\/13647\/13647.pdf\"> a pr\u00e9sent\u00e9 un<\/a><a rel=\"noopener noreferrer\" href=\"https:\/\/parlament.hu\/irom41\/13647\/13647.pdf\" target=\"_blank\"> <\/a> <a rel=\"noopener noreferrer\" href=\"https:\/\/parlament.hu\/irom41\/13647\/13647.pdf\" target=\"_blank\">projet d&rsquo;amendement<\/a> \u00e0 la Constitution hongroise qui r\u00e9affirme la nature biologique des parents &#8211; \u00ab\u00a0la m\u00e8re est une femme, le p\u00e8re un homme\u00a0\u00bb, dit-elle &#8211; et qui \u00ab\u00a0prot\u00e8ge le droit des enfants \u00e0 s&rsquo;identifier selon leur sexe\u00a0\u00bb. Et pas seulement cela. Le texte aborde \u00e9galement le sujet de l&rsquo;\u00e9cole, apr\u00e8s que les <a rel=\"noopener noreferrer\" href=\"https:\/\/ifamnews.com\/it\/cenerentola-lesbica-e-un-drago-transgender-viktor-orb-n-insorge\" target=\"_blank\">conflits<\/a> de ces derni\u00e8res semaines aient suscit\u00e9 l&rsquo;hypoth\u00e8se que l&rsquo;id\u00e9ologie genre se retrouverait \u00e9galement dans les salles de classe hongroises. L&rsquo;amendement constitutionnel propos\u00e9 vise donc \u00e0 garantir \u00ab\u00a0une \u00e9ducation conforme aux valeurs fond\u00e9es sur l&rsquo;identit\u00e9 constitutionnelle et la culture chr\u00e9tienne de notre pays\u00a0\u00bb.<\/p>\n\n\n\n<h3 class=\"wp-block-heading\"><strong>Id\u00e9ologie du genre en Hongrie<\/strong><\/h3>\n\n\n\n<p>Il est bien connu que l&rsquo;id\u00e9ologie du genre ne jouit pas d&rsquo;une bonne r\u00e9putation \u00e0 Budapest. En octobre 2018, le Parlement hongrois a approuv\u00e9 <a rel=\"noopener noreferrer\" href=\"https:\/\/ilgiornale.it\/news\/mondo\/orban-vieta-insegnamento-teoria-gender-nelle-universit-1589745.html\" target=\"_blank\">un d\u00e9cret<\/a> ordonnant l&rsquo;interruption des cours universitaires ax\u00e9s sur l&rsquo;\u00e9tude de la \u00ab\u00a0th\u00e9orie du genre\u00a0\u00bb. Le gouvernement avait expliqu\u00e9 la d\u00e9cision comme suit : \u00ab\u00a0Les \u00e9tudes de genre sont une id\u00e9ologie, pas une science. Le gouvernement hongrois est d&rsquo;avis que les gens naissent hommes ou femmes. Nous ne remettons pas en cause le droit de chacun \u00e0 vivre comme il l&rsquo;entend, mais l&rsquo;\u00c9tat ne peut pas allouer de ressources pour l&rsquo;organisation de programmes \u00e9ducatifs fond\u00e9s sur des th\u00e9ories sans pertinence scientifique.<\/p>\n\n\n\n<p>Il faut \u00e9galement rappeler <a href=\"https:\/\/index.hu\/belfold\/2020\/04\/01\/szuletesi_nem_biologiai_nem_nemvaltoztatas\/\" target=\"_blank\" rel=\"noopener noreferrer\">la proposition de loi<\/a> qui stipule que le sexe des hommes et des femmes doit \u00eatre d\u00e9fini comme \u00ab\u00a0le sexe biologique bas\u00e9 sur les caract\u00e9ristiques sexuelles primaires et les chromosomes\u00a0\u00bb. La Hongrie veut donc pouvoir continuer \u00e0 dire que \u00ab\u00a0les feuilles en \u00e9t\u00e9 sont vertes\u00a0\u00bb, comme le disait l&rsquo;\u00e9crivain anglais G. K. Chesterton (1874-1936), et pour certains en Europe, cette \u00ab\u00a0affirmation\u00a0\u00bb semble tr\u00e8s g\u00eanante.<\/p>\n","protected":false},"excerpt":{"rendered":"<p>La controverse sur le plan de relance a des racines anciennes. Budapest, oppos\u00e9e \u00e0 l&rsquo;id\u00e9ologie de genre, est dans la ligne de mire de l&rsquo;Union europ\u00e9enne<\/p>\n","protected":false},"author":15,"featured_media":37640,"comment_status":"open","ping_status":"open","sticky":false,"template":"","format":"standard","meta":{"give_campaign_id":0,"om_disable_all_campaigns":false,"_monsterinsights_skip_tracking":false,"_monsterinsights_sitenote_active":false,"_monsterinsights_sitenote_note":"","_monsterinsights_sitenote_category":0,"mc4wp_mailchimp_campaign":[],"jnews-multi-image_gallery":[],"jnews_single_post":{"subtitle":"La controverse sur le Plan de relance a des racines anciennes. Budapest, oppos\u00e9e \u00e0 l'id\u00e9ologie de genre, se trouve dans la ligne de mire de l'Union europ\u00e9enne.","format":"standard","video":"","gallery":"","source_name":"","source_url":"","via_name":"","via_url":"","override":[{"single_blog_custom":"","sidebar":"","second_sidebar":"","share_position":"","share_float_style":"","post_date_format":"","post_date_format_custom":"","post_reading_time_wpm":"","zoom_button_out_step":"1","zoom_button_in_step":"1","number_popup_post":"1"}],"image_override":[{"single_post_thumbnail_size":"","single_post_gallery_size":""}],"trending_post_position":"","trending_post_label":"","sponsored_post_label":"","sponsored_post_name":"","sponsored_post_url":"","sponsored_post_logo":"","sponsored_post_desc":""},"jnews_primary_category":{"id":""},"jnews_social_meta":{"fb_title":"","fb_description":"","fb_image":"","twitter_title":"","twitter_description":"","twitter_image":""},"jnews_override_counter":{"view_counter_number":"0","share_counter_number":"0","like_counter_number":"0","dislike_counter_number":"0"},"footnotes":""},"categories":[813,800],"tags":[6706],"class_list":["post-38722","post","type-post","status-publish","format-standard","has-post-thumbnail","hentry","category-breaking-news-fr","category-politique","tag-european-union-fr"],"yoast_head":"<!-- This site is optimized with the Yoast SEO Premium plugin v25.9 (Yoast SEO v27.3) - https:\/\/yoast.com\/product\/yoast-seo-premium-wordpress\/ -->\n<title>La Hongrie d\u00e9fend l&#039;\u00e9vidence naturelle, Bruxelles l&#039;id\u00e9ologie LGBT - IFN<\/title>\n<meta name=\"description\" content=\"La controverse sur le plan de relance en Europe a des racines anciennes. La Hongrie, oppos\u00e9e \u00e0 l&#039;id\u00e9ologie du genre, est dans la ligne de mire de l&#039;Union europ\u00e9enne\" \/>\n<meta name=\"robots\" content=\"index, follow, max-snippet:-1, max-image-preview:large, max-video-preview:-1\" \/>\n<link rel=\"canonical\" href=\"https:\/\/ifamnews.com\/fr\/la-hongrie-d-fend-l-vidence-naturelle-bruxelles-l-id-ologie-lgbt\" \/>\n<meta property=\"og:locale\" content=\"fr_FR\" \/>\n<meta property=\"og:type\" content=\"article\" \/>\n<meta property=\"og:title\" content=\"La Hongrie d\u00e9fend l&#039;\u00e9vidence naturelle, Bruxelles l&#039;id\u00e9ologie LGBT\" \/>\n<meta property=\"og:description\" content=\"La controverse sur le plan de relance en Europe a des racines anciennes. La Hongrie, oppos\u00e9e \u00e0 l&#039;id\u00e9ologie du genre, est dans la ligne de mire de l&#039;Union europ\u00e9enne\" \/>\n<meta property=\"og:url\" content=\"https:\/\/ifamnews.com\/fr\/la-hongrie-d-fend-l-vidence-naturelle-bruxelles-l-id-ologie-lgbt\" \/>\n<meta property=\"og:site_name\" content=\"IFN\" \/>\n<meta property=\"article:publisher\" content=\"https:\/\/www.facebook.com\/iFamNews\" \/>\n<meta property=\"article:published_time\" content=\"2020-12-02T13:44:57+00:00\" \/>\n<meta property=\"article:modified_time\" content=\"2021-01-21T15:23:49+00:00\" \/>\n<meta property=\"og:image\" content=\"https:\/\/ifamnews.com\/wp-content\/uploads\/2020\/11\/Image-from-Wikimedia-Commons.jpg\" \/>\n\t<meta property=\"og:image:width\" content=\"1200\" \/>\n\t<meta property=\"og:image:height\" content=\"675\" \/>\n\t<meta property=\"og:image:type\" content=\"image\/jpeg\" \/>\n<meta name=\"author\" content=\"Federico Cenci\" \/>\n<meta name=\"twitter:card\" content=\"summary_large_image\" \/>\n<meta name=\"twitter:creator\" content=\"@https:\/\/twitter.com\/fedecenci\" \/>\n<meta name=\"twitter:site\" content=\"@iFamNewsEN\" \/>\n<meta name=\"twitter:label1\" content=\"\u00c9crit par\" \/>\n\t<meta name=\"twitter:data1\" content=\"Federico Cenci\" \/>\n\t<meta name=\"twitter:label2\" content=\"Dur\u00e9e de lecture estim\u00e9e\" \/>\n\t<meta name=\"twitter:data2\" content=\"3 minutes\" \/>\n<!-- \/ Yoast SEO Premium plugin. -->","yoast_head_json":{"title":"La Hongrie d\u00e9fend l'\u00e9vidence naturelle, Bruxelles l'id\u00e9ologie LGBT - IFN","description":"La controverse sur le plan de relance en Europe a des racines anciennes. La Hongrie, oppos\u00e9e \u00e0 l'id\u00e9ologie du genre, est dans la ligne de mire de l'Union europ\u00e9enne","robots":{"index":"index","follow":"follow","max-snippet":"max-snippet:-1","max-image-preview":"max-image-preview:large","max-video-preview":"max-video-preview:-1"},"canonical":"https:\/\/ifamnews.com\/fr\/la-hongrie-d-fend-l-vidence-naturelle-bruxelles-l-id-ologie-lgbt","og_locale":"fr_FR","og_type":"article","og_title":"La Hongrie d\u00e9fend l'\u00e9vidence naturelle, Bruxelles l'id\u00e9ologie LGBT","og_description":"La controverse sur le plan de relance en Europe a des racines anciennes. La Hongrie, oppos\u00e9e \u00e0 l'id\u00e9ologie du genre, est dans la ligne de mire de l'Union europ\u00e9enne","og_url":"https:\/\/ifamnews.com\/fr\/la-hongrie-d-fend-l-vidence-naturelle-bruxelles-l-id-ologie-lgbt","og_site_name":"IFN","article_publisher":"https:\/\/www.facebook.com\/iFamNews","article_published_time":"2020-12-02T13:44:57+00:00","article_modified_time":"2021-01-21T15:23:49+00:00","og_image":[{"width":1200,"height":675,"url":"https:\/\/ifamnews.com\/wp-content\/uploads\/2020\/11\/Image-from-Wikimedia-Commons.jpg","type":"image\/jpeg"}],"author":"Federico Cenci","twitter_card":"summary_large_image","twitter_creator":"@https:\/\/twitter.com\/fedecenci","twitter_site":"@iFamNewsEN","twitter_misc":{"\u00c9crit par":"Federico Cenci","Dur\u00e9e de lecture estim\u00e9e":"3 minutes"},"schema":{"@context":"https:\/\/schema.org","@graph":[{"@type":"NewsArticle","@id":"https:\/\/ifamnews.com\/fr\/la-hongrie-d-fend-l-vidence-naturelle-bruxelles-l-id-ologie-lgbt#article","isPartOf":{"@id":"https:\/\/ifamnews.com\/fr\/la-hongrie-d-fend-l-vidence-naturelle-bruxelles-l-id-ologie-lgbt"},"author":{"name":"Federico Cenci","@id":"https:\/\/ifamnews.com\/en\/#\/schema\/person\/555378c4ec9e01d40ab9f2b5cee0c318"},"headline":"La Hongrie d\u00e9fend l&rsquo;\u00e9vidence naturelle, Bruxelles l&rsquo;id\u00e9ologie LGBT","datePublished":"2020-12-02T13:44:57+00:00","dateModified":"2021-01-21T15:23:49+00:00","mainEntityOfPage":{"@id":"https:\/\/ifamnews.com\/fr\/la-hongrie-d-fend-l-vidence-naturelle-bruxelles-l-id-ologie-lgbt"},"wordCount":693,"commentCount":0,"publisher":{"@id":"https:\/\/ifamnews.com\/en\/#organization"},"image":{"@id":"https:\/\/ifamnews.com\/fr\/la-hongrie-d-fend-l-vidence-naturelle-bruxelles-l-id-ologie-lgbt#primaryimage"},"thumbnailUrl":"https:\/\/ifamnews.com\/wp-content\/uploads\/2020\/11\/Image-from-Wikimedia-Commons.jpg","keywords":["European Union"],"articleSection":["Nouvelles r\u00e9centes","Politique"],"inLanguage":"fr-FR","potentialAction":[{"@type":"CommentAction","name":"Comment","target":["https:\/\/ifamnews.com\/fr\/la-hongrie-d-fend-l-vidence-naturelle-bruxelles-l-id-ologie-lgbt#respond"]}]},{"@type":"WebPage","@id":"https:\/\/ifamnews.com\/fr\/la-hongrie-d-fend-l-vidence-naturelle-bruxelles-l-id-ologie-lgbt","url":"https:\/\/ifamnews.com\/fr\/la-hongrie-d-fend-l-vidence-naturelle-bruxelles-l-id-ologie-lgbt","name":"La Hongrie d\u00e9fend l'\u00e9vidence naturelle, Bruxelles l'id\u00e9ologie LGBT - IFN","isPartOf":{"@id":"https:\/\/ifamnews.com\/en\/#website"},"primaryImageOfPage":{"@id":"https:\/\/ifamnews.com\/fr\/la-hongrie-d-fend-l-vidence-naturelle-bruxelles-l-id-ologie-lgbt#primaryimage"},"image":{"@id":"https:\/\/ifamnews.com\/fr\/la-hongrie-d-fend-l-vidence-naturelle-bruxelles-l-id-ologie-lgbt#primaryimage"},"thumbnailUrl":"https:\/\/ifamnews.com\/wp-content\/uploads\/2020\/11\/Image-from-Wikimedia-Commons.jpg","datePublished":"2020-12-02T13:44:57+00:00","dateModified":"2021-01-21T15:23:49+00:00","description":"La controverse sur le plan de relance en Europe a des racines anciennes. La Hongrie, oppos\u00e9e \u00e0 l'id\u00e9ologie du genre, est dans la ligne de mire de l'Union europ\u00e9enne","breadcrumb":{"@id":"https:\/\/ifamnews.com\/fr\/la-hongrie-d-fend-l-vidence-naturelle-bruxelles-l-id-ologie-lgbt#breadcrumb"},"inLanguage":"fr-FR","potentialAction":[{"@type":"ReadAction","target":["https:\/\/ifamnews.com\/fr\/la-hongrie-d-fend-l-vidence-naturelle-bruxelles-l-id-ologie-lgbt"]}]},{"@type":"ImageObject","inLanguage":"fr-FR","@id":"https:\/\/ifamnews.com\/fr\/la-hongrie-d-fend-l-vidence-naturelle-bruxelles-l-id-ologie-lgbt#primaryimage","url":"https:\/\/ifamnews.com\/wp-content\/uploads\/2020\/11\/Image-from-Wikimedia-Commons.jpg","contentUrl":"https:\/\/ifamnews.com\/wp-content\/uploads\/2020\/11\/Image-from-Wikimedia-Commons.jpg","width":1200,"height":675,"caption":"Image tir\u00e9e de Wikimedia Commons"},{"@type":"BreadcrumbList","@id":"https:\/\/ifamnews.com\/fr\/la-hongrie-d-fend-l-vidence-naturelle-bruxelles-l-id-ologie-lgbt#breadcrumb","itemListElement":[{"@type":"ListItem","position":1,"name":"Home","item":"https:\/\/ifamnews.com\/de"},{"@type":"ListItem","position":2,"name":"Politics","item":"https:\/\/ifamnews.com\/en\/category\/politics"},{"@type":"ListItem","position":3,"name":"La Hongrie d\u00e9fend l&#8217;\u00e9vidence naturelle, Bruxelles l&#8217;id\u00e9ologie LGBT"}]},{"@type":"WebSite","@id":"https:\/\/ifamnews.com\/en\/#website","url":"https:\/\/ifamnews.com\/en\/","name":"IFN","description":"International Family News Network","publisher":{"@id":"https:\/\/ifamnews.com\/en\/#organization"},"potentialAction":[{"@type":"SearchAction","target":{"@type":"EntryPoint","urlTemplate":"https:\/\/ifamnews.com\/en\/?s={search_term_string}"},"query-input":{"@type":"PropertyValueSpecification","valueRequired":true,"valueName":"search_term_string"}}],"inLanguage":"fr-FR"},{"@type":"Organization","@id":"https:\/\/ifamnews.com\/en\/#organization","name":"iFamNews","url":"https:\/\/ifamnews.com\/en\/","logo":{"@type":"ImageObject","inLanguage":"fr-FR","@id":"https:\/\/ifamnews.com\/en\/#\/schema\/logo\/image\/","url":"https:\/\/ifamnews.com\/wp-content\/uploads\/2020\/01\/Share-logo.png","contentUrl":"https:\/\/ifamnews.com\/wp-content\/uploads\/2020\/01\/Share-logo.png","width":200,"height":200,"caption":"iFamNews"},"image":{"@id":"https:\/\/ifamnews.com\/en\/#\/schema\/logo\/image\/"},"sameAs":["https:\/\/www.facebook.com\/iFamNews","https:\/\/x.com\/iFamNewsEN"]},{"@type":"Person","@id":"https:\/\/ifamnews.com\/en\/#\/schema\/person\/555378c4ec9e01d40ab9f2b5cee0c318","name":"Federico Cenci","image":{"@type":"ImageObject","inLanguage":"fr-FR","@id":"https:\/\/secure.gravatar.com\/avatar\/535f77b8447d05f39d4ca941654f7a7b7d712f3d72f0b4b185747785f5a8e745?s=96&d=mm&r=g","url":"https:\/\/secure.gravatar.com\/avatar\/535f77b8447d05f39d4ca941654f7a7b7d712f3d72f0b4b185747785f5a8e745?s=96&d=mm&r=g","contentUrl":"https:\/\/secure.gravatar.com\/avatar\/535f77b8447d05f39d4ca941654f7a7b7d712f3d72f0b4b185747785f5a8e745?s=96&d=mm&r=g","caption":"Federico Cenci"},"description":"Federico Cenci worked from 2013 to 2017 at the Catholic Zenit press agency dealing with social and religious issues, bioethics, family policies, as well as domestic and international politics. He then continued his business with In Terris, and currently with various newspapers and periodicals. In 2020 he wrote the novel \"East Berlin 2.0 - Notes between dystopia and reality\"","sameAs":["https:\/\/x.com\/https:\/\/twitter.com\/fedecenci"],"url":"https:\/\/ifamnews.com\/fr\/author\/fcenci"}]}},"amp_enabled":true,"_links":{"self":[{"href":"https:\/\/ifamnews.com\/fr\/wp-json\/wp\/v2\/posts\/38722","targetHints":{"allow":["GET"]}}],"collection":[{"href":"https:\/\/ifamnews.com\/fr\/wp-json\/wp\/v2\/posts"}],"about":[{"href":"https:\/\/ifamnews.com\/fr\/wp-json\/wp\/v2\/types\/post"}],"author":[{"embeddable":true,"href":"https:\/\/ifamnews.com\/fr\/wp-json\/wp\/v2\/users\/15"}],"replies":[{"embeddable":true,"href":"https:\/\/ifamnews.com\/fr\/wp-json\/wp\/v2\/comments?post=38722"}],"version-history":[{"count":4,"href":"https:\/\/ifamnews.com\/fr\/wp-json\/wp\/v2\/posts\/38722\/revisions"}],"predecessor-version":[{"id":38773,"href":"https:\/\/ifamnews.com\/fr\/wp-json\/wp\/v2\/posts\/38722\/revisions\/38773"}],"wp:featuredmedia":[{"embeddable":true,"href":"https:\/\/ifamnews.com\/fr\/wp-json\/wp\/v2\/media\/37640"}],"wp:attachment":[{"href":"https:\/\/ifamnews.com\/fr\/wp-json\/wp\/v2\/media?parent=38722"}],"wp:term":[{"taxonomy":"category","embeddable":true,"href":"https:\/\/ifamnews.com\/fr\/wp-json\/wp\/v2\/categories?post=38722"},{"taxonomy":"post_tag","embeddable":true,"href":"https:\/\/ifamnews.com\/fr\/wp-json\/wp\/v2\/tags?post=38722"}],"curies":[{"name":"wp","href":"https:\/\/api.w.org\/{rel}","templated":true}]}}