{"id":273023,"date":"2026-01-20T12:02:06","date_gmt":"2026-01-20T17:02:06","guid":{"rendered":"https:\/\/ifamnews.com\/les-deces-lies-a-leuthanasie-en-espagne-ont-augmente-de-pres-de-30-en-2024-la-pente-glissante-est-exposee"},"modified":"2026-01-20T13:44:20","modified_gmt":"2026-01-20T18:44:20","slug":"les-deces-lies-a-leuthanasie-en-espagne-ont-augmente-de-pres-de-30-en-2024-la-pente-glissante-est-exposee","status":"publish","type":"post","link":"https:\/\/ifamnews.com\/fr\/les-deces-lies-a-leuthanasie-en-espagne-ont-augmente-de-pres-de-30-en-2024-la-pente-glissante-est-exposee","title":{"rendered":"Les d\u00e9c\u00e8s li\u00e9s \u00e0 l&rsquo;euthanasie en Espagne ont augment\u00e9 de pr\u00e8s de 30 % en 2024 : la pente glissante est expos\u00e9e"},"content":{"rendered":"\n<p>Le nombre de cas d&rsquo;euthanasie et de suicide assist\u00e9 en Espagne a grimp\u00e9 de 27,54 % en 2024, avec 426 vies qui ont pris fin, contre 334 en 2023. Depuis la l\u00e9galisation en 2022, le total a grimp\u00e9 de 47,92 %, ce qui souligne l&rsquo;expansion p\u00e9rilleuse des politiques de mort sur demande sans restrictions de pronostic, une recette pour les abus. <\/p>\n\n<p>En 2023, 188 demandes ont \u00e9t\u00e9 rejet\u00e9es, ce qui a donn\u00e9 lieu \u00e0 78 appels ; plus de 40 % (32) ont \u00e9t\u00e9 accept\u00e9s. L&rsquo;ann\u00e9e derni\u00e8re, on a d\u00e9nombr\u00e9 157 rejets et 75 appels, dont 26,67 % (20) ont \u00e9t\u00e9 approuv\u00e9s. Les troubles neurologiques sont en t\u00eate de liste (302 demandeurs), suivis du cancer (276), ce qui souligne la fa\u00e7on dont ces lois s&rsquo;attaquent aux personnes vuln\u00e9rables. Le minist\u00e8re de la Sant\u00e9 envisage d&rsquo;inclure les maladies mentales, malgr\u00e9 la position vague de la loi.   <\/p>\n\n<p>Cela refl\u00e8te l&rsquo;expansion de 2024 \u00e0 Victoria, en Australie, qui a doubl\u00e9 les crit\u00e8res d&rsquo;esp\u00e9rance de vie, passant de 6 \u00e0 12 mois. Plus effrayant encore, le Coll\u00e8ge des m\u00e9decins du Qu\u00e9bec soutient l&rsquo;euthanasie pour les nouveau-n\u00e9s atteints de handicaps graves ou sans perspectives de survie, invoquant une douleur insurmontable, ce qui an\u00e9antit les protections pour les innocents. Catherine Robinson, de Right To Life UK, a d\u00e9nonc\u00e9 cette flamb\u00e9e comme \u00e9tant \u00ab incroyablement inqui\u00e9tante et triste \u00bb, pr\u00e9disant une croissance annuelle implacable. Elle a mis en garde l&rsquo;Angleterre et le Pays de Galles contre le fait de suivre cet exemple, o\u00f9 le projet de loi sur la fin de vie des adultes en phase terminale s&rsquo;est heurt\u00e9 \u00e0 une vive r\u00e9sistance (67 % des pairs s&rsquo;y sont oppos\u00e9s lors de la deuxi\u00e8me lecture) en raison des craintes d&rsquo;une escalade incontr\u00f4l\u00e9e.   <\/p>\n\n<p>Ces donn\u00e9es sinistres mettent \u00e0 nu le v\u00e9ritable co\u00fbt du programme radical : l&rsquo;\u00e9rosion du caract\u00e8re sacr\u00e9 de la vie, la pression exerc\u00e9e sur les personnes fragiles et l&rsquo;ouverture de la voie \u00e0 des tueries plus vastes. Alors que les nations flirtent avec ces lois, le cauchemar espagnol sert de s\u00e9v\u00e8re avertissement contre le fait de c\u00e9der \u00e0 la culture de la mort. <\/p>\n","protected":false},"excerpt":{"rendered":"<p>Le nombre de cas d&rsquo;euthanasie et de suicide assist\u00e9 en Espagne a grimp\u00e9 de 27,54 % en 2024, avec 426 vies qui ont pris fin, contre 334 en 2023. Depuis la l\u00e9galisation en 2022, le total a grimp\u00e9 de 47,92 %, ce qui souligne l&rsquo;expansion p\u00e9rilleuse des politiques de mort sur demande sans restrictions de [&hellip;]<\/p>\n","protected":false},"author":593,"featured_media":273024,"comment_status":"open","ping_status":"open","sticky":false,"template":"","format":"standard","meta":{"give_campaign_id":0,"om_disable_all_campaigns":false,"_monsterinsights_skip_tracking":false,"_monsterinsights_sitenote_active":false,"_monsterinsights_sitenote_note":"","_monsterinsights_sitenote_category":0,"mc4wp_mailchimp_campaign":[],"jnews-multi-image_gallery":[],"jnews_single_post":[],"jnews_primary_category":[],"jnews_social_meta":[],"jnews_override_counter":[],"footnotes":""},"categories":[809,813,819],"tags":[8470,9968,9912],"class_list":["post-273023","post","type-post","status-publish","format-standard","has-post-thumbnail","hentry","category-foreground-fr","category-breaking-news-fr","category-vie","tag-euthanasia-fr-2","tag-pro-life-fr-2","tag-right-to-life-fr"],"yoast_head":"<!-- This site is optimized with the Yoast SEO Premium plugin v25.9 (Yoast SEO v27.3) - https:\/\/yoast.com\/product\/yoast-seo-premium-wordpress\/ -->\n<title>Les d\u00e9c\u00e8s li\u00e9s \u00e0 l&#039;euthanasie en Espagne ont augment\u00e9 de pr\u00e8s de 30 % en 2024 : la pente glissante est expos\u00e9e - IFN<\/title>\n<meta name=\"description\" content=\"Le nombre de cas d&#039;euthanasie et de suicide assist\u00e9 en Espagne a grimp\u00e9 de 27,54 % en 2024, avec 426 vies qui ont pris fin, contre 334 en 2023.\" \/>\n<meta name=\"robots\" content=\"index, follow, max-snippet:-1, max-image-preview:large, max-video-preview:-1\" \/>\n<link rel=\"canonical\" href=\"https:\/\/ifamnews.com\/fr\/les-deces-lies-a-leuthanasie-en-espagne-ont-augmente-de-pres-de-30-en-2024-la-pente-glissante-est-exposee\" \/>\n<meta property=\"og:locale\" content=\"fr_FR\" \/>\n<meta property=\"og:type\" content=\"article\" \/>\n<meta property=\"og:title\" content=\"Les d\u00e9c\u00e8s li\u00e9s \u00e0 l&#039;euthanasie en Espagne ont augment\u00e9 de pr\u00e8s de 30 % en 2024 : la pente glissante est expos\u00e9e\" \/>\n<meta property=\"og:description\" content=\"Le nombre de cas d&#039;euthanasie et de suicide assist\u00e9 en Espagne a grimp\u00e9 de 27,54 % en 2024, avec 426 vies qui ont pris fin, contre 334 en 2023.\" \/>\n<meta property=\"og:url\" content=\"https:\/\/ifamnews.com\/fr\/les-deces-lies-a-leuthanasie-en-espagne-ont-augmente-de-pres-de-30-en-2024-la-pente-glissante-est-exposee\" \/>\n<meta property=\"og:site_name\" content=\"IFN\" \/>\n<meta property=\"article:publisher\" content=\"https:\/\/www.facebook.com\/iFamNews\" \/>\n<meta property=\"article:author\" content=\"https:\/\/www.facebook.com\/iFamNews\/\" \/>\n<meta property=\"article:published_time\" content=\"2026-01-20T17:02:06+00:00\" \/>\n<meta property=\"article:modified_time\" content=\"2026-01-20T18:44:20+00:00\" \/>\n<meta property=\"og:image\" content=\"https:\/\/ifamnews.com\/wp-content\/uploads\/2026\/01\/Untitled-design-2026-01-20T120150.903.png\" \/>\n\t<meta property=\"og:image:width\" content=\"1200\" \/>\n\t<meta property=\"og:image:height\" content=\"675\" \/>\n\t<meta property=\"og:image:type\" content=\"image\/png\" \/>\n<meta name=\"author\" content=\"IFN English\" \/>\n<meta name=\"twitter:card\" content=\"summary_large_image\" \/>\n<meta name=\"twitter:creator\" content=\"@https:\/\/twitter.com\/iFamNewsEN\" \/>\n<meta name=\"twitter:site\" content=\"@iFamNewsEN\" \/>\n<meta name=\"twitter:label1\" content=\"\u00c9crit par\" \/>\n\t<meta name=\"twitter:data1\" content=\"iFamNews\" \/>\n\t<meta name=\"twitter:label2\" content=\"Dur\u00e9e de lecture estim\u00e9e\" \/>\n\t<meta name=\"twitter:data2\" content=\"2 minutes\" \/>\n<!-- \/ Yoast SEO Premium plugin. -->","yoast_head_json":{"title":"Les d\u00e9c\u00e8s li\u00e9s \u00e0 l'euthanasie en Espagne ont augment\u00e9 de pr\u00e8s de 30 % en 2024 : la pente glissante est expos\u00e9e - IFN","description":"Le nombre de cas d'euthanasie et de suicide assist\u00e9 en Espagne a grimp\u00e9 de 27,54 % en 2024, avec 426 vies qui ont pris fin, contre 334 en 2023.","robots":{"index":"index","follow":"follow","max-snippet":"max-snippet:-1","max-image-preview":"max-image-preview:large","max-video-preview":"max-video-preview:-1"},"canonical":"https:\/\/ifamnews.com\/fr\/les-deces-lies-a-leuthanasie-en-espagne-ont-augmente-de-pres-de-30-en-2024-la-pente-glissante-est-exposee","og_locale":"fr_FR","og_type":"article","og_title":"Les d\u00e9c\u00e8s li\u00e9s \u00e0 l'euthanasie en Espagne ont augment\u00e9 de pr\u00e8s de 30 % en 2024 : la pente glissante est expos\u00e9e","og_description":"Le nombre de cas d'euthanasie et de suicide assist\u00e9 en Espagne a grimp\u00e9 de 27,54 % en 2024, avec 426 vies qui ont pris fin, contre 334 en 2023.","og_url":"https:\/\/ifamnews.com\/fr\/les-deces-lies-a-leuthanasie-en-espagne-ont-augmente-de-pres-de-30-en-2024-la-pente-glissante-est-exposee","og_site_name":"IFN","article_publisher":"https:\/\/www.facebook.com\/iFamNews","article_author":"https:\/\/www.facebook.com\/iFamNews\/","article_published_time":"2026-01-20T17:02:06+00:00","article_modified_time":"2026-01-20T18:44:20+00:00","og_image":[{"width":1200,"height":675,"url":"https:\/\/ifamnews.com\/wp-content\/uploads\/2026\/01\/Untitled-design-2026-01-20T120150.903.png","type":"image\/png"}],"author":"IFN English","twitter_card":"summary_large_image","twitter_creator":"@https:\/\/twitter.com\/iFamNewsEN","twitter_site":"@iFamNewsEN","twitter_misc":{"\u00c9crit par":"iFamNews","Dur\u00e9e de lecture estim\u00e9e":"2 minutes"},"schema":{"@context":"https:\/\/schema.org","@graph":[{"@type":"NewsArticle","@id":"https:\/\/ifamnews.com\/fr\/les-deces-lies-a-leuthanasie-en-espagne-ont-augmente-de-pres-de-30-en-2024-la-pente-glissante-est-exposee#article","isPartOf":{"@id":"https:\/\/ifamnews.com\/fr\/les-deces-lies-a-leuthanasie-en-espagne-ont-augmente-de-pres-de-30-en-2024-la-pente-glissante-est-exposee"},"author":{"name":"IFN English","@id":"https:\/\/ifamnews.com\/en\/#\/schema\/person\/633bdb7ac2496c9b9304ce62d071cdfa"},"headline":"Les d\u00e9c\u00e8s li\u00e9s \u00e0 l&rsquo;euthanasie en Espagne ont augment\u00e9 de pr\u00e8s de 30 % en 2024 : la pente glissante est expos\u00e9e","datePublished":"2026-01-20T17:02:06+00:00","dateModified":"2026-01-20T18:44:20+00:00","mainEntityOfPage":{"@id":"https:\/\/ifamnews.com\/fr\/les-deces-lies-a-leuthanasie-en-espagne-ont-augmente-de-pres-de-30-en-2024-la-pente-glissante-est-exposee"},"wordCount":384,"commentCount":0,"publisher":{"@id":"https:\/\/ifamnews.com\/en\/#organization"},"image":{"@id":"https:\/\/ifamnews.com\/fr\/les-deces-lies-a-leuthanasie-en-espagne-ont-augmente-de-pres-de-30-en-2024-la-pente-glissante-est-exposee#primaryimage"},"thumbnailUrl":"https:\/\/ifamnews.com\/wp-content\/uploads\/2026\/01\/Untitled-design-2026-01-20T120150.903.png","keywords":["Euthanasia","Pro-life","right to life"],"articleSection":["Foreground","Nouvelles r\u00e9centes","Vie"],"inLanguage":"fr-FR","potentialAction":[{"@type":"CommentAction","name":"Comment","target":["https:\/\/ifamnews.com\/fr\/les-deces-lies-a-leuthanasie-en-espagne-ont-augmente-de-pres-de-30-en-2024-la-pente-glissante-est-exposee#respond"]}]},{"@type":"WebPage","@id":"https:\/\/ifamnews.com\/fr\/les-deces-lies-a-leuthanasie-en-espagne-ont-augmente-de-pres-de-30-en-2024-la-pente-glissante-est-exposee","url":"https:\/\/ifamnews.com\/fr\/les-deces-lies-a-leuthanasie-en-espagne-ont-augmente-de-pres-de-30-en-2024-la-pente-glissante-est-exposee","name":"Les d\u00e9c\u00e8s li\u00e9s \u00e0 l'euthanasie en Espagne ont augment\u00e9 de pr\u00e8s de 30 % en 2024 : la pente glissante est expos\u00e9e - IFN","isPartOf":{"@id":"https:\/\/ifamnews.com\/en\/#website"},"primaryImageOfPage":{"@id":"https:\/\/ifamnews.com\/fr\/les-deces-lies-a-leuthanasie-en-espagne-ont-augmente-de-pres-de-30-en-2024-la-pente-glissante-est-exposee#primaryimage"},"image":{"@id":"https:\/\/ifamnews.com\/fr\/les-deces-lies-a-leuthanasie-en-espagne-ont-augmente-de-pres-de-30-en-2024-la-pente-glissante-est-exposee#primaryimage"},"thumbnailUrl":"https:\/\/ifamnews.com\/wp-content\/uploads\/2026\/01\/Untitled-design-2026-01-20T120150.903.png","datePublished":"2026-01-20T17:02:06+00:00","dateModified":"2026-01-20T18:44:20+00:00","description":"Le nombre de cas d'euthanasie et de suicide assist\u00e9 en Espagne a grimp\u00e9 de 27,54 % en 2024, avec 426 vies qui ont pris fin, contre 334 en 2023.","breadcrumb":{"@id":"https:\/\/ifamnews.com\/fr\/les-deces-lies-a-leuthanasie-en-espagne-ont-augmente-de-pres-de-30-en-2024-la-pente-glissante-est-exposee#breadcrumb"},"inLanguage":"fr-FR","potentialAction":[{"@type":"ReadAction","target":["https:\/\/ifamnews.com\/fr\/les-deces-lies-a-leuthanasie-en-espagne-ont-augmente-de-pres-de-30-en-2024-la-pente-glissante-est-exposee"]}]},{"@type":"ImageObject","inLanguage":"fr-FR","@id":"https:\/\/ifamnews.com\/fr\/les-deces-lies-a-leuthanasie-en-espagne-ont-augmente-de-pres-de-30-en-2024-la-pente-glissante-est-exposee#primaryimage","url":"https:\/\/ifamnews.com\/wp-content\/uploads\/2026\/01\/Untitled-design-2026-01-20T120150.903.png","contentUrl":"https:\/\/ifamnews.com\/wp-content\/uploads\/2026\/01\/Untitled-design-2026-01-20T120150.903.png","width":1200,"height":675},{"@type":"BreadcrumbList","@id":"https:\/\/ifamnews.com\/fr\/les-deces-lies-a-leuthanasie-en-espagne-ont-augmente-de-pres-de-30-en-2024-la-pente-glissante-est-exposee#breadcrumb","itemListElement":[{"@type":"ListItem","position":1,"name":"Home","item":"https:\/\/ifamnews.com\/de"},{"@type":"ListItem","position":2,"name":"Foreground","item":"https:\/\/ifamnews.com\/fr\/categorie\/foreground-fr"},{"@type":"ListItem","position":3,"name":"Les d\u00e9c\u00e8s li\u00e9s \u00e0 l&rsquo;euthanasie en Espagne ont augment\u00e9 de pr\u00e8s de 30 % en 2024 : la pente glissante est expos\u00e9e"}]},{"@type":"WebSite","@id":"https:\/\/ifamnews.com\/en\/#website","url":"https:\/\/ifamnews.com\/en\/","name":"IFN","description":"International Family News Network","publisher":{"@id":"https:\/\/ifamnews.com\/en\/#organization"},"potentialAction":[{"@type":"SearchAction","target":{"@type":"EntryPoint","urlTemplate":"https:\/\/ifamnews.com\/en\/?s={search_term_string}"},"query-input":{"@type":"PropertyValueSpecification","valueRequired":true,"valueName":"search_term_string"}}],"inLanguage":"fr-FR"},{"@type":"Organization","@id":"https:\/\/ifamnews.com\/en\/#organization","name":"iFamNews","url":"https:\/\/ifamnews.com\/en\/","logo":{"@type":"ImageObject","inLanguage":"fr-FR","@id":"https:\/\/ifamnews.com\/en\/#\/schema\/logo\/image\/","url":"https:\/\/ifamnews.com\/wp-content\/uploads\/2020\/01\/Share-logo.png","contentUrl":"https:\/\/ifamnews.com\/wp-content\/uploads\/2020\/01\/Share-logo.png","width":200,"height":200,"caption":"iFamNews"},"image":{"@id":"https:\/\/ifamnews.com\/en\/#\/schema\/logo\/image\/"},"sameAs":["https:\/\/www.facebook.com\/iFamNews","https:\/\/x.com\/iFamNewsEN"]},{"@type":"Person","@id":"https:\/\/ifamnews.com\/en\/#\/schema\/person\/633bdb7ac2496c9b9304ce62d071cdfa","name":"IFN English","image":{"@type":"ImageObject","inLanguage":"fr-FR","@id":"https:\/\/secure.gravatar.com\/avatar\/6f16ce95b558ae6f6eb9ae2f68122482a2c61696af2a8fc343c2e10f981a959d?s=96&d=mm&r=g","url":"https:\/\/secure.gravatar.com\/avatar\/6f16ce95b558ae6f6eb9ae2f68122482a2c61696af2a8fc343c2e10f981a959d?s=96&d=mm&r=g","contentUrl":"https:\/\/secure.gravatar.com\/avatar\/6f16ce95b558ae6f6eb9ae2f68122482a2c61696af2a8fc343c2e10f981a959d?s=96&d=mm&r=g","caption":"IFN English"},"description":"Articles published by the English iFamNews editorial team.","sameAs":["https:\/\/ifamnews.com\/en","https:\/\/www.facebook.com\/iFamNews\/","https:\/\/x.com\/https:\/\/twitter.com\/iFamNewsEN","https:\/\/www.youtube.com\/channel\/UCMVyIt4z9BANW3d09kwfUpw"],"url":"https:\/\/ifamnews.com\/fr\/author\/ifamnews-staff"}]}},"amp_enabled":true,"_links":{"self":[{"href":"https:\/\/ifamnews.com\/fr\/wp-json\/wp\/v2\/posts\/273023","targetHints":{"allow":["GET"]}}],"collection":[{"href":"https:\/\/ifamnews.com\/fr\/wp-json\/wp\/v2\/posts"}],"about":[{"href":"https:\/\/ifamnews.com\/fr\/wp-json\/wp\/v2\/types\/post"}],"author":[{"embeddable":true,"href":"https:\/\/ifamnews.com\/fr\/wp-json\/wp\/v2\/users\/593"}],"replies":[{"embeddable":true,"href":"https:\/\/ifamnews.com\/fr\/wp-json\/wp\/v2\/comments?post=273023"}],"version-history":[{"count":1,"href":"https:\/\/ifamnews.com\/fr\/wp-json\/wp\/v2\/posts\/273023\/revisions"}],"predecessor-version":[{"id":273025,"href":"https:\/\/ifamnews.com\/fr\/wp-json\/wp\/v2\/posts\/273023\/revisions\/273025"}],"wp:featuredmedia":[{"embeddable":true,"href":"https:\/\/ifamnews.com\/fr\/wp-json\/wp\/v2\/media\/273024"}],"wp:attachment":[{"href":"https:\/\/ifamnews.com\/fr\/wp-json\/wp\/v2\/media?parent=273023"}],"wp:term":[{"taxonomy":"category","embeddable":true,"href":"https:\/\/ifamnews.com\/fr\/wp-json\/wp\/v2\/categories?post=273023"},{"taxonomy":"post_tag","embeddable":true,"href":"https:\/\/ifamnews.com\/fr\/wp-json\/wp\/v2\/tags?post=273023"}],"curies":[{"name":"wp","href":"https:\/\/api.w.org\/{rel}","templated":true}]}}