{"id":272996,"date":"2026-01-20T10:35:44","date_gmt":"2026-01-20T15:35:44","guid":{"rendered":"https:\/\/ifamnews.com\/la-marche-pour-la-vie-de-paris-cible-leuthanasie-une-position-audacieuse-contre-le-permis-de-tuer"},"modified":"2026-01-20T13:42:37","modified_gmt":"2026-01-20T18:42:37","slug":"la-marche-pour-la-vie-de-paris-cible-leuthanasie-une-position-audacieuse-contre-le-permis-de-tuer","status":"publish","type":"post","link":"https:\/\/ifamnews.com\/fr\/la-marche-pour-la-vie-de-paris-cible-leuthanasie-une-position-audacieuse-contre-le-permis-de-tuer","title":{"rendered":"La Marche pour la vie de Paris cible l\u2019euthanasie&nbsp;: une position audacieuse contre le \u00ab&nbsp;permis de tuer&nbsp;\u00bb"},"content":{"rendered":"\n<p>La 21e\u00a0Marche pour la vie annuelle de France a attir\u00e9 environ 10\u00a0000\u00a0participants d\u00e9termin\u00e9s \u00e0 Paris le 19\u00a0janvier\u00a02026, d\u00e9pla\u00e7ant son centre d\u2019int\u00e9r\u00eat de l\u2019avortement \u00e0 la menace imminente de l\u2019euthanasie. Organis\u00e9 pr\u00e8s de l\u2019anniversaire de la l\u00e9galisation de l\u2019avortement en\u00a01975, le rassemblement de cette ann\u00e9e pr\u00e8s des Invalides, un monument au pass\u00e9 h\u00e9ro\u00efque de la France, s\u2019est \u00e9lev\u00e9 contre le programme du pr\u00e9sident Emmanuel Macron visant \u00e0 \u00ab\u00a0mourir dans la dignit\u00e9\u00a0\u00bb.  <\/p>\n\n<p>Dans son discours du Nouvel An, M.\u00a0Macron s\u2019est engag\u00e9 \u00e0 faire avancer la l\u00e9gislation en\u00a02026, malgr\u00e9 les retards politiques. Les organisateurs ont d\u00e9nonc\u00e9 cette initiative comme un \u00ab\u00a0permis de tuer\u00a0\u00bb, longtemps interdit, mais qui est maintenant une priorit\u00e9 de gauche. Deux\u00a0projets de loi se profilent\u00a0: l\u2019un renfor\u00e7ant les soins palliatifs, l\u2019autre permettant \u00ab\u00a0l\u2019aide \u00e0 mourir\u00a0\u00bb, d\u00e9j\u00e0 approuv\u00e9 par l\u2019Assembl\u00e9e nationale, avec un d\u00e9bat au S\u00e9nat le 28\u00a0janvier et un examen final en f\u00e9vrier. S\u2019il \u00e9tait adopt\u00e9, il cr\u00e9erait l\u2019un des cadres d\u2019euthanasie les plus permissifs au monde, \u00e9rodant les protections pour les personnes vuln\u00e9rables.   <\/p>\n\n<p>La porte-parole Genevi\u00e8ve Bourgeois, g\u00e9riatre, a mis en garde contre un mouvement mortel qui a \u00e9mouss\u00e9 la conscience soci\u00e9tale au fil des d\u00e9cennies. Marie-Lys Pellissier a d\u00e9nonc\u00e9 le tour de passe-passe s\u00e9mantique, o\u00f9 le S\u00e9nat a troqu\u00e9 le \u00ab\u00a0droit \u00e0 l\u2019aide \u00e0 mourir\u00a0\u00bb contre \u00ab\u00a0l\u2019assistance m\u00e9dicale \u00e0 mourir\u00a0\u00bb, masquant le meurtre en mis\u00e9ricorde. Elle a li\u00e9 cela \u00e0 la rh\u00e9torique f\u00e9ministe radicale qui pr\u00e9sente l\u2019avortement comme des \u00ab\u00a0soins\u00a0\u00bb de routine.  <\/p>\n\n<p>L\u2019\u00e9v\u00eaque Rey, un d\u00e9fenseur de la liturgie traditionnelle, a apport\u00e9 un poids eccl\u00e9siastique. Un hommage poignant a \u00e9t\u00e9 rendu \u00e0 Charlie Kirk, assassin\u00e9 en septembre pour sa d\u00e9fense de la vie. Parmi les personnalit\u00e9s notables, citons les d\u00e9put\u00e9es europ\u00e9ennes Margarita de la Pisa Carri\u00f3n et Laurence Trochu, le chef d\u00e9mocrate-chr\u00e9tien Jean-Fr\u00e9d\u00e9ric Poisson et le pr\u00e9tendant l\u00e9gitimiste Louis\u00a0XX.   <\/p>\n\n<p>Les marcheurs ont exig\u00e9 un plan national solide de soins palliatifs et des droits d\u2019objection de conscience in\u00e9branlables pour les professionnels de la sant\u00e9. Ce rassemblement expose l\u2019attaque radicale contre le caract\u00e8re sacr\u00e9 de la vie, du ventre \u00e0 la tombe, exhortant \u00e0 un renouveau culturel pour prot\u00e9ger les personnes fragiles au milieu du carrefour \u00e9thique de la France.<\/p>\n","protected":false},"excerpt":{"rendered":"<p>La 21e\u00a0Marche pour la vie annuelle de France a attir\u00e9 environ 10\u00a0000\u00a0participants d\u00e9termin\u00e9s \u00e0 Paris le 19\u00a0janvier\u00a02026, d\u00e9pla\u00e7ant son centre d\u2019int\u00e9r\u00eat de l\u2019avortement \u00e0 la menace imminente de l\u2019euthanasie. Organis\u00e9 pr\u00e8s de l\u2019anniversaire de la l\u00e9galisation de l\u2019avortement en\u00a01975, le rassemblement de cette ann\u00e9e pr\u00e8s des Invalides, un monument au pass\u00e9 h\u00e9ro\u00efque de la France, [&hellip;]<\/p>\n","protected":false},"author":593,"featured_media":272997,"comment_status":"open","ping_status":"open","sticky":false,"template":"","format":"standard","meta":{"give_campaign_id":0,"om_disable_all_campaigns":false,"_monsterinsights_skip_tracking":false,"_monsterinsights_sitenote_active":false,"_monsterinsights_sitenote_note":"","_monsterinsights_sitenote_category":0,"mc4wp_mailchimp_campaign":[],"jnews-multi-image_gallery":[],"jnews_single_post":[],"jnews_primary_category":[],"jnews_social_meta":[],"jnews_override_counter":[],"footnotes":""},"categories":[809,813,819],"tags":[9381,9631,9968,9912],"class_list":["post-272996","post","type-post","status-publish","format-standard","has-post-thumbnail","hentry","category-foreground-fr","category-breaking-news-fr","category-vie","tag-abortion-fr-3","tag-euthanasia-fr-3","tag-pro-life-fr-2","tag-right-to-life-fr"],"yoast_head":"<!-- This site is optimized with the Yoast SEO Premium plugin v25.9 (Yoast SEO v27.3) - https:\/\/yoast.com\/product\/yoast-seo-premium-wordpress\/ -->\n<title>La Marche pour la vie de Paris cible l\u2019euthanasie&nbsp;: une position audacieuse contre le \u00ab&nbsp;permis de tuer&nbsp;\u00bb - IFN<\/title>\n<meta name=\"description\" content=\"La 21e\u00a0Marche pour la vie annuelle de France a attir\u00e9 environ 10\u00a0000\u00a0participants d\u00e9termin\u00e9s \u00e0 Paris le 19\u00a0janvier\u00a02026, d\u00e9pla\u00e7ant son centre d\u2019int\u00e9r\u00eat de l\u2019avortement \u00e0 la menace imminente de l\u2019euthanasie.\" \/>\n<meta name=\"robots\" content=\"index, follow, max-snippet:-1, max-image-preview:large, max-video-preview:-1\" \/>\n<link rel=\"canonical\" href=\"https:\/\/ifamnews.com\/fr\/la-marche-pour-la-vie-de-paris-cible-leuthanasie-une-position-audacieuse-contre-le-permis-de-tuer\" \/>\n<meta property=\"og:locale\" content=\"fr_FR\" \/>\n<meta property=\"og:type\" content=\"article\" \/>\n<meta property=\"og:title\" content=\"La Marche pour la vie de Paris cible l\u2019euthanasie&nbsp;: une position audacieuse contre le \u00ab&nbsp;permis de tuer&nbsp;\u00bb\" \/>\n<meta property=\"og:description\" content=\"La 21e\u00a0Marche pour la vie annuelle de France a attir\u00e9 environ 10\u00a0000\u00a0participants d\u00e9termin\u00e9s \u00e0 Paris le 19\u00a0janvier\u00a02026, d\u00e9pla\u00e7ant son centre d\u2019int\u00e9r\u00eat de l\u2019avortement \u00e0 la menace imminente de l\u2019euthanasie.\" \/>\n<meta property=\"og:url\" content=\"https:\/\/ifamnews.com\/fr\/la-marche-pour-la-vie-de-paris-cible-leuthanasie-une-position-audacieuse-contre-le-permis-de-tuer\" \/>\n<meta property=\"og:site_name\" content=\"IFN\" \/>\n<meta property=\"article:publisher\" content=\"https:\/\/www.facebook.com\/iFamNews\" \/>\n<meta property=\"article:author\" content=\"https:\/\/www.facebook.com\/iFamNews\/\" \/>\n<meta property=\"article:published_time\" content=\"2026-01-20T15:35:44+00:00\" \/>\n<meta property=\"article:modified_time\" content=\"2026-01-20T18:42:37+00:00\" \/>\n<meta property=\"og:image\" content=\"https:\/\/ifamnews.com\/wp-content\/uploads\/2026\/01\/Untitled-design-2026-01-20T103533.234.png\" \/>\n\t<meta property=\"og:image:width\" content=\"1200\" \/>\n\t<meta property=\"og:image:height\" content=\"675\" \/>\n\t<meta property=\"og:image:type\" content=\"image\/png\" \/>\n<meta name=\"author\" content=\"IFN English\" \/>\n<meta name=\"twitter:card\" content=\"summary_large_image\" \/>\n<meta name=\"twitter:creator\" content=\"@https:\/\/twitter.com\/iFamNewsEN\" \/>\n<meta name=\"twitter:site\" content=\"@iFamNewsEN\" \/>\n<meta name=\"twitter:label1\" content=\"\u00c9crit par\" \/>\n\t<meta name=\"twitter:data1\" content=\"iFamNews\" \/>\n\t<meta name=\"twitter:label2\" content=\"Dur\u00e9e de lecture estim\u00e9e\" \/>\n\t<meta name=\"twitter:data2\" content=\"2 minutes\" \/>\n<!-- \/ Yoast SEO Premium plugin. -->","yoast_head_json":{"title":"La Marche pour la vie de Paris cible l\u2019euthanasie&nbsp;: une position audacieuse contre le \u00ab&nbsp;permis de tuer&nbsp;\u00bb - IFN","description":"La 21e\u00a0Marche pour la vie annuelle de France a attir\u00e9 environ 10\u00a0000\u00a0participants d\u00e9termin\u00e9s \u00e0 Paris le 19\u00a0janvier\u00a02026, d\u00e9pla\u00e7ant son centre d\u2019int\u00e9r\u00eat de l\u2019avortement \u00e0 la menace imminente de l\u2019euthanasie.","robots":{"index":"index","follow":"follow","max-snippet":"max-snippet:-1","max-image-preview":"max-image-preview:large","max-video-preview":"max-video-preview:-1"},"canonical":"https:\/\/ifamnews.com\/fr\/la-marche-pour-la-vie-de-paris-cible-leuthanasie-une-position-audacieuse-contre-le-permis-de-tuer","og_locale":"fr_FR","og_type":"article","og_title":"La Marche pour la vie de Paris cible l\u2019euthanasie&nbsp;: une position audacieuse contre le \u00ab&nbsp;permis de tuer&nbsp;\u00bb","og_description":"La 21e\u00a0Marche pour la vie annuelle de France a attir\u00e9 environ 10\u00a0000\u00a0participants d\u00e9termin\u00e9s \u00e0 Paris le 19\u00a0janvier\u00a02026, d\u00e9pla\u00e7ant son centre d\u2019int\u00e9r\u00eat de l\u2019avortement \u00e0 la menace imminente de l\u2019euthanasie.","og_url":"https:\/\/ifamnews.com\/fr\/la-marche-pour-la-vie-de-paris-cible-leuthanasie-une-position-audacieuse-contre-le-permis-de-tuer","og_site_name":"IFN","article_publisher":"https:\/\/www.facebook.com\/iFamNews","article_author":"https:\/\/www.facebook.com\/iFamNews\/","article_published_time":"2026-01-20T15:35:44+00:00","article_modified_time":"2026-01-20T18:42:37+00:00","og_image":[{"width":1200,"height":675,"url":"https:\/\/ifamnews.com\/wp-content\/uploads\/2026\/01\/Untitled-design-2026-01-20T103533.234.png","type":"image\/png"}],"author":"IFN English","twitter_card":"summary_large_image","twitter_creator":"@https:\/\/twitter.com\/iFamNewsEN","twitter_site":"@iFamNewsEN","twitter_misc":{"\u00c9crit par":"iFamNews","Dur\u00e9e de lecture estim\u00e9e":"2 minutes"},"schema":{"@context":"https:\/\/schema.org","@graph":[{"@type":"NewsArticle","@id":"https:\/\/ifamnews.com\/fr\/la-marche-pour-la-vie-de-paris-cible-leuthanasie-une-position-audacieuse-contre-le-permis-de-tuer#article","isPartOf":{"@id":"https:\/\/ifamnews.com\/fr\/la-marche-pour-la-vie-de-paris-cible-leuthanasie-une-position-audacieuse-contre-le-permis-de-tuer"},"author":{"name":"IFN English","@id":"https:\/\/ifamnews.com\/en\/#\/schema\/person\/633bdb7ac2496c9b9304ce62d071cdfa"},"headline":"La Marche pour la vie de Paris cible l\u2019euthanasie&nbsp;: une position audacieuse contre le \u00ab&nbsp;permis de tuer&nbsp;\u00bb","datePublished":"2026-01-20T15:35:44+00:00","dateModified":"2026-01-20T18:42:37+00:00","mainEntityOfPage":{"@id":"https:\/\/ifamnews.com\/fr\/la-marche-pour-la-vie-de-paris-cible-leuthanasie-une-position-audacieuse-contre-le-permis-de-tuer"},"wordCount":436,"commentCount":0,"publisher":{"@id":"https:\/\/ifamnews.com\/en\/#organization"},"image":{"@id":"https:\/\/ifamnews.com\/fr\/la-marche-pour-la-vie-de-paris-cible-leuthanasie-une-position-audacieuse-contre-le-permis-de-tuer#primaryimage"},"thumbnailUrl":"https:\/\/ifamnews.com\/wp-content\/uploads\/2026\/01\/Untitled-design-2026-01-20T103533.234.png","keywords":["Abortion","Euthanasia","Pro-life","right to life"],"articleSection":["Foreground","Nouvelles r\u00e9centes","Vie"],"inLanguage":"fr-FR","potentialAction":[{"@type":"CommentAction","name":"Comment","target":["https:\/\/ifamnews.com\/fr\/la-marche-pour-la-vie-de-paris-cible-leuthanasie-une-position-audacieuse-contre-le-permis-de-tuer#respond"]}]},{"@type":"WebPage","@id":"https:\/\/ifamnews.com\/fr\/la-marche-pour-la-vie-de-paris-cible-leuthanasie-une-position-audacieuse-contre-le-permis-de-tuer","url":"https:\/\/ifamnews.com\/fr\/la-marche-pour-la-vie-de-paris-cible-leuthanasie-une-position-audacieuse-contre-le-permis-de-tuer","name":"La Marche pour la vie de Paris cible l\u2019euthanasie&nbsp;: une position audacieuse contre le \u00ab&nbsp;permis de tuer&nbsp;\u00bb - IFN","isPartOf":{"@id":"https:\/\/ifamnews.com\/en\/#website"},"primaryImageOfPage":{"@id":"https:\/\/ifamnews.com\/fr\/la-marche-pour-la-vie-de-paris-cible-leuthanasie-une-position-audacieuse-contre-le-permis-de-tuer#primaryimage"},"image":{"@id":"https:\/\/ifamnews.com\/fr\/la-marche-pour-la-vie-de-paris-cible-leuthanasie-une-position-audacieuse-contre-le-permis-de-tuer#primaryimage"},"thumbnailUrl":"https:\/\/ifamnews.com\/wp-content\/uploads\/2026\/01\/Untitled-design-2026-01-20T103533.234.png","datePublished":"2026-01-20T15:35:44+00:00","dateModified":"2026-01-20T18:42:37+00:00","description":"La 21e\u00a0Marche pour la vie annuelle de France a attir\u00e9 environ 10\u00a0000\u00a0participants d\u00e9termin\u00e9s \u00e0 Paris le 19\u00a0janvier\u00a02026, d\u00e9pla\u00e7ant son centre d\u2019int\u00e9r\u00eat de l\u2019avortement \u00e0 la menace imminente de l\u2019euthanasie.","breadcrumb":{"@id":"https:\/\/ifamnews.com\/fr\/la-marche-pour-la-vie-de-paris-cible-leuthanasie-une-position-audacieuse-contre-le-permis-de-tuer#breadcrumb"},"inLanguage":"fr-FR","potentialAction":[{"@type":"ReadAction","target":["https:\/\/ifamnews.com\/fr\/la-marche-pour-la-vie-de-paris-cible-leuthanasie-une-position-audacieuse-contre-le-permis-de-tuer"]}]},{"@type":"ImageObject","inLanguage":"fr-FR","@id":"https:\/\/ifamnews.com\/fr\/la-marche-pour-la-vie-de-paris-cible-leuthanasie-une-position-audacieuse-contre-le-permis-de-tuer#primaryimage","url":"https:\/\/ifamnews.com\/wp-content\/uploads\/2026\/01\/Untitled-design-2026-01-20T103533.234.png","contentUrl":"https:\/\/ifamnews.com\/wp-content\/uploads\/2026\/01\/Untitled-design-2026-01-20T103533.234.png","width":1200,"height":675},{"@type":"BreadcrumbList","@id":"https:\/\/ifamnews.com\/fr\/la-marche-pour-la-vie-de-paris-cible-leuthanasie-une-position-audacieuse-contre-le-permis-de-tuer#breadcrumb","itemListElement":[{"@type":"ListItem","position":1,"name":"Home","item":"https:\/\/ifamnews.com\/de"},{"@type":"ListItem","position":2,"name":"Foreground","item":"https:\/\/ifamnews.com\/fr\/categorie\/foreground-fr"},{"@type":"ListItem","position":3,"name":"La Marche pour la vie de Paris cible l\u2019euthanasie&nbsp;: une position audacieuse contre le \u00ab&nbsp;permis de tuer&nbsp;\u00bb"}]},{"@type":"WebSite","@id":"https:\/\/ifamnews.com\/en\/#website","url":"https:\/\/ifamnews.com\/en\/","name":"IFN","description":"International Family News Network","publisher":{"@id":"https:\/\/ifamnews.com\/en\/#organization"},"potentialAction":[{"@type":"SearchAction","target":{"@type":"EntryPoint","urlTemplate":"https:\/\/ifamnews.com\/en\/?s={search_term_string}"},"query-input":{"@type":"PropertyValueSpecification","valueRequired":true,"valueName":"search_term_string"}}],"inLanguage":"fr-FR"},{"@type":"Organization","@id":"https:\/\/ifamnews.com\/en\/#organization","name":"iFamNews","url":"https:\/\/ifamnews.com\/en\/","logo":{"@type":"ImageObject","inLanguage":"fr-FR","@id":"https:\/\/ifamnews.com\/en\/#\/schema\/logo\/image\/","url":"https:\/\/ifamnews.com\/wp-content\/uploads\/2020\/01\/Share-logo.png","contentUrl":"https:\/\/ifamnews.com\/wp-content\/uploads\/2020\/01\/Share-logo.png","width":200,"height":200,"caption":"iFamNews"},"image":{"@id":"https:\/\/ifamnews.com\/en\/#\/schema\/logo\/image\/"},"sameAs":["https:\/\/www.facebook.com\/iFamNews","https:\/\/x.com\/iFamNewsEN"]},{"@type":"Person","@id":"https:\/\/ifamnews.com\/en\/#\/schema\/person\/633bdb7ac2496c9b9304ce62d071cdfa","name":"IFN English","image":{"@type":"ImageObject","inLanguage":"fr-FR","@id":"https:\/\/secure.gravatar.com\/avatar\/6f16ce95b558ae6f6eb9ae2f68122482a2c61696af2a8fc343c2e10f981a959d?s=96&d=mm&r=g","url":"https:\/\/secure.gravatar.com\/avatar\/6f16ce95b558ae6f6eb9ae2f68122482a2c61696af2a8fc343c2e10f981a959d?s=96&d=mm&r=g","contentUrl":"https:\/\/secure.gravatar.com\/avatar\/6f16ce95b558ae6f6eb9ae2f68122482a2c61696af2a8fc343c2e10f981a959d?s=96&d=mm&r=g","caption":"IFN English"},"description":"Articles published by the English iFamNews editorial team.","sameAs":["https:\/\/ifamnews.com\/en","https:\/\/www.facebook.com\/iFamNews\/","https:\/\/x.com\/https:\/\/twitter.com\/iFamNewsEN","https:\/\/www.youtube.com\/channel\/UCMVyIt4z9BANW3d09kwfUpw"],"url":"https:\/\/ifamnews.com\/fr\/author\/ifamnews-staff"}]}},"amp_enabled":true,"_links":{"self":[{"href":"https:\/\/ifamnews.com\/fr\/wp-json\/wp\/v2\/posts\/272996","targetHints":{"allow":["GET"]}}],"collection":[{"href":"https:\/\/ifamnews.com\/fr\/wp-json\/wp\/v2\/posts"}],"about":[{"href":"https:\/\/ifamnews.com\/fr\/wp-json\/wp\/v2\/types\/post"}],"author":[{"embeddable":true,"href":"https:\/\/ifamnews.com\/fr\/wp-json\/wp\/v2\/users\/593"}],"replies":[{"embeddable":true,"href":"https:\/\/ifamnews.com\/fr\/wp-json\/wp\/v2\/comments?post=272996"}],"version-history":[{"count":1,"href":"https:\/\/ifamnews.com\/fr\/wp-json\/wp\/v2\/posts\/272996\/revisions"}],"predecessor-version":[{"id":272998,"href":"https:\/\/ifamnews.com\/fr\/wp-json\/wp\/v2\/posts\/272996\/revisions\/272998"}],"wp:featuredmedia":[{"embeddable":true,"href":"https:\/\/ifamnews.com\/fr\/wp-json\/wp\/v2\/media\/272997"}],"wp:attachment":[{"href":"https:\/\/ifamnews.com\/fr\/wp-json\/wp\/v2\/media?parent=272996"}],"wp:term":[{"taxonomy":"category","embeddable":true,"href":"https:\/\/ifamnews.com\/fr\/wp-json\/wp\/v2\/categories?post=272996"},{"taxonomy":"post_tag","embeddable":true,"href":"https:\/\/ifamnews.com\/fr\/wp-json\/wp\/v2\/tags?post=272996"}],"curies":[{"name":"wp","href":"https:\/\/api.w.org\/{rel}","templated":true}]}}