{"id":27188,"date":"2020-09-03T08:55:25","date_gmt":"2020-09-03T13:55:25","guid":{"rendered":"https:\/\/ifamnews.com\/?p=27188"},"modified":"2021-05-06T07:35:55","modified_gmt":"2021-05-06T11:35:55","slug":"une-video-scandaleuse-publiee-par-un-diocese-catholique-allemand-appelle-a-labolition-de-lenseignement-de-leglise-sur-la-morale-sexuelle","status":"publish","type":"post","link":"https:\/\/ifamnews.com\/fr\/une-video-scandaleuse-publiee-par-un-diocese-catholique-allemand-appelle-a-labolition-de-lenseignement-de-leglise-sur-la-morale-sexuelle","title":{"rendered":"Une vid\u00e9o scandaleuse publi\u00e9e par un dioc\u00e8se catholique allemand appelle \u00e0 l&rsquo;abolition de l&rsquo;enseignement de l&rsquo;\u00c9glise sur la morale sexuelle"},"content":{"rendered":"<p class=\"last-updated\">Last updated on mai 6th, 2021 at 07:35 am<\/p>\n<p><strong>\u00ab\u00a0Examinez et changez l&rsquo;\u00c9glise\u00a0\u00bb:<\/strong> sous ce titre, le dioc\u00e8se d\u2019Essen (en Allemagne de l\u2019Ouest) a publi\u00e9 une vid\u00e9o (sur <a href=\"https:\/\/facebook.com\/bistumessen\/videos\/378621979962946\/?v=378621979962946\">Facebook<\/a> et <a href=\"https:\/\/youtu.be\/2x7bxQ8er6k\">YouTube<\/a>) dans laquelle les employ\u00e9s du dioc\u00e8se se prononcent en faveur de l\u2019acceptation des \u00ab\u00a0mariages\u00a0\u00bb homosexuels et de l\u2019abolition de l\u2019enseignement moral de l\u2019\u00c9glise sur la sexualit\u00e9.<\/p>\n\n\n\n<p> \u00ab\u00a0Je suis gay, catholique, mari\u00e9 \u00e0 mon mari depuis 2004 et je travaille pour l&rsquo;\u00c9glise catholique depuis 1996. Beaucoup de nos amis demandent toujours: comment est-ce possible? Et, honn\u00eatement, parfois cela me d\u00e9chire de travailler pour une institution qui me rejette et rejette ma sexualit\u00e9 &#8211; notre mariage\u00a0\u00bb, d\u00e9clare Rainer Teuber, membre du personnel du dioc\u00e8se d&rsquo;Essen, dans la vid\u00e9o. <\/p>\n\n\n\n<p> Le programme de \u00ab\u00a0Changer l&rsquo;\u00c9glise\u00a0\u00bb comprend non seulement l&rsquo;acceptation des actes homosexuels , mais aussi l&rsquo;acceptation de la fornication sous forme de cohabitation pr\u00e9nuptiale, ainsi que celle de la communion pour les divorc\u00e9s remari\u00e9s. <\/p>\n\n\n\n<p>\u00ab\u00a0L&rsquo;Eglise blesse les gens\u00a0\u00bb, affirme Sabrina Kuhlmann, conseill\u00e8re pastorale du dioc\u00e8se. \u00ab\u00a0Tous ceux qui ne sont pas h\u00e9t\u00e9rosexuels; tous ceux qui ne se marient pas mais veulent quand m\u00eame vivre ensemble; tous ceux dont les mariages ont \u00e9chou\u00e9 et qui osent une nouvelle tentative, tous ceux-l\u00e0 ne se conforment pas \u00e0 la norme de l&rsquo;\u00c9glise, aussi fid\u00e8les soient-ils.\u00a0\u00bb<\/p>\n\n\n\n<figure class=\"wp-block-embed is-type-video is-provider-youtube wp-block-embed-youtube wp-embed-aspect-16-9 wp-has-aspect-ratio\"><div class=\"wp-block-embed__wrapper\">\n<div class=\"jeg_video_container jeg_video_content\"><iframe loading=\"lazy\" title=\"Kirche pr\u00fcfen und ver\u00e4ndern: Sexuelle Identit\u00e4t und Sexualmoral\" width=\"500\" height=\"281\" src=\"https:\/\/www.youtube.com\/embed\/2x7bxQ8er6k?feature=oembed\" frameborder=\"0\" allow=\"accelerometer; autoplay; clipboard-write; encrypted-media; gyroscope; picture-in-picture; web-share\" referrerpolicy=\"strict-origin-when-cross-origin\" allowfullscreen><\/iframe><\/div>\n<\/div><\/figure>\n\n\n\n<p>Les r\u00e9alisateurs de la vid\u00e9o s\u2019identifient au pr\u00e9tendu \u00ab\u00a0Chemin synodal\u00a0\u00bb de la Conf\u00e9rence \u00e9piscopale allemande. Ce \u00ab\u00a0Chemin synodal\u00a0\u00bb est destin\u00e9 \u00e0 repr\u00e9senter un chemin sp\u00e9cial pour l&rsquo;\u00c9glise en Allemagne, \u00e0 travers lequel l&rsquo;id\u00e9ologie du genre (une image de l&rsquo;homme qui ne correspond pas \u00e0 la th\u00e9ologie de la cr\u00e9ation), l&rsquo;avortement en tant que droit de l&rsquo;homme et la reconnaissance inconditionnelle des partenariats homosexuels doivent \u00eatre progressivement introduits dans l&rsquo;\u00c9glise institutionnalis\u00e9e.<\/p>\n\n\n\n<p>\u00ab\u00a0Quand je regarde vers l\u2019avenir, je souhaite que l\u2019\u00c9glise <strong>s\u2019\u00e9loigne du terme de &lsquo;morale sexuelle&rsquo; et accepte la sexualit\u00e9 de chaque individu.<\/strong> C&rsquo;est un besoin fondamental et nous y avons droit. Je veux red\u00e9finir cela, je veux aller dans cette direction avec l&rsquo;\u00c9glise\u00a0\u00bb, proclame Claudia Fockenberg, directrice du dioc\u00e8se dans la vid\u00e9o, accompagn\u00e9e de musique sentimentale [c&rsquo;est moi qui souligne].<\/p>\n\n\n\n<p>Le soutien actif du dioc\u00e8se (qui a fourni une plateforme pour la production de la vid\u00e9o et sa publication sur Facebook et YouTube) \u00e0 cette initiative est choquant.<\/p>\n\n\n\n<p>La vid\u00e9o r\u00e9p\u00e8te sans aucun doute les platitudes habituelles trop souvent utilis\u00e9es par les opposants \u00e0 l&rsquo;\u00c9glise pour attaquer son enseignement coh\u00e9rent. La vid\u00e9o ne mentionne pas les d\u00e9clarations du Magist\u00e8re de l&rsquo;\u00c9glise sur l&rsquo;homosexualit\u00e9, les projets pastoraux constructifs visant \u00e0 aider les personnes \u00e0 tendance homosexuelle, ni m\u00eame les <a href=\"https:\/\/independent.co.uk\/news\/people\/news\/pope-francis-warns-that-same-sex-marriage-threatens-the-family-and-disfigures-gods-plan-for-creation-9986028.html\">mises en garde du pape Fran\u00e7ois<\/a> contre les aspirations de ceux qui veulent \u00ab\u00a0red\u00e9finir\u00a0\u00bb l\u00a0\u00bb\u00a0\u00bbinstitution du mariage\u00a0\u00bb, que le pape a qualifi\u00e9 \u00e0 plusieurs reprises de \u00ab\u00a0menace pour la famille\u00a0\u00bb.<\/p>\n\n\n\n<p>La vid\u00e9o r\u00e9clame l&rsquo;abolition compl\u00e8te de cette \u00ab\u00a0morale sexuelle\u00a0\u00bb et \u00ab\u00a0l&rsquo;inclusion\u00a0\u00bb des mariages homosexuels qui devraient \u00eatre c\u00e9l\u00e9br\u00e9s, non pas comme une \u00ab\u00a0perte de valeurs\u00a0\u00bb, mais comme un \u00ab\u00a0enrichissement\u00a0\u00bb. C&rsquo;est un discours diam\u00e9tralement oppos\u00e9 \u00e0 la doctrine de l&rsquo;\u00c9glise et aussi \u00e0 la compr\u00e9hension naturelle de la famille comme issue de l&rsquo;union entre un homme et une femme. La morale devrait \u00eatre \u00e9chang\u00e9e contre une \u00ab\u00a0\u00e9thique des relations\u00a0\u00bb adaptable &#8211; \u00e0 volont\u00e9 &#8211; aux convictions de l&rsquo;individu dans la sph\u00e8re sexuelle.<\/p>\n\n\n\n<p>L&rsquo;une des exigences est que la th\u00e9ologie reconnaisse les \u00ab\u00a0nouvelles d\u00e9couvertes\u00a0\u00bb des sciences humaines et s&rsquo;incline devant elles: l&rsquo;enseignement \u00e9ternellement valable de l&rsquo;\u00c9glise, fond\u00e9 sur la R\u00e9v\u00e9lation et la <em>philosophia perennis<\/em>, est ainsi rejet\u00e9 comme d\u00e9pass\u00e9, obsol\u00e8te et sans valeur.<\/p>\n\n\n\n<p>Il est malheureux qu&rsquo;une attaque aussi flagrante contre la v\u00e9rit\u00e9 sur l&rsquo;humanit\u00e9 soit promue et financ\u00e9e par un dioc\u00e8se de l&rsquo;\u00c9glise catholique! Mais surtout, de telles d\u00e9clarations favorisent une fausse compr\u00e9hension des enseignements de l\u2019\u00c9glise sur l\u2019homme et sa sexualit\u00e9 et r\u00e9p\u00e8tent les critiques de l\u2019\u00c9glise avec des slogans d\u00e9nu\u00e9s de sens &#8211; diffus\u00e9s par des \u00ab\u00a0employ\u00e9s\u00a0\u00bb de l\u2019\u00c9glise. Dans le m\u00eame temps, les initiatives pastorales pour les personnes ayant des penchants homosexuels &#8211; comme <a href=\"https:\/\/couragerc.org\/\">Courage International<\/a> &#8211; ne sont m\u00eame pas mentionn\u00e9es.<\/p>\n\n\n\n<p>Y aura-t-il une r\u00e9action du dioc\u00e8se? Ces employ\u00e9s seront-ils licenci\u00e9s? Y aura-t-il une clarification de la part de Mgr Franz-Josef Overbeck? Nous ne pouvons qu&rsquo;attendre, mais probablement en vain.<\/p>\n","protected":false},"excerpt":{"rendered":"<p>Supprimer le terme \u00ab\u00a0morale sexuelle\u00a0\u00bb et accepter \u00ab\u00a0chaque personne avec sa sexualit\u00e9\u00a0\u00bb &#8211; tel est le message de la vid\u00e9o, diffus\u00e9e avec l&rsquo;approbation de l&rsquo;\u00c9glise.<\/p>\n","protected":false},"author":94,"featured_media":70049,"comment_status":"open","ping_status":"open","sticky":false,"template":"","format":"standard","meta":{"give_campaign_id":0,"om_disable_all_campaigns":false,"_monsterinsights_skip_tracking":false,"_monsterinsights_sitenote_active":false,"_monsterinsights_sitenote_note":"","_monsterinsights_sitenote_category":0,"mc4wp_mailchimp_campaign":[],"jnews-multi-image_gallery":[],"jnews_single_post":{"subtitle":"Supprimer le terme \"morale sexuelle\" et accepter \"chaque personne avec sa sexualit\u00e9\" - tel est le message de la vid\u00e9o, diffus\u00e9e avec l'approbation de l'\u00c9glise.","format":"standard","video":"","gallery":"","source_name":"","source_url":"","via_name":"","via_url":"","override":[{"single_blog_custom":"","sidebar":"","second_sidebar":"","share_position":"","share_float_style":"","post_date_format":"","post_date_format_custom":"","post_reading_time_wpm":"","zoom_button_out_step":"1","zoom_button_in_step":"1","number_popup_post":"1"}],"image_override":[{"single_post_thumbnail_size":"","single_post_gallery_size":""}],"trending_post_position":"","trending_post_label":"","sponsored_post_label":"","sponsored_post_name":"","sponsored_post_url":"","sponsored_post_logo":"","sponsored_post_desc":""},"jnews_primary_category":{"id":"762"},"jnews_social_meta":{"fb_title":"","fb_description":"","fb_image":"","twitter_title":"","twitter_description":"","twitter_image":""},"jnews_override_counter":{"view_counter_number":"0","share_counter_number":"0","like_counter_number":"0","override_dislike_counter":"1","dislike_counter_number":"0"},"footnotes":""},"categories":[762,809,813],"tags":[9436],"class_list":["post-27188","post","type-post","status-publish","format-standard","has-post-thumbnail","hentry","category-culture-fr","category-foreground-fr","category-breaking-news-fr","tag-germany-fr-2"],"yoast_head":"<!-- This site is optimized with the Yoast SEO Premium plugin v25.9 (Yoast SEO v27.3) - https:\/\/yoast.com\/product\/yoast-seo-premium-wordpress\/ -->\n<title>Une vid\u00e9o scandaleuse publi\u00e9e par un dioc\u00e8se catholique allemand appelle \u00e0 l&#039;abolition de l&#039;enseignement de l&#039;\u00c9glise sur la morale sexuelle - IFN<\/title>\n<meta name=\"robots\" content=\"index, follow, max-snippet:-1, max-image-preview:large, max-video-preview:-1\" \/>\n<link rel=\"canonical\" href=\"https:\/\/ifamnews.com\/fr\/une-video-scandaleuse-publiee-par-un-diocese-catholique-allemand-appelle-a-labolition-de-lenseignement-de-leglise-sur-la-morale-sexuelle\" \/>\n<meta property=\"og:locale\" content=\"fr_FR\" \/>\n<meta property=\"og:type\" content=\"article\" \/>\n<meta property=\"og:title\" content=\"Une vid\u00e9o scandaleuse publi\u00e9e par un dioc\u00e8se catholique allemand appelle \u00e0 l&#039;abolition de l&#039;enseignement de l&#039;\u00c9glise sur la morale sexuelle\" \/>\n<meta property=\"og:description\" content=\"Supprimer le terme &quot;morale sexuelle&quot; et accepter &quot;chaque personne avec sa sexualit\u00e9&quot; - tel est le message de la vid\u00e9o, diffus\u00e9e avec l&#039;approbation de l&#039;\u00c9glise.\" \/>\n<meta property=\"og:url\" content=\"https:\/\/ifamnews.com\/fr\/une-video-scandaleuse-publiee-par-un-diocese-catholique-allemand-appelle-a-labolition-de-lenseignement-de-leglise-sur-la-morale-sexuelle\" \/>\n<meta property=\"og:site_name\" content=\"IFN\" \/>\n<meta property=\"article:publisher\" content=\"https:\/\/www.facebook.com\/iFamNews\" \/>\n<meta property=\"article:published_time\" content=\"2020-09-03T13:55:25+00:00\" \/>\n<meta property=\"article:modified_time\" content=\"2021-05-06T11:35:55+00:00\" \/>\n<meta property=\"og:image\" content=\"https:\/\/ifamnews.com\/wp-content\/uploads\/2021\/05\/System-Kirche-prufen.png\" \/>\n\t<meta property=\"og:image:width\" content=\"1529\" \/>\n\t<meta property=\"og:image:height\" content=\"1025\" \/>\n\t<meta property=\"og:image:type\" content=\"image\/png\" \/>\n<meta name=\"author\" content=\"Jan Bentz\" \/>\n<meta name=\"twitter:card\" content=\"summary_large_image\" \/>\n<meta name=\"twitter:creator\" content=\"@iFamNewsEN\" \/>\n<meta name=\"twitter:site\" content=\"@iFamNewsEN\" \/>\n<meta name=\"twitter:label1\" content=\"\u00c9crit par\" \/>\n\t<meta name=\"twitter:data1\" content=\"Jan Bentz\" \/>\n\t<meta name=\"twitter:label2\" content=\"Dur\u00e9e de lecture estim\u00e9e\" \/>\n\t<meta name=\"twitter:data2\" content=\"4 minutes\" \/>\n<!-- \/ Yoast SEO Premium plugin. -->","yoast_head_json":{"title":"Une vid\u00e9o scandaleuse publi\u00e9e par un dioc\u00e8se catholique allemand appelle \u00e0 l'abolition de l'enseignement de l'\u00c9glise sur la morale sexuelle - IFN","robots":{"index":"index","follow":"follow","max-snippet":"max-snippet:-1","max-image-preview":"max-image-preview:large","max-video-preview":"max-video-preview:-1"},"canonical":"https:\/\/ifamnews.com\/fr\/une-video-scandaleuse-publiee-par-un-diocese-catholique-allemand-appelle-a-labolition-de-lenseignement-de-leglise-sur-la-morale-sexuelle","og_locale":"fr_FR","og_type":"article","og_title":"Une vid\u00e9o scandaleuse publi\u00e9e par un dioc\u00e8se catholique allemand appelle \u00e0 l'abolition de l'enseignement de l'\u00c9glise sur la morale sexuelle","og_description":"Supprimer le terme \"morale sexuelle\" et accepter \"chaque personne avec sa sexualit\u00e9\" - tel est le message de la vid\u00e9o, diffus\u00e9e avec l'approbation de l'\u00c9glise.","og_url":"https:\/\/ifamnews.com\/fr\/une-video-scandaleuse-publiee-par-un-diocese-catholique-allemand-appelle-a-labolition-de-lenseignement-de-leglise-sur-la-morale-sexuelle","og_site_name":"IFN","article_publisher":"https:\/\/www.facebook.com\/iFamNews","article_published_time":"2020-09-03T13:55:25+00:00","article_modified_time":"2021-05-06T11:35:55+00:00","og_image":[{"width":1529,"height":1025,"url":"https:\/\/ifamnews.com\/wp-content\/uploads\/2021\/05\/System-Kirche-prufen.png","type":"image\/png"}],"author":"Jan Bentz","twitter_card":"summary_large_image","twitter_creator":"@iFamNewsEN","twitter_site":"@iFamNewsEN","twitter_misc":{"\u00c9crit par":"Jan Bentz","Dur\u00e9e de lecture estim\u00e9e":"4 minutes"},"schema":{"@context":"https:\/\/schema.org","@graph":[{"@type":"NewsArticle","@id":"https:\/\/ifamnews.com\/fr\/une-video-scandaleuse-publiee-par-un-diocese-catholique-allemand-appelle-a-labolition-de-lenseignement-de-leglise-sur-la-morale-sexuelle#article","isPartOf":{"@id":"https:\/\/ifamnews.com\/fr\/une-video-scandaleuse-publiee-par-un-diocese-catholique-allemand-appelle-a-labolition-de-lenseignement-de-leglise-sur-la-morale-sexuelle"},"author":{"name":"Jan Bentz","@id":"https:\/\/ifamnews.com\/en\/#\/schema\/person\/ab41b70fafcdfd12a7774eb96573cc72"},"headline":"Une vid\u00e9o scandaleuse publi\u00e9e par un dioc\u00e8se catholique allemand appelle \u00e0 l&rsquo;abolition de l&rsquo;enseignement de l&rsquo;\u00c9glise sur la morale sexuelle","datePublished":"2020-09-03T13:55:25+00:00","dateModified":"2021-05-06T11:35:55+00:00","mainEntityOfPage":{"@id":"https:\/\/ifamnews.com\/fr\/une-video-scandaleuse-publiee-par-un-diocese-catholique-allemand-appelle-a-labolition-de-lenseignement-de-leglise-sur-la-morale-sexuelle"},"wordCount":815,"commentCount":0,"publisher":{"@id":"https:\/\/ifamnews.com\/en\/#organization"},"image":{"@id":"https:\/\/ifamnews.com\/fr\/une-video-scandaleuse-publiee-par-un-diocese-catholique-allemand-appelle-a-labolition-de-lenseignement-de-leglise-sur-la-morale-sexuelle#primaryimage"},"thumbnailUrl":"https:\/\/ifamnews.com\/wp-content\/uploads\/2021\/05\/System-Kirche-prufen.png","keywords":["Germany"],"articleSection":["Culture","Foreground","Nouvelles r\u00e9centes"],"inLanguage":"fr-FR","potentialAction":[{"@type":"CommentAction","name":"Comment","target":["https:\/\/ifamnews.com\/fr\/une-video-scandaleuse-publiee-par-un-diocese-catholique-allemand-appelle-a-labolition-de-lenseignement-de-leglise-sur-la-morale-sexuelle#respond"]}]},{"@type":"WebPage","@id":"https:\/\/ifamnews.com\/fr\/une-video-scandaleuse-publiee-par-un-diocese-catholique-allemand-appelle-a-labolition-de-lenseignement-de-leglise-sur-la-morale-sexuelle","url":"https:\/\/ifamnews.com\/fr\/une-video-scandaleuse-publiee-par-un-diocese-catholique-allemand-appelle-a-labolition-de-lenseignement-de-leglise-sur-la-morale-sexuelle","name":"Une vid\u00e9o scandaleuse publi\u00e9e par un dioc\u00e8se catholique allemand appelle \u00e0 l'abolition de l'enseignement de l'\u00c9glise sur la morale sexuelle - IFN","isPartOf":{"@id":"https:\/\/ifamnews.com\/en\/#website"},"primaryImageOfPage":{"@id":"https:\/\/ifamnews.com\/fr\/une-video-scandaleuse-publiee-par-un-diocese-catholique-allemand-appelle-a-labolition-de-lenseignement-de-leglise-sur-la-morale-sexuelle#primaryimage"},"image":{"@id":"https:\/\/ifamnews.com\/fr\/une-video-scandaleuse-publiee-par-un-diocese-catholique-allemand-appelle-a-labolition-de-lenseignement-de-leglise-sur-la-morale-sexuelle#primaryimage"},"thumbnailUrl":"https:\/\/ifamnews.com\/wp-content\/uploads\/2021\/05\/System-Kirche-prufen.png","datePublished":"2020-09-03T13:55:25+00:00","dateModified":"2021-05-06T11:35:55+00:00","breadcrumb":{"@id":"https:\/\/ifamnews.com\/fr\/une-video-scandaleuse-publiee-par-un-diocese-catholique-allemand-appelle-a-labolition-de-lenseignement-de-leglise-sur-la-morale-sexuelle#breadcrumb"},"inLanguage":"fr-FR","potentialAction":[{"@type":"ReadAction","target":["https:\/\/ifamnews.com\/fr\/une-video-scandaleuse-publiee-par-un-diocese-catholique-allemand-appelle-a-labolition-de-lenseignement-de-leglise-sur-la-morale-sexuelle"]}]},{"@type":"ImageObject","inLanguage":"fr-FR","@id":"https:\/\/ifamnews.com\/fr\/une-video-scandaleuse-publiee-par-un-diocese-catholique-allemand-appelle-a-labolition-de-lenseignement-de-leglise-sur-la-morale-sexuelle#primaryimage","url":"https:\/\/ifamnews.com\/wp-content\/uploads\/2021\/05\/System-Kirche-prufen.png","contentUrl":"https:\/\/ifamnews.com\/wp-content\/uploads\/2021\/05\/System-Kirche-prufen.png","width":1529,"height":1025},{"@type":"BreadcrumbList","@id":"https:\/\/ifamnews.com\/fr\/une-video-scandaleuse-publiee-par-un-diocese-catholique-allemand-appelle-a-labolition-de-lenseignement-de-leglise-sur-la-morale-sexuelle#breadcrumb","itemListElement":[{"@type":"ListItem","position":1,"name":"Home","item":"https:\/\/ifamnews.com\/de"},{"@type":"ListItem","position":2,"name":"\u0413\u043b\u0430\u0432\u043d\u0430 \u0432\u0435\u0441\u0442","item":"https:\/\/ifamnews.com\/sr\/kategorija\/glavna-vest"},{"@type":"ListItem","position":3,"name":"Une vid\u00e9o scandaleuse publi\u00e9e par un dioc\u00e8se catholique allemand appelle \u00e0 l&#8217;abolition de l&#8217;enseignement de l&#8217;\u00c9glise sur la morale sexuelle"}]},{"@type":"WebSite","@id":"https:\/\/ifamnews.com\/en\/#website","url":"https:\/\/ifamnews.com\/en\/","name":"IFN","description":"International Family News Network","publisher":{"@id":"https:\/\/ifamnews.com\/en\/#organization"},"potentialAction":[{"@type":"SearchAction","target":{"@type":"EntryPoint","urlTemplate":"https:\/\/ifamnews.com\/en\/?s={search_term_string}"},"query-input":{"@type":"PropertyValueSpecification","valueRequired":true,"valueName":"search_term_string"}}],"inLanguage":"fr-FR"},{"@type":"Organization","@id":"https:\/\/ifamnews.com\/en\/#organization","name":"iFamNews","url":"https:\/\/ifamnews.com\/en\/","logo":{"@type":"ImageObject","inLanguage":"fr-FR","@id":"https:\/\/ifamnews.com\/en\/#\/schema\/logo\/image\/","url":"https:\/\/ifamnews.com\/wp-content\/uploads\/2020\/01\/Share-logo.png","contentUrl":"https:\/\/ifamnews.com\/wp-content\/uploads\/2020\/01\/Share-logo.png","width":200,"height":200,"caption":"iFamNews"},"image":{"@id":"https:\/\/ifamnews.com\/en\/#\/schema\/logo\/image\/"},"sameAs":["https:\/\/www.facebook.com\/iFamNews","https:\/\/x.com\/iFamNewsEN"]},{"@type":"Person","@id":"https:\/\/ifamnews.com\/en\/#\/schema\/person\/ab41b70fafcdfd12a7774eb96573cc72","name":"Jan Bentz","image":{"@type":"ImageObject","inLanguage":"fr-FR","@id":"https:\/\/secure.gravatar.com\/avatar\/bb3fc3e4fb197942a1cfea0d80ee06db641796022af0fb8bf02c8651eac05980?s=96&d=mm&r=g","url":"https:\/\/secure.gravatar.com\/avatar\/bb3fc3e4fb197942a1cfea0d80ee06db641796022af0fb8bf02c8651eac05980?s=96&d=mm&r=g","contentUrl":"https:\/\/secure.gravatar.com\/avatar\/bb3fc3e4fb197942a1cfea0d80ee06db641796022af0fb8bf02c8651eac05980?s=96&d=mm&r=g","caption":"Jan Bentz"},"description":"Dr. phil. Jan C. Bentz was born and raised in Germany, and graduated from High School in St. Louis (MI) as a foreign exchange student. Professor Bentz holds a doctorate in Philosophy (Dr. phil.) from the Pontifical Athenaeum Regina Apostolorum in Rome, a Master\u2019s in Sacred Art, Architecture, and Liturgy and a Master\u2019s in Church and Religious Studies. During his career as a journalist he has contributed to EWTN in English and German,\u00a0Inside the Vatican,\u00a0The Catholic Herald,\u00a0Catholic News Agency,\u00a0J\u00fcdische Rundschau,\u00a0and\u00a0Nasze Slowo. He worked as a producer for EWTN focusing on the Vatican, the Pope, and Rome in general. His fields of expertise in Philosophy include the history of philosophy and the history of philosophy of art. Prof. Bentz teaches Philosophy for\u00a0The Catholic University of America,\u00a0Christendom College, and\u00a0IES Study Abroad\u00a0in Rome.","url":"https:\/\/ifamnews.com\/fr\/author\/jbentzifamnews-com"}]}},"amp_enabled":true,"_links":{"self":[{"href":"https:\/\/ifamnews.com\/fr\/wp-json\/wp\/v2\/posts\/27188","targetHints":{"allow":["GET"]}}],"collection":[{"href":"https:\/\/ifamnews.com\/fr\/wp-json\/wp\/v2\/posts"}],"about":[{"href":"https:\/\/ifamnews.com\/fr\/wp-json\/wp\/v2\/types\/post"}],"author":[{"embeddable":true,"href":"https:\/\/ifamnews.com\/fr\/wp-json\/wp\/v2\/users\/94"}],"replies":[{"embeddable":true,"href":"https:\/\/ifamnews.com\/fr\/wp-json\/wp\/v2\/comments?post=27188"}],"version-history":[{"count":3,"href":"https:\/\/ifamnews.com\/fr\/wp-json\/wp\/v2\/posts\/27188\/revisions"}],"predecessor-version":[{"id":70059,"href":"https:\/\/ifamnews.com\/fr\/wp-json\/wp\/v2\/posts\/27188\/revisions\/70059"}],"wp:featuredmedia":[{"embeddable":true,"href":"https:\/\/ifamnews.com\/fr\/wp-json\/wp\/v2\/media\/70049"}],"wp:attachment":[{"href":"https:\/\/ifamnews.com\/fr\/wp-json\/wp\/v2\/media?parent=27188"}],"wp:term":[{"taxonomy":"category","embeddable":true,"href":"https:\/\/ifamnews.com\/fr\/wp-json\/wp\/v2\/categories?post=27188"},{"taxonomy":"post_tag","embeddable":true,"href":"https:\/\/ifamnews.com\/fr\/wp-json\/wp\/v2\/tags?post=27188"}],"curies":[{"name":"wp","href":"https:\/\/api.w.org\/{rel}","templated":true}]}}