{"id":263415,"date":"2025-09-13T10:02:53","date_gmt":"2025-09-13T14:02:53","guid":{"rendered":"https:\/\/ifamnews.com\/cet-assassinat-tait-pr-visible"},"modified":"2025-09-13T13:49:55","modified_gmt":"2025-09-13T17:49:55","slug":"cet-assassinat-tait-pr-visible","status":"publish","type":"post","link":"https:\/\/ifamnews.com\/fr\/cet-assassinat-tait-pr-visible","title":{"rendered":"Cet assassinat \u00e9tait pr\u00e9visible"},"content":{"rendered":"\n<p>L&rsquo;assassinat de Charlie Kirk \u00e9tait un acte politique perp\u00e9tr\u00e9 par quelqu&rsquo;un qui ha\u00efssait ses positions sur des questions importantes.<\/p>\n\n<p>Malheureusement, cet \u00e9v\u00e9nement tragique \u00e9tait pr\u00e9visible. En fait, nous, \u00e0 la National Organization for Marriage (NOM), avions pr\u00e9dit il y a de nombreuses ann\u00e9es que nous en arriverions in\u00e9vitablement \u00e0 ce point. <\/p>\n\n<p>L&rsquo;opposition manifeste de Kirk \u00e0 l&rsquo;id\u00e9ologie transgenre \u00e9tait devenue l&rsquo;une de ses positions les plus controvers\u00e9es sur les questions culturelles. Il \u00e9tait \u00e9galement un fervent d\u00e9fenseur du mariage traditionnel. <\/p>\n\n<p>Charlie a \u00e9t\u00e9 abattu imm\u00e9diatement apr\u00e8s qu&rsquo;on lui ait demand\u00e9 lors du rassemblement d&rsquo;expliquer sa position sur l&rsquo;id\u00e9ologie transgenre. Nous verrons au fil de l&rsquo;enqu\u00eate comment cet aspect de la haine que le tueur portait aux opinions de Charlie sur ces questions a contribu\u00e9 \u00e0 son assassinat. <\/p>\n\n<p>Quelles que soient les motivations tordues du tueur, NOM a \u00e9t\u00e9 parmi les premiers \u00e0 pr\u00e9dire que c&rsquo;est l\u00e0 o\u00f9 la gauche en arriverait \u2013 tuer leurs opposants s&rsquo;ils ne pouvaient pas les annuler ou les contraindre au silence.<\/p>\n\n<p>J&rsquo;ai personnellement fait l&rsquo;exp\u00e9rience de leur haine et de leurs menaces, tout comme d&rsquo;autres membres de l&rsquo;\u00e9quipe de NOM.<\/p>\n\n<p>Une grande partie de ce comportement haineux a commenc\u00e9 pendant la campagne de la Proposition 8 sur le mariage. Beaucoup d&rsquo;entre nous travaillant sur cette campagne ont re\u00e7u des menaces de mort. J&rsquo;ai \u00e9t\u00e9 agress\u00e9 par un militant homosexuel alors que je plantais une pancarte \u00ab Oui \u00e0 la 8 \u00bb. Un b\u00e9n\u00e9vole lors d&rsquo;un rassemblement \u00e0 l&rsquo;\u00e9glise a \u00e9t\u00e9 similairement agress\u00e9. Les noms et adresses personnelles des donateurs ont \u00e9t\u00e9 divulgu\u00e9s et cartographi\u00e9s, indiquant aux gens o\u00f9 aller pour les confronter. De la poudre blanche, soup\u00e7onn\u00e9e d&rsquo;\u00eatre de l&rsquo;anthrax, a \u00e9t\u00e9 envoy\u00e9e \u00e0 des \u00e9glises et groupes religieux importants. Les voitures des partisans avec des autocollants \u00ab Oui \u00e0 la 8 \u00bb ont \u00e9t\u00e9 endommag\u00e9es et leurs vitres bris\u00e9es. Notre directeur de campagne a d\u00fb embaucher des gardes de s\u00e9curit\u00e9 arm\u00e9s pour prot\u00e9ger son personnel des radicaux LGBT qui avaient pris d&rsquo;assaut son bureau.       <\/p>\n\n<p>Tragiquement, ces attaques n&rsquo;ont pas \u00e9t\u00e9 condamn\u00e9es par les m\u00e9dias ou les dirigeants politiques. En fait, elles ont \u00e9t\u00e9 excus\u00e9es comme \u00e9tant \u00ab compr\u00e9hensibles \u00bb car de nombreuses \u00e9lites consid\u00e9raient l&rsquo;opposition au \u00ab mariage \u00bb homosexuel comme \u00e9tant \u00ab m\u00e9chante \u00bb. <\/p>\n\n<p>Depuis lors, les attaques de la gauche n&rsquo;ont fait que s&rsquo;intensifier. Des militants pro-vie pacifiques ont \u00e9t\u00e9 arr\u00eat\u00e9s et poursuivis pour avoir pri\u00e9 devant des cliniques d&rsquo;avortement, leurs maisons ont \u00e9t\u00e9 perquisitionn\u00e9es \u00e0 l&rsquo;aube par des agents arm\u00e9s. Des m\u00e8res qui s&rsquo;opposaient lors de r\u00e9unions de conseils scolaires \u00e0 ce que leurs enfants soient forc\u00e9s d&rsquo;\u00e9tudier des questions LGBT en classe ont \u00e9t\u00e9 \u00e9tiquet\u00e9es comme \u00ab terroristes domestiques \u00bb. Des p\u00e8res qui s&rsquo;opposaient \u00e0 ce que leurs filles soient confront\u00e9es \u00e0 des hommes biologiques dans les toilettes ont \u00e9t\u00e9 menott\u00e9s et arr\u00eat\u00e9s de force lorsqu&rsquo;ils protestaient. Des professionnels cr\u00e9atifs chr\u00e9tiens \u2013 boulangers, cr\u00e9ateurs de v\u00eatements, fleuristes, etc. \u2013 ont \u00e9t\u00e9 poursuivis en justice, condamn\u00e9s \u00e0 des amendes et dans certains cas mis en faillite.     <\/p>\n\n<p>Les exemples de haine auxquels j&rsquo;ai \u00e9t\u00e9 confront\u00e9 sont trop nombreux pour \u00eatre mentionn\u00e9s. L&rsquo;un de mes jeunes enfants a m\u00eame \u00e9t\u00e9 approch\u00e9 \u2013 alors qu&rsquo;il \u00e9tait dans une poussette \u2013 et on lui a demand\u00e9 s&rsquo;il \u00e9tait \u00e9lev\u00e9 comme \u00ab un bon petit bigot \u00bb. <\/p>\n\n<p>L&rsquo;exemple le plus effrayant de haine de la gauche que j&rsquo;ai v\u00e9cu a \u00e9t\u00e9 de d\u00e9couvrir que j&rsquo;\u00e9tais personnellement sur la liste des personnes qu&rsquo;un assaillant voulait assassiner lorsqu&rsquo;il a ouvert le feu sur des personnes au bureau du Family Research Council \u00e0 Washington.<\/p>\n\n<p>Cela doit cesser.<\/p>\n\n<p>Nous ne pouvons pas accepter d&rsquo;\u00eatre r\u00e9duits au silence. Nous ne pouvons pas permettre au lobby LGBT de faire pression et de cibler ceux qui s&rsquo;opposent \u00e0 leur programme dangereux. Nous ne pouvons pas permettre que le mensonge du \u00ab mariage \u00bb homosexuel reste dans nos lois et soit consid\u00e9r\u00e9 comme un \u00ab droit \u00bb constitutionnel. Nous ne pouvons pas permettre \u00e0 l&rsquo;id\u00e9ologie transgenre de continuer \u00e0 prolif\u00e9rer. Elle doit \u00eatre \u00e9radiqu\u00e9e. Nous ne pouvons pas permettre que les personnes de foi continuent d&rsquo;\u00eatre punies pour vivre selon leurs croyances.     <\/p>\n\n<p>Les attaques contre les personnes de foi qui restent fermes sur les valeurs traditionnelles se sont manifest\u00e9es de diverses mani\u00e8res, petites et grandes. Nous sommes \u00e9tiquet\u00e9s comme haineux, homophobes, transphobes et d\u00e9plorables. Beaucoup d&rsquo;entre nous ont vu leurs comptes bancaires annul\u00e9s. Les attaques personnelles sur les r\u00e9seaux sociaux sont courantes. Les attaques m\u00e9diatiques contre nos r\u00e9putations sont \u00e9galement courantes. Avant l&rsquo;arriv\u00e9e d&rsquo;Elon Musk, toute publication sur les r\u00e9seaux sociaux risquait de faire suspendre votre compte, ou pire.     <\/p>\n\n<p>Encore une fois, cela doit cesser.<\/p>\n\n<p>L&rsquo;assassinat de Charlie Kirk a mis en lumi\u00e8re les enjeux de la bataille culturelle que nous menons pour la v\u00e9rit\u00e9 sur le mariage, le genre, la vie, la libert\u00e9 religieuse et les questions culturelles similaires. La gauche a essay\u00e9 de nous annuler. Pendant des ann\u00e9es, il y a eu des menaces selon lesquelles nous devrions mourir. Maintenant, ils ont effectivement tu\u00e9 l&rsquo;un de nos leaders les plus inspirants.   <\/p>\n\n<p>Il est temps pour le mouvement conservateur et les personnes de foi de s&rsquo;unir pour lutter pour ce que nous savons \u00eatre juste. Nous devons nous battre pour le mariage, la vie, la libert\u00e9 religieuse, la v\u00e9rit\u00e9 sur le genre et les questions similaires qui sont cruciales pour une soci\u00e9t\u00e9 florissante et des familles prosp\u00e8res. <\/p>\n\n<p>Lorsque quelqu&rsquo;un de la gauche tente de d\u00e9nigrer la croyance dans les valeurs traditionnelles et les id\u00e9aux am\u00e9ricains, nous devons riposter \u2013 respectueusement mais fermement.<\/p>\n\n<p>Il est temps pour nous d&rsquo;\u00eatre plus impliqu\u00e9s dans le d\u00e9bat politique, pas moins ; plus impliqu\u00e9s dans le soutien aux candidats et aux groupes m\u00e9ritants, pas moins ; plus impliqu\u00e9s dans l&rsquo;activisme de base, pas moins ; plus impliqu\u00e9s dans les dons aux causes et candidats m\u00e9ritants, pas moins ; plus expressifs dans nos opinions dans les forums publics, pas moins ; et plus impliqu\u00e9s dans la pri\u00e8re, pas moins.<\/p>\n\n<p>Dans tout cela, nous devons adopter une approche christique dans nos actions et communications. Nous devons aimer nos opposants, m\u00eame si nous ne sommes pas d&rsquo;accord avec eux, mais nous devons fermement communiquer ce que nous savons \u00eatre vrai dans nos c\u0153urs. <\/p>\n\n<p>Nous prions pour la veuve et les enfants de Charlie afin que Dieu leur apporte d&rsquo;une mani\u00e8re ou d&rsquo;une autre r\u00e9confort et paix durant cette trag\u00e9die impensable. Nous trouvons du r\u00e9confort dans le fait que Charlie et son \u00e9pouse Erika ont une foi chr\u00e9tienne profonde. <\/p>\n\n<p>Nous prions \u00e9galement pour que cette horrible trag\u00e9die \u00e9veille les gens \u00e0 travers l&rsquo;Am\u00e9rique aux dangers auxquels nous sommes confront\u00e9s en tant que nation face \u00e0 l&rsquo;id\u00e9ologie de gauche qui devient de plus en plus d\u00e9s\u00e9quilibr\u00e9e.<\/p>\n\n<p>NOM s&rsquo;engage \u00e0 jouer un r\u00f4le cl\u00e9 dans ce nouvel \u00e9veil. Nous vous invitons \u00e0 nous rejoindre. <\/p>\n\n<p class=\"has-small-font-size\"><strong>Brian S. Brown est le Pr\u00e9sident de la National Organization for Marriage (NOM) et de l&rsquo;International Organization for the Family (IOF). Il est depuis de nombreuses ann\u00e9es l&rsquo;un des conservateurs sociaux les plus \u00e9minents d&rsquo;Am\u00e9rique. Vous pouvez le contacter \u00e0 bbrown@nationformarriage.org.  <\/strong><\/p>\n\n<p><\/p>\n","protected":false},"excerpt":{"rendered":"<p>L&rsquo;assassinat de Charlie Kirk \u00e9tait un acte politique perp\u00e9tr\u00e9 par quelqu&rsquo;un qui ha\u00efssait ses positions sur des questions importantes. Malheureusement, cet \u00e9v\u00e9nement tragique \u00e9tait pr\u00e9visible. En fait, nous, \u00e0 la National Organization for Marriage (NOM), avions pr\u00e9dit il y a de nombreuses ann\u00e9es que nous en arriverions in\u00e9vitablement \u00e0 ce point. L&rsquo;opposition manifeste de Kirk [&hellip;]<\/p>\n","protected":false},"author":21,"featured_media":263302,"comment_status":"open","ping_status":"open","sticky":false,"template":"","format":"standard","meta":{"give_campaign_id":0,"om_disable_all_campaigns":false,"_monsterinsights_skip_tracking":false,"_monsterinsights_sitenote_active":false,"_monsterinsights_sitenote_note":"","_monsterinsights_sitenote_category":0,"mc4wp_mailchimp_campaign":[],"jnews-multi-image_gallery":[],"jnews_single_post":[],"jnews_primary_category":[],"jnews_social_meta":[],"jnews_override_counter":[],"footnotes":""},"categories":[809,796],"tags":[4861,8761,11080],"class_list":["post-263415","post","type-post","status-publish","format-standard","has-post-thumbnail","hentry","category-foreground-fr","category-opinion-fr","tag-gender-ideology","tag-gender-ideology-fr","tag-lideologie-lgbt"],"yoast_head":"<!-- This site is optimized with the Yoast SEO Premium plugin v25.9 (Yoast SEO v27.3) - https:\/\/yoast.com\/product\/yoast-seo-premium-wordpress\/ -->\n<title>Cet assassinat \u00e9tait pr\u00e9visible - IFN<\/title>\n<meta name=\"description\" content=\"L&#039;assassinat de Charlie Kirk \u00e9tait un acte politique perp\u00e9tr\u00e9 par quelqu&#039;un qui ha\u00efssait ses positions sur des questions importantes.\" \/>\n<meta name=\"robots\" content=\"index, follow, max-snippet:-1, max-image-preview:large, max-video-preview:-1\" \/>\n<link rel=\"canonical\" href=\"https:\/\/ifamnews.com\/fr\/cet-assassinat-tait-pr-visible\" \/>\n<meta property=\"og:locale\" content=\"fr_FR\" \/>\n<meta property=\"og:type\" content=\"article\" \/>\n<meta property=\"og:title\" content=\"Cet assassinat \u00e9tait pr\u00e9visible\" \/>\n<meta property=\"og:description\" content=\"L&#039;assassinat de Charlie Kirk \u00e9tait un acte politique perp\u00e9tr\u00e9 par quelqu&#039;un qui ha\u00efssait ses positions sur des questions importantes.\" \/>\n<meta property=\"og:url\" content=\"https:\/\/ifamnews.com\/fr\/cet-assassinat-tait-pr-visible\" \/>\n<meta property=\"og:site_name\" content=\"IFN\" \/>\n<meta property=\"article:publisher\" content=\"https:\/\/www.facebook.com\/iFamNews\" \/>\n<meta property=\"article:author\" content=\"https:\/\/facebook.com\/brianstephenbrown\" \/>\n<meta property=\"article:published_time\" content=\"2025-09-13T14:02:53+00:00\" \/>\n<meta property=\"article:modified_time\" content=\"2025-09-13T17:49:55+00:00\" \/>\n<meta property=\"og:image\" content=\"https:\/\/ifamnews.com\/wp-content\/uploads\/2025\/09\/Untitled-design-31.png\" \/>\n\t<meta property=\"og:image:width\" content=\"1200\" \/>\n\t<meta property=\"og:image:height\" content=\"675\" \/>\n\t<meta property=\"og:image:type\" content=\"image\/png\" \/>\n<meta name=\"author\" content=\"Brian S. Brown\" \/>\n<meta name=\"twitter:card\" content=\"summary_large_image\" \/>\n<meta name=\"twitter:creator\" content=\"@https:\/\/twitter.com\/briansbrown\" \/>\n<meta name=\"twitter:site\" content=\"@iFamNewsEN\" \/>\n<meta name=\"twitter:label1\" content=\"\u00c9crit par\" \/>\n\t<meta name=\"twitter:data1\" content=\"Brian S. Brown\" \/>\n\t<meta name=\"twitter:label2\" content=\"Dur\u00e9e de lecture estim\u00e9e\" \/>\n\t<meta name=\"twitter:data2\" content=\"6 minutes\" \/>\n<!-- \/ Yoast SEO Premium plugin. -->","yoast_head_json":{"title":"Cet assassinat \u00e9tait pr\u00e9visible - IFN","description":"L'assassinat de Charlie Kirk \u00e9tait un acte politique perp\u00e9tr\u00e9 par quelqu'un qui ha\u00efssait ses positions sur des questions importantes.","robots":{"index":"index","follow":"follow","max-snippet":"max-snippet:-1","max-image-preview":"max-image-preview:large","max-video-preview":"max-video-preview:-1"},"canonical":"https:\/\/ifamnews.com\/fr\/cet-assassinat-tait-pr-visible","og_locale":"fr_FR","og_type":"article","og_title":"Cet assassinat \u00e9tait pr\u00e9visible","og_description":"L'assassinat de Charlie Kirk \u00e9tait un acte politique perp\u00e9tr\u00e9 par quelqu'un qui ha\u00efssait ses positions sur des questions importantes.","og_url":"https:\/\/ifamnews.com\/fr\/cet-assassinat-tait-pr-visible","og_site_name":"IFN","article_publisher":"https:\/\/www.facebook.com\/iFamNews","article_author":"https:\/\/facebook.com\/brianstephenbrown","article_published_time":"2025-09-13T14:02:53+00:00","article_modified_time":"2025-09-13T17:49:55+00:00","og_image":[{"width":1200,"height":675,"url":"https:\/\/ifamnews.com\/wp-content\/uploads\/2025\/09\/Untitled-design-31.png","type":"image\/png"}],"author":"Brian S. Brown","twitter_card":"summary_large_image","twitter_creator":"@https:\/\/twitter.com\/briansbrown","twitter_site":"@iFamNewsEN","twitter_misc":{"\u00c9crit par":"Brian S. Brown","Dur\u00e9e de lecture estim\u00e9e":"6 minutes"},"schema":{"@context":"https:\/\/schema.org","@graph":[{"@type":"NewsArticle","@id":"https:\/\/ifamnews.com\/fr\/cet-assassinat-tait-pr-visible#article","isPartOf":{"@id":"https:\/\/ifamnews.com\/fr\/cet-assassinat-tait-pr-visible"},"author":{"name":"Brian S. Brown","@id":"https:\/\/ifamnews.com\/en\/#\/schema\/person\/cff6865aa0791964af7bc7248ae76d62"},"headline":"Cet assassinat \u00e9tait pr\u00e9visible","datePublished":"2025-09-13T14:02:53+00:00","dateModified":"2025-09-13T17:49:55+00:00","mainEntityOfPage":{"@id":"https:\/\/ifamnews.com\/fr\/cet-assassinat-tait-pr-visible"},"wordCount":1284,"commentCount":0,"publisher":{"@id":"https:\/\/ifamnews.com\/en\/#organization"},"image":{"@id":"https:\/\/ifamnews.com\/fr\/cet-assassinat-tait-pr-visible#primaryimage"},"thumbnailUrl":"https:\/\/ifamnews.com\/wp-content\/uploads\/2025\/09\/Untitled-design-31.png","keywords":["gender ideology","gender ideology","L'id\u00e9ologie LGBT"],"articleSection":["Foreground","Opinion"],"inLanguage":"fr-FR","potentialAction":[{"@type":"CommentAction","name":"Comment","target":["https:\/\/ifamnews.com\/fr\/cet-assassinat-tait-pr-visible#respond"]}]},{"@type":"WebPage","@id":"https:\/\/ifamnews.com\/fr\/cet-assassinat-tait-pr-visible","url":"https:\/\/ifamnews.com\/fr\/cet-assassinat-tait-pr-visible","name":"Cet assassinat \u00e9tait pr\u00e9visible - IFN","isPartOf":{"@id":"https:\/\/ifamnews.com\/en\/#website"},"primaryImageOfPage":{"@id":"https:\/\/ifamnews.com\/fr\/cet-assassinat-tait-pr-visible#primaryimage"},"image":{"@id":"https:\/\/ifamnews.com\/fr\/cet-assassinat-tait-pr-visible#primaryimage"},"thumbnailUrl":"https:\/\/ifamnews.com\/wp-content\/uploads\/2025\/09\/Untitled-design-31.png","datePublished":"2025-09-13T14:02:53+00:00","dateModified":"2025-09-13T17:49:55+00:00","description":"L'assassinat de Charlie Kirk \u00e9tait un acte politique perp\u00e9tr\u00e9 par quelqu'un qui ha\u00efssait ses positions sur des questions importantes.","breadcrumb":{"@id":"https:\/\/ifamnews.com\/fr\/cet-assassinat-tait-pr-visible#breadcrumb"},"inLanguage":"fr-FR","potentialAction":[{"@type":"ReadAction","target":["https:\/\/ifamnews.com\/fr\/cet-assassinat-tait-pr-visible"]}]},{"@type":"ImageObject","inLanguage":"fr-FR","@id":"https:\/\/ifamnews.com\/fr\/cet-assassinat-tait-pr-visible#primaryimage","url":"https:\/\/ifamnews.com\/wp-content\/uploads\/2025\/09\/Untitled-design-31.png","contentUrl":"https:\/\/ifamnews.com\/wp-content\/uploads\/2025\/09\/Untitled-design-31.png","width":1200,"height":675,"caption":"LGBT activists attack IOF bus"},{"@type":"BreadcrumbList","@id":"https:\/\/ifamnews.com\/fr\/cet-assassinat-tait-pr-visible#breadcrumb","itemListElement":[{"@type":"ListItem","position":1,"name":"Home","item":"https:\/\/ifamnews.com\/de"},{"@type":"ListItem","position":2,"name":"Foreground","item":"https:\/\/ifamnews.com\/fr\/categorie\/foreground-fr"},{"@type":"ListItem","position":3,"name":"Cet assassinat \u00e9tait pr\u00e9visible"}]},{"@type":"WebSite","@id":"https:\/\/ifamnews.com\/en\/#website","url":"https:\/\/ifamnews.com\/en\/","name":"IFN","description":"International Family News Network","publisher":{"@id":"https:\/\/ifamnews.com\/en\/#organization"},"potentialAction":[{"@type":"SearchAction","target":{"@type":"EntryPoint","urlTemplate":"https:\/\/ifamnews.com\/en\/?s={search_term_string}"},"query-input":{"@type":"PropertyValueSpecification","valueRequired":true,"valueName":"search_term_string"}}],"inLanguage":"fr-FR"},{"@type":"Organization","@id":"https:\/\/ifamnews.com\/en\/#organization","name":"iFamNews","url":"https:\/\/ifamnews.com\/en\/","logo":{"@type":"ImageObject","inLanguage":"fr-FR","@id":"https:\/\/ifamnews.com\/en\/#\/schema\/logo\/image\/","url":"https:\/\/ifamnews.com\/wp-content\/uploads\/2020\/01\/Share-logo.png","contentUrl":"https:\/\/ifamnews.com\/wp-content\/uploads\/2020\/01\/Share-logo.png","width":200,"height":200,"caption":"iFamNews"},"image":{"@id":"https:\/\/ifamnews.com\/en\/#\/schema\/logo\/image\/"},"sameAs":["https:\/\/www.facebook.com\/iFamNews","https:\/\/x.com\/iFamNewsEN"]},{"@type":"Person","@id":"https:\/\/ifamnews.com\/en\/#\/schema\/person\/cff6865aa0791964af7bc7248ae76d62","name":"Brian S. Brown","image":{"@type":"ImageObject","inLanguage":"fr-FR","@id":"https:\/\/secure.gravatar.com\/avatar\/cf7f143f42140bd766e9884a78fbf762f7ce0ab1ad805b8d24212809dcc9a371?s=96&d=mm&r=g","url":"https:\/\/secure.gravatar.com\/avatar\/cf7f143f42140bd766e9884a78fbf762f7ce0ab1ad805b8d24212809dcc9a371?s=96&d=mm&r=g","contentUrl":"https:\/\/secure.gravatar.com\/avatar\/cf7f143f42140bd766e9884a78fbf762f7ce0ab1ad805b8d24212809dcc9a371?s=96&d=mm&r=g","caption":"Brian S. Brown"},"description":"Brian S. Brown is founder and Editor-in-Chief of International Family News. He is also president of the International Organization for the Family (IOF). Brian also serves as President of the National Organization for Marriage (NOM) after having co-founded the organization in 2007. Brian has been quoted regularly in the The Washington Post, The New York Times, The Associated Press, The Los Angeles Times, The New York Post, and almost every other major newspaper in the country. He has also regularly appeared on ABC, CBS, NBC, CNN, FOX News Channel, C-SPAN and MSNBC. An Oxford University-educated and articulate advocate for marriage, he is a sought-after speaker who has addressed hundreds of gatherings throughout the country, and internationally. Brian is a C. Phil. at UCLA in American History, earned his B.A.\/M.A. in Modern History at Oxford University, and received his B.A. in History from Whittier College. He and his wife Susan have nine young children.","sameAs":["https:\/\/profam.org","https:\/\/facebook.com\/brianstephenbrown","https:\/\/www.instagram.com\/brianstephenbrown\/","https:\/\/x.com\/https:\/\/twitter.com\/briansbrown"],"url":"https:\/\/ifamnews.com\/fr\/author\/bbrown"}]}},"amp_enabled":true,"_links":{"self":[{"href":"https:\/\/ifamnews.com\/fr\/wp-json\/wp\/v2\/posts\/263415","targetHints":{"allow":["GET"]}}],"collection":[{"href":"https:\/\/ifamnews.com\/fr\/wp-json\/wp\/v2\/posts"}],"about":[{"href":"https:\/\/ifamnews.com\/fr\/wp-json\/wp\/v2\/types\/post"}],"author":[{"embeddable":true,"href":"https:\/\/ifamnews.com\/fr\/wp-json\/wp\/v2\/users\/21"}],"replies":[{"embeddable":true,"href":"https:\/\/ifamnews.com\/fr\/wp-json\/wp\/v2\/comments?post=263415"}],"version-history":[{"count":1,"href":"https:\/\/ifamnews.com\/fr\/wp-json\/wp\/v2\/posts\/263415\/revisions"}],"predecessor-version":[{"id":263416,"href":"https:\/\/ifamnews.com\/fr\/wp-json\/wp\/v2\/posts\/263415\/revisions\/263416"}],"wp:featuredmedia":[{"embeddable":true,"href":"https:\/\/ifamnews.com\/fr\/wp-json\/wp\/v2\/media\/263302"}],"wp:attachment":[{"href":"https:\/\/ifamnews.com\/fr\/wp-json\/wp\/v2\/media?parent=263415"}],"wp:term":[{"taxonomy":"category","embeddable":true,"href":"https:\/\/ifamnews.com\/fr\/wp-json\/wp\/v2\/categories?post=263415"},{"taxonomy":"post_tag","embeddable":true,"href":"https:\/\/ifamnews.com\/fr\/wp-json\/wp\/v2\/tags?post=263415"}],"curies":[{"name":"wp","href":"https:\/\/api.w.org\/{rel}","templated":true}]}}