{"id":246531,"date":"2024-07-25T11:30:00","date_gmt":"2024-07-25T15:30:00","guid":{"rendered":"https:\/\/ifamnews.com\/?p=246531"},"modified":"2024-07-25T11:05:13","modified_gmt":"2024-07-25T15:05:13","slug":"les-conservateurs-catholiques-s-inqui-tent-des-positions-de-kamala-harris-sur-l-avortement-les-droits-des-lgbt-et-les-libert-s-religieuses","status":"publish","type":"post","link":"https:\/\/ifamnews.com\/fr\/les-conservateurs-catholiques-s-inqui-tent-des-positions-de-kamala-harris-sur-l-avortement-les-droits-des-lgbt-et-les-libert-s-religieuses","title":{"rendered":"Les conservateurs catholiques s&rsquo;inqui\u00e8tent des positions de Kamala Harris sur l&rsquo;avortement, les droits des LGBT et les libert\u00e9s religieuses."},"content":{"rendered":"<p>La position de la vice-pr\u00e9sidente Kamala Harris sur une s\u00e9rie de questions a suscit\u00e9 des inqui\u00e9tudes dans certains milieux catholiques, notamment en ce qui concerne sa d\u00e9fense intransigeante du droit \u00e0 l&rsquo;avortement et sa volont\u00e9 de ne pas tenir compte du droit \u00e0 la vie \u00e0 tous les stades de la gestation.<br \/>\nEn outre, elle a activement soutenu une l\u00e9gislation obligeant les \u00c9tats dot\u00e9s de lois restrictives sur l&rsquo;avortement \u00e0 demander l&rsquo;approbation du gouvernement f\u00e9d\u00e9ral avant de les mettre en \u0153uvre.<br \/>\nPendant son mandat de procureur g\u00e9n\u00e9ral de Californie, Mme Harris a poursuivi de mani\u00e8re agressive le militant pro-vie David Daleiden, qui avait utilis\u00e9 des vid\u00e9os clandestines pour mettre en lumi\u00e8re le pr\u00e9l\u00e8vement et la vente d&rsquo;organes de f\u0153tus avort\u00e9s par l&rsquo;industrie de l&rsquo;avortement.<br \/>\nM. Harris s&rsquo;est \u00e9galement efforc\u00e9 d&rsquo;imposer des r\u00e8gles strictes aux centres de grossesse d&rsquo;urgence dans l&rsquo;\u00c9tat.<br \/>\nMme Harris s&rsquo;est fermement oppos\u00e9e \u00e0 la peine de mort, d\u00e9fendant la vie des personnes coupables de crimes odieux, ce qui a suscit\u00e9 une comparaison paradoxale avec sa position sur l&rsquo;avortement et l&rsquo;infanticide.<br \/>\nSa d\u00e9fense des droits des LGBT est une autre pomme de discorde avec les groupes catholiques conservateurs, car elle a toujours approuv\u00e9 le mariage entre personnes du m\u00eame sexe et soutenu les droits des transgenres.<br \/>\nDu point de vue de la libert\u00e9 religieuse, Mme Harris a des ant\u00e9c\u00e9dents troublants.<br \/>\nElle a coparrain\u00e9 des textes l\u00e9gislatifs obligeant les institutions religieuses \u00e0 contrevenir \u00e0 leurs propres doctrines et a soutenu des projets de loi susceptibles d&#8217;empi\u00e9ter sur les droits religieux.<br \/>\nElle a notamment contest\u00e9 l&rsquo;\u00e9ligibilit\u00e9 d&rsquo;un candidat catholique \u00e0 un poste de juge de district f\u00e9d\u00e9ral en raison de son appartenance \u00e0 une organisation catholique.<br \/>\nEn r\u00e9sum\u00e9, les positions de Mme Harris sur la vie, le mariage, l&rsquo;id\u00e9ologie du genre et les droits religieux d\u00e9stabilisent profond\u00e9ment les conservateurs catholiques.<br \/>\nJusqu&rsquo;\u00e0 pr\u00e9sent, rien n&rsquo;indique qu&rsquo;elle ait chang\u00e9 de position.<\/p>\n","protected":false},"excerpt":{"rendered":"<p>La position de la vice-pr\u00e9sidente Kamala Harris sur un certain nombre de questions a suscit\u00e9 des inqui\u00e9tudes dans certains milieux catholiques, notamment en ce qui concerne sa d\u00e9fense intransigeante du droit \u00e0 l&rsquo;avortement et sa volont\u00e9 de ne pas tenir compte du droit \u00e0 la vie \u00e0 tous les stades de la gestation.<\/p>\n","protected":false},"author":593,"featured_media":246522,"comment_status":"open","ping_status":"open","sticky":false,"template":"","format":"standard","meta":{"give_campaign_id":0,"om_disable_all_campaigns":false,"_monsterinsights_skip_tracking":false,"_monsterinsights_sitenote_active":false,"_monsterinsights_sitenote_note":"","_monsterinsights_sitenote_category":0,"mc4wp_mailchimp_campaign":[],"jnews-multi-image_gallery":[],"jnews_single_post":{"subtitle":"","format":"standard","video":"","gallery":"","source_name":"","source_url":"","via_name":"","via_url":"","override_template":"0","override":[{"template":"2","single_blog_custom":"","parallax":"1","fullscreen":"1","layout":"right-sidebar-narrow","sidebar":"default-sidebar","second_sidebar":"default-sidebar","sticky_sidebar":"1","share_position":"float","share_float_style":"share-normal","show_share_counter":"1","show_view_counter":"1","show_featured":"1","show_post_meta":"1","show_post_author":"1","show_post_author_image":"1","show_post_date":"1","post_date_format":"default","post_date_format_custom":"Y\/m\/d","show_post_category":"1","show_post_reading_time":"1","post_reading_time_wpm":"300","show_zoom_button":"0","zoom_button_out_step":"2","zoom_button_in_step":"3","show_post_tag":"1","show_prev_next_post":"0","show_popup_post":"0","number_popup_post":"1","show_author_box":"1","show_post_related":"0","show_inline_post_related":"0"}],"override_image_size":"0","image_override":[{"single_post_thumbnail_size":"crop-715","single_post_gallery_size":"crop-715"}],"trending_post":"0","trending_post_position":"meta","trending_post_label":"Trending","sponsored_post":"0","sponsored_post_label":"Sponsored by","sponsored_post_name":"","sponsored_post_url":"","sponsored_post_logo_enable":"0","sponsored_post_logo":"","sponsored_post_desc":"","disable_ad":"0"},"jnews_primary_category":{"id":"800","hide":""},"jnews_social_meta":[],"jnews_override_counter":[],"footnotes":""},"categories":[809,813,800],"tags":[475,4861,5211,11080,491],"class_list":["post-246531","post","type-post","status-publish","format-standard","has-post-thumbnail","hentry","category-foreground-fr","category-breaking-news-fr","category-politique","tag-abortion","tag-gender-ideology","tag-kamala-harris","tag-lideologie-lgbt","tag-pro-life"],"yoast_head":"<!-- This site is optimized with the Yoast SEO Premium plugin v25.9 (Yoast SEO v27.3) - https:\/\/yoast.com\/product\/yoast-seo-premium-wordpress\/ -->\n<title>Les conservateurs catholiques s&#039;inqui\u00e8tent des positions de Kamala Harris sur l&#039;avortement, les droits des LGBT et les libert\u00e9s religieuses. - IFN<\/title>\n<meta name=\"description\" content=\"La position de la vice-pr\u00e9sidente Kamala Harris sur un certain nombre de questions a suscit\u00e9 des inqui\u00e9tudes dans certains milieux catholiques, notamment en ce qui concerne sa d\u00e9fense intransigeante du droit \u00e0 l&#039;avortement et sa volont\u00e9 de ne pas tenir compte du droit \u00e0 la vie \u00e0 tous les stades de la gestation.\" \/>\n<meta name=\"robots\" content=\"index, follow, max-snippet:-1, max-image-preview:large, max-video-preview:-1\" \/>\n<link rel=\"canonical\" href=\"https:\/\/ifamnews.com\/en\/concerns-mount-among-catholic-conservatives-over-kamala-harris-s-stances-on-abortion-lgbt-rights-and-religious-liberties\" \/>\n<meta property=\"og:locale\" content=\"fr_FR\" \/>\n<meta property=\"og:type\" content=\"article\" \/>\n<meta property=\"og:title\" content=\"Les conservateurs catholiques s&#039;inqui\u00e8tent des positions de Kamala Harris sur l&#039;avortement, les droits des LGBT et les libert\u00e9s religieuses.\" \/>\n<meta property=\"og:description\" content=\"La position de la vice-pr\u00e9sidente Kamala Harris sur un certain nombre de questions a suscit\u00e9 des inqui\u00e9tudes dans certains milieux catholiques, notamment en ce qui concerne sa d\u00e9fense intransigeante du droit \u00e0 l&#039;avortement et sa volont\u00e9 de ne pas tenir compte du droit \u00e0 la vie \u00e0 tous les stades de la gestation.\" \/>\n<meta property=\"og:url\" content=\"https:\/\/ifamnews.com\/en\/concerns-mount-among-catholic-conservatives-over-kamala-harris-s-stances-on-abortion-lgbt-rights-and-religious-liberties\" \/>\n<meta property=\"og:site_name\" content=\"IFN\" \/>\n<meta property=\"article:publisher\" content=\"https:\/\/www.facebook.com\/iFamNews\" \/>\n<meta property=\"article:author\" content=\"https:\/\/www.facebook.com\/iFamNews\/\" \/>\n<meta property=\"article:published_time\" content=\"2024-07-25T15:30:00+00:00\" \/>\n<meta property=\"og:image\" content=\"https:\/\/ifamnews.com\/wp-content\/uploads\/2024\/07\/Untitled-design-2024-07-25T104207.140.png\" \/>\n\t<meta property=\"og:image:width\" content=\"1200\" \/>\n\t<meta property=\"og:image:height\" content=\"675\" \/>\n\t<meta property=\"og:image:type\" content=\"image\/png\" \/>\n<meta name=\"author\" content=\"IFN English\" \/>\n<meta name=\"twitter:card\" content=\"summary_large_image\" \/>\n<meta name=\"twitter:creator\" content=\"@https:\/\/twitter.com\/iFamNewsEN\" \/>\n<meta name=\"twitter:site\" content=\"@iFamNewsEN\" \/>\n<meta name=\"twitter:label1\" content=\"\u00c9crit par\" \/>\n\t<meta name=\"twitter:data1\" content=\"iFamNews\" \/>\n\t<meta name=\"twitter:label2\" content=\"Dur\u00e9e de lecture estim\u00e9e\" \/>\n\t<meta name=\"twitter:data2\" content=\"2 minutes\" \/>\n<!-- \/ Yoast SEO Premium plugin. -->","yoast_head_json":{"title":"Les conservateurs catholiques s'inqui\u00e8tent des positions de Kamala Harris sur l'avortement, les droits des LGBT et les libert\u00e9s religieuses. - IFN","description":"La position de la vice-pr\u00e9sidente Kamala Harris sur un certain nombre de questions a suscit\u00e9 des inqui\u00e9tudes dans certains milieux catholiques, notamment en ce qui concerne sa d\u00e9fense intransigeante du droit \u00e0 l'avortement et sa volont\u00e9 de ne pas tenir compte du droit \u00e0 la vie \u00e0 tous les stades de la gestation.","robots":{"index":"index","follow":"follow","max-snippet":"max-snippet:-1","max-image-preview":"max-image-preview:large","max-video-preview":"max-video-preview:-1"},"canonical":"https:\/\/ifamnews.com\/en\/concerns-mount-among-catholic-conservatives-over-kamala-harris-s-stances-on-abortion-lgbt-rights-and-religious-liberties","og_locale":"fr_FR","og_type":"article","og_title":"Les conservateurs catholiques s'inqui\u00e8tent des positions de Kamala Harris sur l'avortement, les droits des LGBT et les libert\u00e9s religieuses.","og_description":"La position de la vice-pr\u00e9sidente Kamala Harris sur un certain nombre de questions a suscit\u00e9 des inqui\u00e9tudes dans certains milieux catholiques, notamment en ce qui concerne sa d\u00e9fense intransigeante du droit \u00e0 l'avortement et sa volont\u00e9 de ne pas tenir compte du droit \u00e0 la vie \u00e0 tous les stades de la gestation.","og_url":"https:\/\/ifamnews.com\/en\/concerns-mount-among-catholic-conservatives-over-kamala-harris-s-stances-on-abortion-lgbt-rights-and-religious-liberties","og_site_name":"IFN","article_publisher":"https:\/\/www.facebook.com\/iFamNews","article_author":"https:\/\/www.facebook.com\/iFamNews\/","article_published_time":"2024-07-25T15:30:00+00:00","og_image":[{"width":1200,"height":675,"url":"https:\/\/ifamnews.com\/wp-content\/uploads\/2024\/07\/Untitled-design-2024-07-25T104207.140.png","type":"image\/png"}],"author":"IFN English","twitter_card":"summary_large_image","twitter_creator":"@https:\/\/twitter.com\/iFamNewsEN","twitter_site":"@iFamNewsEN","twitter_misc":{"\u00c9crit par":"iFamNews","Dur\u00e9e de lecture estim\u00e9e":"2 minutes"},"schema":{"@context":"https:\/\/schema.org","@graph":[{"@type":"NewsArticle","@id":"https:\/\/ifamnews.com\/en\/concerns-mount-among-catholic-conservatives-over-kamala-harris-s-stances-on-abortion-lgbt-rights-and-religious-liberties#article","isPartOf":{"@id":"https:\/\/ifamnews.com\/en\/concerns-mount-among-catholic-conservatives-over-kamala-harris-s-stances-on-abortion-lgbt-rights-and-religious-liberties"},"author":{"name":"IFN English","@id":"https:\/\/ifamnews.com\/en\/#\/schema\/person\/633bdb7ac2496c9b9304ce62d071cdfa"},"headline":"Les conservateurs catholiques s&rsquo;inqui\u00e8tent des positions de Kamala Harris sur l&rsquo;avortement, les droits des LGBT et les libert\u00e9s religieuses.","datePublished":"2024-07-25T15:30:00+00:00","mainEntityOfPage":{"@id":"https:\/\/ifamnews.com\/en\/concerns-mount-among-catholic-conservatives-over-kamala-harris-s-stances-on-abortion-lgbt-rights-and-religious-liberties"},"wordCount":375,"commentCount":0,"publisher":{"@id":"https:\/\/ifamnews.com\/en\/#organization"},"image":{"@id":"https:\/\/ifamnews.com\/en\/concerns-mount-among-catholic-conservatives-over-kamala-harris-s-stances-on-abortion-lgbt-rights-and-religious-liberties#primaryimage"},"thumbnailUrl":"https:\/\/ifamnews.com\/wp-content\/uploads\/2024\/07\/Untitled-design-2024-07-25T104207.140.png","keywords":["Abortion","gender ideology","Kamala Harris","L'id\u00e9ologie LGBT","Pro Life"],"articleSection":["Foreground","Nouvelles r\u00e9centes","Politique"],"inLanguage":"fr-FR","potentialAction":[{"@type":"CommentAction","name":"Comment","target":["https:\/\/ifamnews.com\/en\/concerns-mount-among-catholic-conservatives-over-kamala-harris-s-stances-on-abortion-lgbt-rights-and-religious-liberties#respond"]}]},{"@type":"WebPage","@id":"https:\/\/ifamnews.com\/en\/concerns-mount-among-catholic-conservatives-over-kamala-harris-s-stances-on-abortion-lgbt-rights-and-religious-liberties","url":"https:\/\/ifamnews.com\/en\/concerns-mount-among-catholic-conservatives-over-kamala-harris-s-stances-on-abortion-lgbt-rights-and-religious-liberties","name":"Les conservateurs catholiques s'inqui\u00e8tent des positions de Kamala Harris sur l'avortement, les droits des LGBT et les libert\u00e9s religieuses. - IFN","isPartOf":{"@id":"https:\/\/ifamnews.com\/en\/#website"},"primaryImageOfPage":{"@id":"https:\/\/ifamnews.com\/en\/concerns-mount-among-catholic-conservatives-over-kamala-harris-s-stances-on-abortion-lgbt-rights-and-religious-liberties#primaryimage"},"image":{"@id":"https:\/\/ifamnews.com\/en\/concerns-mount-among-catholic-conservatives-over-kamala-harris-s-stances-on-abortion-lgbt-rights-and-religious-liberties#primaryimage"},"thumbnailUrl":"https:\/\/ifamnews.com\/wp-content\/uploads\/2024\/07\/Untitled-design-2024-07-25T104207.140.png","datePublished":"2024-07-25T15:30:00+00:00","description":"La position de la vice-pr\u00e9sidente Kamala Harris sur un certain nombre de questions a suscit\u00e9 des inqui\u00e9tudes dans certains milieux catholiques, notamment en ce qui concerne sa d\u00e9fense intransigeante du droit \u00e0 l'avortement et sa volont\u00e9 de ne pas tenir compte du droit \u00e0 la vie \u00e0 tous les stades de la gestation.","breadcrumb":{"@id":"https:\/\/ifamnews.com\/en\/concerns-mount-among-catholic-conservatives-over-kamala-harris-s-stances-on-abortion-lgbt-rights-and-religious-liberties#breadcrumb"},"inLanguage":"fr-FR","potentialAction":[{"@type":"ReadAction","target":["https:\/\/ifamnews.com\/en\/concerns-mount-among-catholic-conservatives-over-kamala-harris-s-stances-on-abortion-lgbt-rights-and-religious-liberties"]}]},{"@type":"ImageObject","inLanguage":"fr-FR","@id":"https:\/\/ifamnews.com\/en\/concerns-mount-among-catholic-conservatives-over-kamala-harris-s-stances-on-abortion-lgbt-rights-and-religious-liberties#primaryimage","url":"https:\/\/ifamnews.com\/wp-content\/uploads\/2024\/07\/Untitled-design-2024-07-25T104207.140.png","contentUrl":"https:\/\/ifamnews.com\/wp-content\/uploads\/2024\/07\/Untitled-design-2024-07-25T104207.140.png","width":1200,"height":675},{"@type":"BreadcrumbList","@id":"https:\/\/ifamnews.com\/en\/concerns-mount-among-catholic-conservatives-over-kamala-harris-s-stances-on-abortion-lgbt-rights-and-religious-liberties#breadcrumb","itemListElement":[{"@type":"ListItem","position":1,"name":"Home","item":"https:\/\/ifamnews.com\/de"},{"@type":"ListItem","position":2,"name":"Politics","item":"https:\/\/ifamnews.com\/en\/category\/politics"},{"@type":"ListItem","position":3,"name":"Les conservateurs catholiques s&#8217;inqui\u00e8tent des positions de Kamala Harris sur l&#8217;avortement, les droits des LGBT et les libert\u00e9s religieuses."}]},{"@type":"WebSite","@id":"https:\/\/ifamnews.com\/en\/#website","url":"https:\/\/ifamnews.com\/en\/","name":"IFN","description":"International Family News Network","publisher":{"@id":"https:\/\/ifamnews.com\/en\/#organization"},"potentialAction":[{"@type":"SearchAction","target":{"@type":"EntryPoint","urlTemplate":"https:\/\/ifamnews.com\/en\/?s={search_term_string}"},"query-input":{"@type":"PropertyValueSpecification","valueRequired":true,"valueName":"search_term_string"}}],"inLanguage":"fr-FR"},{"@type":"Organization","@id":"https:\/\/ifamnews.com\/en\/#organization","name":"iFamNews","url":"https:\/\/ifamnews.com\/en\/","logo":{"@type":"ImageObject","inLanguage":"fr-FR","@id":"https:\/\/ifamnews.com\/en\/#\/schema\/logo\/image\/","url":"https:\/\/ifamnews.com\/wp-content\/uploads\/2020\/01\/Share-logo.png","contentUrl":"https:\/\/ifamnews.com\/wp-content\/uploads\/2020\/01\/Share-logo.png","width":200,"height":200,"caption":"iFamNews"},"image":{"@id":"https:\/\/ifamnews.com\/en\/#\/schema\/logo\/image\/"},"sameAs":["https:\/\/www.facebook.com\/iFamNews","https:\/\/x.com\/iFamNewsEN"]},{"@type":"Person","@id":"https:\/\/ifamnews.com\/en\/#\/schema\/person\/633bdb7ac2496c9b9304ce62d071cdfa","name":"IFN English","image":{"@type":"ImageObject","inLanguage":"fr-FR","@id":"https:\/\/secure.gravatar.com\/avatar\/6f16ce95b558ae6f6eb9ae2f68122482a2c61696af2a8fc343c2e10f981a959d?s=96&d=mm&r=g","url":"https:\/\/secure.gravatar.com\/avatar\/6f16ce95b558ae6f6eb9ae2f68122482a2c61696af2a8fc343c2e10f981a959d?s=96&d=mm&r=g","contentUrl":"https:\/\/secure.gravatar.com\/avatar\/6f16ce95b558ae6f6eb9ae2f68122482a2c61696af2a8fc343c2e10f981a959d?s=96&d=mm&r=g","caption":"IFN English"},"description":"Articles published by the English iFamNews editorial team.","sameAs":["https:\/\/ifamnews.com\/en","https:\/\/www.facebook.com\/iFamNews\/","https:\/\/x.com\/https:\/\/twitter.com\/iFamNewsEN","https:\/\/www.youtube.com\/channel\/UCMVyIt4z9BANW3d09kwfUpw"],"url":"https:\/\/ifamnews.com\/fr\/author\/ifamnews-staff"}]}},"amp_enabled":true,"_links":{"self":[{"href":"https:\/\/ifamnews.com\/fr\/wp-json\/wp\/v2\/posts\/246531","targetHints":{"allow":["GET"]}}],"collection":[{"href":"https:\/\/ifamnews.com\/fr\/wp-json\/wp\/v2\/posts"}],"about":[{"href":"https:\/\/ifamnews.com\/fr\/wp-json\/wp\/v2\/types\/post"}],"author":[{"embeddable":true,"href":"https:\/\/ifamnews.com\/fr\/wp-json\/wp\/v2\/users\/593"}],"replies":[{"embeddable":true,"href":"https:\/\/ifamnews.com\/fr\/wp-json\/wp\/v2\/comments?post=246531"}],"version-history":[{"count":1,"href":"https:\/\/ifamnews.com\/fr\/wp-json\/wp\/v2\/posts\/246531\/revisions"}],"predecessor-version":[{"id":246536,"href":"https:\/\/ifamnews.com\/fr\/wp-json\/wp\/v2\/posts\/246531\/revisions\/246536"}],"wp:featuredmedia":[{"embeddable":true,"href":"https:\/\/ifamnews.com\/fr\/wp-json\/wp\/v2\/media\/246522"}],"wp:attachment":[{"href":"https:\/\/ifamnews.com\/fr\/wp-json\/wp\/v2\/media?parent=246531"}],"wp:term":[{"taxonomy":"category","embeddable":true,"href":"https:\/\/ifamnews.com\/fr\/wp-json\/wp\/v2\/categories?post=246531"},{"taxonomy":"post_tag","embeddable":true,"href":"https:\/\/ifamnews.com\/fr\/wp-json\/wp\/v2\/tags?post=246531"}],"curies":[{"name":"wp","href":"https:\/\/api.w.org\/{rel}","templated":true}]}}