{"id":22501,"date":"2020-07-23T05:28:57","date_gmt":"2020-07-23T10:28:57","guid":{"rendered":"https:\/\/ifamnews.com\/?p=22501"},"modified":"2020-07-29T08:30:23","modified_gmt":"2020-07-29T13:30:23","slug":"la-pologne-envisage-de-denoncer-la-convention-feministe-distanbul","status":"publish","type":"post","link":"https:\/\/ifamnews.com\/fr\/la-pologne-envisage-de-denoncer-la-convention-feministe-distanbul","title":{"rendered":"La Pologne envisage de d\u00e9noncer la Convention f\u00e9ministe d&rsquo;Istanbul"},"content":{"rendered":"<p class=\"last-updated\">Last updated on juillet 29th, 2020 at 08:30 am<\/p>\n<p><br>Marlena Mal\u0105g, <a href=\"https:\/\/en.wikipedia.org\/wiki\/Ministry_of_Family,_Labour_and_Social_Policy_(Poland)\">ministre polonaise de la Famille, du Travail et de la Politique sociale<\/a>, a d\u00e9clar\u00e9 dans une interview t\u00e9l\u00e9vis\u00e9e que la Pologne pourrait se retirer de la Convention d&rsquo;Istanbul du Conseil de l&rsquo;Europe.<\/p>\n\n\n\n<p><a href=\"https:\/\/rm.coe.int\/168046031c\">La Convention d&rsquo;Istanbul<\/a>, \u00e9galement connue sous le nom de <em>Convention du Conseil de l&rsquo;Europe sur la pr\u00e9vention et la lutte contre la violence \u00e0 l&rsquo;\u00e9gard des femmes et contre la violence domestique<\/em>, tente en r\u00e9alit\u00e9 de faire de <a href=\"https:\/\/adfinternational.org\/commentary\/istanbul-convention\/\">l&rsquo;id\u00e9ologie du genre et du f\u00e9minisme radical des normes contraignantes du droit international.<\/a><\/p>\n\n\n\n<p>La Convention a \u00e9t\u00e9 ratifi\u00e9e par la Pologne en 2015 avec un certain nombre de <a href=\"https:\/\/coe.int\/en\/web\/conventions\/full-list\/-\/conventions\/treaty\/210\/declarations?p_auth=4ebx9lxL\">r\u00e9serves et de d\u00e9clarations<\/a>. En particulier, la Pologne a d\u00e9clar\u00e9 que la convention ne serait appliqu\u00e9e que conform\u00e9ment \u00e0 la Constitution polonaise. Cette position de la Pologne semble \u00e9vidente et justifi\u00e9e &#8211; en fin de compte, aucun gouvernement n&rsquo;a le droit de ratifier un trait\u00e9 international contraire \u00e0 la constitution de son pays. Mais la r\u00e9action a \u00e9t\u00e9 tr\u00e8s vive: l&rsquo;Autriche, la Finlande, les Pays-Bas, la Norv\u00e8ge, la Su\u00e8de et la Suisse ont d\u00e9clar\u00e9 (en utilisant toujours les m\u00eames mots) qu&rsquo;ils s&rsquo;opposaient \u00e0 cette position de la Pologne.<\/p>\n\n\n\n<p>Apparemment, ces r\u00e9serves ne suffisent pas. Les partisans des id\u00e9ologies dangereuses qui d\u00e9truisent la famille naturelle et la vision traditionnelle des hommes et des femmes associ\u00e9s au sexe biologique utilisent activement la Convention d&rsquo;Istanbul comme instrument de restructuration radicale de l&rsquo;ensemble de la soci\u00e9t\u00e9.<\/p>\n\n\n\n<p>Dans une interview \u00e0 <a href=\"https:\/\/rp.pl\/Rzad-PiS\/200719401-Minister-rodziny-Marlena-Malag-Przygotowujemy-sie-do-wypowiedzenia-konwencji-stambulskiej.html\">TV Trwam<\/a>, Mme Mal\u0105g a d&rsquo;abord mentionn\u00e9 les r\u00e9serves \u00e0 la Convention, disant \u00e9vasivement que son minist\u00e8re travaillait sur les changements l\u00e9gislatifs n\u00e9cessaires avec le minist\u00e8re de la Justice.<\/p>\n\n\n\n<p>Cependant, en r\u00e9ponse \u00e0 la question directe de savoir si la Pologne d\u00e9noncerait la Convention d&rsquo;Istanbul (c&rsquo;est-\u00e0-dire s&rsquo;en retirerait), elle a r\u00e9pondu: \u00ab\u00a0Tout d&rsquo;abord, la Pologne se pr\u00e9pare \u00e0 des changements, car nous avons d\u00e9j\u00e0 protest\u00e9, exprim\u00e9 notre position et nous sommes pr\u00e9par\u00e9s \u00e0 la d\u00e9nonciation, lorsque nous aurons termin\u00e9 les consultations conjointes avec le minist\u00e8re de la Justice. \u00a0\u00bb Elle a ajout\u00e9: \u00ab\u00a0Aujourd&rsquo;hui, nous en avons d\u00e9j\u00e0 discut\u00e9 au minist\u00e8re. Nous attendons les propositions pr\u00e9par\u00e9es par nos services, qui seront pr\u00e9sent\u00e9es au gouvernement, puis la loi sera soumise au parlement.\u00a0\u00bb<\/p>\n\n\n\n<p>Quelques jours auparavant, les organisations non gouvernementales polonaises <a href=\"https:\/\/chks.org\/\">Christian Social Congress<\/a> et <a href=\"https:\/\/ordoiuris.pl\/\">Ordo Juris <\/a>avaient lanc\u00e9 une campagne publique intitul\u00e9e <a href=\"https:\/\/chronmyrodziny.pl\/\">\u00ab\u00a0Oui \u00e0 la famille, non au genre\u00a0\u00bb<\/a>. La d\u00e9nonciation de la Convention d&rsquo;Istanbul est l&rsquo;un des principaux objectifs de cette campagne.<\/p>\n\n\n\n<p>Plus t\u00f4t, en mai de cette ann\u00e9e, le vice-ministre polonais de la Justice, Martin Romanowski, <a href=\"https:\/\/kafkadesk.org\/2020\/05\/17\/polish-minister-threatens-to-withdraw-from-istanbul-convention-on-gender-equality\/\">avait d\u00e9j\u00e0 appel\u00e9<\/a> \u00e0 la d\u00e9nonciation de la Convention d&rsquo;Istanbul. Sur <a href=\"https:\/\/twitter.com\/MarRomanowski\/status\/1260469909189988353\">Twitter<\/a>, il a \u00e9crit que \u00ab\u00a0le moyen de lutter contre la violence n&rsquo;est pas d&rsquo;apprendre aux jeunes gar\u00e7ons qu&rsquo;ils peuvent porter des robes et jouer avec des poup\u00e9es\u00a0\u00bb, et a ajout\u00e9 que la Convention d&rsquo;Istanbul, ratifi\u00e9e par le pr\u00e9c\u00e9dent gouvernement polonais, \u00e9tait \u00ab\u00a0une propagande n\u00e9o-marxiste qui d\u00e9truit notre syst\u00e8me de valeurs\u00a0\u00bb.<\/p>\n\n\n\n<p>Dans un autre <a href=\"https:\/\/twitter.com\/MarRomanowski\/status\/1260609735184842752\">tweet<\/a>, il a ajout\u00e9: \u00ab\u00a0La Convention d&rsquo;Istanbul fait r\u00e9f\u00e9rence \u00e0 la religion comme \u00e0 une cause de violence contre les femmes. Nous voulons d\u00e9noncer ce \u00ab\u00a0charabia\u00a0\u00bb [&#8230;]. Nous ne sommes pas int\u00e9ress\u00e9s par les opinions \u00e9trang\u00e8res. Pour nous, la fondation est l&rsquo;\u00c9tat-nation souverain.\u00a0\u00bb<\/p>\n\n\n\n<p>Il convient de rappeler que la Convention d&rsquo;Istanbul a re\u00e7u son nom en raison du fait qu&rsquo;elle a \u00e9t\u00e9 ouverte \u00e0 la signature des \u00c9tats en 2011 \u00e0 Istanbul. Depuis sa cr\u00e9ation, elle a \u00e9t\u00e9 vivement critiqu\u00e9e par les organisations prot\u00e9geant la famille naturelle et les valeurs familiales, ainsi que par les communaut\u00e9s religieuses traditionnelles de diff\u00e9rents pays d&rsquo;Europe. Tous ceux qui d\u00e9fendent de v\u00e9ritables droits de l&rsquo;homme qui sont traditionnellement reconnus par tous les \u00c9tats (par exemple, le droit \u00e0 la protection contre l&rsquo;ing\u00e9rence dans la vie familiale et l&rsquo;\u00e9ducation des enfants) s&rsquo;opposent \u00e0 cette convention.<\/p>\n\n\n\n<p>La critique est li\u00e9e au fait que la Convention d&rsquo;Istanbul impose tr\u00e8s ouvertement et sans \u00e9quivoque l&rsquo;id\u00e9ologie du f\u00e9minisme radical. Par exemple, le pr\u00e9ambule de ce document d\u00e9clare que \u00ab\u00a0la violence contre les femmes est une manifestation de relations de pouvoir historiquement in\u00e9gales entre les femmes et les hommes, qui ont conduit \u00e0 la domination et \u00e0 la discrimination contre les femmes par les hommes\u00a0\u00bb.<\/p>\n\n\n\n<p>En outre, la convention d\u00e9finit les \u00ab\u00a0genres\u00a0\u00bb comme des \u00ab\u00a0r\u00f4les socialement construits\u00a0\u00bb. Cela signifie que les pays signataires, en fait, sont oblig\u00e9s de consid\u00e9rer l&rsquo;id\u00e9ologie du genre comme la \u00ab\u00a0loi\u00a0\u00bb &#8211; cette m\u00eame id\u00e9ologie, selon laquelle chaque personne peut choisir sa propre \u00ab\u00a0identit\u00e9 de genre\u00a0\u00bb, se consid\u00e9rant comme un \u00ab\u00a0homme\u00a0\u00bb ou une \u00ab\u00a0femme\u00a0\u00bb \u00ab\u00a0indiff\u00e9remment de son sexe biologique. La Convention oblige les \u00c9tats membres \u00e0 \u00e9radiquer tous les \u00ab\u00a0pr\u00e9jug\u00e9s, coutumes et traditions\u00a0\u00bb qui reposent sur des \u00ab\u00a0r\u00f4les st\u00e9r\u00e9otyp\u00e9s des femmes et des hommes\u00a0\u00bb. Ces st\u00e9r\u00e9otypes peuvent inclure, par exemple, des id\u00e9es traditionnelles sur le r\u00f4le du p\u00e8re et de la m\u00e8re ou sur le devoir de l\u2019homme de prot\u00e9ger sa patrie.<\/p>\n\n\n\n<p>La Convention ne s&rsquo;arr\u00eate pas l\u00e0. Elle exige \u00e9galement une formation appropri\u00e9e pour les enfants, y compris leur parler des \u00ab\u00a0r\u00f4les de genre non st\u00e9r\u00e9otyp\u00e9s\u00a0\u00bb. Et, \u00e0 strictement parler, le refus des parents de laisser endoctriner leurs filles par l&rsquo;id\u00e9ologie du genre en soi peut, selon ce document, \u00eatre qualifi\u00e9 de \u00ab\u00a0violence\u00a0\u00bb.<\/p>\n\n\n\n<p>On ne peut que saluer l\u2019intention de la Pologne de d\u00e9noncer un tel document, dont l\u2019objectif n\u2019est pas de prot\u00e9ger les droits de l\u2019homme r\u00e9els, mais de r\u00e9organiser radicalement la soci\u00e9t\u00e9 et de d\u00e9truire ses fondements traditionnels, en particulier la famille naturelle et les droits des parents.<\/p>\n\n\n\n<hr class=\"wp-block-separator\"\/>\n\n\n\n<p><\/p>\n","protected":false},"excerpt":{"rendered":"<p>On ne peut que saluer l\u2019intention de la Pologne de d\u00e9noncer un tel document, dont l\u2019objectif n\u2019est pas de prot\u00e9ger les droits de l\u2019homme r\u00e9els, mais de r\u00e9organiser radicalement la soci\u00e9t\u00e9 et de d\u00e9truire ses fondements traditionnels, en particulier la famille naturelle et les droits des parents.<\/p>\n","protected":false},"author":176,"featured_media":22270,"comment_status":"open","ping_status":"open","sticky":false,"template":"","format":"standard","meta":{"give_campaign_id":0,"om_disable_all_campaigns":false,"_monsterinsights_skip_tracking":false,"_monsterinsights_sitenote_active":false,"_monsterinsights_sitenote_note":"","_monsterinsights_sitenote_category":0,"mc4wp_mailchimp_campaign":[],"jnews-multi-image_gallery":[],"jnews_single_post":{"subtitle":"On ne peut que saluer l\u2019intention de la Pologne de d\u00e9noncer un tel document, dont l\u2019objectif n\u2019est pas de prot\u00e9ger les droits de l\u2019homme r\u00e9els, mais de r\u00e9organiser radicalement la soci\u00e9t\u00e9 et de d\u00e9truire ses fondements traditionnels, en particulier la famille naturelle et les droits des parents.","format":"standard","video":"","gallery":"","source_name":"","source_url":"","via_name":"","via_url":"","override":[{"single_blog_custom":"","sidebar":"","second_sidebar":"","share_position":"","share_float_style":"","post_date_format":"","post_date_format_custom":"","post_reading_time_wpm":"","zoom_button_out_step":"1","zoom_button_in_step":"1","number_popup_post":"1"}],"image_override":[{"single_post_thumbnail_size":"","single_post_gallery_size":""}],"trending_post_position":"","trending_post_label":""},"jnews_primary_category":{"id":""},"jnews_social_meta":{"fb_title":"","fb_description":"","fb_image":"","twitter_title":"","twitter_description":"","twitter_image":""},"jnews_override_counter":{"view_counter_number":"0","share_counter_number":"0","like_counter_number":"0","dislike_counter_number":"0"},"footnotes":""},"categories":[809,813,800],"tags":[],"class_list":["post-22501","post","type-post","status-publish","format-standard","has-post-thumbnail","hentry","category-foreground-fr","category-breaking-news-fr","category-politique"],"yoast_head":"<!-- This site is optimized with the Yoast SEO Premium plugin v25.9 (Yoast SEO v27.3) - https:\/\/yoast.com\/product\/yoast-seo-premium-wordpress\/ -->\n<title>La Pologne envisage de d\u00e9noncer la Convention f\u00e9ministe d&#039;Istanbul - IFN<\/title>\n<meta name=\"robots\" content=\"index, follow, max-snippet:-1, max-image-preview:large, max-video-preview:-1\" \/>\n<link rel=\"canonical\" href=\"https:\/\/ifamnews.com\/fr\/la-pologne-envisage-de-denoncer-la-convention-feministe-distanbul\" \/>\n<meta property=\"og:locale\" content=\"fr_FR\" \/>\n<meta property=\"og:type\" content=\"article\" \/>\n<meta property=\"og:title\" content=\"La Pologne envisage de d\u00e9noncer la Convention f\u00e9ministe d&#039;Istanbul\" \/>\n<meta property=\"og:description\" content=\"On ne peut que saluer l\u2019intention de la Pologne de d\u00e9noncer un tel document, dont l\u2019objectif n\u2019est pas de prot\u00e9ger les droits de l\u2019homme r\u00e9els, mais de r\u00e9organiser radicalement la soci\u00e9t\u00e9 et de d\u00e9truire ses fondements traditionnels, en particulier la famille naturelle et les droits des parents.\" \/>\n<meta property=\"og:url\" content=\"https:\/\/ifamnews.com\/fr\/la-pologne-envisage-de-denoncer-la-convention-feministe-distanbul\" \/>\n<meta property=\"og:site_name\" content=\"IFN\" \/>\n<meta property=\"article:publisher\" content=\"https:\/\/www.facebook.com\/iFamNews\" \/>\n<meta property=\"article:published_time\" content=\"2020-07-23T10:28:57+00:00\" \/>\n<meta property=\"article:modified_time\" content=\"2020-07-29T13:30:23+00:00\" \/>\n<meta property=\"og:image\" content=\"https:\/\/ifamnews.com\/wp-content\/uploads\/2020\/07\/PolishFlag.png\" \/>\n\t<meta property=\"og:image:width\" content=\"1200\" \/>\n\t<meta property=\"og:image:height\" content=\"675\" \/>\n\t<meta property=\"og:image:type\" content=\"image\/png\" \/>\n<meta name=\"author\" content=\"Pavel Parfentiev\" \/>\n<meta name=\"twitter:card\" content=\"summary_large_image\" \/>\n<meta name=\"twitter:creator\" content=\"@iFamNewsEN\" \/>\n<meta name=\"twitter:site\" content=\"@iFamNewsEN\" \/>\n<meta name=\"twitter:label1\" content=\"\u00c9crit par\" \/>\n\t<meta name=\"twitter:data1\" content=\"Pavel Parfentiev\" \/>\n\t<meta name=\"twitter:label2\" content=\"Dur\u00e9e de lecture estim\u00e9e\" \/>\n\t<meta name=\"twitter:data2\" content=\"5 minutes\" \/>\n<!-- \/ Yoast SEO Premium plugin. -->","yoast_head_json":{"title":"La Pologne envisage de d\u00e9noncer la Convention f\u00e9ministe d'Istanbul - IFN","robots":{"index":"index","follow":"follow","max-snippet":"max-snippet:-1","max-image-preview":"max-image-preview:large","max-video-preview":"max-video-preview:-1"},"canonical":"https:\/\/ifamnews.com\/fr\/la-pologne-envisage-de-denoncer-la-convention-feministe-distanbul","og_locale":"fr_FR","og_type":"article","og_title":"La Pologne envisage de d\u00e9noncer la Convention f\u00e9ministe d'Istanbul","og_description":"On ne peut que saluer l\u2019intention de la Pologne de d\u00e9noncer un tel document, dont l\u2019objectif n\u2019est pas de prot\u00e9ger les droits de l\u2019homme r\u00e9els, mais de r\u00e9organiser radicalement la soci\u00e9t\u00e9 et de d\u00e9truire ses fondements traditionnels, en particulier la famille naturelle et les droits des parents.","og_url":"https:\/\/ifamnews.com\/fr\/la-pologne-envisage-de-denoncer-la-convention-feministe-distanbul","og_site_name":"IFN","article_publisher":"https:\/\/www.facebook.com\/iFamNews","article_published_time":"2020-07-23T10:28:57+00:00","article_modified_time":"2020-07-29T13:30:23+00:00","og_image":[{"width":1200,"height":675,"url":"https:\/\/ifamnews.com\/wp-content\/uploads\/2020\/07\/PolishFlag.png","type":"image\/png"}],"author":"Pavel Parfentiev","twitter_card":"summary_large_image","twitter_creator":"@iFamNewsEN","twitter_site":"@iFamNewsEN","twitter_misc":{"\u00c9crit par":"Pavel Parfentiev","Dur\u00e9e de lecture estim\u00e9e":"5 minutes"},"schema":{"@context":"https:\/\/schema.org","@graph":[{"@type":"NewsArticle","@id":"https:\/\/ifamnews.com\/fr\/la-pologne-envisage-de-denoncer-la-convention-feministe-distanbul#article","isPartOf":{"@id":"https:\/\/ifamnews.com\/fr\/la-pologne-envisage-de-denoncer-la-convention-feministe-distanbul"},"author":{"name":"Pavel Parfentiev","@id":"https:\/\/ifamnews.com\/en\/#\/schema\/person\/5a0036ed8bcea5c51c6ff7babb417dd6"},"headline":"La Pologne envisage de d\u00e9noncer la Convention f\u00e9ministe d&rsquo;Istanbul","datePublished":"2020-07-23T10:28:57+00:00","dateModified":"2020-07-29T13:30:23+00:00","mainEntityOfPage":{"@id":"https:\/\/ifamnews.com\/fr\/la-pologne-envisage-de-denoncer-la-convention-feministe-distanbul"},"wordCount":1043,"commentCount":0,"publisher":{"@id":"https:\/\/ifamnews.com\/en\/#organization"},"image":{"@id":"https:\/\/ifamnews.com\/fr\/la-pologne-envisage-de-denoncer-la-convention-feministe-distanbul#primaryimage"},"thumbnailUrl":"https:\/\/ifamnews.com\/wp-content\/uploads\/2020\/07\/PolishFlag.png","articleSection":["Foreground","Nouvelles r\u00e9centes","Politique"],"inLanguage":"fr-FR","potentialAction":[{"@type":"CommentAction","name":"Comment","target":["https:\/\/ifamnews.com\/fr\/la-pologne-envisage-de-denoncer-la-convention-feministe-distanbul#respond"]}]},{"@type":"WebPage","@id":"https:\/\/ifamnews.com\/fr\/la-pologne-envisage-de-denoncer-la-convention-feministe-distanbul","url":"https:\/\/ifamnews.com\/fr\/la-pologne-envisage-de-denoncer-la-convention-feministe-distanbul","name":"La Pologne envisage de d\u00e9noncer la Convention f\u00e9ministe d'Istanbul - IFN","isPartOf":{"@id":"https:\/\/ifamnews.com\/en\/#website"},"primaryImageOfPage":{"@id":"https:\/\/ifamnews.com\/fr\/la-pologne-envisage-de-denoncer-la-convention-feministe-distanbul#primaryimage"},"image":{"@id":"https:\/\/ifamnews.com\/fr\/la-pologne-envisage-de-denoncer-la-convention-feministe-distanbul#primaryimage"},"thumbnailUrl":"https:\/\/ifamnews.com\/wp-content\/uploads\/2020\/07\/PolishFlag.png","datePublished":"2020-07-23T10:28:57+00:00","dateModified":"2020-07-29T13:30:23+00:00","breadcrumb":{"@id":"https:\/\/ifamnews.com\/fr\/la-pologne-envisage-de-denoncer-la-convention-feministe-distanbul#breadcrumb"},"inLanguage":"fr-FR","potentialAction":[{"@type":"ReadAction","target":["https:\/\/ifamnews.com\/fr\/la-pologne-envisage-de-denoncer-la-convention-feministe-distanbul"]}]},{"@type":"ImageObject","inLanguage":"fr-FR","@id":"https:\/\/ifamnews.com\/fr\/la-pologne-envisage-de-denoncer-la-convention-feministe-distanbul#primaryimage","url":"https:\/\/ifamnews.com\/wp-content\/uploads\/2020\/07\/PolishFlag.png","contentUrl":"https:\/\/ifamnews.com\/wp-content\/uploads\/2020\/07\/PolishFlag.png","width":1200,"height":675,"caption":"\u041f\u043e\u043b\u044c\u0441\u043a\u0438\u0439 \u0444\u043b\u0430\u0433. \u0424\u043e\u0442\u043e:"},{"@type":"BreadcrumbList","@id":"https:\/\/ifamnews.com\/fr\/la-pologne-envisage-de-denoncer-la-convention-feministe-distanbul#breadcrumb","itemListElement":[{"@type":"ListItem","position":1,"name":"Home","item":"https:\/\/ifamnews.com\/de"},{"@type":"ListItem","position":2,"name":"Pol\u00edtica","item":"https:\/\/ifamnews.com\/es\/categoria\/politica"},{"@type":"ListItem","position":3,"name":"La Pologne envisage de d\u00e9noncer la Convention f\u00e9ministe d&#8217;Istanbul"}]},{"@type":"WebSite","@id":"https:\/\/ifamnews.com\/en\/#website","url":"https:\/\/ifamnews.com\/en\/","name":"IFN","description":"International Family News Network","publisher":{"@id":"https:\/\/ifamnews.com\/en\/#organization"},"potentialAction":[{"@type":"SearchAction","target":{"@type":"EntryPoint","urlTemplate":"https:\/\/ifamnews.com\/en\/?s={search_term_string}"},"query-input":{"@type":"PropertyValueSpecification","valueRequired":true,"valueName":"search_term_string"}}],"inLanguage":"fr-FR"},{"@type":"Organization","@id":"https:\/\/ifamnews.com\/en\/#organization","name":"iFamNews","url":"https:\/\/ifamnews.com\/en\/","logo":{"@type":"ImageObject","inLanguage":"fr-FR","@id":"https:\/\/ifamnews.com\/en\/#\/schema\/logo\/image\/","url":"https:\/\/ifamnews.com\/wp-content\/uploads\/2020\/01\/Share-logo.png","contentUrl":"https:\/\/ifamnews.com\/wp-content\/uploads\/2020\/01\/Share-logo.png","width":200,"height":200,"caption":"iFamNews"},"image":{"@id":"https:\/\/ifamnews.com\/en\/#\/schema\/logo\/image\/"},"sameAs":["https:\/\/www.facebook.com\/iFamNews","https:\/\/x.com\/iFamNewsEN"]},{"@type":"Person","@id":"https:\/\/ifamnews.com\/en\/#\/schema\/person\/5a0036ed8bcea5c51c6ff7babb417dd6","name":"Pavel Parfentiev","image":{"@type":"ImageObject","inLanguage":"fr-FR","@id":"https:\/\/secure.gravatar.com\/avatar\/6220d8b1b2c3ea22a39549ed43dbfc23c10c9d2ff18eaeb2efcc191b281cacc7?s=96&d=mm&r=g","url":"https:\/\/secure.gravatar.com\/avatar\/6220d8b1b2c3ea22a39549ed43dbfc23c10c9d2ff18eaeb2efcc191b281cacc7?s=96&d=mm&r=g","contentUrl":"https:\/\/secure.gravatar.com\/avatar\/6220d8b1b2c3ea22a39549ed43dbfc23c10c9d2ff18eaeb2efcc191b281cacc7?s=96&d=mm&r=g","caption":"Pavel Parfentiev"},"description":"Pavel A. Parfentiev is an independent Russian expert on family law and family policy. Over the years he has defended the natural family and the rights of parents in the public sphere, inter alia as a member of expert councils under the State Duma (Russian Parliament) committees on family issues and education. He has written a number of books on church history, as well as a monograph on Christian motifs in the works of J.R.R. Tolkien and the first Russian handbook on legal aspects of family education. Pavel is a CEO of the FamilyPolicy.Ru Advocacy Group and Chairman the Russian NGO For Family Rights. He also leads Russian language campaigns for family, life and freedom at CitizenGO.","sameAs":["https:\/\/parfentiev.ru\/"],"url":"https:\/\/ifamnews.com\/fr\/author\/pparfentiev"}]}},"amp_enabled":true,"_links":{"self":[{"href":"https:\/\/ifamnews.com\/fr\/wp-json\/wp\/v2\/posts\/22501","targetHints":{"allow":["GET"]}}],"collection":[{"href":"https:\/\/ifamnews.com\/fr\/wp-json\/wp\/v2\/posts"}],"about":[{"href":"https:\/\/ifamnews.com\/fr\/wp-json\/wp\/v2\/types\/post"}],"author":[{"embeddable":true,"href":"https:\/\/ifamnews.com\/fr\/wp-json\/wp\/v2\/users\/176"}],"replies":[{"embeddable":true,"href":"https:\/\/ifamnews.com\/fr\/wp-json\/wp\/v2\/comments?post=22501"}],"version-history":[{"count":1,"href":"https:\/\/ifamnews.com\/fr\/wp-json\/wp\/v2\/posts\/22501\/revisions"}],"predecessor-version":[{"id":22503,"href":"https:\/\/ifamnews.com\/fr\/wp-json\/wp\/v2\/posts\/22501\/revisions\/22503"}],"wp:featuredmedia":[{"embeddable":true,"href":"https:\/\/ifamnews.com\/fr\/wp-json\/wp\/v2\/media\/22270"}],"wp:attachment":[{"href":"https:\/\/ifamnews.com\/fr\/wp-json\/wp\/v2\/media?parent=22501"}],"wp:term":[{"taxonomy":"category","embeddable":true,"href":"https:\/\/ifamnews.com\/fr\/wp-json\/wp\/v2\/categories?post=22501"},{"taxonomy":"post_tag","embeddable":true,"href":"https:\/\/ifamnews.com\/fr\/wp-json\/wp\/v2\/tags?post=22501"}],"curies":[{"name":"wp","href":"https:\/\/api.w.org\/{rel}","templated":true}]}}