{"id":220240,"date":"2024-02-16T04:00:00","date_gmt":"2024-02-16T09:00:00","guid":{"rendered":"https:\/\/ifamnews.com\/?p=220240"},"modified":"2024-02-15T19:26:54","modified_gmt":"2024-02-16T00:26:54","slug":"la-furie-clate-lorsque-l-cole-geelong-grammar-school-de-l-tat-de-victoria-loge-un-l-ve-de-sexe-masculin-s-identifiant-comme-une-femme-dans-un-dortoir-pour-filles","status":"publish","type":"post","link":"https:\/\/ifamnews.com\/fr\/la-furie-clate-lorsque-l-cole-geelong-grammar-school-de-l-tat-de-victoria-loge-un-l-ve-de-sexe-masculin-s-identifiant-comme-une-femme-dans-un-dortoir-pour-filles","title":{"rendered":"La furie \u00e9clate lorsque l&rsquo;\u00e9cole Geelong Grammar School de l&rsquo;\u00c9tat de Victoria loge un \u00e9l\u00e8ve de sexe masculin s&rsquo;identifiant comme une femme dans un dortoir pour filles."},"content":{"rendered":"<p>La Geelong Grammar School, un \u00e9tablissement d&rsquo;enseignement sup\u00e9rieur de l&rsquo;\u00c9tat de Victoria, est sous le feu des critiques pour avoir d\u00e9cid\u00e9 de loger un \u00e9l\u00e8ve de sexe masculin s&rsquo;identifiant comme une femme dans le dortoir des filles. Cette d\u00e9cision, qui a suscit\u00e9 des r\u00e9actions n\u00e9gatives de la part d&rsquo;un p\u00e8re qui a ensuite retir\u00e9 sa fille de l&rsquo;\u00e9cole, met en lumi\u00e8re les tensions latentes concernant le genre dans les espaces \u00e9ducatifs.<\/p>\n<p>La directrice de l&rsquo;\u00e9cole, Rebecca Cody, a confirm\u00e9 l&rsquo;engagement de l&rsquo;\u00e9cole en faveur de l&rsquo;inclusion et a affirm\u00e9 que la situation de l&rsquo;internat tiendrait compte de l&rsquo;identit\u00e9 de genre des \u00e9l\u00e8ves. La politique de l&rsquo;\u00e9cole s&rsquo;aligne sur les normes de s\u00e9curit\u00e9 pour les enfants, qui exigent le respect de la diversit\u00e9 et une attention particuli\u00e8re aux \u00e9l\u00e8ves LGBT dans toutes les \u00e9coles de l&rsquo;\u00c9tat de Victoria.<\/p>\n<p>Ces d\u00e9cisions portent atteinte aux droits des \u00e9tudiantes en fonction de leur sexe. La prise en compte de l&rsquo;identit\u00e9 de genre ne doit pas se traduire par une n\u00e9gligence des diff\u00e9rences biologiques et de leurs implications potentielles pour le confort et la s\u00e9curit\u00e9 des \u00e9tudiantes. Valider la dysphorie de genre d&rsquo;un \u00e9l\u00e8ve par un traitement pr\u00e9f\u00e9rentiel n&rsquo;offre pas de solution viable aux probl\u00e8mes sous-jacents et, en outre, \u00e9rode les droits essentiels fond\u00e9s sur le sexe.<\/p>\n","protected":false},"excerpt":{"rendered":"<p>La Geelong Grammar School, un \u00e9tablissement d&rsquo;enseignement sup\u00e9rieur de l&rsquo;\u00c9tat de Victoria, est sous le feu des critiques pour avoir d\u00e9cid\u00e9 de loger un \u00e9l\u00e8ve de sexe masculin s&rsquo;identifiant comme une femme dans le dortoir des filles.<\/p>\n","protected":false},"author":593,"featured_media":220105,"comment_status":"open","ping_status":"open","sticky":false,"template":"","format":"standard","meta":{"give_campaign_id":0,"om_disable_all_campaigns":false,"_monsterinsights_skip_tracking":false,"_monsterinsights_sitenote_active":false,"_monsterinsights_sitenote_note":"","_monsterinsights_sitenote_category":0,"mc4wp_mailchimp_campaign":[],"jnews-multi-image_gallery":[],"jnews_single_post":{"subtitle":"","format":"standard","video":"","gallery":"","source_name":"","source_url":"","via_name":"","via_url":"","override_template":"0","override":[{"template":"2","single_blog_custom":"","parallax":"1","fullscreen":"1","layout":"right-sidebar-narrow","sidebar":"default-sidebar","second_sidebar":"default-sidebar","sticky_sidebar":"1","share_position":"float","share_float_style":"share-normal","show_share_counter":"1","show_view_counter":"1","show_featured":"1","show_post_meta":"1","show_post_author":"1","show_post_author_image":"1","show_post_date":"1","post_date_format":"default","post_date_format_custom":"Y\/m\/d","show_post_category":"1","show_post_reading_time":"1","post_reading_time_wpm":"300","show_zoom_button":"0","zoom_button_out_step":"2","zoom_button_in_step":"3","show_post_tag":"1","show_prev_next_post":"0","show_popup_post":"0","number_popup_post":"1","show_author_box":"1","show_post_related":"0","show_inline_post_related":"0"}],"override_image_size":"0","image_override":[{"single_post_thumbnail_size":"crop-715","single_post_gallery_size":"crop-715"}],"trending_post":"0","trending_post_position":"meta","trending_post_label":"Trending","sponsored_post":"0","sponsored_post_label":"Sponsored by","sponsored_post_name":"","sponsored_post_url":"","sponsored_post_logo_enable":"0","sponsored_post_logo":"","sponsored_post_desc":"","disable_ad":"0"},"jnews_primary_category":{"id":"762","hide":""},"jnews_social_meta":[],"jnews_override_counter":[],"footnotes":""},"categories":[762,809,813],"tags":[4861,11080,6751],"class_list":["post-220240","post","type-post","status-publish","format-standard","has-post-thumbnail","hentry","category-culture-fr","category-foreground-fr","category-breaking-news-fr","tag-gender-ideology","tag-lideologie-lgbt","tag-transgenderisme"],"yoast_head":"<!-- This site is optimized with the Yoast SEO Premium plugin v25.9 (Yoast SEO v27.3) - https:\/\/yoast.com\/product\/yoast-seo-premium-wordpress\/ -->\n<title>La furie \u00e9clate lorsque l&#039;\u00e9cole Geelong Grammar School de l&#039;\u00c9tat de Victoria loge un \u00e9l\u00e8ve de sexe masculin s&#039;identifiant comme une femme dans un dortoir pour filles. - IFN<\/title>\n<meta name=\"description\" content=\"La Geelong Grammar School, un \u00e9tablissement d&#039;enseignement sup\u00e9rieur de l&#039;\u00c9tat de Victoria, est sous le feu des critiques pour avoir d\u00e9cid\u00e9 de loger un \u00e9l\u00e8ve de sexe masculin s&#039;identifiant comme une femme dans le dortoir des filles.\" \/>\n<meta name=\"robots\" content=\"index, follow, max-snippet:-1, max-image-preview:large, max-video-preview:-1\" \/>\n<link rel=\"canonical\" href=\"https:\/\/ifamnews.com\/en\/furor-erupts-as-victoria-s-geelong-grammar-school-houses-male-student-identifying-as-female-in-girls-dormitory\" \/>\n<meta property=\"og:locale\" content=\"fr_FR\" \/>\n<meta property=\"og:type\" content=\"article\" \/>\n<meta property=\"og:title\" content=\"La furie \u00e9clate lorsque l&#039;\u00e9cole Geelong Grammar School de l&#039;\u00c9tat de Victoria loge un \u00e9l\u00e8ve de sexe masculin s&#039;identifiant comme une femme dans un dortoir pour filles.\" \/>\n<meta property=\"og:description\" content=\"La Geelong Grammar School, un \u00e9tablissement d&#039;enseignement sup\u00e9rieur de l&#039;\u00c9tat de Victoria, est sous le feu des critiques pour avoir d\u00e9cid\u00e9 de loger un \u00e9l\u00e8ve de sexe masculin s&#039;identifiant comme une femme dans le dortoir des filles.\" \/>\n<meta property=\"og:url\" content=\"https:\/\/ifamnews.com\/en\/furor-erupts-as-victoria-s-geelong-grammar-school-houses-male-student-identifying-as-female-in-girls-dormitory\" \/>\n<meta property=\"og:site_name\" content=\"IFN\" \/>\n<meta property=\"article:publisher\" content=\"https:\/\/www.facebook.com\/iFamNews\" \/>\n<meta property=\"article:author\" content=\"https:\/\/www.facebook.com\/iFamNews\/\" \/>\n<meta property=\"article:published_time\" content=\"2024-02-16T09:00:00+00:00\" \/>\n<meta property=\"og:image\" content=\"https:\/\/ifamnews.com\/wp-content\/uploads\/2024\/02\/Untitled-design-2024-02-14T082658.497.png\" \/>\n\t<meta property=\"og:image:width\" content=\"1200\" \/>\n\t<meta property=\"og:image:height\" content=\"675\" \/>\n\t<meta property=\"og:image:type\" content=\"image\/png\" \/>\n<meta name=\"author\" content=\"IFN English\" \/>\n<meta name=\"twitter:card\" content=\"summary_large_image\" \/>\n<meta name=\"twitter:creator\" content=\"@https:\/\/twitter.com\/iFamNewsEN\" \/>\n<meta name=\"twitter:site\" content=\"@iFamNewsEN\" \/>\n<meta name=\"twitter:label1\" content=\"\u00c9crit par\" \/>\n\t<meta name=\"twitter:data1\" content=\"iFamNews\" \/>\n\t<meta name=\"twitter:label2\" content=\"Dur\u00e9e de lecture estim\u00e9e\" \/>\n\t<meta name=\"twitter:data2\" content=\"2 minutes\" \/>\n<!-- \/ Yoast SEO Premium plugin. -->","yoast_head_json":{"title":"La furie \u00e9clate lorsque l'\u00e9cole Geelong Grammar School de l'\u00c9tat de Victoria loge un \u00e9l\u00e8ve de sexe masculin s'identifiant comme une femme dans un dortoir pour filles. - IFN","description":"La Geelong Grammar School, un \u00e9tablissement d'enseignement sup\u00e9rieur de l'\u00c9tat de Victoria, est sous le feu des critiques pour avoir d\u00e9cid\u00e9 de loger un \u00e9l\u00e8ve de sexe masculin s'identifiant comme une femme dans le dortoir des filles.","robots":{"index":"index","follow":"follow","max-snippet":"max-snippet:-1","max-image-preview":"max-image-preview:large","max-video-preview":"max-video-preview:-1"},"canonical":"https:\/\/ifamnews.com\/en\/furor-erupts-as-victoria-s-geelong-grammar-school-houses-male-student-identifying-as-female-in-girls-dormitory","og_locale":"fr_FR","og_type":"article","og_title":"La furie \u00e9clate lorsque l'\u00e9cole Geelong Grammar School de l'\u00c9tat de Victoria loge un \u00e9l\u00e8ve de sexe masculin s'identifiant comme une femme dans un dortoir pour filles.","og_description":"La Geelong Grammar School, un \u00e9tablissement d'enseignement sup\u00e9rieur de l'\u00c9tat de Victoria, est sous le feu des critiques pour avoir d\u00e9cid\u00e9 de loger un \u00e9l\u00e8ve de sexe masculin s'identifiant comme une femme dans le dortoir des filles.","og_url":"https:\/\/ifamnews.com\/en\/furor-erupts-as-victoria-s-geelong-grammar-school-houses-male-student-identifying-as-female-in-girls-dormitory","og_site_name":"IFN","article_publisher":"https:\/\/www.facebook.com\/iFamNews","article_author":"https:\/\/www.facebook.com\/iFamNews\/","article_published_time":"2024-02-16T09:00:00+00:00","og_image":[{"width":1200,"height":675,"url":"https:\/\/ifamnews.com\/wp-content\/uploads\/2024\/02\/Untitled-design-2024-02-14T082658.497.png","type":"image\/png"}],"author":"IFN English","twitter_card":"summary_large_image","twitter_creator":"@https:\/\/twitter.com\/iFamNewsEN","twitter_site":"@iFamNewsEN","twitter_misc":{"\u00c9crit par":"iFamNews","Dur\u00e9e de lecture estim\u00e9e":"2 minutes"},"schema":{"@context":"https:\/\/schema.org","@graph":[{"@type":"NewsArticle","@id":"https:\/\/ifamnews.com\/en\/furor-erupts-as-victoria-s-geelong-grammar-school-houses-male-student-identifying-as-female-in-girls-dormitory#article","isPartOf":{"@id":"https:\/\/ifamnews.com\/en\/furor-erupts-as-victoria-s-geelong-grammar-school-houses-male-student-identifying-as-female-in-girls-dormitory"},"author":{"name":"IFN English","@id":"https:\/\/ifamnews.com\/en\/#\/schema\/person\/633bdb7ac2496c9b9304ce62d071cdfa"},"headline":"La furie \u00e9clate lorsque l&rsquo;\u00e9cole Geelong Grammar School de l&rsquo;\u00c9tat de Victoria loge un \u00e9l\u00e8ve de sexe masculin s&rsquo;identifiant comme une femme dans un dortoir pour filles.","datePublished":"2024-02-16T09:00:00+00:00","mainEntityOfPage":{"@id":"https:\/\/ifamnews.com\/en\/furor-erupts-as-victoria-s-geelong-grammar-school-houses-male-student-identifying-as-female-in-girls-dormitory"},"wordCount":281,"commentCount":0,"publisher":{"@id":"https:\/\/ifamnews.com\/en\/#organization"},"image":{"@id":"https:\/\/ifamnews.com\/en\/furor-erupts-as-victoria-s-geelong-grammar-school-houses-male-student-identifying-as-female-in-girls-dormitory#primaryimage"},"thumbnailUrl":"https:\/\/ifamnews.com\/wp-content\/uploads\/2024\/02\/Untitled-design-2024-02-14T082658.497.png","keywords":["gender ideology","L'id\u00e9ologie LGBT","Transgend\u00e9risme"],"articleSection":["Culture","Foreground","Nouvelles r\u00e9centes"],"inLanguage":"fr-FR","potentialAction":[{"@type":"CommentAction","name":"Comment","target":["https:\/\/ifamnews.com\/en\/furor-erupts-as-victoria-s-geelong-grammar-school-houses-male-student-identifying-as-female-in-girls-dormitory#respond"]}]},{"@type":"WebPage","@id":"https:\/\/ifamnews.com\/en\/furor-erupts-as-victoria-s-geelong-grammar-school-houses-male-student-identifying-as-female-in-girls-dormitory","url":"https:\/\/ifamnews.com\/en\/furor-erupts-as-victoria-s-geelong-grammar-school-houses-male-student-identifying-as-female-in-girls-dormitory","name":"La furie \u00e9clate lorsque l'\u00e9cole Geelong Grammar School de l'\u00c9tat de Victoria loge un \u00e9l\u00e8ve de sexe masculin s'identifiant comme une femme dans un dortoir pour filles. - IFN","isPartOf":{"@id":"https:\/\/ifamnews.com\/en\/#website"},"primaryImageOfPage":{"@id":"https:\/\/ifamnews.com\/en\/furor-erupts-as-victoria-s-geelong-grammar-school-houses-male-student-identifying-as-female-in-girls-dormitory#primaryimage"},"image":{"@id":"https:\/\/ifamnews.com\/en\/furor-erupts-as-victoria-s-geelong-grammar-school-houses-male-student-identifying-as-female-in-girls-dormitory#primaryimage"},"thumbnailUrl":"https:\/\/ifamnews.com\/wp-content\/uploads\/2024\/02\/Untitled-design-2024-02-14T082658.497.png","datePublished":"2024-02-16T09:00:00+00:00","description":"La Geelong Grammar School, un \u00e9tablissement d'enseignement sup\u00e9rieur de l'\u00c9tat de Victoria, est sous le feu des critiques pour avoir d\u00e9cid\u00e9 de loger un \u00e9l\u00e8ve de sexe masculin s'identifiant comme une femme dans le dortoir des filles.","breadcrumb":{"@id":"https:\/\/ifamnews.com\/en\/furor-erupts-as-victoria-s-geelong-grammar-school-houses-male-student-identifying-as-female-in-girls-dormitory#breadcrumb"},"inLanguage":"fr-FR","potentialAction":[{"@type":"ReadAction","target":["https:\/\/ifamnews.com\/en\/furor-erupts-as-victoria-s-geelong-grammar-school-houses-male-student-identifying-as-female-in-girls-dormitory"]}]},{"@type":"ImageObject","inLanguage":"fr-FR","@id":"https:\/\/ifamnews.com\/en\/furor-erupts-as-victoria-s-geelong-grammar-school-houses-male-student-identifying-as-female-in-girls-dormitory#primaryimage","url":"https:\/\/ifamnews.com\/wp-content\/uploads\/2024\/02\/Untitled-design-2024-02-14T082658.497.png","contentUrl":"https:\/\/ifamnews.com\/wp-content\/uploads\/2024\/02\/Untitled-design-2024-02-14T082658.497.png","width":1200,"height":675,"caption":"https:\/\/creativecommons.org\/licenses\/by-nd\/2.0\/"},{"@type":"BreadcrumbList","@id":"https:\/\/ifamnews.com\/en\/furor-erupts-as-victoria-s-geelong-grammar-school-houses-male-student-identifying-as-female-in-girls-dormitory#breadcrumb","itemListElement":[{"@type":"ListItem","position":1,"name":"Home","item":"https:\/\/ifamnews.com\/de"},{"@type":"ListItem","position":2,"name":"\u041a\u0443\u043b\u0442\u0443\u0440\u0430","item":"https:\/\/ifamnews.com\/sr\/kategorija\/kultura-sr"},{"@type":"ListItem","position":3,"name":"La furie \u00e9clate lorsque l&#8217;\u00e9cole Geelong Grammar School de l&#8217;\u00c9tat de Victoria loge un \u00e9l\u00e8ve de sexe masculin s&#8217;identifiant comme une femme dans un dortoir pour filles."}]},{"@type":"WebSite","@id":"https:\/\/ifamnews.com\/en\/#website","url":"https:\/\/ifamnews.com\/en\/","name":"IFN","description":"International Family News Network","publisher":{"@id":"https:\/\/ifamnews.com\/en\/#organization"},"potentialAction":[{"@type":"SearchAction","target":{"@type":"EntryPoint","urlTemplate":"https:\/\/ifamnews.com\/en\/?s={search_term_string}"},"query-input":{"@type":"PropertyValueSpecification","valueRequired":true,"valueName":"search_term_string"}}],"inLanguage":"fr-FR"},{"@type":"Organization","@id":"https:\/\/ifamnews.com\/en\/#organization","name":"iFamNews","url":"https:\/\/ifamnews.com\/en\/","logo":{"@type":"ImageObject","inLanguage":"fr-FR","@id":"https:\/\/ifamnews.com\/en\/#\/schema\/logo\/image\/","url":"https:\/\/ifamnews.com\/wp-content\/uploads\/2020\/01\/Share-logo.png","contentUrl":"https:\/\/ifamnews.com\/wp-content\/uploads\/2020\/01\/Share-logo.png","width":200,"height":200,"caption":"iFamNews"},"image":{"@id":"https:\/\/ifamnews.com\/en\/#\/schema\/logo\/image\/"},"sameAs":["https:\/\/www.facebook.com\/iFamNews","https:\/\/x.com\/iFamNewsEN"]},{"@type":"Person","@id":"https:\/\/ifamnews.com\/en\/#\/schema\/person\/633bdb7ac2496c9b9304ce62d071cdfa","name":"IFN English","image":{"@type":"ImageObject","inLanguage":"fr-FR","@id":"https:\/\/secure.gravatar.com\/avatar\/6f16ce95b558ae6f6eb9ae2f68122482a2c61696af2a8fc343c2e10f981a959d?s=96&d=mm&r=g","url":"https:\/\/secure.gravatar.com\/avatar\/6f16ce95b558ae6f6eb9ae2f68122482a2c61696af2a8fc343c2e10f981a959d?s=96&d=mm&r=g","contentUrl":"https:\/\/secure.gravatar.com\/avatar\/6f16ce95b558ae6f6eb9ae2f68122482a2c61696af2a8fc343c2e10f981a959d?s=96&d=mm&r=g","caption":"IFN English"},"description":"Articles published by the English iFamNews editorial team.","sameAs":["https:\/\/ifamnews.com\/en","https:\/\/www.facebook.com\/iFamNews\/","https:\/\/x.com\/https:\/\/twitter.com\/iFamNewsEN","https:\/\/www.youtube.com\/channel\/UCMVyIt4z9BANW3d09kwfUpw"],"url":"https:\/\/ifamnews.com\/fr\/author\/ifamnews-staff"}]}},"amp_enabled":true,"_links":{"self":[{"href":"https:\/\/ifamnews.com\/fr\/wp-json\/wp\/v2\/posts\/220240","targetHints":{"allow":["GET"]}}],"collection":[{"href":"https:\/\/ifamnews.com\/fr\/wp-json\/wp\/v2\/posts"}],"about":[{"href":"https:\/\/ifamnews.com\/fr\/wp-json\/wp\/v2\/types\/post"}],"author":[{"embeddable":true,"href":"https:\/\/ifamnews.com\/fr\/wp-json\/wp\/v2\/users\/593"}],"replies":[{"embeddable":true,"href":"https:\/\/ifamnews.com\/fr\/wp-json\/wp\/v2\/comments?post=220240"}],"version-history":[{"count":1,"href":"https:\/\/ifamnews.com\/fr\/wp-json\/wp\/v2\/posts\/220240\/revisions"}],"predecessor-version":[{"id":220246,"href":"https:\/\/ifamnews.com\/fr\/wp-json\/wp\/v2\/posts\/220240\/revisions\/220246"}],"wp:featuredmedia":[{"embeddable":true,"href":"https:\/\/ifamnews.com\/fr\/wp-json\/wp\/v2\/media\/220105"}],"wp:attachment":[{"href":"https:\/\/ifamnews.com\/fr\/wp-json\/wp\/v2\/media?parent=220240"}],"wp:term":[{"taxonomy":"category","embeddable":true,"href":"https:\/\/ifamnews.com\/fr\/wp-json\/wp\/v2\/categories?post=220240"},{"taxonomy":"post_tag","embeddable":true,"href":"https:\/\/ifamnews.com\/fr\/wp-json\/wp\/v2\/tags?post=220240"}],"curies":[{"name":"wp","href":"https:\/\/api.w.org\/{rel}","templated":true}]}}