{"id":219908,"date":"2024-02-13T02:00:00","date_gmt":"2024-02-13T07:00:00","guid":{"rendered":"https:\/\/ifamnews.com\/?p=219908"},"modified":"2024-02-13T00:04:22","modified_gmt":"2024-02-13T05:04:22","slug":"le-centre-am-ricain-pour-le-droit-et-la-justice-bloque-la-d-cision-du-district-de-columbia-d-liminer-les-restes-des-b-b-s-ayant-subi-des-avortements-ill-gaux","status":"publish","type":"post","link":"https:\/\/ifamnews.com\/fr\/le-centre-am-ricain-pour-le-droit-et-la-justice-bloque-la-d-cision-du-district-de-columbia-d-liminer-les-restes-des-b-b-s-ayant-subi-des-avortements-ill-gaux","title":{"rendered":"Le Centre am\u00e9ricain pour le droit et la justice bloque la d\u00e9cision du district de Columbia d&rsquo;\u00e9liminer les restes des b\u00e9b\u00e9s ayant subi des avortements ill\u00e9gaux"},"content":{"rendered":"<p>Dans une intervention de derni\u00e8re minute, les avocats du Centre am\u00e9ricain pour le droit et la justice (ACLJ) ont stopp\u00e9 la d\u00e9cision de Washington D.C. d&rsquo;\u00e9liminer les restes de cinq b\u00e9b\u00e9s ayant fait l&rsquo;objet d&rsquo;une interruption de grossesse potentiellement en violation de la loi. L&rsquo;affaire a d\u00e9but\u00e9 il y a deux ans, lorsque des militants pro-vie ont d\u00e9couvert 115 f\u0153tus avort\u00e9s dans des d\u00e9chets m\u00e9dicaux provenant d&rsquo;un centre d&rsquo;avortement tardif situ\u00e9 dans la capitale du pays. Cinq d&rsquo;entre eux semblaient \u00eatre proches du terme, ce qui laisse soup\u00e7onner des avortements partiels ill\u00e9gaux ou des infanticides.<\/p>\n<p>Les d\u00e9fenseurs des droits de l&rsquo;homme ont fait pression pour qu&rsquo;une enqu\u00eate soit men\u00e9e sur cette affaire qui, jusqu&rsquo;\u00e0 pr\u00e9sent, semble avoir \u00e9t\u00e9 n\u00e9glig\u00e9e par les fonctionnaires du district de Columbia et par l&rsquo;administration Biden. Ce dernier a r\u00e9cemment ordonn\u00e9 la destruction des cadavres des b\u00e9b\u00e9s, ce qui pourrait permettre d&rsquo;\u00e9liminer des preuves criminelles essentielles.<\/p>\n<p>Toutefois, le Centre am\u00e9ricain pour le droit et la justice a r\u00e9ussi \u00e0 emp\u00eacher cette action. L&rsquo;ACLJ, qui s&rsquo;appr\u00eatait \u00e0 intenter une action en justice, a obtenu du gouvernement du district de Columbia qu&rsquo;il lui garantisse que les cr\u00e9mations pr\u00e9vues seraient report\u00e9es.<\/p>\n<p>L&rsquo;affaire a \u00e9galement suscit\u00e9 l&rsquo;int\u00e9r\u00eat des pr\u00e9sidents des sous-commissions du Congr\u00e8s, qui ont demand\u00e9 aux autorit\u00e9s de Washington de pr\u00e9server les d\u00e9pouilles des b\u00e9b\u00e9s. Cette surveillance accrue met la pression sur les enqu\u00eates concernant les violations potentielles de la loi f\u00e9d\u00e9rale sur l&rsquo;interdiction de l&rsquo;avortement \u00e0 la naissance et de la loi sur la protection des enfants n\u00e9s vivants (Born Alive Infant Protection Act).<\/p>\n","protected":false},"excerpt":{"rendered":"<p>Dans une intervention de derni\u00e8re minute, les avocats du Centre am\u00e9ricain pour le droit et la justice (ACLJ) ont stopp\u00e9 la d\u00e9cision de Washington D.C. d&rsquo;\u00e9liminer les restes de cinq b\u00e9b\u00e9s ayant fait l&rsquo;objet d&rsquo;une interruption de grossesse potentiellement en violation de la loi.<\/p>\n","protected":false},"author":593,"featured_media":219863,"comment_status":"open","ping_status":"open","sticky":false,"template":"","format":"standard","meta":{"give_campaign_id":0,"om_disable_all_campaigns":false,"_monsterinsights_skip_tracking":false,"_monsterinsights_sitenote_active":false,"_monsterinsights_sitenote_note":"","_monsterinsights_sitenote_category":0,"mc4wp_mailchimp_campaign":[],"jnews-multi-image_gallery":[],"jnews_single_post":{"subtitle":"","format":"standard","video":"","gallery":"","source_name":"","source_url":"","via_name":"","via_url":"","override_template":"0","override":[{"template":"2","single_blog_custom":"","parallax":"1","fullscreen":"1","layout":"right-sidebar-narrow","sidebar":"default-sidebar","second_sidebar":"default-sidebar","sticky_sidebar":"1","share_position":"float","share_float_style":"share-normal","show_share_counter":"1","show_view_counter":"1","show_featured":"1","show_post_meta":"1","show_post_author":"1","show_post_author_image":"1","show_post_date":"1","post_date_format":"default","post_date_format_custom":"Y\/m\/d","show_post_category":"1","show_post_reading_time":"1","post_reading_time_wpm":"300","show_zoom_button":"0","zoom_button_out_step":"2","zoom_button_in_step":"3","show_post_tag":"1","show_prev_next_post":"0","show_popup_post":"0","number_popup_post":"1","show_author_box":"1","show_post_related":"0","show_inline_post_related":"0"}],"override_image_size":"0","image_override":[{"single_post_thumbnail_size":"crop-715","single_post_gallery_size":"crop-715"}],"trending_post":"0","trending_post_position":"meta","trending_post_label":"Trending","sponsored_post":"0","sponsored_post_label":"Sponsored by","sponsored_post_name":"","sponsored_post_url":"","sponsored_post_logo_enable":"0","sponsored_post_logo":"","sponsored_post_desc":"","disable_ad":"0"},"jnews_primary_category":{"id":"819","hide":""},"jnews_social_meta":[],"jnews_override_counter":[],"footnotes":""},"categories":[809,813,819],"tags":[9381,9968,9912],"class_list":["post-219908","post","type-post","status-publish","format-standard","has-post-thumbnail","hentry","category-foreground-fr","category-breaking-news-fr","category-vie","tag-abortion-fr-3","tag-pro-life-fr-2","tag-right-to-life-fr"],"yoast_head":"<!-- This site is optimized with the Yoast SEO Premium plugin v25.9 (Yoast SEO v27.3) - https:\/\/yoast.com\/product\/yoast-seo-premium-wordpress\/ -->\n<title>Le Centre am\u00e9ricain pour le droit et la justice bloque la d\u00e9cision du district de Columbia d&#039;\u00e9liminer les restes des b\u00e9b\u00e9s ayant subi des avortements ill\u00e9gaux - IFN<\/title>\n<meta name=\"description\" content=\"Dans une intervention de derni\u00e8re minute, les avocats du Centre am\u00e9ricain pour le droit et la justice (ACLJ) ont stopp\u00e9 la d\u00e9cision de Washington D.C. d&#039;\u00e9liminer les d\u00e9pouilles de cinq b\u00e9b\u00e9s ayant subi des interruptions de grossesse potentiellement en violation de la loi.\" \/>\n<meta name=\"robots\" content=\"index, follow, max-snippet:-1, max-image-preview:large, max-video-preview:-1\" \/>\n<link rel=\"canonical\" href=\"https:\/\/ifamnews.com\/en\/american-center-for-law-and-justice-halts-d-c-s-move-to-eliminate-remains-of-babies-subject-to-illegal-abortions\" \/>\n<meta property=\"og:locale\" content=\"fr_FR\" \/>\n<meta property=\"og:type\" content=\"article\" \/>\n<meta property=\"og:title\" content=\"Le Centre am\u00e9ricain pour le droit et la justice bloque la d\u00e9cision du district de Columbia d&#039;\u00e9liminer les restes des b\u00e9b\u00e9s ayant subi des avortements ill\u00e9gaux\" \/>\n<meta property=\"og:description\" content=\"Dans une intervention de derni\u00e8re minute, les avocats du Centre am\u00e9ricain pour le droit et la justice (ACLJ) ont stopp\u00e9 la d\u00e9cision de Washington D.C. d&#039;\u00e9liminer les d\u00e9pouilles de cinq b\u00e9b\u00e9s ayant subi des interruptions de grossesse potentiellement en violation de la loi.\" \/>\n<meta property=\"og:url\" content=\"https:\/\/ifamnews.com\/en\/american-center-for-law-and-justice-halts-d-c-s-move-to-eliminate-remains-of-babies-subject-to-illegal-abortions\" \/>\n<meta property=\"og:site_name\" content=\"IFN\" \/>\n<meta property=\"article:publisher\" content=\"https:\/\/www.facebook.com\/iFamNews\" \/>\n<meta property=\"article:author\" content=\"https:\/\/www.facebook.com\/iFamNews\/\" \/>\n<meta property=\"article:published_time\" content=\"2024-02-13T07:00:00+00:00\" \/>\n<meta property=\"og:image\" content=\"https:\/\/ifamnews.com\/wp-content\/uploads\/2024\/02\/Untitled-design-2024-02-12T091146.288.png\" \/>\n\t<meta property=\"og:image:width\" content=\"1200\" \/>\n\t<meta property=\"og:image:height\" content=\"675\" \/>\n\t<meta property=\"og:image:type\" content=\"image\/png\" \/>\n<meta name=\"author\" content=\"IFN English\" \/>\n<meta name=\"twitter:card\" content=\"summary_large_image\" \/>\n<meta name=\"twitter:creator\" content=\"@https:\/\/twitter.com\/iFamNewsEN\" \/>\n<meta name=\"twitter:site\" content=\"@iFamNewsEN\" \/>\n<meta name=\"twitter:label1\" content=\"\u00c9crit par\" \/>\n\t<meta name=\"twitter:data1\" content=\"iFamNews\" \/>\n\t<meta name=\"twitter:label2\" content=\"Dur\u00e9e de lecture estim\u00e9e\" \/>\n\t<meta name=\"twitter:data2\" content=\"2 minutes\" \/>\n<!-- \/ Yoast SEO Premium plugin. -->","yoast_head_json":{"title":"Le Centre am\u00e9ricain pour le droit et la justice bloque la d\u00e9cision du district de Columbia d'\u00e9liminer les restes des b\u00e9b\u00e9s ayant subi des avortements ill\u00e9gaux - IFN","description":"Dans une intervention de derni\u00e8re minute, les avocats du Centre am\u00e9ricain pour le droit et la justice (ACLJ) ont stopp\u00e9 la d\u00e9cision de Washington D.C. d'\u00e9liminer les d\u00e9pouilles de cinq b\u00e9b\u00e9s ayant subi des interruptions de grossesse potentiellement en violation de la loi.","robots":{"index":"index","follow":"follow","max-snippet":"max-snippet:-1","max-image-preview":"max-image-preview:large","max-video-preview":"max-video-preview:-1"},"canonical":"https:\/\/ifamnews.com\/en\/american-center-for-law-and-justice-halts-d-c-s-move-to-eliminate-remains-of-babies-subject-to-illegal-abortions","og_locale":"fr_FR","og_type":"article","og_title":"Le Centre am\u00e9ricain pour le droit et la justice bloque la d\u00e9cision du district de Columbia d'\u00e9liminer les restes des b\u00e9b\u00e9s ayant subi des avortements ill\u00e9gaux","og_description":"Dans une intervention de derni\u00e8re minute, les avocats du Centre am\u00e9ricain pour le droit et la justice (ACLJ) ont stopp\u00e9 la d\u00e9cision de Washington D.C. d'\u00e9liminer les d\u00e9pouilles de cinq b\u00e9b\u00e9s ayant subi des interruptions de grossesse potentiellement en violation de la loi.","og_url":"https:\/\/ifamnews.com\/en\/american-center-for-law-and-justice-halts-d-c-s-move-to-eliminate-remains-of-babies-subject-to-illegal-abortions","og_site_name":"IFN","article_publisher":"https:\/\/www.facebook.com\/iFamNews","article_author":"https:\/\/www.facebook.com\/iFamNews\/","article_published_time":"2024-02-13T07:00:00+00:00","og_image":[{"width":1200,"height":675,"url":"https:\/\/ifamnews.com\/wp-content\/uploads\/2024\/02\/Untitled-design-2024-02-12T091146.288.png","type":"image\/png"}],"author":"IFN English","twitter_card":"summary_large_image","twitter_creator":"@https:\/\/twitter.com\/iFamNewsEN","twitter_site":"@iFamNewsEN","twitter_misc":{"\u00c9crit par":"iFamNews","Dur\u00e9e de lecture estim\u00e9e":"2 minutes"},"schema":{"@context":"https:\/\/schema.org","@graph":[{"@type":"NewsArticle","@id":"https:\/\/ifamnews.com\/en\/american-center-for-law-and-justice-halts-d-c-s-move-to-eliminate-remains-of-babies-subject-to-illegal-abortions#article","isPartOf":{"@id":"https:\/\/ifamnews.com\/en\/american-center-for-law-and-justice-halts-d-c-s-move-to-eliminate-remains-of-babies-subject-to-illegal-abortions"},"author":{"name":"IFN English","@id":"https:\/\/ifamnews.com\/en\/#\/schema\/person\/633bdb7ac2496c9b9304ce62d071cdfa"},"headline":"Le Centre am\u00e9ricain pour le droit et la justice bloque la d\u00e9cision du district de Columbia d&rsquo;\u00e9liminer les restes des b\u00e9b\u00e9s ayant subi des avortements ill\u00e9gaux","datePublished":"2024-02-13T07:00:00+00:00","mainEntityOfPage":{"@id":"https:\/\/ifamnews.com\/en\/american-center-for-law-and-justice-halts-d-c-s-move-to-eliminate-remains-of-babies-subject-to-illegal-abortions"},"wordCount":345,"commentCount":0,"publisher":{"@id":"https:\/\/ifamnews.com\/en\/#organization"},"image":{"@id":"https:\/\/ifamnews.com\/en\/american-center-for-law-and-justice-halts-d-c-s-move-to-eliminate-remains-of-babies-subject-to-illegal-abortions#primaryimage"},"thumbnailUrl":"https:\/\/ifamnews.com\/wp-content\/uploads\/2024\/02\/Untitled-design-2024-02-12T091146.288.png","keywords":["Abortion","Pro-life","right to life"],"articleSection":["Foreground","Nouvelles r\u00e9centes","Vie"],"inLanguage":"fr-FR","potentialAction":[{"@type":"CommentAction","name":"Comment","target":["https:\/\/ifamnews.com\/en\/american-center-for-law-and-justice-halts-d-c-s-move-to-eliminate-remains-of-babies-subject-to-illegal-abortions#respond"]}]},{"@type":"WebPage","@id":"https:\/\/ifamnews.com\/en\/american-center-for-law-and-justice-halts-d-c-s-move-to-eliminate-remains-of-babies-subject-to-illegal-abortions","url":"https:\/\/ifamnews.com\/en\/american-center-for-law-and-justice-halts-d-c-s-move-to-eliminate-remains-of-babies-subject-to-illegal-abortions","name":"Le Centre am\u00e9ricain pour le droit et la justice bloque la d\u00e9cision du district de Columbia d'\u00e9liminer les restes des b\u00e9b\u00e9s ayant subi des avortements ill\u00e9gaux - IFN","isPartOf":{"@id":"https:\/\/ifamnews.com\/en\/#website"},"primaryImageOfPage":{"@id":"https:\/\/ifamnews.com\/en\/american-center-for-law-and-justice-halts-d-c-s-move-to-eliminate-remains-of-babies-subject-to-illegal-abortions#primaryimage"},"image":{"@id":"https:\/\/ifamnews.com\/en\/american-center-for-law-and-justice-halts-d-c-s-move-to-eliminate-remains-of-babies-subject-to-illegal-abortions#primaryimage"},"thumbnailUrl":"https:\/\/ifamnews.com\/wp-content\/uploads\/2024\/02\/Untitled-design-2024-02-12T091146.288.png","datePublished":"2024-02-13T07:00:00+00:00","description":"Dans une intervention de derni\u00e8re minute, les avocats du Centre am\u00e9ricain pour le droit et la justice (ACLJ) ont stopp\u00e9 la d\u00e9cision de Washington D.C. d'\u00e9liminer les d\u00e9pouilles de cinq b\u00e9b\u00e9s ayant subi des interruptions de grossesse potentiellement en violation de la loi.","breadcrumb":{"@id":"https:\/\/ifamnews.com\/en\/american-center-for-law-and-justice-halts-d-c-s-move-to-eliminate-remains-of-babies-subject-to-illegal-abortions#breadcrumb"},"inLanguage":"fr-FR","potentialAction":[{"@type":"ReadAction","target":["https:\/\/ifamnews.com\/en\/american-center-for-law-and-justice-halts-d-c-s-move-to-eliminate-remains-of-babies-subject-to-illegal-abortions"]}]},{"@type":"ImageObject","inLanguage":"fr-FR","@id":"https:\/\/ifamnews.com\/en\/american-center-for-law-and-justice-halts-d-c-s-move-to-eliminate-remains-of-babies-subject-to-illegal-abortions#primaryimage","url":"https:\/\/ifamnews.com\/wp-content\/uploads\/2024\/02\/Untitled-design-2024-02-12T091146.288.png","contentUrl":"https:\/\/ifamnews.com\/wp-content\/uploads\/2024\/02\/Untitled-design-2024-02-12T091146.288.png","width":1200,"height":675,"caption":"\"The White House, 1600 Pennsylvania Avenue; Washington DC\" by foxypar4 is licensed under CC BY 2.0."},{"@type":"BreadcrumbList","@id":"https:\/\/ifamnews.com\/en\/american-center-for-law-and-justice-halts-d-c-s-move-to-eliminate-remains-of-babies-subject-to-illegal-abortions#breadcrumb","itemListElement":[{"@type":"ListItem","position":1,"name":"Home","item":"https:\/\/ifamnews.com\/de"},{"@type":"ListItem","position":2,"name":"Life","item":"https:\/\/ifamnews.com\/en\/category\/life"},{"@type":"ListItem","position":3,"name":"Le Centre am\u00e9ricain pour le droit et la justice bloque la d\u00e9cision du district de Columbia d&#8217;\u00e9liminer les restes des b\u00e9b\u00e9s ayant subi des avortements ill\u00e9gaux"}]},{"@type":"WebSite","@id":"https:\/\/ifamnews.com\/en\/#website","url":"https:\/\/ifamnews.com\/en\/","name":"IFN","description":"International Family News Network","publisher":{"@id":"https:\/\/ifamnews.com\/en\/#organization"},"potentialAction":[{"@type":"SearchAction","target":{"@type":"EntryPoint","urlTemplate":"https:\/\/ifamnews.com\/en\/?s={search_term_string}"},"query-input":{"@type":"PropertyValueSpecification","valueRequired":true,"valueName":"search_term_string"}}],"inLanguage":"fr-FR"},{"@type":"Organization","@id":"https:\/\/ifamnews.com\/en\/#organization","name":"iFamNews","url":"https:\/\/ifamnews.com\/en\/","logo":{"@type":"ImageObject","inLanguage":"fr-FR","@id":"https:\/\/ifamnews.com\/en\/#\/schema\/logo\/image\/","url":"https:\/\/ifamnews.com\/wp-content\/uploads\/2020\/01\/Share-logo.png","contentUrl":"https:\/\/ifamnews.com\/wp-content\/uploads\/2020\/01\/Share-logo.png","width":200,"height":200,"caption":"iFamNews"},"image":{"@id":"https:\/\/ifamnews.com\/en\/#\/schema\/logo\/image\/"},"sameAs":["https:\/\/www.facebook.com\/iFamNews","https:\/\/x.com\/iFamNewsEN"]},{"@type":"Person","@id":"https:\/\/ifamnews.com\/en\/#\/schema\/person\/633bdb7ac2496c9b9304ce62d071cdfa","name":"IFN English","image":{"@type":"ImageObject","inLanguage":"fr-FR","@id":"https:\/\/secure.gravatar.com\/avatar\/6f16ce95b558ae6f6eb9ae2f68122482a2c61696af2a8fc343c2e10f981a959d?s=96&d=mm&r=g","url":"https:\/\/secure.gravatar.com\/avatar\/6f16ce95b558ae6f6eb9ae2f68122482a2c61696af2a8fc343c2e10f981a959d?s=96&d=mm&r=g","contentUrl":"https:\/\/secure.gravatar.com\/avatar\/6f16ce95b558ae6f6eb9ae2f68122482a2c61696af2a8fc343c2e10f981a959d?s=96&d=mm&r=g","caption":"IFN English"},"description":"Articles published by the English iFamNews editorial team.","sameAs":["https:\/\/ifamnews.com\/en","https:\/\/www.facebook.com\/iFamNews\/","https:\/\/x.com\/https:\/\/twitter.com\/iFamNewsEN","https:\/\/www.youtube.com\/channel\/UCMVyIt4z9BANW3d09kwfUpw"],"url":"https:\/\/ifamnews.com\/fr\/author\/ifamnews-staff"}]}},"amp_enabled":true,"_links":{"self":[{"href":"https:\/\/ifamnews.com\/fr\/wp-json\/wp\/v2\/posts\/219908","targetHints":{"allow":["GET"]}}],"collection":[{"href":"https:\/\/ifamnews.com\/fr\/wp-json\/wp\/v2\/posts"}],"about":[{"href":"https:\/\/ifamnews.com\/fr\/wp-json\/wp\/v2\/types\/post"}],"author":[{"embeddable":true,"href":"https:\/\/ifamnews.com\/fr\/wp-json\/wp\/v2\/users\/593"}],"replies":[{"embeddable":true,"href":"https:\/\/ifamnews.com\/fr\/wp-json\/wp\/v2\/comments?post=219908"}],"version-history":[{"count":1,"href":"https:\/\/ifamnews.com\/fr\/wp-json\/wp\/v2\/posts\/219908\/revisions"}],"predecessor-version":[{"id":219914,"href":"https:\/\/ifamnews.com\/fr\/wp-json\/wp\/v2\/posts\/219908\/revisions\/219914"}],"wp:featuredmedia":[{"embeddable":true,"href":"https:\/\/ifamnews.com\/fr\/wp-json\/wp\/v2\/media\/219863"}],"wp:attachment":[{"href":"https:\/\/ifamnews.com\/fr\/wp-json\/wp\/v2\/media?parent=219908"}],"wp:term":[{"taxonomy":"category","embeddable":true,"href":"https:\/\/ifamnews.com\/fr\/wp-json\/wp\/v2\/categories?post=219908"},{"taxonomy":"post_tag","embeddable":true,"href":"https:\/\/ifamnews.com\/fr\/wp-json\/wp\/v2\/tags?post=219908"}],"curies":[{"name":"wp","href":"https:\/\/api.w.org\/{rel}","templated":true}]}}