{"id":210730,"date":"2023-09-05T08:58:00","date_gmt":"2023-09-05T12:58:00","guid":{"rendered":"https:\/\/ifamnews.com\/?p=210730"},"modified":"2023-09-05T06:26:55","modified_gmt":"2023-09-05T10:26:55","slug":"neuvi-me-semaine-de-l-unit-familiale-la-guerre-contre-la-famille-dans-la-culture","status":"publish","type":"post","link":"https:\/\/ifamnews.com\/fr\/neuvi-me-semaine-de-l-unit-familiale-la-guerre-contre-la-famille-dans-la-culture","title":{"rendered":"NEUVI\u00c8ME SEMAINE DE L&rsquo;UNIT\u00c9 FAMILIALE &#8211; LA GUERRE CONTRE LA FAMILLE DANS LA CULTURE"},"content":{"rendered":"\n<p>Traditionnellement d\u00e9j\u00e0 d\u00e9but septembre, <em>l&rsquo;Assembl\u00e9e des Familles<\/em> organise la Semaine de l&rsquo;Unit\u00e9 Familiale, cette fois la neuvi\u00e8me cons\u00e9cutive. Dans le cadre de cet \u00e9v\u00e9nement, le vendredi 8. En septembre 2023, \u00e0 midi, aura lieu une table ronde sur le th\u00e8me \u00ab Guerre contre la famille dans la culture \u00bb, avec le sous-titre \u00ab R\u00e9seau d&rsquo;organisations non gouvernementales dans l&rsquo;\u00e9ducation serbe \u00bb.<\/p>\n\n\n\n<p>La table ronde aura lieu dans la salle <em>du Centre des M\u00e9dias de l&rsquo;UNS<\/em> , Knez Mihajlova 6, et la participation \u00e0 la discussion sur ce sujet important a \u00e9t\u00e9 confirm\u00e9e par les noms c\u00e9l\u00e8bres de notre pens\u00e9e scientifique, religieuse et sociale. Gr\u00e2ce \u00e0 un discours vid\u00e9o, nous entendrons \u00e9galement les points de vue sur ce sujet du clerg\u00e9 de l&rsquo;\u00c9glise orthodoxe de Russie, de Bi\u00e9lorussie et d&rsquo;Ukraine, ainsi que de l&rsquo;archev\u00eaque de l&rsquo;\u00c9glise orthodoxe g\u00e9orgienne.<\/p>\n\n\n<div class=\"wp-block-image\">\n<figure class=\"aligncenter size-full\"><img decoding=\"async\" width=\"547\" height=\"780\" src=\"https:\/\/ifamnews.com\/wp-content\/uploads\/2023\/09\/porodicni-sabor-OKRUGLI-STO-POSTER-8-9-.png\" alt=\"\" class=\"wp-image-210690\"\/><\/figure>\n<\/div>\n\n\n<p>Liste des participants \u00e0 la Table Ronde :<\/p>\n\n\n\n<p>&#8211; Mgr David Ruhadze, de l&rsquo;\u00c9glise orthodoxe g\u00e9orgienne (connu pour sa position dure sur la pr\u00e9servation des valeurs chr\u00e9tiennes, opposant \u00e0 la propagation du p\u00e9ch\u00e9 obsc\u00e8ne) ;<\/p>\n\n\n\n<p>&#8211; P\u00e8re Andrei Yurchenko, Kiev (Pr\u00eatre, Ma\u00eetre de Sciences Th\u00e9ologiques) ;<\/p>\n\n\n\n<p>&#8211; Dr. Alexander Romanchuk, Grodno, Bi\u00e9lorussie (archipr\u00eatre, clerc de l&rsquo;\u00c9glise orthodoxe bi\u00e9lorusse du Patriarcat de Moscou, chef du D\u00e9partement d&rsquo;histoire de l&rsquo;\u00c9glise du S\u00e9minaire spirituel de Minsk, vice-pr\u00e9sident de la Soci\u00e9t\u00e9 scientifique \u00e9tudiante) ;<\/p>\n\n\n\n<p>&#8211; protodiacre Dr Vladimir Vasilik, Saint-P\u00e9tersbourg, Russie, (philologue, historien, th\u00e9ologien, double doctorat \u00e8s sciences, professeur d&rsquo;universit\u00e9, membre de la Commission synodale sur le culte de l&rsquo;\u00c9glise orthodoxe russe, directeur du Centre de psychologie historique du D\u00e9partement d&rsquo;histoire des pays slaves et balkaniques, Facult\u00e9 d&rsquo;histoire de Saint-P\u00e9tersbourg) ;<\/p>\n\n\n\n<p>&#8211; Dr Oliver Suboti\u0107 (pr\u00eatre CPS, r\u00e9dacteur en chef <em>du Missionnaire orthodoxe<\/em> et cur\u00e9 de la paroisse St. Aleksandra Nevsky, docteur en sciences sociologiques et experte sur les relations entre l&rsquo;\u00c9glise et les technologies modernes) ;<\/p>\n\n\n\n<p>&#8211; le prof. Dr Borislav Grozdi\u0107 (colonel \u00e0 la retraite, professeur au D\u00e9partement d&rsquo;\u00e9thique militaire de l&rsquo;Acad\u00e9mie militaire) ;<\/p>\n\n\n\n<p>&#8211; le prof. Dr Slobodan Antoni\u0107 (professeur ordinaire du D\u00e9partement de sociologie de la Facult\u00e9 de philosophie de l&rsquo;Universit\u00e9 de Belgrade et associ\u00e9 de <em>l&rsquo;Institut de recherche sociologique<\/em> de la Facult\u00e9 de philosophie de l&rsquo;Universit\u00e9 de Belgrade, politologue serbe, sociologue, analyste politique) ;<\/p>\n\n\n\n<p>&#8211; le prof. Dr Milo\u0161 Kovi\u0107 (historien, professeur d&rsquo;histoire g\u00e9n\u00e9rale du nouveau si\u00e8cle \u00e0 la Facult\u00e9 de philosophie de l&rsquo;Universit\u00e9 de Belgrade, o\u00f9 il a obtenu tous ses dipl\u00f4mes scientifiques, pr\u00e9sident <em>du Mouvement pour la d\u00e9fense du Kosovo-Metohija<\/em> ) ;<\/p>\n\n\n\n<p>&#8211; Dr. Mi\u0161a \u0110urkovi\u0107 (docteur en philosophie, doctorat \u00e0 la Facult\u00e9 de philosophie de l&rsquo;Universit\u00e9 de Belgrade, chercheur associ\u00e9 \u00e0 <em>l&rsquo;Institut d&rsquo;\u00e9tudes europ\u00e9ennes<\/em> de Belgrade, s&rsquo;occupe de la th\u00e9orie politique et juridique, des ph\u00e9nom\u00e8nes de culture populaire, etc.) ;<\/p>\n\n\n\n<p>&#8211; Dr Vladimir Dimitrijevi\u0107 (professeur de litt\u00e9rature, \u00e9crivain, publiciste orthodoxe et penseur orthodoxe, auteur et \u00e9diteur d&rsquo;un nombre probablement \u00e0 trois chiffres de livres) ;<\/p>\n\n\n\n<p>\u2013 Dr Vlajko Panovi\u0107 (psychologue clinicien, docteur en sciences psychologiques, expert en mati\u00e8re de mariage, d&rsquo;enfants et de famille) ;<\/p>\n\n\n\n<p>&#8211; Anna Filimonova, MSc (Russie, historienne, professeur adjoint \u00e0 l&rsquo;Universit\u00e9 humanitaire de Moscou, r\u00e9dactrice en chef du portail scientifique et analytique \u00ab Science. Foi. Culture. \u00bb);<\/p>\n\n\n\n<p>&#8211; Marija Staji\u0107, MSc (professeur de ma\u00eetrise de langue et litt\u00e9rature anglaises, s&rsquo;occupe activement des questions familiales en Serbie en tant que traductrice, auteur d&rsquo;articles et \u00e9ditrice des sites Web familiaux <em>pravoslavniroditelj.org<\/em> , <em>centarzazivot.rs<\/em> et depuis 2019. est \u00e9galement co-\u00e9diteur de la page serbe du portail familial international <em>ifamnews.com<\/em> ).<\/p>\n\n\n\n<p>L&rsquo;animateur du programme est Ranko Gojkovi\u0107, traducteur et publiciste, l&rsquo;un des fondateurs <em>de l&rsquo;Assembl\u00e9e familiale<\/em> .<\/p>\n\n\n\n<p>La semaine de l&rsquo;unit\u00e9 familiale se terminera traditionnellement le 10 par une grande procession dans les rues de Belgrade. septembre 2023 chaque ann\u00e9e, de la cath\u00e9drale \u00e0 l&rsquo;\u00e9glise Saint-Sava de Belgrade, \u00e0 partir de 18 heures.<\/p>\n","protected":false},"excerpt":{"rendered":"<p>Editeur : Des experts et des combattants de la famille de Serbie, de Russie, de Bi\u00e9lorussie, d&rsquo;Ukraine et de G\u00e9orgie interviendront sur le th\u00e8me \u00ab Guerre contre la famille dans la culture \u00bb.  <\/p>\n","protected":false},"author":147,"featured_media":84206,"comment_status":"open","ping_status":"open","sticky":false,"template":"","format":"standard","meta":{"give_campaign_id":0,"om_disable_all_campaigns":false,"_monsterinsights_skip_tracking":false,"_monsterinsights_sitenote_active":false,"_monsterinsights_sitenote_note":"","_monsterinsights_sitenote_category":0,"mc4wp_mailchimp_campaign":[],"jnews-multi-image_gallery":[],"jnews_single_post":{"subtitle":"Des experts et des combattants de la famille de Serbie, de Russie, de Bi\u00e9lorussie, d'Ukraine et de G\u00e9orgie interviendront sur le th\u00e8me \"La guerre contre la famille dans la culture\".  ","format":"standard","video":"","gallery":"","source_name":"","source_url":"","via_name":"","via_url":"","override_template":"0","override":[{"template":"2","single_blog_custom":"","parallax":"1","fullscreen":"1","layout":"right-sidebar-narrow","sidebar":"default-sidebar","second_sidebar":"default-sidebar","sticky_sidebar":"1","share_position":"float","share_float_style":"share-normal","show_share_counter":"1","show_view_counter":"1","show_featured":"1","show_post_meta":"1","show_post_author":"1","show_post_author_image":"1","show_post_date":"1","post_date_format":"default","post_date_format_custom":"Y\/m\/d","show_post_category":"1","show_post_reading_time":"1","post_reading_time_wpm":"300","show_zoom_button":"0","zoom_button_out_step":"2","zoom_button_in_step":"3","show_post_tag":"1","show_prev_next_post":"0","show_popup_post":"0","number_popup_post":"1","show_author_box":"1","show_post_related":"0","show_inline_post_related":"0"}],"override_image_size":"0","image_override":[{"single_post_thumbnail_size":"crop-715","single_post_gallery_size":"crop-715"}],"trending_post":"0","trending_post_position":"meta","trending_post_label":"Trending","sponsored_post":"0","sponsored_post_label":"Sponsored by","sponsored_post_name":"","sponsored_post_url":"","sponsored_post_logo_enable":"0","sponsored_post_logo":"","sponsored_post_desc":"","disable_ad":"0"},"jnews_primary_category":{"id":"798","hide":""},"jnews_social_meta":{"fb_title":"","fb_description":"","fb_image":"","twitter_title":"","twitter_description":"","twitter_image":""},"jnews_override_counter":{"override_view_counter":"0","view_counter_number":"0","override_share_counter":"0","share_counter_number":"0","override_like_counter":"0","like_counter_number":"0","override_dislike_counter":"0","dislike_counter_number":"0"},"footnotes":""},"categories":[798,809],"tags":[2402,11131,17920,13824,25483,8432,8318,13906,28393,28394,9489,26989,5851],"class_list":["post-210730","post","type-post","status-publish","format-standard","has-post-thumbnail","hentry","category-famille","category-foreground-fr","tag-agenda-lgbt","tag-droits-parentaux","tag-genderism","tag-guerre-des-cultures","tag-le-transgenderisme-dans-les-ecoles","tag-marija-stajic","tag-misa-durkovic","tag-protection-de-lenfance","tag-reunion-de-famille","tag-semaine-de-lunite-familiale","tag-slobodan-antonic","tag-une-table-ronde","tag-vladimir-dimitrijevic"],"yoast_head":"<!-- This site is optimized with the Yoast SEO Premium plugin v25.9 (Yoast SEO v27.3) - https:\/\/yoast.com\/product\/yoast-seo-premium-wordpress\/ -->\n<title>NEUVI\u00c8ME SEMAINE DE L&#039;UNIT\u00c9 FAMILIALE - LA GUERRE CONTRE LA FAMILLE DANS LA CULTURE - IFN<\/title>\n<meta name=\"description\" content=\"Des experts et des combattants de la famille de Serbie, de Russie, de Bi\u00e9lorussie, d&#039;Ukraine et de G\u00e9orgie interviendront sur le th\u00e8me &quot;La guerre contre la famille dans la culture&quot;.\" \/>\n<meta name=\"robots\" content=\"index, follow, max-snippet:-1, max-image-preview:large, max-video-preview:-1\" \/>\n<link rel=\"canonical\" href=\"https:\/\/ifamnews.com\/fr\/neuvi-me-semaine-de-l-unit-familiale-la-guerre-contre-la-famille-dans-la-culture\" \/>\n<meta property=\"og:locale\" content=\"fr_FR\" \/>\n<meta property=\"og:type\" content=\"article\" \/>\n<meta property=\"og:title\" content=\"NEUVI\u00c8ME SEMAINE DE L&#039;UNIT\u00c9 FAMILIALE - LA GUERRE CONTRE LA FAMILLE DANS LA CULTURE\" \/>\n<meta property=\"og:description\" content=\"Des experts et des combattants de la famille de Serbie, de Russie, de Bi\u00e9lorussie, d&#039;Ukraine et de G\u00e9orgie interviendront sur le th\u00e8me &quot;La guerre contre la famille dans la culture&quot;.\" \/>\n<meta property=\"og:url\" content=\"https:\/\/ifamnews.com\/fr\/neuvi-me-semaine-de-l-unit-familiale-la-guerre-contre-la-famille-dans-la-culture\" \/>\n<meta property=\"og:site_name\" content=\"IFN\" \/>\n<meta property=\"article:publisher\" content=\"https:\/\/www.facebook.com\/iFamNews\" \/>\n<meta property=\"article:author\" content=\"https:\/\/www.facebook.com\/iFamNews\/\" \/>\n<meta property=\"article:published_time\" content=\"2023-09-05T12:58:00+00:00\" \/>\n<meta property=\"og:image\" content=\"https:\/\/ifamnews.com\/wp-content\/uploads\/2021\/07\/family-unit-immigration-australia-visa-1.jpg\" \/>\n\t<meta property=\"og:image:width\" content=\"1200\" \/>\n\t<meta property=\"og:image:height\" content=\"675\" \/>\n\t<meta property=\"og:image:type\" content=\"image\/jpeg\" \/>\n<meta name=\"author\" content=\"iFamNews Serbia\" \/>\n<meta name=\"twitter:card\" content=\"summary_large_image\" \/>\n<meta name=\"twitter:creator\" content=\"@https:\/\/twitter.com\/ifamnewsrs\/\" \/>\n<meta name=\"twitter:site\" content=\"@iFamNewsEN\" \/>\n<meta name=\"twitter:label1\" content=\"\u00c9crit par\" \/>\n\t<meta name=\"twitter:data1\" content=\"IFN Serbie\" \/>\n\t<meta name=\"twitter:label2\" content=\"Dur\u00e9e de lecture estim\u00e9e\" \/>\n\t<meta name=\"twitter:data2\" content=\"4 minutes\" \/>\n<!-- \/ Yoast SEO Premium plugin. -->","yoast_head_json":{"title":"NEUVI\u00c8ME SEMAINE DE L'UNIT\u00c9 FAMILIALE - LA GUERRE CONTRE LA FAMILLE DANS LA CULTURE - IFN","description":"Des experts et des combattants de la famille de Serbie, de Russie, de Bi\u00e9lorussie, d'Ukraine et de G\u00e9orgie interviendront sur le th\u00e8me \"La guerre contre la famille dans la culture\".","robots":{"index":"index","follow":"follow","max-snippet":"max-snippet:-1","max-image-preview":"max-image-preview:large","max-video-preview":"max-video-preview:-1"},"canonical":"https:\/\/ifamnews.com\/fr\/neuvi-me-semaine-de-l-unit-familiale-la-guerre-contre-la-famille-dans-la-culture","og_locale":"fr_FR","og_type":"article","og_title":"NEUVI\u00c8ME SEMAINE DE L'UNIT\u00c9 FAMILIALE - LA GUERRE CONTRE LA FAMILLE DANS LA CULTURE","og_description":"Des experts et des combattants de la famille de Serbie, de Russie, de Bi\u00e9lorussie, d'Ukraine et de G\u00e9orgie interviendront sur le th\u00e8me \"La guerre contre la famille dans la culture\".","og_url":"https:\/\/ifamnews.com\/fr\/neuvi-me-semaine-de-l-unit-familiale-la-guerre-contre-la-famille-dans-la-culture","og_site_name":"IFN","article_publisher":"https:\/\/www.facebook.com\/iFamNews","article_author":"https:\/\/www.facebook.com\/iFamNews\/","article_published_time":"2023-09-05T12:58:00+00:00","og_image":[{"width":1200,"height":675,"url":"https:\/\/ifamnews.com\/wp-content\/uploads\/2021\/07\/family-unit-immigration-australia-visa-1.jpg","type":"image\/jpeg"}],"author":"iFamNews Serbia","twitter_card":"summary_large_image","twitter_creator":"@https:\/\/twitter.com\/ifamnewsrs\/","twitter_site":"@iFamNewsEN","twitter_misc":{"\u00c9crit par":"IFN Serbie","Dur\u00e9e de lecture estim\u00e9e":"4 minutes"},"schema":{"@context":"https:\/\/schema.org","@graph":[{"@type":"NewsArticle","@id":"https:\/\/ifamnews.com\/fr\/neuvi-me-semaine-de-l-unit-familiale-la-guerre-contre-la-famille-dans-la-culture#article","isPartOf":{"@id":"https:\/\/ifamnews.com\/fr\/neuvi-me-semaine-de-l-unit-familiale-la-guerre-contre-la-famille-dans-la-culture"},"author":{"name":"iFamNews Serbia","@id":"https:\/\/ifamnews.com\/en\/#\/schema\/person\/38b9f44fbc0a98257b4be4a648a4c6c7"},"headline":"NEUVI\u00c8ME SEMAINE DE L&rsquo;UNIT\u00c9 FAMILIALE &#8211; LA GUERRE CONTRE LA FAMILLE DANS LA CULTURE","datePublished":"2023-09-05T12:58:00+00:00","mainEntityOfPage":{"@id":"https:\/\/ifamnews.com\/fr\/neuvi-me-semaine-de-l-unit-familiale-la-guerre-contre-la-famille-dans-la-culture"},"wordCount":691,"commentCount":0,"publisher":{"@id":"https:\/\/ifamnews.com\/en\/#organization"},"image":{"@id":"https:\/\/ifamnews.com\/fr\/neuvi-me-semaine-de-l-unit-familiale-la-guerre-contre-la-famille-dans-la-culture#primaryimage"},"thumbnailUrl":"https:\/\/ifamnews.com\/wp-content\/uploads\/2021\/07\/family-unit-immigration-australia-visa-1.jpg","keywords":["agenda LGBT","droits parentaux","Genderism","guerre des cultures","le transgend\u00e9risme dans les \u00e9coles","Marija Stajic","Mi\u0161a \u0110urkovi\u0107","protection de l'enfance","R\u00e9union de famille","Semaine de l'unit\u00e9 familiale","Slobodan Antonic","une table ronde","Vladimir Dimitrijevi\u0107"],"articleSection":["Famille","Foreground"],"inLanguage":"fr-FR","potentialAction":[{"@type":"CommentAction","name":"Comment","target":["https:\/\/ifamnews.com\/fr\/neuvi-me-semaine-de-l-unit-familiale-la-guerre-contre-la-famille-dans-la-culture#respond"]}]},{"@type":"WebPage","@id":"https:\/\/ifamnews.com\/fr\/neuvi-me-semaine-de-l-unit-familiale-la-guerre-contre-la-famille-dans-la-culture","url":"https:\/\/ifamnews.com\/fr\/neuvi-me-semaine-de-l-unit-familiale-la-guerre-contre-la-famille-dans-la-culture","name":"NEUVI\u00c8ME SEMAINE DE L'UNIT\u00c9 FAMILIALE - LA GUERRE CONTRE LA FAMILLE DANS LA CULTURE - IFN","isPartOf":{"@id":"https:\/\/ifamnews.com\/en\/#website"},"primaryImageOfPage":{"@id":"https:\/\/ifamnews.com\/fr\/neuvi-me-semaine-de-l-unit-familiale-la-guerre-contre-la-famille-dans-la-culture#primaryimage"},"image":{"@id":"https:\/\/ifamnews.com\/fr\/neuvi-me-semaine-de-l-unit-familiale-la-guerre-contre-la-famille-dans-la-culture#primaryimage"},"thumbnailUrl":"https:\/\/ifamnews.com\/wp-content\/uploads\/2021\/07\/family-unit-immigration-australia-visa-1.jpg","datePublished":"2023-09-05T12:58:00+00:00","description":"Des experts et des combattants de la famille de Serbie, de Russie, de Bi\u00e9lorussie, d'Ukraine et de G\u00e9orgie interviendront sur le th\u00e8me \"La guerre contre la famille dans la culture\".","breadcrumb":{"@id":"https:\/\/ifamnews.com\/fr\/neuvi-me-semaine-de-l-unit-familiale-la-guerre-contre-la-famille-dans-la-culture#breadcrumb"},"inLanguage":"fr-FR","potentialAction":[{"@type":"ReadAction","target":["https:\/\/ifamnews.com\/fr\/neuvi-me-semaine-de-l-unit-familiale-la-guerre-contre-la-famille-dans-la-culture"]}]},{"@type":"ImageObject","inLanguage":"fr-FR","@id":"https:\/\/ifamnews.com\/fr\/neuvi-me-semaine-de-l-unit-familiale-la-guerre-contre-la-famille-dans-la-culture#primaryimage","url":"https:\/\/ifamnews.com\/wp-content\/uploads\/2021\/07\/family-unit-immigration-australia-visa-1.jpg","contentUrl":"https:\/\/ifamnews.com\/wp-content\/uploads\/2021\/07\/family-unit-immigration-australia-visa-1.jpg","width":1200,"height":675,"caption":"\u0421\u043b\u0438\u043a\u0430 \u043f\u0440\u0435\u0443\u0437\u0435\u0442\u0430 \u0441\u0430 \u0412\u0438\u043a\u0438\u043f\u0435\u0434\u0438\u0458\u0435"},{"@type":"BreadcrumbList","@id":"https:\/\/ifamnews.com\/fr\/neuvi-me-semaine-de-l-unit-familiale-la-guerre-contre-la-famille-dans-la-culture#breadcrumb","itemListElement":[{"@type":"ListItem","position":1,"name":"Home","item":"https:\/\/ifamnews.com\/de"},{"@type":"ListItem","position":2,"name":"Familie","item":"https:\/\/ifamnews.com\/de\/kategorie\/familie"},{"@type":"ListItem","position":3,"name":"NEUVI\u00c8ME SEMAINE DE L&#8217;UNIT\u00c9 FAMILIALE &#8211; LA GUERRE CONTRE LA FAMILLE DANS LA CULTURE"}]},{"@type":"WebSite","@id":"https:\/\/ifamnews.com\/en\/#website","url":"https:\/\/ifamnews.com\/en\/","name":"IFN","description":"International Family News Network","publisher":{"@id":"https:\/\/ifamnews.com\/en\/#organization"},"potentialAction":[{"@type":"SearchAction","target":{"@type":"EntryPoint","urlTemplate":"https:\/\/ifamnews.com\/en\/?s={search_term_string}"},"query-input":{"@type":"PropertyValueSpecification","valueRequired":true,"valueName":"search_term_string"}}],"inLanguage":"fr-FR"},{"@type":"Organization","@id":"https:\/\/ifamnews.com\/en\/#organization","name":"iFamNews","url":"https:\/\/ifamnews.com\/en\/","logo":{"@type":"ImageObject","inLanguage":"fr-FR","@id":"https:\/\/ifamnews.com\/en\/#\/schema\/logo\/image\/","url":"https:\/\/ifamnews.com\/wp-content\/uploads\/2020\/01\/Share-logo.png","contentUrl":"https:\/\/ifamnews.com\/wp-content\/uploads\/2020\/01\/Share-logo.png","width":200,"height":200,"caption":"iFamNews"},"image":{"@id":"https:\/\/ifamnews.com\/en\/#\/schema\/logo\/image\/"},"sameAs":["https:\/\/www.facebook.com\/iFamNews","https:\/\/x.com\/iFamNewsEN"]},{"@type":"Person","@id":"https:\/\/ifamnews.com\/en\/#\/schema\/person\/38b9f44fbc0a98257b4be4a648a4c6c7","name":"iFamNews Serbia","image":{"@type":"ImageObject","inLanguage":"fr-FR","@id":"https:\/\/secure.gravatar.com\/avatar\/99ffa49a21d431d6aeee0715754531add434e23f2be9343a3a657079223070ee?s=96&d=mm&r=g","url":"https:\/\/secure.gravatar.com\/avatar\/99ffa49a21d431d6aeee0715754531add434e23f2be9343a3a657079223070ee?s=96&d=mm&r=g","contentUrl":"https:\/\/secure.gravatar.com\/avatar\/99ffa49a21d431d6aeee0715754531add434e23f2be9343a3a657079223070ee?s=96&d=mm&r=g","caption":"iFamNews Serbia"},"description":"Articles published by the Serbian iFamNews editorial team.","sameAs":["https:\/\/ifamnews.com\/sr","https:\/\/www.facebook.com\/iFamNews\/","https:\/\/x.com\/https:\/\/twitter.com\/ifamnewsrs\/","https:\/\/www.youtube.com\/channel\/UCsaU2Y6NFHzMOlJNpDK62dw"],"url":"https:\/\/ifamnews.com\/fr\/author\/redakcija"}]}},"amp_enabled":true,"_links":{"self":[{"href":"https:\/\/ifamnews.com\/fr\/wp-json\/wp\/v2\/posts\/210730","targetHints":{"allow":["GET"]}}],"collection":[{"href":"https:\/\/ifamnews.com\/fr\/wp-json\/wp\/v2\/posts"}],"about":[{"href":"https:\/\/ifamnews.com\/fr\/wp-json\/wp\/v2\/types\/post"}],"author":[{"embeddable":true,"href":"https:\/\/ifamnews.com\/fr\/wp-json\/wp\/v2\/users\/147"}],"replies":[{"embeddable":true,"href":"https:\/\/ifamnews.com\/fr\/wp-json\/wp\/v2\/comments?post=210730"}],"version-history":[{"count":2,"href":"https:\/\/ifamnews.com\/fr\/wp-json\/wp\/v2\/posts\/210730\/revisions"}],"predecessor-version":[{"id":210748,"href":"https:\/\/ifamnews.com\/fr\/wp-json\/wp\/v2\/posts\/210730\/revisions\/210748"}],"wp:featuredmedia":[{"embeddable":true,"href":"https:\/\/ifamnews.com\/fr\/wp-json\/wp\/v2\/media\/84206"}],"wp:attachment":[{"href":"https:\/\/ifamnews.com\/fr\/wp-json\/wp\/v2\/media?parent=210730"}],"wp:term":[{"taxonomy":"category","embeddable":true,"href":"https:\/\/ifamnews.com\/fr\/wp-json\/wp\/v2\/categories?post=210730"},{"taxonomy":"post_tag","embeddable":true,"href":"https:\/\/ifamnews.com\/fr\/wp-json\/wp\/v2\/tags?post=210730"}],"curies":[{"name":"wp","href":"https:\/\/api.w.org\/{rel}","templated":true}]}}