{"id":207494,"date":"2023-08-07T06:28:00","date_gmt":"2023-08-07T10:28:00","guid":{"rendered":"https:\/\/ifamnews.com\/?p=207494"},"modified":"2023-08-07T05:40:50","modified_gmt":"2023-08-07T09:40:50","slug":"un-tablissement-pratiquant-des-avortements-de-tous-les-trimestres-perd-son-contrat-de-location-beverly-hills-la-suite-d-une-r-action-pro-vie","status":"publish","type":"post","link":"https:\/\/ifamnews.com\/fr\/un-tablissement-pratiquant-des-avortements-de-tous-les-trimestres-perd-son-contrat-de-location-beverly-hills-la-suite-d-une-r-action-pro-vie","title":{"rendered":"Un \u00e9tablissement pratiquant des avortements de tous les trimestres perd son contrat de location \u00e0 Beverly Hills \u00e0 la suite d&rsquo;une r\u00e9action pro-vie"},"content":{"rendered":"<p>Le propri\u00e9taire de l&rsquo;immeuble situ\u00e9 sur le boulevard Wilshire a r\u00e9sili\u00e9 le bail de la DuPont Clinic, qui pr\u00e9voyait d&rsquo;offrir des avortements jusqu&rsquo;\u00e0 31 semaines et six jours, quelle qu&rsquo;en soit la raison.<\/p>\n<p>Les militants pro-vie ont lanc\u00e9 des actions de pri\u00e8re et de protestation pour emp\u00eacher l&rsquo;ouverture de l&rsquo;\u00e9tablissement, ce qui a conduit le propri\u00e9taire \u00e0 reconsid\u00e9rer le bail. Tim Clement, directeur de l&rsquo;action sociale pour les survivants de l&rsquo;holocauste de l&rsquo;avortement, a annonc\u00e9 la nouvelle lors d&rsquo;un rassemblement pro-vie qui s&rsquo;est tenu \u00e0 l&rsquo;ext\u00e9rieur du b\u00e2timent.<\/p>\n<p>La victoire des pro-vie sugg\u00e8re que le gestionnaire du b\u00e2timent n&rsquo;avait pas anticip\u00e9 les r\u00e9actions n\u00e9gatives auxquelles il serait confront\u00e9 en louant le b\u00e2timent \u00e0 DuPont. La pr\u00e9sence de manifestants dans les rues de Beverly Hills et l&rsquo;attention n\u00e9gative port\u00e9e \u00e0 la ville ont jou\u00e9 un r\u00f4le dans la d\u00e9cision du propri\u00e9taire de r\u00e9voquer le bail.<\/p>\n<p>Alors que les d\u00e9fenseurs de l&rsquo;avortement affirment que les avortements tardifs ne sont pratiqu\u00e9s que pour des raisons m\u00e9dicales, la r\u00e9alit\u00e9 est que de nombreuses femmes choisissent d&rsquo;avorter au cours du troisi\u00e8me trimestre pour des raisons qui ne sont pas li\u00e9es \u00e0 la sant\u00e9. La directrice des patients de la DuPont Clinic, Karishma Oza, va jusqu&rsquo;\u00e0 qualifier de \u00ab\u00a0beaux\u00a0\u00bb les avortements pratiqu\u00e9s \u00e0 tous les trimestres.<\/p>\n<p>Il s&rsquo;agit d&rsquo;une victoire soulageante pour le mouvement pro-vie, car l&rsquo;annulation de cette clinique permettra de sauver la vie de centaines, voire de milliers de b\u00e9b\u00e9s.<\/p>\n","protected":false},"excerpt":{"rendered":"<p>\u00c0 la suite d&rsquo;une lev\u00e9e de boucliers de la part d&rsquo;organisations pro-vie et de particuliers, un \u00e9tablissement pratiquant des avortements tous les trimestres, qui devait ouvrir ses portes \u00e0 Beverly Hills, en Californie, a perdu son contrat de location.<\/p>\n","protected":false},"author":593,"featured_media":206986,"comment_status":"open","ping_status":"open","sticky":false,"template":"","format":"standard","meta":{"give_campaign_id":0,"om_disable_all_campaigns":false,"_monsterinsights_skip_tracking":false,"_monsterinsights_sitenote_active":false,"_monsterinsights_sitenote_note":"","_monsterinsights_sitenote_category":0,"mc4wp_mailchimp_campaign":[],"jnews-multi-image_gallery":[],"jnews_single_post":{"subtitle":"Suite \u00e0 la protestation d'organisations pro-vie et de particuliers, un centre d'avortement trimestriel qui devait ouvrir \u00e0 Beverly Hills, en Californie, a perdu son bail.","format":"standard","video":"","gallery":"","source_name":"","source_url":"","via_name":"","via_url":"","override_template":"0","override":[{"template":"2","single_blog_custom":"","parallax":"1","fullscreen":"1","layout":"right-sidebar-narrow","sidebar":"default-sidebar","second_sidebar":"default-sidebar","sticky_sidebar":"1","share_position":"float","share_float_style":"share-normal","show_share_counter":"1","show_view_counter":"1","show_featured":"1","show_post_meta":"1","show_post_author":"1","show_post_author_image":"1","show_post_date":"1","post_date_format":"default","post_date_format_custom":"Y\/m\/d","show_post_category":"1","show_post_reading_time":"1","post_reading_time_wpm":"300","show_zoom_button":"0","zoom_button_out_step":"2","zoom_button_in_step":"3","show_post_tag":"1","show_prev_next_post":"0","show_popup_post":"0","number_popup_post":"1","show_author_box":"1","show_post_related":"0","show_inline_post_related":"0"}],"override_image_size":"0","image_override":[{"single_post_thumbnail_size":"crop-715","single_post_gallery_size":"crop-715"}],"trending_post":"0","trending_post_position":"meta","trending_post_label":"Trending","sponsored_post":"0","sponsored_post_label":"Sponsored by","sponsored_post_name":"","sponsored_post_url":"","sponsored_post_logo_enable":"0","sponsored_post_logo":"","sponsored_post_desc":"","disable_ad":"0"},"jnews_primary_category":{"id":"819","hide":""},"jnews_social_meta":{"fb_title":"","fb_description":"","fb_image":"","twitter_title":"","twitter_description":"","twitter_image":""},"jnews_override_counter":{"override_view_counter":"0","view_counter_number":"0","override_share_counter":"0","share_counter_number":"0","override_like_counter":"0","like_counter_number":"0","override_dislike_counter":"0","dislike_counter_number":"0"},"footnotes":""},"categories":[809,819],"tags":[886,19748,9913,3857],"class_list":["post-207494","post","type-post","status-publish","format-standard","has-post-thumbnail","hentry","category-foreground-fr","category-vie","tag-avortement","tag-clinique-davortement","tag-droit-a-la-vie","tag-pro-vie"],"yoast_head":"<!-- This site is optimized with the Yoast SEO Premium plugin v25.9 (Yoast SEO v27.3) - https:\/\/yoast.com\/product\/yoast-seo-premium-wordpress\/ -->\n<title>Un \u00e9tablissement pratiquant des avortements de tous les trimestres perd son contrat de location \u00e0 Beverly Hills \u00e0 la suite d&#039;une r\u00e9action pro-vie - IFN<\/title>\n<meta name=\"description\" content=\"\u00c0 la suite d&#039;une lev\u00e9e de boucliers de la part d&#039;organisations pro-vie et de particuliers, un \u00e9tablissement pratiquant des avortements tous les trimestres, qui devait ouvrir ses portes \u00e0 Beverly Hills, en Californie, a perdu son contrat de location.\" \/>\n<meta name=\"robots\" content=\"index, follow, max-snippet:-1, max-image-preview:large, max-video-preview:-1\" \/>\n<link rel=\"canonical\" href=\"https:\/\/ifamnews.com\/fr\/un-tablissement-pratiquant-des-avortements-de-tous-les-trimestres-perd-son-contrat-de-location-beverly-hills-la-suite-d-une-r-action-pro-vie\" \/>\n<meta property=\"og:locale\" content=\"fr_FR\" \/>\n<meta property=\"og:type\" content=\"article\" \/>\n<meta property=\"og:title\" content=\"Un \u00e9tablissement pratiquant des avortements de tous les trimestres perd son contrat de location \u00e0 Beverly Hills \u00e0 la suite d&#039;une r\u00e9action pro-vie\" \/>\n<meta property=\"og:description\" content=\"\u00c0 la suite d&#039;une lev\u00e9e de boucliers de la part d&#039;organisations pro-vie et de particuliers, un \u00e9tablissement pratiquant des avortements tous les trimestres, qui devait ouvrir ses portes \u00e0 Beverly Hills, en Californie, a perdu son contrat de location.\" \/>\n<meta property=\"og:url\" content=\"https:\/\/ifamnews.com\/fr\/un-tablissement-pratiquant-des-avortements-de-tous-les-trimestres-perd-son-contrat-de-location-beverly-hills-la-suite-d-une-r-action-pro-vie\" \/>\n<meta property=\"og:site_name\" content=\"IFN\" \/>\n<meta property=\"article:publisher\" content=\"https:\/\/www.facebook.com\/iFamNews\" \/>\n<meta property=\"article:author\" content=\"https:\/\/www.facebook.com\/iFamNews\/\" \/>\n<meta property=\"article:published_time\" content=\"2023-08-07T10:28:00+00:00\" \/>\n<meta property=\"og:image\" content=\"https:\/\/ifamnews.com\/wp-content\/uploads\/2023\/08\/Untitled-design-2023-08-02T145740.560.png\" \/>\n\t<meta property=\"og:image:width\" content=\"1200\" \/>\n\t<meta property=\"og:image:height\" content=\"675\" \/>\n\t<meta property=\"og:image:type\" content=\"image\/png\" \/>\n<meta name=\"author\" content=\"IFN English\" \/>\n<meta name=\"twitter:card\" content=\"summary_large_image\" \/>\n<meta name=\"twitter:creator\" content=\"@https:\/\/twitter.com\/iFamNewsEN\" \/>\n<meta name=\"twitter:site\" content=\"@iFamNewsEN\" \/>\n<meta name=\"twitter:label1\" content=\"\u00c9crit par\" \/>\n\t<meta name=\"twitter:data1\" content=\"iFamNews\" \/>\n\t<meta name=\"twitter:label2\" content=\"Dur\u00e9e de lecture estim\u00e9e\" \/>\n\t<meta name=\"twitter:data2\" content=\"2 minutes\" \/>\n<!-- \/ Yoast SEO Premium plugin. -->","yoast_head_json":{"title":"Un \u00e9tablissement pratiquant des avortements de tous les trimestres perd son contrat de location \u00e0 Beverly Hills \u00e0 la suite d'une r\u00e9action pro-vie - IFN","description":"\u00c0 la suite d'une lev\u00e9e de boucliers de la part d'organisations pro-vie et de particuliers, un \u00e9tablissement pratiquant des avortements tous les trimestres, qui devait ouvrir ses portes \u00e0 Beverly Hills, en Californie, a perdu son contrat de location.","robots":{"index":"index","follow":"follow","max-snippet":"max-snippet:-1","max-image-preview":"max-image-preview:large","max-video-preview":"max-video-preview:-1"},"canonical":"https:\/\/ifamnews.com\/fr\/un-tablissement-pratiquant-des-avortements-de-tous-les-trimestres-perd-son-contrat-de-location-beverly-hills-la-suite-d-une-r-action-pro-vie","og_locale":"fr_FR","og_type":"article","og_title":"Un \u00e9tablissement pratiquant des avortements de tous les trimestres perd son contrat de location \u00e0 Beverly Hills \u00e0 la suite d'une r\u00e9action pro-vie","og_description":"\u00c0 la suite d'une lev\u00e9e de boucliers de la part d'organisations pro-vie et de particuliers, un \u00e9tablissement pratiquant des avortements tous les trimestres, qui devait ouvrir ses portes \u00e0 Beverly Hills, en Californie, a perdu son contrat de location.","og_url":"https:\/\/ifamnews.com\/fr\/un-tablissement-pratiquant-des-avortements-de-tous-les-trimestres-perd-son-contrat-de-location-beverly-hills-la-suite-d-une-r-action-pro-vie","og_site_name":"IFN","article_publisher":"https:\/\/www.facebook.com\/iFamNews","article_author":"https:\/\/www.facebook.com\/iFamNews\/","article_published_time":"2023-08-07T10:28:00+00:00","og_image":[{"width":1200,"height":675,"url":"https:\/\/ifamnews.com\/wp-content\/uploads\/2023\/08\/Untitled-design-2023-08-02T145740.560.png","type":"image\/png"}],"author":"IFN English","twitter_card":"summary_large_image","twitter_creator":"@https:\/\/twitter.com\/iFamNewsEN","twitter_site":"@iFamNewsEN","twitter_misc":{"\u00c9crit par":"iFamNews","Dur\u00e9e de lecture estim\u00e9e":"2 minutes"},"schema":{"@context":"https:\/\/schema.org","@graph":[{"@type":"NewsArticle","@id":"https:\/\/ifamnews.com\/fr\/un-tablissement-pratiquant-des-avortements-de-tous-les-trimestres-perd-son-contrat-de-location-beverly-hills-la-suite-d-une-r-action-pro-vie#article","isPartOf":{"@id":"https:\/\/ifamnews.com\/fr\/un-tablissement-pratiquant-des-avortements-de-tous-les-trimestres-perd-son-contrat-de-location-beverly-hills-la-suite-d-une-r-action-pro-vie"},"author":{"name":"IFN English","@id":"https:\/\/ifamnews.com\/en\/#\/schema\/person\/633bdb7ac2496c9b9304ce62d071cdfa"},"headline":"Un \u00e9tablissement pratiquant des avortements de tous les trimestres perd son contrat de location \u00e0 Beverly Hills \u00e0 la suite d&rsquo;une r\u00e9action pro-vie","datePublished":"2023-08-07T10:28:00+00:00","mainEntityOfPage":{"@id":"https:\/\/ifamnews.com\/fr\/un-tablissement-pratiquant-des-avortements-de-tous-les-trimestres-perd-son-contrat-de-location-beverly-hills-la-suite-d-une-r-action-pro-vie"},"wordCount":300,"commentCount":0,"publisher":{"@id":"https:\/\/ifamnews.com\/en\/#organization"},"image":{"@id":"https:\/\/ifamnews.com\/fr\/un-tablissement-pratiquant-des-avortements-de-tous-les-trimestres-perd-son-contrat-de-location-beverly-hills-la-suite-d-une-r-action-pro-vie#primaryimage"},"thumbnailUrl":"https:\/\/ifamnews.com\/wp-content\/uploads\/2023\/08\/Untitled-design-2023-08-02T145740.560.png","keywords":["avortement","clinique d'avortement","droit \u00e0 la vie","pro-vie"],"articleSection":["Foreground","Vie"],"inLanguage":"fr-FR","potentialAction":[{"@type":"CommentAction","name":"Comment","target":["https:\/\/ifamnews.com\/fr\/un-tablissement-pratiquant-des-avortements-de-tous-les-trimestres-perd-son-contrat-de-location-beverly-hills-la-suite-d-une-r-action-pro-vie#respond"]}]},{"@type":"WebPage","@id":"https:\/\/ifamnews.com\/fr\/un-tablissement-pratiquant-des-avortements-de-tous-les-trimestres-perd-son-contrat-de-location-beverly-hills-la-suite-d-une-r-action-pro-vie","url":"https:\/\/ifamnews.com\/fr\/un-tablissement-pratiquant-des-avortements-de-tous-les-trimestres-perd-son-contrat-de-location-beverly-hills-la-suite-d-une-r-action-pro-vie","name":"Un \u00e9tablissement pratiquant des avortements de tous les trimestres perd son contrat de location \u00e0 Beverly Hills \u00e0 la suite d'une r\u00e9action pro-vie - IFN","isPartOf":{"@id":"https:\/\/ifamnews.com\/en\/#website"},"primaryImageOfPage":{"@id":"https:\/\/ifamnews.com\/fr\/un-tablissement-pratiquant-des-avortements-de-tous-les-trimestres-perd-son-contrat-de-location-beverly-hills-la-suite-d-une-r-action-pro-vie#primaryimage"},"image":{"@id":"https:\/\/ifamnews.com\/fr\/un-tablissement-pratiquant-des-avortements-de-tous-les-trimestres-perd-son-contrat-de-location-beverly-hills-la-suite-d-une-r-action-pro-vie#primaryimage"},"thumbnailUrl":"https:\/\/ifamnews.com\/wp-content\/uploads\/2023\/08\/Untitled-design-2023-08-02T145740.560.png","datePublished":"2023-08-07T10:28:00+00:00","description":"\u00c0 la suite d'une lev\u00e9e de boucliers de la part d'organisations pro-vie et de particuliers, un \u00e9tablissement pratiquant des avortements tous les trimestres, qui devait ouvrir ses portes \u00e0 Beverly Hills, en Californie, a perdu son contrat de location.","breadcrumb":{"@id":"https:\/\/ifamnews.com\/fr\/un-tablissement-pratiquant-des-avortements-de-tous-les-trimestres-perd-son-contrat-de-location-beverly-hills-la-suite-d-une-r-action-pro-vie#breadcrumb"},"inLanguage":"fr-FR","potentialAction":[{"@type":"ReadAction","target":["https:\/\/ifamnews.com\/fr\/un-tablissement-pratiquant-des-avortements-de-tous-les-trimestres-perd-son-contrat-de-location-beverly-hills-la-suite-d-une-r-action-pro-vie"]}]},{"@type":"ImageObject","inLanguage":"fr-FR","@id":"https:\/\/ifamnews.com\/fr\/un-tablissement-pratiquant-des-avortements-de-tous-les-trimestres-perd-son-contrat-de-location-beverly-hills-la-suite-d-une-r-action-pro-vie#primaryimage","url":"https:\/\/ifamnews.com\/wp-content\/uploads\/2023\/08\/Untitled-design-2023-08-02T145740.560.png","contentUrl":"https:\/\/ifamnews.com\/wp-content\/uploads\/2023\/08\/Untitled-design-2023-08-02T145740.560.png","width":1200,"height":675},{"@type":"BreadcrumbList","@id":"https:\/\/ifamnews.com\/fr\/un-tablissement-pratiquant-des-avortements-de-tous-les-trimestres-perd-son-contrat-de-location-beverly-hills-la-suite-d-une-r-action-pro-vie#breadcrumb","itemListElement":[{"@type":"ListItem","position":1,"name":"Home","item":"https:\/\/ifamnews.com\/de"},{"@type":"ListItem","position":2,"name":"Life","item":"https:\/\/ifamnews.com\/en\/category\/life"},{"@type":"ListItem","position":3,"name":"Un \u00e9tablissement pratiquant des avortements de tous les trimestres perd son contrat de location \u00e0 Beverly Hills \u00e0 la suite d&#8217;une r\u00e9action pro-vie"}]},{"@type":"WebSite","@id":"https:\/\/ifamnews.com\/en\/#website","url":"https:\/\/ifamnews.com\/en\/","name":"IFN","description":"International Family News Network","publisher":{"@id":"https:\/\/ifamnews.com\/en\/#organization"},"potentialAction":[{"@type":"SearchAction","target":{"@type":"EntryPoint","urlTemplate":"https:\/\/ifamnews.com\/en\/?s={search_term_string}"},"query-input":{"@type":"PropertyValueSpecification","valueRequired":true,"valueName":"search_term_string"}}],"inLanguage":"fr-FR"},{"@type":"Organization","@id":"https:\/\/ifamnews.com\/en\/#organization","name":"iFamNews","url":"https:\/\/ifamnews.com\/en\/","logo":{"@type":"ImageObject","inLanguage":"fr-FR","@id":"https:\/\/ifamnews.com\/en\/#\/schema\/logo\/image\/","url":"https:\/\/ifamnews.com\/wp-content\/uploads\/2020\/01\/Share-logo.png","contentUrl":"https:\/\/ifamnews.com\/wp-content\/uploads\/2020\/01\/Share-logo.png","width":200,"height":200,"caption":"iFamNews"},"image":{"@id":"https:\/\/ifamnews.com\/en\/#\/schema\/logo\/image\/"},"sameAs":["https:\/\/www.facebook.com\/iFamNews","https:\/\/x.com\/iFamNewsEN"]},{"@type":"Person","@id":"https:\/\/ifamnews.com\/en\/#\/schema\/person\/633bdb7ac2496c9b9304ce62d071cdfa","name":"IFN English","image":{"@type":"ImageObject","inLanguage":"fr-FR","@id":"https:\/\/secure.gravatar.com\/avatar\/6f16ce95b558ae6f6eb9ae2f68122482a2c61696af2a8fc343c2e10f981a959d?s=96&d=mm&r=g","url":"https:\/\/secure.gravatar.com\/avatar\/6f16ce95b558ae6f6eb9ae2f68122482a2c61696af2a8fc343c2e10f981a959d?s=96&d=mm&r=g","contentUrl":"https:\/\/secure.gravatar.com\/avatar\/6f16ce95b558ae6f6eb9ae2f68122482a2c61696af2a8fc343c2e10f981a959d?s=96&d=mm&r=g","caption":"IFN English"},"description":"Articles published by the English iFamNews editorial team.","sameAs":["https:\/\/ifamnews.com\/en","https:\/\/www.facebook.com\/iFamNews\/","https:\/\/x.com\/https:\/\/twitter.com\/iFamNewsEN","https:\/\/www.youtube.com\/channel\/UCMVyIt4z9BANW3d09kwfUpw"],"url":"https:\/\/ifamnews.com\/fr\/author\/ifamnews-staff"}]}},"amp_enabled":true,"_links":{"self":[{"href":"https:\/\/ifamnews.com\/fr\/wp-json\/wp\/v2\/posts\/207494","targetHints":{"allow":["GET"]}}],"collection":[{"href":"https:\/\/ifamnews.com\/fr\/wp-json\/wp\/v2\/posts"}],"about":[{"href":"https:\/\/ifamnews.com\/fr\/wp-json\/wp\/v2\/types\/post"}],"author":[{"embeddable":true,"href":"https:\/\/ifamnews.com\/fr\/wp-json\/wp\/v2\/users\/593"}],"replies":[{"embeddable":true,"href":"https:\/\/ifamnews.com\/fr\/wp-json\/wp\/v2\/comments?post=207494"}],"version-history":[{"count":1,"href":"https:\/\/ifamnews.com\/fr\/wp-json\/wp\/v2\/posts\/207494\/revisions"}],"predecessor-version":[{"id":207704,"href":"https:\/\/ifamnews.com\/fr\/wp-json\/wp\/v2\/posts\/207494\/revisions\/207704"}],"wp:featuredmedia":[{"embeddable":true,"href":"https:\/\/ifamnews.com\/fr\/wp-json\/wp\/v2\/media\/206986"}],"wp:attachment":[{"href":"https:\/\/ifamnews.com\/fr\/wp-json\/wp\/v2\/media?parent=207494"}],"wp:term":[{"taxonomy":"category","embeddable":true,"href":"https:\/\/ifamnews.com\/fr\/wp-json\/wp\/v2\/categories?post=207494"},{"taxonomy":"post_tag","embeddable":true,"href":"https:\/\/ifamnews.com\/fr\/wp-json\/wp\/v2\/tags?post=207494"}],"curies":[{"name":"wp","href":"https:\/\/api.w.org\/{rel}","templated":true}]}}